{"id":12942,"date":"2021-11-10T13:24:21","date_gmt":"2021-11-10T12:24:21","guid":{"rendered":"https:\/\/news.save.ch\/?p=12942"},"modified":"2023-07-13T10:23:10","modified_gmt":"2023-07-13T08:23:10","slug":"eine-sichere-schweiz-was-wir-dafuer-tun-wollen-und-muessen","status":null,"type":"post","link":"https:\/\/news.save.ch\/en\/eine-sichere-schweiz-was-wir-dafuer-tun-wollen-und-muessen\/","title":{"rendered":"\"A secure Switzerland - what we want and need to do to achieve it\"."},"content":{"rendered":"<div>\n<figure id=\"attachment_12947\" aria-describedby=\"caption-attachment-12947\" style=\"width: 921px\" class=\"wp-caption alignnone\"><img loading=\"lazy\" decoding=\"async\" class=\"wp-image-12947 size-full\" src=\"https:\/\/news.save.ch\/wp-content\/uploads\/2021\/11\/Amherd_teaser.jpg\" alt=\"Security\" width=\"921\" height=\"550\" srcset=\"https:\/\/news.save.ch\/wp-content\/uploads\/2021\/11\/Amherd_teaser.jpg 921w, https:\/\/news.save.ch\/wp-content\/uploads\/2021\/11\/Amherd_teaser-375x224.jpg 375w\" sizes=\"auto, (max-width: 921px) 100vw, 921px\" \/><figcaption id=\"caption-attachment-12947\" class=\"wp-caption-text\">\u00a9 DDPS\/DDPS\/Philipp Schmidli<\/figcaption><\/figure>\n<\/div>\n<div>\n<p>International cooperation has become more difficult in recent years, said Defense Minister Viola Amherd in a guest speech at the invitation of the Center for Security Studies at ETH Zurich and the Europa Institute at the University of Zurich. Switzerland must prepare for a \"nastier environment,\" she said: The organizations that are important for security have become less able to act. Therefore, a close interaction of all important instruments and a strengthening of international cooperation is needed, Amherd said.<\/p>\n<p>Early detection of threats and crises is the focus, he said. However, some things had already been done. For example, investments have been made in the federal intelligence service, which is making its contributions to the early detection and analysis of threats. The second priority, Amherd said, was protection against cyber threats.<\/p>\n<p>In addition, Amherd said, a lot has been done in recent years to improve cyber resilience with the DDPS and other departments. As an example, she cited the cyberdefense campus that the DDPS had created together with ETH Zurich and EPFL. Now, she said, the expansion of cyber resources for the Armed Forces is also a high priority. For example, a cyber course has already been implemented to train young talented cyber specialists.<\/p>\n<h2>New security policy report<\/h2>\n<p>\"The development of the threat situation is characterized precisely by the fact that attacks and conflicts can take on different forms and the transitions are fluid,\" Viola Amherd emphasized. The protection of airspace is also one of the core tasks.<\/p>\n<p>For Viola Amherd, another priority of Swiss security policy is to strengthen international cooperation: \"In view of increasing confrontation and the formation of blocs, we must work even harder and in a more targeted manner internationally for stability and security.\" Military peacebuilding is an important contribution to this.<\/p>\n<p>Switzerland must be realistic and not overestimate itself, says the defense minister. Capabilities and means that are in particular demand include, for example, air transport or reconnaissance work with drones as well as the clearance and destruction of mines and other weapons.<\/p>\n<p>In addition, it is also important to be better prepared for natural disasters, as these are likely to occur more frequently and more intensively in the future due to climate change and settlement density. In this context, the Federal Councilor spoke of the introduction of secure communication channels for crisis bodies.<\/p>\n<p>At the end of November, the Federal Council will also publish a new report on Swiss security policy, which will illustrate the thrust of Swiss security policy for the coming years. Until now, the Federal Council has produced such reports every six to ten years. Due to the rapid changes, a security policy report is to be published every four years in the future.<\/p>\n<p>Adjustments to security policy are always needed, Amherd concluded her speech. The broadest possible support and a basic consensus are important in order to be able to pursue a common and effective security policy in Switzerland.<\/p>\n<\/div>\n<p>&nbsp;<\/p>\n<p><em>Source: DDPS\/ETH Zurich<\/em><\/p>","protected":false},"excerpt":{"rendered":"<p>Die internationale Zusammenarbeit sei in den letzten Jahren schwieriger geworden sagte Verteidigungsministerin Viola Amherd an einer Gastrede auf Einladung des Center for Security Studies der ETH Z\u00fcrich und des Europa Instituts an der Universit\u00e4t Z\u00fcrich. Die Schweiz m\u00fcsse sich auf ein \u00abgarstigeres Umfeld\u00bb einstellen: Die f\u00fcr die Sicherheit wichtigen Organisationen seien handlungsunf\u00e4higer geworden. Daher brauche [&hellip;]<\/p>\n","protected":false},"author":9,"featured_media":12947,"comment_status":"closed","ping_status":"closed","sticky":false,"template":"","format":"standard","meta":{"_acf_changed":false,"pgc_sgb_lightbox_settings":"","footnotes":""},"categories":[1,3312],"tags":[1288,5141,5103,5142,1079,310,1307],"class_list":["post-12942","post","type-post","status-publish","format-standard","has-post-thumbnail","hentry","category-allgemein","category-sicherheit","tag-cyberbedrohungen","tag-cyberdefence-campus","tag-internationale-zusammenarbeit","tag-militaerische-friedensfoerderung","tag-schweiz","tag-sicherheit","tag-viola-amherd"],"acf":[],"hkrextid":null,"publication":null,"issue":null,"workflow":null,"startPage":null,"spitzmarke":null,"_posts_by_tag_page_fields":{"widget_title":"","widget_tags":""},"_at_widget":"1","_yoast_wpseo_primary_category":"","_yoast_wpseo_focuskw_text_input":null,"_yoast_wpseo_opengraph-image":null,"_yoast_wpseo_opengraph-description":null,"_yoast_wpseo_opengraph-title":null,"enclosure":null,"_yoast_wpseo_twitter-title":null,"_yoast_wpseo_twitter-description":null,"_yoast_wpseo_twitter-image":null,"_wp_old_slug":null,"_yoast_wpseo_title":null,"_yoast_wpseo_canonical":null,"yoast_head":"<!-- This site is optimized with the Yoast SEO plugin v27.5 - https:\/\/yoast.com\/product\/yoast-seo-wordpress\/ -->\n<title>\u00abEine sichere Schweiz \u2013 was wir daf\u00fcr tun wollen und m\u00fcssen\u00bb - Save<\/title>\n<meta name=\"description\" content=\"Die Welt sei instabiler und unberechenbarer geworden, sagte Viola Amherd anl\u00e4sslich eines Referats an der Universit\u00e4t Z\u00fcrich. Ein Lob geb\u00fchrte den Ausbildungsinstitutionen, die durch ihre Ausbildung von Fachkr\u00e4ften und den Wissenstransfer einen wertvollen Beitrag zur Sicherheit der Schweiz leisten.\" \/>\n<meta name=\"robots\" content=\"index, follow, max-snippet:-1, max-image-preview:large, max-video-preview:-1\" \/>\n<link rel=\"canonical\" href=\"https:\/\/news.save.ch\/en\/eine-sichere-schweiz-was-wir-dafuer-tun-wollen-und-muessen\/\" \/>\n<meta property=\"og:locale\" content=\"en_US\" \/>\n<meta property=\"og:type\" content=\"article\" \/>\n<meta property=\"og:title\" content=\"\u00abEine sichere Schweiz \u2013 was wir daf\u00fcr tun wollen und m\u00fcssen\u00bb - Save\" \/>\n<meta property=\"og:description\" content=\"Die Welt sei instabiler und unberechenbarer geworden, sagte Viola Amherd anl\u00e4sslich eines Referats an der Universit\u00e4t Z\u00fcrich. Ein Lob geb\u00fchrte den Ausbildungsinstitutionen, die durch ihre Ausbildung von Fachkr\u00e4ften und den Wissenstransfer einen wertvollen Beitrag zur Sicherheit der Schweiz leisten.\" \/>\n<meta property=\"og:url\" content=\"https:\/\/news.save.ch\/en\/eine-sichere-schweiz-was-wir-dafuer-tun-wollen-und-muessen\/\" \/>\n<meta property=\"og:site_name\" content=\"Save\" \/>\n<meta property=\"article:published_time\" content=\"2021-11-10T12:24:21+00:00\" \/>\n<meta property=\"article:modified_time\" content=\"2023-07-13T08:23:10+00:00\" \/>\n<meta property=\"og:image\" content=\"https:\/\/news.save.ch\/wp-content\/uploads\/2021\/11\/Amherd_teaser.jpg\" \/>\n\t<meta property=\"og:image:width\" content=\"921\" \/>\n\t<meta property=\"og:image:height\" content=\"550\" \/>\n\t<meta property=\"og:image:type\" content=\"image\/jpeg\" \/>\n<meta name=\"author\" content=\"Simon Gr\u00f6flin\" \/>\n<meta name=\"twitter:card\" content=\"summary_large_image\" \/>\n<meta name=\"twitter:label1\" content=\"Written by\" \/>\n\t<meta name=\"twitter:data1\" content=\"Simon Gr\u00f6flin\" \/>\n\t<meta name=\"twitter:label2\" content=\"Est. reading time\" \/>\n\t<meta name=\"twitter:data2\" content=\"3 minutes\" \/>\n<script type=\"application\/ld+json\" class=\"yoast-schema-graph\">{\"@context\":\"https:\\\/\\\/schema.org\",\"@graph\":[{\"@type\":\"Article\",\"@id\":\"https:\\\/\\\/news.save.ch\\\/eine-sichere-schweiz-was-wir-dafuer-tun-wollen-und-muessen\\\/#article\",\"isPartOf\":{\"@id\":\"https:\\\/\\\/news.save.ch\\\/eine-sichere-schweiz-was-wir-dafuer-tun-wollen-und-muessen\\\/\"},\"author\":{\"name\":\"Simon Gr\u00f6flin\",\"@id\":\"https:\\\/\\\/news.save.ch\\\/de\\\/#\\\/schema\\\/person\\\/ad4ef21102fd6125312409ac57d5296d\"},\"headline\":\"\u00abEine sichere Schweiz \u2013 was wir daf\u00fcr tun wollen und m\u00fcssen\u00bb\",\"datePublished\":\"2021-11-10T12:24:21+00:00\",\"dateModified\":\"2023-07-13T08:23:10+00:00\",\"mainEntityOfPage\":{\"@id\":\"https:\\\/\\\/news.save.ch\\\/eine-sichere-schweiz-was-wir-dafuer-tun-wollen-und-muessen\\\/\"},\"wordCount\":494,\"publisher\":{\"@id\":\"https:\\\/\\\/news.save.ch\\\/de\\\/#organization\"},\"image\":{\"@id\":\"https:\\\/\\\/news.save.ch\\\/eine-sichere-schweiz-was-wir-dafuer-tun-wollen-und-muessen\\\/#primaryimage\"},\"thumbnailUrl\":\"https:\\\/\\\/news.save.ch\\\/wp-content\\\/uploads\\\/2021\\\/11\\\/Amherd_teaser.jpg\",\"keywords\":[\"Cyberbedrohungen\",\"Cyberdefence-Campus\",\"internationale Zusammenarbeit\",\"milit\u00e4rische Friedensf\u00f6rderung\",\"Schweiz\",\"Sicherheit\",\"Viola Amherd\"],\"articleSection\":[\"ALLGEMEIN\",\"SICHERHEIT\"],\"inLanguage\":\"en-US\"},{\"@type\":\"WebPage\",\"@id\":\"https:\\\/\\\/news.save.ch\\\/eine-sichere-schweiz-was-wir-dafuer-tun-wollen-und-muessen\\\/\",\"url\":\"https:\\\/\\\/news.save.ch\\\/eine-sichere-schweiz-was-wir-dafuer-tun-wollen-und-muessen\\\/\",\"name\":\"\u00abEine sichere Schweiz \u2013 was wir daf\u00fcr tun wollen und m\u00fcssen\u00bb - Save\",\"isPartOf\":{\"@id\":\"https:\\\/\\\/news.save.ch\\\/de\\\/#website\"},\"primaryImageOfPage\":{\"@id\":\"https:\\\/\\\/news.save.ch\\\/eine-sichere-schweiz-was-wir-dafuer-tun-wollen-und-muessen\\\/#primaryimage\"},\"image\":{\"@id\":\"https:\\\/\\\/news.save.ch\\\/eine-sichere-schweiz-was-wir-dafuer-tun-wollen-und-muessen\\\/#primaryimage\"},\"thumbnailUrl\":\"https:\\\/\\\/news.save.ch\\\/wp-content\\\/uploads\\\/2021\\\/11\\\/Amherd_teaser.jpg\",\"datePublished\":\"2021-11-10T12:24:21+00:00\",\"dateModified\":\"2023-07-13T08:23:10+00:00\",\"description\":\"Die Welt sei instabiler und unberechenbarer geworden, sagte Viola Amherd anl\u00e4sslich eines Referats an der Universit\u00e4t Z\u00fcrich. Ein Lob geb\u00fchrte den Ausbildungsinstitutionen, die durch ihre Ausbildung von Fachkr\u00e4ften und den Wissenstransfer einen wertvollen Beitrag zur Sicherheit der Schweiz leisten.\",\"breadcrumb\":{\"@id\":\"https:\\\/\\\/news.save.ch\\\/eine-sichere-schweiz-was-wir-dafuer-tun-wollen-und-muessen\\\/#breadcrumb\"},\"inLanguage\":\"en-US\",\"potentialAction\":[{\"@type\":\"ReadAction\",\"target\":[\"https:\\\/\\\/news.save.ch\\\/eine-sichere-schweiz-was-wir-dafuer-tun-wollen-und-muessen\\\/\"]}]},{\"@type\":\"ImageObject\",\"inLanguage\":\"en-US\",\"@id\":\"https:\\\/\\\/news.save.ch\\\/eine-sichere-schweiz-was-wir-dafuer-tun-wollen-und-muessen\\\/#primaryimage\",\"url\":\"https:\\\/\\\/news.save.ch\\\/wp-content\\\/uploads\\\/2021\\\/11\\\/Amherd_teaser.jpg\",\"contentUrl\":\"https:\\\/\\\/news.save.ch\\\/wp-content\\\/uploads\\\/2021\\\/11\\\/Amherd_teaser.jpg\",\"width\":921,\"height\":550,\"caption\":\"\u00abEine sichere Schweiz \u2013 was wir daf\u00fcr tun wollen und m\u00fcssen\u00bb\"},{\"@type\":\"BreadcrumbList\",\"@id\":\"https:\\\/\\\/news.save.ch\\\/eine-sichere-schweiz-was-wir-dafuer-tun-wollen-und-muessen\\\/#breadcrumb\",\"itemListElement\":[{\"@type\":\"ListItem\",\"position\":1,\"name\":\"Home\",\"item\":\"https:\\\/\\\/news.save.ch\\\/de\\\/\"},{\"@type\":\"ListItem\",\"position\":2,\"name\":\"\u00abEine sichere Schweiz \u2013 was wir daf\u00fcr tun wollen und m\u00fcssen\u00bb\"}]},{\"@type\":\"WebSite\",\"@id\":\"https:\\\/\\\/news.save.ch\\\/de\\\/#website\",\"url\":\"https:\\\/\\\/news.save.ch\\\/de\\\/\",\"name\":\"Save\",\"description\":\"Schweizer Fachzeitschrift f\u00fcr Sicherheit\",\"publisher\":{\"@id\":\"https:\\\/\\\/news.save.ch\\\/de\\\/#organization\"},\"potentialAction\":[{\"@type\":\"SearchAction\",\"target\":{\"@type\":\"EntryPoint\",\"urlTemplate\":\"https:\\\/\\\/news.save.ch\\\/de\\\/?s={search_term_string}\"},\"query-input\":{\"@type\":\"PropertyValueSpecification\",\"valueRequired\":true,\"valueName\":\"search_term_string\"}}],\"inLanguage\":\"en-US\"},{\"@type\":\"Organization\",\"@id\":\"https:\\\/\\\/news.save.ch\\\/de\\\/#organization\",\"name\":\"Sicherheitsforum\",\"url\":\"https:\\\/\\\/news.save.ch\\\/de\\\/\",\"logo\":{\"@type\":\"ImageObject\",\"inLanguage\":\"en-US\",\"@id\":\"https:\\\/\\\/news.save.ch\\\/de\\\/#\\\/schema\\\/logo\\\/image\\\/\",\"url\":\"https:\\\/\\\/news.save.ch\\\/wp-content\\\/uploads\\\/2022\\\/06\\\/Logo_SF_2012.png\",\"contentUrl\":\"https:\\\/\\\/news.save.ch\\\/wp-content\\\/uploads\\\/2022\\\/06\\\/Logo_SF_2012.png\",\"width\":1100,\"height\":91,\"caption\":\"Sicherheitsforum\"},\"image\":{\"@id\":\"https:\\\/\\\/news.save.ch\\\/de\\\/#\\\/schema\\\/logo\\\/image\\\/\"}},{\"@type\":\"Person\",\"@id\":\"https:\\\/\\\/news.save.ch\\\/de\\\/#\\\/schema\\\/person\\\/ad4ef21102fd6125312409ac57d5296d\",\"name\":\"Simon Gr\u00f6flin\",\"image\":{\"@type\":\"ImageObject\",\"inLanguage\":\"en-US\",\"@id\":\"https:\\\/\\\/secure.gravatar.com\\\/avatar\\\/6ddceb80eb734354635539e0ea5140bb7c41e42de7c45c9a2ab9921b5d5c9a83?s=96&d=mm&r=g\",\"url\":\"https:\\\/\\\/secure.gravatar.com\\\/avatar\\\/6ddceb80eb734354635539e0ea5140bb7c41e42de7c45c9a2ab9921b5d5c9a83?s=96&d=mm&r=g\",\"contentUrl\":\"https:\\\/\\\/secure.gravatar.com\\\/avatar\\\/6ddceb80eb734354635539e0ea5140bb7c41e42de7c45c9a2ab9921b5d5c9a83?s=96&d=mm&r=g\",\"caption\":\"Simon Gr\u00f6flin\"},\"url\":\"https:\\\/\\\/news.save.ch\\\/en\\\/author\\\/simon-groeflin\\\/\"}]}<\/script>\n<!-- \/ Yoast SEO plugin. -->","yoast_head_json":{"title":"\"A secure Switzerland - what we want and need to do for it\" - Save","description":"The world has become more unstable and unpredictable, said Viola Amherd during a presentation at the University of Zurich. Praise was due to the educational institutions, which make a valuable contribution to Switzerland's security through their training of specialists and the transfer of knowledge.","robots":{"index":"index","follow":"follow","max-snippet":"max-snippet:-1","max-image-preview":"max-image-preview:large","max-video-preview":"max-video-preview:-1"},"canonical":"https:\/\/news.save.ch\/en\/eine-sichere-schweiz-was-wir-dafuer-tun-wollen-und-muessen\/","og_locale":"en_US","og_type":"article","og_title":"\u00abEine sichere Schweiz \u2013 was wir daf\u00fcr tun wollen und m\u00fcssen\u00bb - Save","og_description":"Die Welt sei instabiler und unberechenbarer geworden, sagte Viola Amherd anl\u00e4sslich eines Referats an der Universit\u00e4t Z\u00fcrich. Ein Lob geb\u00fchrte den Ausbildungsinstitutionen, die durch ihre Ausbildung von Fachkr\u00e4ften und den Wissenstransfer einen wertvollen Beitrag zur Sicherheit der Schweiz leisten.","og_url":"https:\/\/news.save.ch\/en\/eine-sichere-schweiz-was-wir-dafuer-tun-wollen-und-muessen\/","og_site_name":"Save","article_published_time":"2021-11-10T12:24:21+00:00","article_modified_time":"2023-07-13T08:23:10+00:00","og_image":[{"width":921,"height":550,"url":"https:\/\/news.save.ch\/wp-content\/uploads\/2021\/11\/Amherd_teaser.jpg","type":"image\/jpeg"}],"author":"Simon Gr\u00f6flin","twitter_card":"summary_large_image","twitter_misc":{"Written by":"Simon Gr\u00f6flin","Est. reading time":"3 minutes"},"schema":{"@context":"https:\/\/schema.org","@graph":[{"@type":"Article","@id":"https:\/\/news.save.ch\/eine-sichere-schweiz-was-wir-dafuer-tun-wollen-und-muessen\/#article","isPartOf":{"@id":"https:\/\/news.save.ch\/eine-sichere-schweiz-was-wir-dafuer-tun-wollen-und-muessen\/"},"author":{"name":"Simon Gr\u00f6flin","@id":"https:\/\/news.save.ch\/de\/#\/schema\/person\/ad4ef21102fd6125312409ac57d5296d"},"headline":"\u00abEine sichere Schweiz \u2013 was wir daf\u00fcr tun wollen und m\u00fcssen\u00bb","datePublished":"2021-11-10T12:24:21+00:00","dateModified":"2023-07-13T08:23:10+00:00","mainEntityOfPage":{"@id":"https:\/\/news.save.ch\/eine-sichere-schweiz-was-wir-dafuer-tun-wollen-und-muessen\/"},"wordCount":494,"publisher":{"@id":"https:\/\/news.save.ch\/de\/#organization"},"image":{"@id":"https:\/\/news.save.ch\/eine-sichere-schweiz-was-wir-dafuer-tun-wollen-und-muessen\/#primaryimage"},"thumbnailUrl":"https:\/\/news.save.ch\/wp-content\/uploads\/2021\/11\/Amherd_teaser.jpg","keywords":["Cyberbedrohungen","Cyberdefence-Campus","internationale Zusammenarbeit","milit\u00e4rische Friedensf\u00f6rderung","Schweiz","Sicherheit","Viola Amherd"],"articleSection":["ALLGEMEIN","SICHERHEIT"],"inLanguage":"en-US"},{"@type":"WebPage","@id":"https:\/\/news.save.ch\/eine-sichere-schweiz-was-wir-dafuer-tun-wollen-und-muessen\/","url":"https:\/\/news.save.ch\/eine-sichere-schweiz-was-wir-dafuer-tun-wollen-und-muessen\/","name":"\"A secure Switzerland - what we want and need to do for it\" - Save","isPartOf":{"@id":"https:\/\/news.save.ch\/de\/#website"},"primaryImageOfPage":{"@id":"https:\/\/news.save.ch\/eine-sichere-schweiz-was-wir-dafuer-tun-wollen-und-muessen\/#primaryimage"},"image":{"@id":"https:\/\/news.save.ch\/eine-sichere-schweiz-was-wir-dafuer-tun-wollen-und-muessen\/#primaryimage"},"thumbnailUrl":"https:\/\/news.save.ch\/wp-content\/uploads\/2021\/11\/Amherd_teaser.jpg","datePublished":"2021-11-10T12:24:21+00:00","dateModified":"2023-07-13T08:23:10+00:00","description":"The world has become more unstable and unpredictable, said Viola Amherd during a presentation at the University of Zurich. Praise was due to the educational institutions, which make a valuable contribution to Switzerland's security through their training of specialists and the transfer of knowledge.","breadcrumb":{"@id":"https:\/\/news.save.ch\/eine-sichere-schweiz-was-wir-dafuer-tun-wollen-und-muessen\/#breadcrumb"},"inLanguage":"en-US","potentialAction":[{"@type":"ReadAction","target":["https:\/\/news.save.ch\/eine-sichere-schweiz-was-wir-dafuer-tun-wollen-und-muessen\/"]}]},{"@type":"ImageObject","inLanguage":"en-US","@id":"https:\/\/news.save.ch\/eine-sichere-schweiz-was-wir-dafuer-tun-wollen-und-muessen\/#primaryimage","url":"https:\/\/news.save.ch\/wp-content\/uploads\/2021\/11\/Amherd_teaser.jpg","contentUrl":"https:\/\/news.save.ch\/wp-content\/uploads\/2021\/11\/Amherd_teaser.jpg","width":921,"height":550,"caption":"\u00abEine sichere Schweiz \u2013 was wir daf\u00fcr tun wollen und m\u00fcssen\u00bb"},{"@type":"BreadcrumbList","@id":"https:\/\/news.save.ch\/eine-sichere-schweiz-was-wir-dafuer-tun-wollen-und-muessen\/#breadcrumb","itemListElement":[{"@type":"ListItem","position":1,"name":"Home","item":"https:\/\/news.save.ch\/de\/"},{"@type":"ListItem","position":2,"name":"\u00abEine sichere Schweiz \u2013 was wir daf\u00fcr tun wollen und m\u00fcssen\u00bb"}]},{"@type":"WebSite","@id":"https:\/\/news.save.ch\/de\/#website","url":"https:\/\/news.save.ch\/de\/","name":"Save","description":"Swiss trade journal for safety","publisher":{"@id":"https:\/\/news.save.ch\/de\/#organization"},"potentialAction":[{"@type":"SearchAction","target":{"@type":"EntryPoint","urlTemplate":"https:\/\/news.save.ch\/de\/?s={search_term_string}"},"query-input":{"@type":"PropertyValueSpecification","valueRequired":true,"valueName":"search_term_string"}}],"inLanguage":"en-US"},{"@type":"Organization","@id":"https:\/\/news.save.ch\/de\/#organization","name":"Security Forum","url":"https:\/\/news.save.ch\/de\/","logo":{"@type":"ImageObject","inLanguage":"en-US","@id":"https:\/\/news.save.ch\/de\/#\/schema\/logo\/image\/","url":"https:\/\/news.save.ch\/wp-content\/uploads\/2022\/06\/Logo_SF_2012.png","contentUrl":"https:\/\/news.save.ch\/wp-content\/uploads\/2022\/06\/Logo_SF_2012.png","width":1100,"height":91,"caption":"Sicherheitsforum"},"image":{"@id":"https:\/\/news.save.ch\/de\/#\/schema\/logo\/image\/"}},{"@type":"Person","@id":"https:\/\/news.save.ch\/de\/#\/schema\/person\/ad4ef21102fd6125312409ac57d5296d","name":"Simon Gr\u00f6flin","image":{"@type":"ImageObject","inLanguage":"en-US","@id":"https:\/\/secure.gravatar.com\/avatar\/6ddceb80eb734354635539e0ea5140bb7c41e42de7c45c9a2ab9921b5d5c9a83?s=96&d=mm&r=g","url":"https:\/\/secure.gravatar.com\/avatar\/6ddceb80eb734354635539e0ea5140bb7c41e42de7c45c9a2ab9921b5d5c9a83?s=96&d=mm&r=g","contentUrl":"https:\/\/secure.gravatar.com\/avatar\/6ddceb80eb734354635539e0ea5140bb7c41e42de7c45c9a2ab9921b5d5c9a83?s=96&d=mm&r=g","caption":"Simon Gr\u00f6flin"},"url":"https:\/\/news.save.ch\/en\/author\/simon-groeflin\/"}]}},"_links":{"self":[{"href":"https:\/\/news.save.ch\/en\/wp-json\/wp\/v2\/posts\/12942","targetHints":{"allow":["GET"]}}],"collection":[{"href":"https:\/\/news.save.ch\/en\/wp-json\/wp\/v2\/posts"}],"about":[{"href":"https:\/\/news.save.ch\/en\/wp-json\/wp\/v2\/types\/post"}],"author":[{"embeddable":true,"href":"https:\/\/news.save.ch\/en\/wp-json\/wp\/v2\/users\/9"}],"replies":[{"embeddable":true,"href":"https:\/\/news.save.ch\/en\/wp-json\/wp\/v2\/comments?post=12942"}],"version-history":[{"count":3,"href":"https:\/\/news.save.ch\/en\/wp-json\/wp\/v2\/posts\/12942\/revisions"}],"predecessor-version":[{"id":20779,"href":"https:\/\/news.save.ch\/en\/wp-json\/wp\/v2\/posts\/12942\/revisions\/20779"}],"wp:featuredmedia":[{"embeddable":true,"href":"https:\/\/news.save.ch\/en\/wp-json\/wp\/v2\/media\/12947"}],"wp:attachment":[{"href":"https:\/\/news.save.ch\/en\/wp-json\/wp\/v2\/media?parent=12942"}],"wp:term":[{"taxonomy":"category","embeddable":true,"href":"https:\/\/news.save.ch\/en\/wp-json\/wp\/v2\/categories?post=12942"},{"taxonomy":"post_tag","embeddable":true,"href":"https:\/\/news.save.ch\/en\/wp-json\/wp\/v2\/tags?post=12942"}],"curies":[{"name":"wp","href":"https:\/\/api.w.org\/{rel}","templated":true}]}}