{"id":1298,"date":"2016-11-18T11:17:41","date_gmt":"2016-11-18T10:17:41","guid":{"rendered":"http:\/\/dev.safety-plus.ch\/?p=1298"},"modified":"2023-03-14T09:03:00","modified_gmt":"2023-03-14T08:03:00","slug":"krebsbetroffene-am-arbeitsplatz-arbeitgeber-gefordert","status":null,"type":"post","link":"https:\/\/news.save.ch\/en\/krebsbetroffene-am-arbeitsplatz-arbeitgeber-gefordert\/","title":{"rendered":"Cancer sufferers in the workplace: employers challenged"},"content":{"rendered":"<p><img loading=\"lazy\" decoding=\"async\" class=\"alignnone wp-image-1299 size-medium\" src=\"http:\/\/develop.safety-plus.ch\/wp-content\/uploads\/2016\/12\/Krebsbetroffene-am-Arbeitsplatz-Arbeitgeber-gefordert_safety-plus.jpg\" width=\"680\" height=\"454\" srcset=\"https:\/\/news.save.ch\/wp-content\/uploads\/2016\/12\/Krebsbetroffene-am-Arbeitsplatz-Arbeitgeber-gefordert_safety-plus.jpg 999w, https:\/\/news.save.ch\/wp-content\/uploads\/2016\/12\/Krebsbetroffene-am-Arbeitsplatz-Arbeitgeber-gefordert_safety-plus-680x454.jpg 680w, https:\/\/news.save.ch\/wp-content\/uploads\/2016\/12\/Krebsbetroffene-am-Arbeitsplatz-Arbeitgeber-gefordert_safety-plus-768x513.jpg 768w, https:\/\/news.save.ch\/wp-content\/uploads\/2016\/12\/Krebsbetroffene-am-Arbeitsplatz-Arbeitgeber-gefordert_safety-plus-18x12.jpg 18w, https:\/\/news.save.ch\/wp-content\/uploads\/2016\/12\/Krebsbetroffene-am-Arbeitsplatz-Arbeitgeber-gefordert_safety-plus-375x250.jpg 375w, https:\/\/news.save.ch\/wp-content\/uploads\/2016\/12\/Krebsbetroffene-am-Arbeitsplatz-Arbeitgeber-gefordert_safety-plus-524x350.jpg 524w\" sizes=\"auto, (max-width: 680px) 100vw, 680px\" \/><\/p>\n<p>Remaining at work or successfully returning to work during and after cancer treatment can promote the healing process. In this regard, employers have an important role in supporting those affected by cancer in the workplace. The will to act and solidarity with those affected is palpable on the employer side, as is uncertainty. The Cancer League accompanies supervisors with information and support services and works to ensure that the needs of employees are heard.<\/p>\n<p>Together with the Swiss Employers' Association and the Swiss Cancer Foundation, the Cancer League organized the conference \"Cancer Affected People at Work\".<\/p>\n<p><strong>Cancer is the third leading cause of extended absences from work<\/strong><\/p>\n<p>In Switzerland, there are more than 64,000 people of working age (20-69 year olds) who have been diagnosed with cancer in the last 5 years. Many continue to work after or even during therapy. This is because work creates normality in everyday life and helps the people affected to maintain their social contacts and relationships. This is a challenge for employers - both in their dealings with those affected and with their employees.<\/p>\n<p><strong>Supporting offers for companies<\/strong><\/p>\n<p>Especially in small and medium-sized companies, a cancer diagnosis raises legal, financial and interpersonal issues. Supervisors are often overwhelmed by the complexity and need advice. \"With our offers, we want to make a sustainable contribution in the companies. After all, in addition to attentive support, supervisors need appropriate knowledge about cancer-related issues. As a competence center, we support companies,\" emphasizes Dr. Kathrin Kramis-Aebischer, Managing Director of the Swiss Cancer League.<\/p>\n<p>With a telephone coaching service for employers, the Cancer League is creating a new point of contact. From November 21, 2016, it will be offering advice in German, French and Italian under the number 0848 114 118. In addition, on-site coaching services already exist at some cantonal cancer leagues, and services are being developed at other leagues. The Cancer League is fulfilling its role and is actively engaged with the cantonal and regional cancer leagues to meet the challenges of the future.<\/p>\n<p><em>Source: Swiss Cancer League<\/em><\/p>","protected":false},"excerpt":{"rendered":"<p>Das Verbleiben im Arbeitsprozess oder eine erfolgreiche R\u00fcckkehr an den Arbeitsplatz kann w\u00e4hrend und nach einer Krebsbehandlung den Heilungsprozess f\u00f6rdern. Arbeitgeber haben diesbez\u00fcglich eine wichtige Rolle bei der Unterst\u00fctzung Krebsbetroffener am Arbeitsplatz. Der Wille zum Handeln und die Solidarit\u00e4t mit den Betroffenen sind auf Arbeitgeberseite sp\u00fcrbar, ebenso auch die Unsicherheit. Die Krebsliga begleitet Vorgesetzte mit [&hellip;]<\/p>\n","protected":false},"author":1,"featured_media":1299,"comment_status":"open","ping_status":"open","sticky":false,"template":"","format":"standard","meta":{"_acf_changed":false,"pgc_sgb_lightbox_settings":"","footnotes":""},"categories":[1,3314],"tags":[1775,149,2500],"class_list":["post-1298","post","type-post","status-publish","format-standard","has-post-thumbnail","hentry","category-allgemein","category-health-safety","tag-betriebliches-gesundheitsmanagement","tag-gesundheitsschutz","tag-management-und-unternehmensfuehrung"],"acf":[],"hkrextid":null,"publication":null,"issue":null,"workflow":null,"startPage":null,"spitzmarke":null,"_posts_by_tag_page_fields":{"widget_title":"","widget_tags":""},"_at_widget":"1","_yoast_wpseo_primary_category":"4","_yoast_wpseo_focuskw_text_input":"Krebsbetroffene am Arbeitsplatz","_yoast_wpseo_opengraph-image":null,"_yoast_wpseo_opengraph-description":null,"_yoast_wpseo_opengraph-title":null,"enclosure":null,"_yoast_wpseo_twitter-title":null,"_yoast_wpseo_twitter-description":null,"_yoast_wpseo_twitter-image":null,"_wp_old_slug":null,"_yoast_wpseo_title":null,"_yoast_wpseo_canonical":null,"yoast_head":"<!-- This site is optimized with the Yoast SEO plugin v27.4 - https:\/\/yoast.com\/product\/yoast-seo-wordpress\/ -->\n<title>Krebsbetroffene am Arbeitsplatz: Arbeitgeber gefordert - Save<\/title>\n<meta name=\"description\" content=\"Krebsbetroffene am Arbeitsplatz: Eine Krebserkrankung ist heute in vielen F\u00e4llen kein Todesurteil mehr.\" \/>\n<meta name=\"robots\" content=\"index, follow, max-snippet:-1, max-image-preview:large, max-video-preview:-1\" \/>\n<link rel=\"canonical\" href=\"https:\/\/news.save.ch\/en\/krebsbetroffene-am-arbeitsplatz-arbeitgeber-gefordert\/\" \/>\n<meta property=\"og:locale\" content=\"en_US\" \/>\n<meta property=\"og:type\" content=\"article\" \/>\n<meta property=\"og:title\" content=\"Krebsbetroffene am Arbeitsplatz: Arbeitgeber gefordert - Save\" \/>\n<meta property=\"og:description\" content=\"Krebsbetroffene am Arbeitsplatz: Eine Krebserkrankung ist heute in vielen F\u00e4llen kein Todesurteil mehr.\" \/>\n<meta property=\"og:url\" content=\"https:\/\/news.save.ch\/en\/krebsbetroffene-am-arbeitsplatz-arbeitgeber-gefordert\/\" \/>\n<meta property=\"og:site_name\" content=\"Save\" \/>\n<meta property=\"article:published_time\" content=\"2016-11-18T10:17:41+00:00\" \/>\n<meta property=\"article:modified_time\" content=\"2023-03-14T08:03:00+00:00\" \/>\n<meta property=\"og:image\" content=\"https:\/\/news.save.ch\/wp-content\/uploads\/2016\/12\/Krebsbetroffene-am-Arbeitsplatz-Arbeitgeber-gefordert_safety-plus.jpg\" \/>\n\t<meta property=\"og:image:width\" content=\"999\" \/>\n\t<meta property=\"og:image:height\" content=\"667\" \/>\n\t<meta property=\"og:image:type\" content=\"image\/jpeg\" \/>\n<meta name=\"author\" content=\"admin\" \/>\n<meta name=\"twitter:card\" content=\"summary_large_image\" \/>\n<meta name=\"twitter:label1\" content=\"Written by\" \/>\n\t<meta name=\"twitter:data1\" content=\"admin\" \/>\n\t<meta name=\"twitter:label2\" content=\"Est. reading time\" \/>\n\t<meta name=\"twitter:data2\" content=\"2 minutes\" \/>\n<script type=\"application\/ld+json\" class=\"yoast-schema-graph\">{\"@context\":\"https:\\\/\\\/schema.org\",\"@graph\":[{\"@type\":\"Article\",\"@id\":\"https:\\\/\\\/news.save.ch\\\/krebsbetroffene-am-arbeitsplatz-arbeitgeber-gefordert\\\/#article\",\"isPartOf\":{\"@id\":\"https:\\\/\\\/news.save.ch\\\/krebsbetroffene-am-arbeitsplatz-arbeitgeber-gefordert\\\/\"},\"author\":{\"name\":\"admin\",\"@id\":\"https:\\\/\\\/news.save.ch\\\/de\\\/#\\\/schema\\\/person\\\/d49e199490bad7c70d64b9ab51142f2b\"},\"headline\":\"Krebsbetroffene am Arbeitsplatz: Arbeitgeber gefordert\",\"datePublished\":\"2016-11-18T10:17:41+00:00\",\"dateModified\":\"2023-03-14T08:03:00+00:00\",\"mainEntityOfPage\":{\"@id\":\"https:\\\/\\\/news.save.ch\\\/krebsbetroffene-am-arbeitsplatz-arbeitgeber-gefordert\\\/\"},\"wordCount\":343,\"commentCount\":0,\"publisher\":{\"@id\":\"https:\\\/\\\/news.save.ch\\\/de\\\/#organization\"},\"image\":{\"@id\":\"https:\\\/\\\/news.save.ch\\\/krebsbetroffene-am-arbeitsplatz-arbeitgeber-gefordert\\\/#primaryimage\"},\"thumbnailUrl\":\"https:\\\/\\\/news.save.ch\\\/wp-content\\\/uploads\\\/2016\\\/12\\\/Krebsbetroffene-am-Arbeitsplatz-Arbeitgeber-gefordert_safety-plus.jpg\",\"keywords\":[\"Betriebliches Gesundheitsmanagement\",\"Gesundheitsschutz\",\"Management und Unternehmensf\u00fchrung\"],\"articleSection\":[\"ALLGEMEIN\",\"HEALTH &amp; SAFETY\"],\"inLanguage\":\"en-US\"},{\"@type\":\"WebPage\",\"@id\":\"https:\\\/\\\/news.save.ch\\\/krebsbetroffene-am-arbeitsplatz-arbeitgeber-gefordert\\\/\",\"url\":\"https:\\\/\\\/news.save.ch\\\/krebsbetroffene-am-arbeitsplatz-arbeitgeber-gefordert\\\/\",\"name\":\"Krebsbetroffene am Arbeitsplatz: Arbeitgeber gefordert - Save\",\"isPartOf\":{\"@id\":\"https:\\\/\\\/news.save.ch\\\/de\\\/#website\"},\"primaryImageOfPage\":{\"@id\":\"https:\\\/\\\/news.save.ch\\\/krebsbetroffene-am-arbeitsplatz-arbeitgeber-gefordert\\\/#primaryimage\"},\"image\":{\"@id\":\"https:\\\/\\\/news.save.ch\\\/krebsbetroffene-am-arbeitsplatz-arbeitgeber-gefordert\\\/#primaryimage\"},\"thumbnailUrl\":\"https:\\\/\\\/news.save.ch\\\/wp-content\\\/uploads\\\/2016\\\/12\\\/Krebsbetroffene-am-Arbeitsplatz-Arbeitgeber-gefordert_safety-plus.jpg\",\"datePublished\":\"2016-11-18T10:17:41+00:00\",\"dateModified\":\"2023-03-14T08:03:00+00:00\",\"description\":\"Krebsbetroffene am Arbeitsplatz: Eine Krebserkrankung ist heute in vielen F\u00e4llen kein Todesurteil mehr.\",\"breadcrumb\":{\"@id\":\"https:\\\/\\\/news.save.ch\\\/krebsbetroffene-am-arbeitsplatz-arbeitgeber-gefordert\\\/#breadcrumb\"},\"inLanguage\":\"en-US\",\"potentialAction\":[{\"@type\":\"ReadAction\",\"target\":[\"https:\\\/\\\/news.save.ch\\\/krebsbetroffene-am-arbeitsplatz-arbeitgeber-gefordert\\\/\"]}]},{\"@type\":\"ImageObject\",\"inLanguage\":\"en-US\",\"@id\":\"https:\\\/\\\/news.save.ch\\\/krebsbetroffene-am-arbeitsplatz-arbeitgeber-gefordert\\\/#primaryimage\",\"url\":\"https:\\\/\\\/news.save.ch\\\/wp-content\\\/uploads\\\/2016\\\/12\\\/Krebsbetroffene-am-Arbeitsplatz-Arbeitgeber-gefordert_safety-plus.jpg\",\"contentUrl\":\"https:\\\/\\\/news.save.ch\\\/wp-content\\\/uploads\\\/2016\\\/12\\\/Krebsbetroffene-am-Arbeitsplatz-Arbeitgeber-gefordert_safety-plus.jpg\",\"width\":999,\"height\":667},{\"@type\":\"BreadcrumbList\",\"@id\":\"https:\\\/\\\/news.save.ch\\\/krebsbetroffene-am-arbeitsplatz-arbeitgeber-gefordert\\\/#breadcrumb\",\"itemListElement\":[{\"@type\":\"ListItem\",\"position\":1,\"name\":\"Home\",\"item\":\"https:\\\/\\\/news.save.ch\\\/de\\\/\"},{\"@type\":\"ListItem\",\"position\":2,\"name\":\"Krebsbetroffene am Arbeitsplatz: Arbeitgeber gefordert\"}]},{\"@type\":\"WebSite\",\"@id\":\"https:\\\/\\\/news.save.ch\\\/de\\\/#website\",\"url\":\"https:\\\/\\\/news.save.ch\\\/de\\\/\",\"name\":\"Save\",\"description\":\"Schweizer Fachzeitschrift f\u00fcr Sicherheit\",\"publisher\":{\"@id\":\"https:\\\/\\\/news.save.ch\\\/de\\\/#organization\"},\"potentialAction\":[{\"@type\":\"SearchAction\",\"target\":{\"@type\":\"EntryPoint\",\"urlTemplate\":\"https:\\\/\\\/news.save.ch\\\/de\\\/?s={search_term_string}\"},\"query-input\":{\"@type\":\"PropertyValueSpecification\",\"valueRequired\":true,\"valueName\":\"search_term_string\"}}],\"inLanguage\":\"en-US\"},{\"@type\":\"Organization\",\"@id\":\"https:\\\/\\\/news.save.ch\\\/de\\\/#organization\",\"name\":\"Sicherheitsforum\",\"url\":\"https:\\\/\\\/news.save.ch\\\/de\\\/\",\"logo\":{\"@type\":\"ImageObject\",\"inLanguage\":\"en-US\",\"@id\":\"https:\\\/\\\/news.save.ch\\\/de\\\/#\\\/schema\\\/logo\\\/image\\\/\",\"url\":\"https:\\\/\\\/news.save.ch\\\/wp-content\\\/uploads\\\/2022\\\/06\\\/Logo_SF_2012.png\",\"contentUrl\":\"https:\\\/\\\/news.save.ch\\\/wp-content\\\/uploads\\\/2022\\\/06\\\/Logo_SF_2012.png\",\"width\":1100,\"height\":91,\"caption\":\"Sicherheitsforum\"},\"image\":{\"@id\":\"https:\\\/\\\/news.save.ch\\\/de\\\/#\\\/schema\\\/logo\\\/image\\\/\"}},{\"@type\":\"Person\",\"@id\":\"https:\\\/\\\/news.save.ch\\\/de\\\/#\\\/schema\\\/person\\\/d49e199490bad7c70d64b9ab51142f2b\",\"name\":\"admin\",\"image\":{\"@type\":\"ImageObject\",\"inLanguage\":\"en-US\",\"@id\":\"https:\\\/\\\/secure.gravatar.com\\\/avatar\\\/ae2f4d718e6c49043e314ce431e7e645d646302a24a5ef5a8bc8e3f5a032e319?s=96&d=mm&r=g\",\"url\":\"https:\\\/\\\/secure.gravatar.com\\\/avatar\\\/ae2f4d718e6c49043e314ce431e7e645d646302a24a5ef5a8bc8e3f5a032e319?s=96&d=mm&r=g\",\"contentUrl\":\"https:\\\/\\\/secure.gravatar.com\\\/avatar\\\/ae2f4d718e6c49043e314ce431e7e645d646302a24a5ef5a8bc8e3f5a032e319?s=96&d=mm&r=g\",\"caption\":\"admin\"},\"sameAs\":[\"https:\\\/\\\/develop.organisator.galledia.ch\"],\"url\":\"https:\\\/\\\/news.save.ch\\\/en\\\/author\\\/admin\\\/\"}]}<\/script>\n<!-- \/ Yoast SEO plugin. -->","yoast_head_json":{"title":"Cancer sufferers in the workplace: employers challenged - Save","description":"Cancer sufferers in the workplace: in many cases, cancer is no longer a death sentence.","robots":{"index":"index","follow":"follow","max-snippet":"max-snippet:-1","max-image-preview":"max-image-preview:large","max-video-preview":"max-video-preview:-1"},"canonical":"https:\/\/news.save.ch\/en\/krebsbetroffene-am-arbeitsplatz-arbeitgeber-gefordert\/","og_locale":"en_US","og_type":"article","og_title":"Krebsbetroffene am Arbeitsplatz: Arbeitgeber gefordert - Save","og_description":"Krebsbetroffene am Arbeitsplatz: Eine Krebserkrankung ist heute in vielen F\u00e4llen kein Todesurteil mehr.","og_url":"https:\/\/news.save.ch\/en\/krebsbetroffene-am-arbeitsplatz-arbeitgeber-gefordert\/","og_site_name":"Save","article_published_time":"2016-11-18T10:17:41+00:00","article_modified_time":"2023-03-14T08:03:00+00:00","og_image":[{"width":999,"height":667,"url":"https:\/\/news.save.ch\/wp-content\/uploads\/2016\/12\/Krebsbetroffene-am-Arbeitsplatz-Arbeitgeber-gefordert_safety-plus.jpg","type":"image\/jpeg"}],"author":"admin","twitter_card":"summary_large_image","twitter_misc":{"Written by":"admin","Est. reading time":"2 minutes"},"schema":{"@context":"https:\/\/schema.org","@graph":[{"@type":"Article","@id":"https:\/\/news.save.ch\/krebsbetroffene-am-arbeitsplatz-arbeitgeber-gefordert\/#article","isPartOf":{"@id":"https:\/\/news.save.ch\/krebsbetroffene-am-arbeitsplatz-arbeitgeber-gefordert\/"},"author":{"name":"admin","@id":"https:\/\/news.save.ch\/de\/#\/schema\/person\/d49e199490bad7c70d64b9ab51142f2b"},"headline":"Krebsbetroffene am Arbeitsplatz: Arbeitgeber gefordert","datePublished":"2016-11-18T10:17:41+00:00","dateModified":"2023-03-14T08:03:00+00:00","mainEntityOfPage":{"@id":"https:\/\/news.save.ch\/krebsbetroffene-am-arbeitsplatz-arbeitgeber-gefordert\/"},"wordCount":343,"commentCount":0,"publisher":{"@id":"https:\/\/news.save.ch\/de\/#organization"},"image":{"@id":"https:\/\/news.save.ch\/krebsbetroffene-am-arbeitsplatz-arbeitgeber-gefordert\/#primaryimage"},"thumbnailUrl":"https:\/\/news.save.ch\/wp-content\/uploads\/2016\/12\/Krebsbetroffene-am-Arbeitsplatz-Arbeitgeber-gefordert_safety-plus.jpg","keywords":["Betriebliches Gesundheitsmanagement","Gesundheitsschutz","Management und Unternehmensf\u00fchrung"],"articleSection":["ALLGEMEIN","HEALTH &amp; SAFETY"],"inLanguage":"en-US"},{"@type":"WebPage","@id":"https:\/\/news.save.ch\/krebsbetroffene-am-arbeitsplatz-arbeitgeber-gefordert\/","url":"https:\/\/news.save.ch\/krebsbetroffene-am-arbeitsplatz-arbeitgeber-gefordert\/","name":"Cancer sufferers in the workplace: employers challenged - Save","isPartOf":{"@id":"https:\/\/news.save.ch\/de\/#website"},"primaryImageOfPage":{"@id":"https:\/\/news.save.ch\/krebsbetroffene-am-arbeitsplatz-arbeitgeber-gefordert\/#primaryimage"},"image":{"@id":"https:\/\/news.save.ch\/krebsbetroffene-am-arbeitsplatz-arbeitgeber-gefordert\/#primaryimage"},"thumbnailUrl":"https:\/\/news.save.ch\/wp-content\/uploads\/2016\/12\/Krebsbetroffene-am-Arbeitsplatz-Arbeitgeber-gefordert_safety-plus.jpg","datePublished":"2016-11-18T10:17:41+00:00","dateModified":"2023-03-14T08:03:00+00:00","description":"Cancer sufferers in the workplace: in many cases, cancer is no longer a death sentence.","breadcrumb":{"@id":"https:\/\/news.save.ch\/krebsbetroffene-am-arbeitsplatz-arbeitgeber-gefordert\/#breadcrumb"},"inLanguage":"en-US","potentialAction":[{"@type":"ReadAction","target":["https:\/\/news.save.ch\/krebsbetroffene-am-arbeitsplatz-arbeitgeber-gefordert\/"]}]},{"@type":"ImageObject","inLanguage":"en-US","@id":"https:\/\/news.save.ch\/krebsbetroffene-am-arbeitsplatz-arbeitgeber-gefordert\/#primaryimage","url":"https:\/\/news.save.ch\/wp-content\/uploads\/2016\/12\/Krebsbetroffene-am-Arbeitsplatz-Arbeitgeber-gefordert_safety-plus.jpg","contentUrl":"https:\/\/news.save.ch\/wp-content\/uploads\/2016\/12\/Krebsbetroffene-am-Arbeitsplatz-Arbeitgeber-gefordert_safety-plus.jpg","width":999,"height":667},{"@type":"BreadcrumbList","@id":"https:\/\/news.save.ch\/krebsbetroffene-am-arbeitsplatz-arbeitgeber-gefordert\/#breadcrumb","itemListElement":[{"@type":"ListItem","position":1,"name":"Home","item":"https:\/\/news.save.ch\/de\/"},{"@type":"ListItem","position":2,"name":"Krebsbetroffene am Arbeitsplatz: Arbeitgeber gefordert"}]},{"@type":"WebSite","@id":"https:\/\/news.save.ch\/de\/#website","url":"https:\/\/news.save.ch\/de\/","name":"Save","description":"Swiss trade journal for safety","publisher":{"@id":"https:\/\/news.save.ch\/de\/#organization"},"potentialAction":[{"@type":"SearchAction","target":{"@type":"EntryPoint","urlTemplate":"https:\/\/news.save.ch\/de\/?s={search_term_string}"},"query-input":{"@type":"PropertyValueSpecification","valueRequired":true,"valueName":"search_term_string"}}],"inLanguage":"en-US"},{"@type":"Organization","@id":"https:\/\/news.save.ch\/de\/#organization","name":"Security Forum","url":"https:\/\/news.save.ch\/de\/","logo":{"@type":"ImageObject","inLanguage":"en-US","@id":"https:\/\/news.save.ch\/de\/#\/schema\/logo\/image\/","url":"https:\/\/news.save.ch\/wp-content\/uploads\/2022\/06\/Logo_SF_2012.png","contentUrl":"https:\/\/news.save.ch\/wp-content\/uploads\/2022\/06\/Logo_SF_2012.png","width":1100,"height":91,"caption":"Sicherheitsforum"},"image":{"@id":"https:\/\/news.save.ch\/de\/#\/schema\/logo\/image\/"}},{"@type":"Person","@id":"https:\/\/news.save.ch\/de\/#\/schema\/person\/d49e199490bad7c70d64b9ab51142f2b","name":"admin","image":{"@type":"ImageObject","inLanguage":"en-US","@id":"https:\/\/secure.gravatar.com\/avatar\/ae2f4d718e6c49043e314ce431e7e645d646302a24a5ef5a8bc8e3f5a032e319?s=96&d=mm&r=g","url":"https:\/\/secure.gravatar.com\/avatar\/ae2f4d718e6c49043e314ce431e7e645d646302a24a5ef5a8bc8e3f5a032e319?s=96&d=mm&r=g","contentUrl":"https:\/\/secure.gravatar.com\/avatar\/ae2f4d718e6c49043e314ce431e7e645d646302a24a5ef5a8bc8e3f5a032e319?s=96&d=mm&r=g","caption":"admin"},"sameAs":["https:\/\/develop.organisator.galledia.ch"],"url":"https:\/\/news.save.ch\/en\/author\/admin\/"}]}},"_links":{"self":[{"href":"https:\/\/news.save.ch\/en\/wp-json\/wp\/v2\/posts\/1298","targetHints":{"allow":["GET"]}}],"collection":[{"href":"https:\/\/news.save.ch\/en\/wp-json\/wp\/v2\/posts"}],"about":[{"href":"https:\/\/news.save.ch\/en\/wp-json\/wp\/v2\/types\/post"}],"author":[{"embeddable":true,"href":"https:\/\/news.save.ch\/en\/wp-json\/wp\/v2\/users\/1"}],"replies":[{"embeddable":true,"href":"https:\/\/news.save.ch\/en\/wp-json\/wp\/v2\/comments?post=1298"}],"version-history":[{"count":1,"href":"https:\/\/news.save.ch\/en\/wp-json\/wp\/v2\/posts\/1298\/revisions"}],"predecessor-version":[{"id":18805,"href":"https:\/\/news.save.ch\/en\/wp-json\/wp\/v2\/posts\/1298\/revisions\/18805"}],"wp:featuredmedia":[{"embeddable":true,"href":"https:\/\/news.save.ch\/en\/wp-json\/wp\/v2\/media\/1299"}],"wp:attachment":[{"href":"https:\/\/news.save.ch\/en\/wp-json\/wp\/v2\/media?parent=1298"}],"wp:term":[{"taxonomy":"category","embeddable":true,"href":"https:\/\/news.save.ch\/en\/wp-json\/wp\/v2\/categories?post=1298"},{"taxonomy":"post_tag","embeddable":true,"href":"https:\/\/news.save.ch\/en\/wp-json\/wp\/v2\/tags?post=1298"}],"curies":[{"name":"wp","href":"https:\/\/api.w.org\/{rel}","templated":true}]}}