{"id":12996,"date":"2021-11-17T19:23:08","date_gmt":"2021-11-17T18:23:08","guid":{"rendered":"https:\/\/news.save.ch\/?p=12996"},"modified":"2023-07-12T19:17:24","modified_gmt":"2023-07-12T17:17:24","slug":"hackerangriff-auf-die-gemeindeverwaltung-mellingen","status":null,"type":"post","link":"https:\/\/news.save.ch\/en\/hackerangriff-auf-die-gemeindeverwaltung-mellingen\/","title":{"rendered":"Hacker attack on the municipal administration of Mellingen"},"content":{"rendered":"<p><img loading=\"lazy\" decoding=\"async\" class=\"alignnone wp-image-12999 size-full\" src=\"https:\/\/news.save.ch\/wp-content\/uploads\/2021\/11\/Teaser_Mellingen_Depositphotos_106987876_S.jpg\" alt=\"Hacker attack\" width=\"1000\" height=\"667\" srcset=\"https:\/\/news.save.ch\/wp-content\/uploads\/2021\/11\/Teaser_Mellingen_Depositphotos_106987876_S.jpg 1000w, https:\/\/news.save.ch\/wp-content\/uploads\/2021\/11\/Teaser_Mellingen_Depositphotos_106987876_S-375x250.jpg 375w\" sizes=\"auto, (max-width: 1000px) 100vw, 1000px\" \/><br \/>\nOld town Mellingen \u00a9 Depositphotos<\/p>\n<p>As reported by CH Media's daily newspapers, the Mellingen municipal administration discovered that unknown perpetrators had gained access to employees' email accounts over midday on October 27, 2021, and sent spam emails to various recipients in their names over a period of several hours.<\/p>\n<p>The supposed messages contained a real mail history and a link to malware. Bruno Gretener, the mayor of the municipality, was also affected, and e-mails were also sent from his e-mail address. However, the mails were of poor quality in terms of appearance.<\/p>\n<h2>Outlook vulnerability known for a long time<\/h2>\n<p>After the cyberattack became known, the municipality consulted its IT service provider and IT forensics expert, whereupon the vulnerability was quickly remedied. A criminal complaint against unknown persons was filed with the public prosecutor's office. The case was also reported to the data protection officer.<\/p>\n<p>Interestingly, a long known vulnerability in Microsoft Exchange Server was exploited when Web Access (OVA) was enabled, which sprouted after a September update. The Outlook vulnerability had been exploited by cyber attackers for some time and could only be fixed later by a software update.<\/p>\n<p>The extent of the incident is still uncertain. It is also unknown whether the cyber attackers had also copied data from the e-mail inboxes of municipal employees. Therefore, it cannot be ruled out at this point in time whether sensitive personal data was compromised.<\/p>\n<p><em>Source: CH Media<\/em><\/p>","protected":false},"excerpt":{"rendered":"<p>Altstadt Mellingen \u00a9 Depositphotos Wie die Tageszeitungen der CH Media berichten, hat die Gemeindeverwaltung Mellingen festgestellt, dass sich unbekannte T\u00e4ter \u00fcber Mittag vom 27. Oktober 2021 Zugriff auf die E-Mail-Konten der Mitarbeitenden verschafft und \u00fcber mehrere Stunden hinweg in deren Namen Spam-Mails an verschiedene Empf\u00e4nger verschickt hatten. Die vermeintlichen Nachrichten enthielten einen echten Mail-Verlauf und [&hellip;]<\/p>\n","protected":false},"author":9,"featured_media":12999,"comment_status":"closed","ping_status":"closed","sticky":false,"template":"","format":"standard","meta":{"_acf_changed":false,"pgc_sgb_lightbox_settings":"","footnotes":""},"categories":[1,3313],"tags":[926,1244,5122,5121,626,1310,3778,339],"class_list":["post-12996","post","type-post","status-publish","format-standard","has-post-thumbnail","hentry","category-allgemein","category-digitalisierung","tag-cyberangriff","tag-cyberattacken","tag-datenschutzbeauftragter","tag-e-mail-konten","tag-hackerangriff","tag-mellingen","tag-microsoft-exchange-server","tag-sicherheitsluecke"],"acf":[],"hkrextid":null,"publication":null,"issue":null,"workflow":null,"startPage":null,"spitzmarke":null,"_posts_by_tag_page_fields":{"widget_title":"","widget_tags":""},"_at_widget":"1","_yoast_wpseo_primary_category":"1","_yoast_wpseo_focuskw_text_input":null,"_yoast_wpseo_opengraph-image":null,"_yoast_wpseo_opengraph-description":null,"_yoast_wpseo_opengraph-title":null,"enclosure":null,"_yoast_wpseo_twitter-title":null,"_yoast_wpseo_twitter-description":null,"_yoast_wpseo_twitter-image":null,"_wp_old_slug":null,"_yoast_wpseo_title":null,"_yoast_wpseo_canonical":null,"yoast_head":"<!-- This site is optimized with the Yoast SEO plugin v27.5 - https:\/\/yoast.com\/product\/yoast-seo-wordpress\/ -->\n<title>Hackerangriff auf die Gemeindeverwaltung Mellingen - Save<\/title>\n<meta name=\"description\" content=\"Ende Oktober haben Unbekannte einen Hacker-Angriff auf die E-Mail Accounts der Gemeinde Mellingen ver\u00fcbt. Das Ausmass der Sch\u00e4den ist noch unbekannt.\" \/>\n<meta name=\"robots\" content=\"index, follow, max-snippet:-1, max-image-preview:large, max-video-preview:-1\" \/>\n<link rel=\"canonical\" href=\"https:\/\/news.save.ch\/en\/hackerangriff-auf-die-gemeindeverwaltung-mellingen\/\" \/>\n<meta property=\"og:locale\" content=\"en_US\" \/>\n<meta property=\"og:type\" content=\"article\" \/>\n<meta property=\"og:title\" content=\"Hackerangriff auf die Gemeindeverwaltung Mellingen - Save\" \/>\n<meta property=\"og:description\" content=\"Ende Oktober haben Unbekannte einen Hacker-Angriff auf die E-Mail Accounts der Gemeinde Mellingen ver\u00fcbt. Das Ausmass der Sch\u00e4den ist noch unbekannt.\" \/>\n<meta property=\"og:url\" content=\"https:\/\/news.save.ch\/en\/hackerangriff-auf-die-gemeindeverwaltung-mellingen\/\" \/>\n<meta property=\"og:site_name\" content=\"Save\" \/>\n<meta property=\"article:published_time\" content=\"2021-11-17T18:23:08+00:00\" \/>\n<meta property=\"article:modified_time\" content=\"2023-07-12T17:17:24+00:00\" \/>\n<meta property=\"og:image\" content=\"https:\/\/news.save.ch\/wp-content\/uploads\/2021\/11\/Teaser_Mellingen_Depositphotos_106987876_S.jpg\" \/>\n\t<meta property=\"og:image:width\" content=\"1000\" \/>\n\t<meta property=\"og:image:height\" content=\"667\" \/>\n\t<meta property=\"og:image:type\" content=\"image\/jpeg\" \/>\n<meta name=\"author\" content=\"Simon Gr\u00f6flin\" \/>\n<meta name=\"twitter:card\" content=\"summary_large_image\" \/>\n<meta name=\"twitter:label1\" content=\"Written by\" \/>\n\t<meta name=\"twitter:data1\" content=\"Simon Gr\u00f6flin\" \/>\n\t<meta name=\"twitter:label2\" content=\"Est. reading time\" \/>\n\t<meta name=\"twitter:data2\" content=\"2 minutes\" \/>\n<script type=\"application\/ld+json\" class=\"yoast-schema-graph\">{\"@context\":\"https:\\\/\\\/schema.org\",\"@graph\":[{\"@type\":\"Article\",\"@id\":\"https:\\\/\\\/news.save.ch\\\/hackerangriff-auf-die-gemeindeverwaltung-mellingen\\\/#article\",\"isPartOf\":{\"@id\":\"https:\\\/\\\/news.save.ch\\\/hackerangriff-auf-die-gemeindeverwaltung-mellingen\\\/\"},\"author\":{\"name\":\"Simon Gr\u00f6flin\",\"@id\":\"https:\\\/\\\/news.save.ch\\\/de\\\/#\\\/schema\\\/person\\\/ad4ef21102fd6125312409ac57d5296d\"},\"headline\":\"Hackerangriff auf die Gemeindeverwaltung Mellingen\",\"datePublished\":\"2021-11-17T18:23:08+00:00\",\"dateModified\":\"2023-07-12T17:17:24+00:00\",\"mainEntityOfPage\":{\"@id\":\"https:\\\/\\\/news.save.ch\\\/hackerangriff-auf-die-gemeindeverwaltung-mellingen\\\/\"},\"wordCount\":220,\"publisher\":{\"@id\":\"https:\\\/\\\/news.save.ch\\\/de\\\/#organization\"},\"image\":{\"@id\":\"https:\\\/\\\/news.save.ch\\\/hackerangriff-auf-die-gemeindeverwaltung-mellingen\\\/#primaryimage\"},\"thumbnailUrl\":\"https:\\\/\\\/news.save.ch\\\/wp-content\\\/uploads\\\/2021\\\/11\\\/Teaser_Mellingen_Depositphotos_106987876_S.jpg\",\"keywords\":[\"Cyberangriff\",\"Cyberattacken\",\"Datenschutzbeauftragter\",\"E-Mail-Konten\",\"Hackerangriff\",\"Mellingen\",\"Microsoft Exchange Server\",\"Sicherheitsl\u00fccke\"],\"articleSection\":[\"ALLGEMEIN\",\"DIGITALISIERUNG\"],\"inLanguage\":\"en-US\"},{\"@type\":\"WebPage\",\"@id\":\"https:\\\/\\\/news.save.ch\\\/hackerangriff-auf-die-gemeindeverwaltung-mellingen\\\/\",\"url\":\"https:\\\/\\\/news.save.ch\\\/hackerangriff-auf-die-gemeindeverwaltung-mellingen\\\/\",\"name\":\"Hackerangriff auf die Gemeindeverwaltung Mellingen - Save\",\"isPartOf\":{\"@id\":\"https:\\\/\\\/news.save.ch\\\/de\\\/#website\"},\"primaryImageOfPage\":{\"@id\":\"https:\\\/\\\/news.save.ch\\\/hackerangriff-auf-die-gemeindeverwaltung-mellingen\\\/#primaryimage\"},\"image\":{\"@id\":\"https:\\\/\\\/news.save.ch\\\/hackerangriff-auf-die-gemeindeverwaltung-mellingen\\\/#primaryimage\"},\"thumbnailUrl\":\"https:\\\/\\\/news.save.ch\\\/wp-content\\\/uploads\\\/2021\\\/11\\\/Teaser_Mellingen_Depositphotos_106987876_S.jpg\",\"datePublished\":\"2021-11-17T18:23:08+00:00\",\"dateModified\":\"2023-07-12T17:17:24+00:00\",\"description\":\"Ende Oktober haben Unbekannte einen Hacker-Angriff auf die E-Mail Accounts der Gemeinde Mellingen ver\u00fcbt. Das Ausmass der Sch\u00e4den ist noch unbekannt.\",\"breadcrumb\":{\"@id\":\"https:\\\/\\\/news.save.ch\\\/hackerangriff-auf-die-gemeindeverwaltung-mellingen\\\/#breadcrumb\"},\"inLanguage\":\"en-US\",\"potentialAction\":[{\"@type\":\"ReadAction\",\"target\":[\"https:\\\/\\\/news.save.ch\\\/hackerangriff-auf-die-gemeindeverwaltung-mellingen\\\/\"]}]},{\"@type\":\"ImageObject\",\"inLanguage\":\"en-US\",\"@id\":\"https:\\\/\\\/news.save.ch\\\/hackerangriff-auf-die-gemeindeverwaltung-mellingen\\\/#primaryimage\",\"url\":\"https:\\\/\\\/news.save.ch\\\/wp-content\\\/uploads\\\/2021\\\/11\\\/Teaser_Mellingen_Depositphotos_106987876_S.jpg\",\"contentUrl\":\"https:\\\/\\\/news.save.ch\\\/wp-content\\\/uploads\\\/2021\\\/11\\\/Teaser_Mellingen_Depositphotos_106987876_S.jpg\",\"width\":1000,\"height\":667,\"caption\":\"MELLINGEN, SWITZERLAND - APRIL 19: Exterior views of the old town Mellingen, Switzerland on April 19, 2015. Mellingen is a small village in the canton of Aargau.\"},{\"@type\":\"BreadcrumbList\",\"@id\":\"https:\\\/\\\/news.save.ch\\\/hackerangriff-auf-die-gemeindeverwaltung-mellingen\\\/#breadcrumb\",\"itemListElement\":[{\"@type\":\"ListItem\",\"position\":1,\"name\":\"Home\",\"item\":\"https:\\\/\\\/news.save.ch\\\/de\\\/\"},{\"@type\":\"ListItem\",\"position\":2,\"name\":\"Hackerangriff auf die Gemeindeverwaltung Mellingen\"}]},{\"@type\":\"WebSite\",\"@id\":\"https:\\\/\\\/news.save.ch\\\/de\\\/#website\",\"url\":\"https:\\\/\\\/news.save.ch\\\/de\\\/\",\"name\":\"Save\",\"description\":\"Schweizer Fachzeitschrift f\u00fcr Sicherheit\",\"publisher\":{\"@id\":\"https:\\\/\\\/news.save.ch\\\/de\\\/#organization\"},\"potentialAction\":[{\"@type\":\"SearchAction\",\"target\":{\"@type\":\"EntryPoint\",\"urlTemplate\":\"https:\\\/\\\/news.save.ch\\\/de\\\/?s={search_term_string}\"},\"query-input\":{\"@type\":\"PropertyValueSpecification\",\"valueRequired\":true,\"valueName\":\"search_term_string\"}}],\"inLanguage\":\"en-US\"},{\"@type\":\"Organization\",\"@id\":\"https:\\\/\\\/news.save.ch\\\/de\\\/#organization\",\"name\":\"Sicherheitsforum\",\"url\":\"https:\\\/\\\/news.save.ch\\\/de\\\/\",\"logo\":{\"@type\":\"ImageObject\",\"inLanguage\":\"en-US\",\"@id\":\"https:\\\/\\\/news.save.ch\\\/de\\\/#\\\/schema\\\/logo\\\/image\\\/\",\"url\":\"https:\\\/\\\/news.save.ch\\\/wp-content\\\/uploads\\\/2022\\\/06\\\/Logo_SF_2012.png\",\"contentUrl\":\"https:\\\/\\\/news.save.ch\\\/wp-content\\\/uploads\\\/2022\\\/06\\\/Logo_SF_2012.png\",\"width\":1100,\"height\":91,\"caption\":\"Sicherheitsforum\"},\"image\":{\"@id\":\"https:\\\/\\\/news.save.ch\\\/de\\\/#\\\/schema\\\/logo\\\/image\\\/\"}},{\"@type\":\"Person\",\"@id\":\"https:\\\/\\\/news.save.ch\\\/de\\\/#\\\/schema\\\/person\\\/ad4ef21102fd6125312409ac57d5296d\",\"name\":\"Simon Gr\u00f6flin\",\"image\":{\"@type\":\"ImageObject\",\"inLanguage\":\"en-US\",\"@id\":\"https:\\\/\\\/secure.gravatar.com\\\/avatar\\\/6ddceb80eb734354635539e0ea5140bb7c41e42de7c45c9a2ab9921b5d5c9a83?s=96&d=mm&r=g\",\"url\":\"https:\\\/\\\/secure.gravatar.com\\\/avatar\\\/6ddceb80eb734354635539e0ea5140bb7c41e42de7c45c9a2ab9921b5d5c9a83?s=96&d=mm&r=g\",\"contentUrl\":\"https:\\\/\\\/secure.gravatar.com\\\/avatar\\\/6ddceb80eb734354635539e0ea5140bb7c41e42de7c45c9a2ab9921b5d5c9a83?s=96&d=mm&r=g\",\"caption\":\"Simon Gr\u00f6flin\"},\"url\":\"https:\\\/\\\/news.save.ch\\\/en\\\/author\\\/simon-groeflin\\\/\"}]}<\/script>\n<!-- \/ Yoast SEO plugin. -->","yoast_head_json":{"title":"Hacker attack on the municipal administration Mellingen - Save","description":"At the end of October, unknown persons carried out a hacker attack on the e-mail accounts of the municipality of Mellingen. The extent of the damage is still unknown.","robots":{"index":"index","follow":"follow","max-snippet":"max-snippet:-1","max-image-preview":"max-image-preview:large","max-video-preview":"max-video-preview:-1"},"canonical":"https:\/\/news.save.ch\/en\/hackerangriff-auf-die-gemeindeverwaltung-mellingen\/","og_locale":"en_US","og_type":"article","og_title":"Hackerangriff auf die Gemeindeverwaltung Mellingen - Save","og_description":"Ende Oktober haben Unbekannte einen Hacker-Angriff auf die E-Mail Accounts der Gemeinde Mellingen ver\u00fcbt. Das Ausmass der Sch\u00e4den ist noch unbekannt.","og_url":"https:\/\/news.save.ch\/en\/hackerangriff-auf-die-gemeindeverwaltung-mellingen\/","og_site_name":"Save","article_published_time":"2021-11-17T18:23:08+00:00","article_modified_time":"2023-07-12T17:17:24+00:00","og_image":[{"width":1000,"height":667,"url":"https:\/\/news.save.ch\/wp-content\/uploads\/2021\/11\/Teaser_Mellingen_Depositphotos_106987876_S.jpg","type":"image\/jpeg"}],"author":"Simon Gr\u00f6flin","twitter_card":"summary_large_image","twitter_misc":{"Written by":"Simon Gr\u00f6flin","Est. reading time":"2 minutes"},"schema":{"@context":"https:\/\/schema.org","@graph":[{"@type":"Article","@id":"https:\/\/news.save.ch\/hackerangriff-auf-die-gemeindeverwaltung-mellingen\/#article","isPartOf":{"@id":"https:\/\/news.save.ch\/hackerangriff-auf-die-gemeindeverwaltung-mellingen\/"},"author":{"name":"Simon Gr\u00f6flin","@id":"https:\/\/news.save.ch\/de\/#\/schema\/person\/ad4ef21102fd6125312409ac57d5296d"},"headline":"Hackerangriff auf die Gemeindeverwaltung Mellingen","datePublished":"2021-11-17T18:23:08+00:00","dateModified":"2023-07-12T17:17:24+00:00","mainEntityOfPage":{"@id":"https:\/\/news.save.ch\/hackerangriff-auf-die-gemeindeverwaltung-mellingen\/"},"wordCount":220,"publisher":{"@id":"https:\/\/news.save.ch\/de\/#organization"},"image":{"@id":"https:\/\/news.save.ch\/hackerangriff-auf-die-gemeindeverwaltung-mellingen\/#primaryimage"},"thumbnailUrl":"https:\/\/news.save.ch\/wp-content\/uploads\/2021\/11\/Teaser_Mellingen_Depositphotos_106987876_S.jpg","keywords":["Cyberangriff","Cyberattacken","Datenschutzbeauftragter","E-Mail-Konten","Hackerangriff","Mellingen","Microsoft Exchange Server","Sicherheitsl\u00fccke"],"articleSection":["ALLGEMEIN","DIGITALISIERUNG"],"inLanguage":"en-US"},{"@type":"WebPage","@id":"https:\/\/news.save.ch\/hackerangriff-auf-die-gemeindeverwaltung-mellingen\/","url":"https:\/\/news.save.ch\/hackerangriff-auf-die-gemeindeverwaltung-mellingen\/","name":"Hacker attack on the municipal administration Mellingen - Save","isPartOf":{"@id":"https:\/\/news.save.ch\/de\/#website"},"primaryImageOfPage":{"@id":"https:\/\/news.save.ch\/hackerangriff-auf-die-gemeindeverwaltung-mellingen\/#primaryimage"},"image":{"@id":"https:\/\/news.save.ch\/hackerangriff-auf-die-gemeindeverwaltung-mellingen\/#primaryimage"},"thumbnailUrl":"https:\/\/news.save.ch\/wp-content\/uploads\/2021\/11\/Teaser_Mellingen_Depositphotos_106987876_S.jpg","datePublished":"2021-11-17T18:23:08+00:00","dateModified":"2023-07-12T17:17:24+00:00","description":"At the end of October, unknown persons carried out a hacker attack on the e-mail accounts of the municipality of Mellingen. The extent of the damage is still unknown.","breadcrumb":{"@id":"https:\/\/news.save.ch\/hackerangriff-auf-die-gemeindeverwaltung-mellingen\/#breadcrumb"},"inLanguage":"en-US","potentialAction":[{"@type":"ReadAction","target":["https:\/\/news.save.ch\/hackerangriff-auf-die-gemeindeverwaltung-mellingen\/"]}]},{"@type":"ImageObject","inLanguage":"en-US","@id":"https:\/\/news.save.ch\/hackerangriff-auf-die-gemeindeverwaltung-mellingen\/#primaryimage","url":"https:\/\/news.save.ch\/wp-content\/uploads\/2021\/11\/Teaser_Mellingen_Depositphotos_106987876_S.jpg","contentUrl":"https:\/\/news.save.ch\/wp-content\/uploads\/2021\/11\/Teaser_Mellingen_Depositphotos_106987876_S.jpg","width":1000,"height":667,"caption":"MELLINGEN, SWITZERLAND - APRIL 19: Exterior views of the old town Mellingen, Switzerland on April 19, 2015. Mellingen is a small village in the canton of Aargau."},{"@type":"BreadcrumbList","@id":"https:\/\/news.save.ch\/hackerangriff-auf-die-gemeindeverwaltung-mellingen\/#breadcrumb","itemListElement":[{"@type":"ListItem","position":1,"name":"Home","item":"https:\/\/news.save.ch\/de\/"},{"@type":"ListItem","position":2,"name":"Hackerangriff auf die Gemeindeverwaltung Mellingen"}]},{"@type":"WebSite","@id":"https:\/\/news.save.ch\/de\/#website","url":"https:\/\/news.save.ch\/de\/","name":"Save","description":"Swiss trade journal for safety","publisher":{"@id":"https:\/\/news.save.ch\/de\/#organization"},"potentialAction":[{"@type":"SearchAction","target":{"@type":"EntryPoint","urlTemplate":"https:\/\/news.save.ch\/de\/?s={search_term_string}"},"query-input":{"@type":"PropertyValueSpecification","valueRequired":true,"valueName":"search_term_string"}}],"inLanguage":"en-US"},{"@type":"Organization","@id":"https:\/\/news.save.ch\/de\/#organization","name":"Security Forum","url":"https:\/\/news.save.ch\/de\/","logo":{"@type":"ImageObject","inLanguage":"en-US","@id":"https:\/\/news.save.ch\/de\/#\/schema\/logo\/image\/","url":"https:\/\/news.save.ch\/wp-content\/uploads\/2022\/06\/Logo_SF_2012.png","contentUrl":"https:\/\/news.save.ch\/wp-content\/uploads\/2022\/06\/Logo_SF_2012.png","width":1100,"height":91,"caption":"Sicherheitsforum"},"image":{"@id":"https:\/\/news.save.ch\/de\/#\/schema\/logo\/image\/"}},{"@type":"Person","@id":"https:\/\/news.save.ch\/de\/#\/schema\/person\/ad4ef21102fd6125312409ac57d5296d","name":"Simon Gr\u00f6flin","image":{"@type":"ImageObject","inLanguage":"en-US","@id":"https:\/\/secure.gravatar.com\/avatar\/6ddceb80eb734354635539e0ea5140bb7c41e42de7c45c9a2ab9921b5d5c9a83?s=96&d=mm&r=g","url":"https:\/\/secure.gravatar.com\/avatar\/6ddceb80eb734354635539e0ea5140bb7c41e42de7c45c9a2ab9921b5d5c9a83?s=96&d=mm&r=g","contentUrl":"https:\/\/secure.gravatar.com\/avatar\/6ddceb80eb734354635539e0ea5140bb7c41e42de7c45c9a2ab9921b5d5c9a83?s=96&d=mm&r=g","caption":"Simon Gr\u00f6flin"},"url":"https:\/\/news.save.ch\/en\/author\/simon-groeflin\/"}]}},"_links":{"self":[{"href":"https:\/\/news.save.ch\/en\/wp-json\/wp\/v2\/posts\/12996","targetHints":{"allow":["GET"]}}],"collection":[{"href":"https:\/\/news.save.ch\/en\/wp-json\/wp\/v2\/posts"}],"about":[{"href":"https:\/\/news.save.ch\/en\/wp-json\/wp\/v2\/types\/post"}],"author":[{"embeddable":true,"href":"https:\/\/news.save.ch\/en\/wp-json\/wp\/v2\/users\/9"}],"replies":[{"embeddable":true,"href":"https:\/\/news.save.ch\/en\/wp-json\/wp\/v2\/comments?post=12996"}],"version-history":[{"count":3,"href":"https:\/\/news.save.ch\/en\/wp-json\/wp\/v2\/posts\/12996\/revisions"}],"predecessor-version":[{"id":20766,"href":"https:\/\/news.save.ch\/en\/wp-json\/wp\/v2\/posts\/12996\/revisions\/20766"}],"wp:featuredmedia":[{"embeddable":true,"href":"https:\/\/news.save.ch\/en\/wp-json\/wp\/v2\/media\/12999"}],"wp:attachment":[{"href":"https:\/\/news.save.ch\/en\/wp-json\/wp\/v2\/media?parent=12996"}],"wp:term":[{"taxonomy":"category","embeddable":true,"href":"https:\/\/news.save.ch\/en\/wp-json\/wp\/v2\/categories?post=12996"},{"taxonomy":"post_tag","embeddable":true,"href":"https:\/\/news.save.ch\/en\/wp-json\/wp\/v2\/tags?post=12996"}],"curies":[{"name":"wp","href":"https:\/\/api.w.org\/{rel}","templated":true}]}}