{"id":13097,"date":"2021-12-08T10:02:43","date_gmt":"2021-12-08T09:02:43","guid":{"rendered":"https:\/\/news.save.ch\/?p=13097"},"modified":"2023-07-11T04:59:56","modified_gmt":"2023-07-11T02:59:56","slug":"weitere-suche-nach-einer-atommuelldeponie","status":null,"type":"post","link":"https:\/\/news.save.ch\/en\/weitere-suche-nach-einer-atommuelldeponie\/","title":{"rendered":"Further search for a nuclear waste disposal site"},"content":{"rendered":"<figure id=\"attachment_13099\" aria-describedby=\"caption-attachment-13099\" style=\"width: 815px\" class=\"wp-caption alignnone\"><img loading=\"lazy\" decoding=\"async\" class=\"wp-image-13099 size-full\" src=\"https:\/\/news.save.ch\/wp-content\/uploads\/2021\/11\/Naegra.jpg\" alt=\"radioactive\" width=\"815\" height=\"905\" srcset=\"https:\/\/news.save.ch\/wp-content\/uploads\/2021\/11\/Naegra.jpg 815w, https:\/\/news.save.ch\/wp-content\/uploads\/2021\/11\/Naegra-270x300.jpg 270w\" sizes=\"auto, (max-width: 815px) 100vw, 815px\" \/><figcaption id=\"caption-attachment-13099\" class=\"wp-caption-text\">Source: Screenshot\/Nagra<\/figcaption><\/figure>\n<p>The federal government, the nuclear power plants and the interim storage facility in W\u00fcrenlingen have been looking for a suitable site for the final disposal of radioactive waste since 1972. The National Cooperative for the Disposal of Radioactive Waste (Nagra) still has its sights on three potential sites where the waste will be stored for generations to come: Jura East, Northern L\u00e4gern and Zurich Northeast. All three sites are located in northeastern Switzerland. The region belongs to the cantons of Aargau and Zurich and borders Germany.<\/p>\n<p>According to a report by the \"<a href=\"https:\/\/www.srf.ch\/news\/schweiz\/suche-nach-atommuelldeponie-nagra-noerdlich-laegern-wieder-in-der-auswahl-fuer-endlager\" target=\"_blank\" rel=\"noopener\">SRF<\/a>\"Nagra did not want to carry out any further test drilling until 2015. The composition of the watertightness and the rock layer are comparable with other properties. Everywhere, the thickness of the layer is higher than over 100 meters. According to a Nagra spokesperson, the properties of the Opalinus Clay allow the construction of a safe deep repository. The affected communities are not surprised. It had already become apparent in recent months that N\u00f6rdlich L\u00e4gern could again be considered as a possible site.<\/p>\n<p>Nagra expects to be able to announce in two years' time which region it will prefer for the radioactive repository. The final choice will be made by the Federal Council and Parliament and, if necessary, by the people as the final authority.<\/p>\n<p><em>Source: SRF<\/em><\/p>","protected":false},"excerpt":{"rendered":"<p>Der Bund, die Kernkraftwerke und das Zwischenlager in W\u00fcrenlingen suchen seit 1972 nach einem geeigneten Standort f\u00fcr die Endlagerung radioaktiver Abf\u00e4lle. Die Nationale Genossenschaft f\u00fcr die Lagerung radioaktiver Abf\u00e4lle (Nagra) hat dazu noch drei potenzielle Standorte im Visier, in welchen die Abf\u00e4lle \u00fcber die n\u00e4chsten Generationen hinweg eingelagert werden sollen: Jura Ost, N\u00f6rdliche L\u00e4gern sowie [&hellip;]<\/p>\n","protected":false},"author":9,"featured_media":13099,"comment_status":"closed","ping_status":"closed","sticky":false,"template":"","format":"standard","meta":{"_acf_changed":false,"pgc_sgb_lightbox_settings":"","footnotes":""},"categories":[1,67],"tags":[374,5044,1320,4002,5045,1079,310,5046],"class_list":["post-13097","post","type-post","status-publish","format-standard","has-post-thumbnail","hentry","category-allgemein","category-brandschutz","tag-atomkraftwerk","tag-endlagerung","tag-nagra","tag-opalinuston","tag-radioaktive","tag-schweiz","tag-sicherheit","tag-standorte"],"acf":[],"hkrextid":null,"publication":null,"issue":null,"workflow":null,"startPage":null,"spitzmarke":null,"_posts_by_tag_page_fields":{"widget_title":"","widget_tags":""},"_at_widget":"1","_yoast_wpseo_primary_category":"1","_yoast_wpseo_focuskw_text_input":null,"_yoast_wpseo_opengraph-image":null,"_yoast_wpseo_opengraph-description":null,"_yoast_wpseo_opengraph-title":null,"enclosure":null,"_yoast_wpseo_twitter-title":null,"_yoast_wpseo_twitter-description":null,"_yoast_wpseo_twitter-image":null,"_wp_old_slug":null,"_yoast_wpseo_title":null,"_yoast_wpseo_canonical":null,"yoast_head":"<!-- This site is optimized with the Yoast SEO plugin v27.5 - https:\/\/yoast.com\/product\/yoast-seo-wordpress\/ -->\n<title>Weitere Suche nach einer Atomm\u00fclldeponie - Save<\/title>\n<meta name=\"description\" content=\"Der Bund und die Kernkraftwerke in W\u00fcrenlingen suchen seit 1972 nach einem passenden Standort zur Endlagerung radioaktiver Abf\u00e4lle. Das Gebiet an der Grenze zu Deutschland scheine dazu wie der B\u00f6zberg und Z\u00fcrich Nordost ebenfalls geeignet.\u00a0\" \/>\n<meta name=\"robots\" content=\"index, follow, max-snippet:-1, max-image-preview:large, max-video-preview:-1\" \/>\n<link rel=\"canonical\" href=\"https:\/\/news.save.ch\/en\/weitere-suche-nach-einer-atommuelldeponie\/\" \/>\n<meta property=\"og:locale\" content=\"en_US\" \/>\n<meta property=\"og:type\" content=\"article\" \/>\n<meta property=\"og:title\" content=\"Weitere Suche nach einer Atomm\u00fclldeponie - Save\" \/>\n<meta property=\"og:description\" content=\"Der Bund und die Kernkraftwerke in W\u00fcrenlingen suchen seit 1972 nach einem passenden Standort zur Endlagerung radioaktiver Abf\u00e4lle. Das Gebiet an der Grenze zu Deutschland scheine dazu wie der B\u00f6zberg und Z\u00fcrich Nordost ebenfalls geeignet.\u00a0\" \/>\n<meta property=\"og:url\" content=\"https:\/\/news.save.ch\/en\/weitere-suche-nach-einer-atommuelldeponie\/\" \/>\n<meta property=\"og:site_name\" content=\"Save\" \/>\n<meta property=\"article:published_time\" content=\"2021-12-08T09:02:43+00:00\" \/>\n<meta property=\"article:modified_time\" content=\"2023-07-11T02:59:56+00:00\" \/>\n<meta property=\"og:image\" content=\"https:\/\/news.save.ch\/wp-content\/uploads\/2021\/11\/Naegra.jpg\" \/>\n\t<meta property=\"og:image:width\" content=\"815\" \/>\n\t<meta property=\"og:image:height\" content=\"905\" \/>\n\t<meta property=\"og:image:type\" content=\"image\/jpeg\" \/>\n<meta name=\"author\" content=\"Simon Gr\u00f6flin\" \/>\n<meta name=\"twitter:card\" content=\"summary_large_image\" \/>\n<meta name=\"twitter:label1\" content=\"Written by\" \/>\n\t<meta name=\"twitter:data1\" content=\"Simon Gr\u00f6flin\" \/>\n\t<meta name=\"twitter:label2\" content=\"Est. reading time\" \/>\n\t<meta name=\"twitter:data2\" content=\"2 minutes\" \/>\n<script type=\"application\/ld+json\" class=\"yoast-schema-graph\">{\"@context\":\"https:\\\/\\\/schema.org\",\"@graph\":[{\"@type\":\"Article\",\"@id\":\"https:\\\/\\\/news.save.ch\\\/weitere-suche-nach-einer-atommuelldeponie\\\/#article\",\"isPartOf\":{\"@id\":\"https:\\\/\\\/news.save.ch\\\/weitere-suche-nach-einer-atommuelldeponie\\\/\"},\"author\":{\"name\":\"Simon Gr\u00f6flin\",\"@id\":\"https:\\\/\\\/news.save.ch\\\/de\\\/#\\\/schema\\\/person\\\/ad4ef21102fd6125312409ac57d5296d\"},\"headline\":\"Weitere Suche nach einer Atomm\u00fclldeponie\",\"datePublished\":\"2021-12-08T09:02:43+00:00\",\"dateModified\":\"2023-07-11T02:59:56+00:00\",\"mainEntityOfPage\":{\"@id\":\"https:\\\/\\\/news.save.ch\\\/weitere-suche-nach-einer-atommuelldeponie\\\/\"},\"wordCount\":230,\"publisher\":{\"@id\":\"https:\\\/\\\/news.save.ch\\\/de\\\/#organization\"},\"image\":{\"@id\":\"https:\\\/\\\/news.save.ch\\\/weitere-suche-nach-einer-atommuelldeponie\\\/#primaryimage\"},\"thumbnailUrl\":\"https:\\\/\\\/news.save.ch\\\/wp-content\\\/uploads\\\/2021\\\/11\\\/Naegra.jpg\",\"keywords\":[\"Atomkraftwerk\",\"Endlagerung\",\"Nagra\",\"Opalinuston\",\"radioaktive\",\"Schweiz\",\"Sicherheit\",\"Standorte\"],\"articleSection\":[\"ALLGEMEIN\",\"BRANDSCHUTZ\"],\"inLanguage\":\"en-US\"},{\"@type\":\"WebPage\",\"@id\":\"https:\\\/\\\/news.save.ch\\\/weitere-suche-nach-einer-atommuelldeponie\\\/\",\"url\":\"https:\\\/\\\/news.save.ch\\\/weitere-suche-nach-einer-atommuelldeponie\\\/\",\"name\":\"Weitere Suche nach einer Atomm\u00fclldeponie - Save\",\"isPartOf\":{\"@id\":\"https:\\\/\\\/news.save.ch\\\/de\\\/#website\"},\"primaryImageOfPage\":{\"@id\":\"https:\\\/\\\/news.save.ch\\\/weitere-suche-nach-einer-atommuelldeponie\\\/#primaryimage\"},\"image\":{\"@id\":\"https:\\\/\\\/news.save.ch\\\/weitere-suche-nach-einer-atommuelldeponie\\\/#primaryimage\"},\"thumbnailUrl\":\"https:\\\/\\\/news.save.ch\\\/wp-content\\\/uploads\\\/2021\\\/11\\\/Naegra.jpg\",\"datePublished\":\"2021-12-08T09:02:43+00:00\",\"dateModified\":\"2023-07-11T02:59:56+00:00\",\"description\":\"Der Bund und die Kernkraftwerke in W\u00fcrenlingen suchen seit 1972 nach einem passenden Standort zur Endlagerung radioaktiver Abf\u00e4lle. Das Gebiet an der Grenze zu Deutschland scheine dazu wie der B\u00f6zberg und Z\u00fcrich Nordost ebenfalls geeignet.\u00a0\",\"breadcrumb\":{\"@id\":\"https:\\\/\\\/news.save.ch\\\/weitere-suche-nach-einer-atommuelldeponie\\\/#breadcrumb\"},\"inLanguage\":\"en-US\",\"potentialAction\":[{\"@type\":\"ReadAction\",\"target\":[\"https:\\\/\\\/news.save.ch\\\/weitere-suche-nach-einer-atommuelldeponie\\\/\"]}]},{\"@type\":\"ImageObject\",\"inLanguage\":\"en-US\",\"@id\":\"https:\\\/\\\/news.save.ch\\\/weitere-suche-nach-einer-atommuelldeponie\\\/#primaryimage\",\"url\":\"https:\\\/\\\/news.save.ch\\\/wp-content\\\/uploads\\\/2021\\\/11\\\/Naegra.jpg\",\"contentUrl\":\"https:\\\/\\\/news.save.ch\\\/wp-content\\\/uploads\\\/2021\\\/11\\\/Naegra.jpg\",\"width\":815,\"height\":905,\"caption\":\"Quelle: Screenshot\\\/Nagra\"},{\"@type\":\"BreadcrumbList\",\"@id\":\"https:\\\/\\\/news.save.ch\\\/weitere-suche-nach-einer-atommuelldeponie\\\/#breadcrumb\",\"itemListElement\":[{\"@type\":\"ListItem\",\"position\":1,\"name\":\"Home\",\"item\":\"https:\\\/\\\/news.save.ch\\\/de\\\/\"},{\"@type\":\"ListItem\",\"position\":2,\"name\":\"Weitere Suche nach einer Atomm\u00fclldeponie\"}]},{\"@type\":\"WebSite\",\"@id\":\"https:\\\/\\\/news.save.ch\\\/de\\\/#website\",\"url\":\"https:\\\/\\\/news.save.ch\\\/de\\\/\",\"name\":\"Save\",\"description\":\"Schweizer Fachzeitschrift f\u00fcr Sicherheit\",\"publisher\":{\"@id\":\"https:\\\/\\\/news.save.ch\\\/de\\\/#organization\"},\"potentialAction\":[{\"@type\":\"SearchAction\",\"target\":{\"@type\":\"EntryPoint\",\"urlTemplate\":\"https:\\\/\\\/news.save.ch\\\/de\\\/?s={search_term_string}\"},\"query-input\":{\"@type\":\"PropertyValueSpecification\",\"valueRequired\":true,\"valueName\":\"search_term_string\"}}],\"inLanguage\":\"en-US\"},{\"@type\":\"Organization\",\"@id\":\"https:\\\/\\\/news.save.ch\\\/de\\\/#organization\",\"name\":\"Sicherheitsforum\",\"url\":\"https:\\\/\\\/news.save.ch\\\/de\\\/\",\"logo\":{\"@type\":\"ImageObject\",\"inLanguage\":\"en-US\",\"@id\":\"https:\\\/\\\/news.save.ch\\\/de\\\/#\\\/schema\\\/logo\\\/image\\\/\",\"url\":\"https:\\\/\\\/news.save.ch\\\/wp-content\\\/uploads\\\/2022\\\/06\\\/Logo_SF_2012.png\",\"contentUrl\":\"https:\\\/\\\/news.save.ch\\\/wp-content\\\/uploads\\\/2022\\\/06\\\/Logo_SF_2012.png\",\"width\":1100,\"height\":91,\"caption\":\"Sicherheitsforum\"},\"image\":{\"@id\":\"https:\\\/\\\/news.save.ch\\\/de\\\/#\\\/schema\\\/logo\\\/image\\\/\"}},{\"@type\":\"Person\",\"@id\":\"https:\\\/\\\/news.save.ch\\\/de\\\/#\\\/schema\\\/person\\\/ad4ef21102fd6125312409ac57d5296d\",\"name\":\"Simon Gr\u00f6flin\",\"image\":{\"@type\":\"ImageObject\",\"inLanguage\":\"en-US\",\"@id\":\"https:\\\/\\\/secure.gravatar.com\\\/avatar\\\/6ddceb80eb734354635539e0ea5140bb7c41e42de7c45c9a2ab9921b5d5c9a83?s=96&d=mm&r=g\",\"url\":\"https:\\\/\\\/secure.gravatar.com\\\/avatar\\\/6ddceb80eb734354635539e0ea5140bb7c41e42de7c45c9a2ab9921b5d5c9a83?s=96&d=mm&r=g\",\"contentUrl\":\"https:\\\/\\\/secure.gravatar.com\\\/avatar\\\/6ddceb80eb734354635539e0ea5140bb7c41e42de7c45c9a2ab9921b5d5c9a83?s=96&d=mm&r=g\",\"caption\":\"Simon Gr\u00f6flin\"},\"url\":\"https:\\\/\\\/news.save.ch\\\/en\\\/author\\\/simon-groeflin\\\/\"}]}<\/script>\n<!-- \/ Yoast SEO plugin. -->","yoast_head_json":{"title":"Further search for a nuclear waste disposal site - Save","description":"The federal government and the nuclear power plants in W\u00fcrenlingen have been looking for a suitable site for the final disposal of radioactive waste since 1972. The area on the border with Germany, like B\u00f6zberg and Zurich Northeast, also seems suitable for this purpose.\u00a0","robots":{"index":"index","follow":"follow","max-snippet":"max-snippet:-1","max-image-preview":"max-image-preview:large","max-video-preview":"max-video-preview:-1"},"canonical":"https:\/\/news.save.ch\/en\/weitere-suche-nach-einer-atommuelldeponie\/","og_locale":"en_US","og_type":"article","og_title":"Weitere Suche nach einer Atomm\u00fclldeponie - Save","og_description":"Der Bund und die Kernkraftwerke in W\u00fcrenlingen suchen seit 1972 nach einem passenden Standort zur Endlagerung radioaktiver Abf\u00e4lle. Das Gebiet an der Grenze zu Deutschland scheine dazu wie der B\u00f6zberg und Z\u00fcrich Nordost ebenfalls geeignet.\u00a0","og_url":"https:\/\/news.save.ch\/en\/weitere-suche-nach-einer-atommuelldeponie\/","og_site_name":"Save","article_published_time":"2021-12-08T09:02:43+00:00","article_modified_time":"2023-07-11T02:59:56+00:00","og_image":[{"width":815,"height":905,"url":"https:\/\/news.save.ch\/wp-content\/uploads\/2021\/11\/Naegra.jpg","type":"image\/jpeg"}],"author":"Simon Gr\u00f6flin","twitter_card":"summary_large_image","twitter_misc":{"Written by":"Simon Gr\u00f6flin","Est. reading time":"2 minutes"},"schema":{"@context":"https:\/\/schema.org","@graph":[{"@type":"Article","@id":"https:\/\/news.save.ch\/weitere-suche-nach-einer-atommuelldeponie\/#article","isPartOf":{"@id":"https:\/\/news.save.ch\/weitere-suche-nach-einer-atommuelldeponie\/"},"author":{"name":"Simon Gr\u00f6flin","@id":"https:\/\/news.save.ch\/de\/#\/schema\/person\/ad4ef21102fd6125312409ac57d5296d"},"headline":"Weitere Suche nach einer Atomm\u00fclldeponie","datePublished":"2021-12-08T09:02:43+00:00","dateModified":"2023-07-11T02:59:56+00:00","mainEntityOfPage":{"@id":"https:\/\/news.save.ch\/weitere-suche-nach-einer-atommuelldeponie\/"},"wordCount":230,"publisher":{"@id":"https:\/\/news.save.ch\/de\/#organization"},"image":{"@id":"https:\/\/news.save.ch\/weitere-suche-nach-einer-atommuelldeponie\/#primaryimage"},"thumbnailUrl":"https:\/\/news.save.ch\/wp-content\/uploads\/2021\/11\/Naegra.jpg","keywords":["Atomkraftwerk","Endlagerung","Nagra","Opalinuston","radioaktive","Schweiz","Sicherheit","Standorte"],"articleSection":["ALLGEMEIN","BRANDSCHUTZ"],"inLanguage":"en-US"},{"@type":"WebPage","@id":"https:\/\/news.save.ch\/weitere-suche-nach-einer-atommuelldeponie\/","url":"https:\/\/news.save.ch\/weitere-suche-nach-einer-atommuelldeponie\/","name":"Further search for a nuclear waste disposal site - Save","isPartOf":{"@id":"https:\/\/news.save.ch\/de\/#website"},"primaryImageOfPage":{"@id":"https:\/\/news.save.ch\/weitere-suche-nach-einer-atommuelldeponie\/#primaryimage"},"image":{"@id":"https:\/\/news.save.ch\/weitere-suche-nach-einer-atommuelldeponie\/#primaryimage"},"thumbnailUrl":"https:\/\/news.save.ch\/wp-content\/uploads\/2021\/11\/Naegra.jpg","datePublished":"2021-12-08T09:02:43+00:00","dateModified":"2023-07-11T02:59:56+00:00","description":"The federal government and the nuclear power plants in W\u00fcrenlingen have been looking for a suitable site for the final disposal of radioactive waste since 1972. The area on the border with Germany, like B\u00f6zberg and Zurich Northeast, also seems suitable for this purpose.\u00a0","breadcrumb":{"@id":"https:\/\/news.save.ch\/weitere-suche-nach-einer-atommuelldeponie\/#breadcrumb"},"inLanguage":"en-US","potentialAction":[{"@type":"ReadAction","target":["https:\/\/news.save.ch\/weitere-suche-nach-einer-atommuelldeponie\/"]}]},{"@type":"ImageObject","inLanguage":"en-US","@id":"https:\/\/news.save.ch\/weitere-suche-nach-einer-atommuelldeponie\/#primaryimage","url":"https:\/\/news.save.ch\/wp-content\/uploads\/2021\/11\/Naegra.jpg","contentUrl":"https:\/\/news.save.ch\/wp-content\/uploads\/2021\/11\/Naegra.jpg","width":815,"height":905,"caption":"Quelle: Screenshot\/Nagra"},{"@type":"BreadcrumbList","@id":"https:\/\/news.save.ch\/weitere-suche-nach-einer-atommuelldeponie\/#breadcrumb","itemListElement":[{"@type":"ListItem","position":1,"name":"Home","item":"https:\/\/news.save.ch\/de\/"},{"@type":"ListItem","position":2,"name":"Weitere Suche nach einer Atomm\u00fclldeponie"}]},{"@type":"WebSite","@id":"https:\/\/news.save.ch\/de\/#website","url":"https:\/\/news.save.ch\/de\/","name":"Save","description":"Swiss trade journal for safety","publisher":{"@id":"https:\/\/news.save.ch\/de\/#organization"},"potentialAction":[{"@type":"SearchAction","target":{"@type":"EntryPoint","urlTemplate":"https:\/\/news.save.ch\/de\/?s={search_term_string}"},"query-input":{"@type":"PropertyValueSpecification","valueRequired":true,"valueName":"search_term_string"}}],"inLanguage":"en-US"},{"@type":"Organization","@id":"https:\/\/news.save.ch\/de\/#organization","name":"Security Forum","url":"https:\/\/news.save.ch\/de\/","logo":{"@type":"ImageObject","inLanguage":"en-US","@id":"https:\/\/news.save.ch\/de\/#\/schema\/logo\/image\/","url":"https:\/\/news.save.ch\/wp-content\/uploads\/2022\/06\/Logo_SF_2012.png","contentUrl":"https:\/\/news.save.ch\/wp-content\/uploads\/2022\/06\/Logo_SF_2012.png","width":1100,"height":91,"caption":"Sicherheitsforum"},"image":{"@id":"https:\/\/news.save.ch\/de\/#\/schema\/logo\/image\/"}},{"@type":"Person","@id":"https:\/\/news.save.ch\/de\/#\/schema\/person\/ad4ef21102fd6125312409ac57d5296d","name":"Simon Gr\u00f6flin","image":{"@type":"ImageObject","inLanguage":"en-US","@id":"https:\/\/secure.gravatar.com\/avatar\/6ddceb80eb734354635539e0ea5140bb7c41e42de7c45c9a2ab9921b5d5c9a83?s=96&d=mm&r=g","url":"https:\/\/secure.gravatar.com\/avatar\/6ddceb80eb734354635539e0ea5140bb7c41e42de7c45c9a2ab9921b5d5c9a83?s=96&d=mm&r=g","contentUrl":"https:\/\/secure.gravatar.com\/avatar\/6ddceb80eb734354635539e0ea5140bb7c41e42de7c45c9a2ab9921b5d5c9a83?s=96&d=mm&r=g","caption":"Simon Gr\u00f6flin"},"url":"https:\/\/news.save.ch\/en\/author\/simon-groeflin\/"}]}},"_links":{"self":[{"href":"https:\/\/news.save.ch\/en\/wp-json\/wp\/v2\/posts\/13097","targetHints":{"allow":["GET"]}}],"collection":[{"href":"https:\/\/news.save.ch\/en\/wp-json\/wp\/v2\/posts"}],"about":[{"href":"https:\/\/news.save.ch\/en\/wp-json\/wp\/v2\/types\/post"}],"author":[{"embeddable":true,"href":"https:\/\/news.save.ch\/en\/wp-json\/wp\/v2\/users\/9"}],"replies":[{"embeddable":true,"href":"https:\/\/news.save.ch\/en\/wp-json\/wp\/v2\/comments?post=13097"}],"version-history":[{"count":2,"href":"https:\/\/news.save.ch\/en\/wp-json\/wp\/v2\/posts\/13097\/revisions"}],"predecessor-version":[{"id":20715,"href":"https:\/\/news.save.ch\/en\/wp-json\/wp\/v2\/posts\/13097\/revisions\/20715"}],"wp:featuredmedia":[{"embeddable":true,"href":"https:\/\/news.save.ch\/en\/wp-json\/wp\/v2\/media\/13099"}],"wp:attachment":[{"href":"https:\/\/news.save.ch\/en\/wp-json\/wp\/v2\/media?parent=13097"}],"wp:term":[{"taxonomy":"category","embeddable":true,"href":"https:\/\/news.save.ch\/en\/wp-json\/wp\/v2\/categories?post=13097"},{"taxonomy":"post_tag","embeddable":true,"href":"https:\/\/news.save.ch\/en\/wp-json\/wp\/v2\/tags?post=13097"}],"curies":[{"name":"wp","href":"https:\/\/api.w.org\/{rel}","templated":true}]}}