{"id":1310,"date":"2016-11-25T11:28:54","date_gmt":"2016-11-25T10:28:54","guid":{"rendered":"http:\/\/dev.safety-plus.ch\/?p=1310"},"modified":"2023-03-14T09:04:25","modified_gmt":"2023-03-14T08:04:25","slug":"schweiz-verstaerkt-massnahmen-gegen-nichtuebertragbare-krankheiten","status":null,"type":"post","link":"https:\/\/news.save.ch\/en\/schweiz-verstaerkt-massnahmen-gegen-nichtuebertragbare-krankheiten\/","title":{"rendered":"Switzerland strengthens measures against noncommunicable diseases"},"content":{"rendered":"<figure id=\"attachment_1311\" aria-describedby=\"caption-attachment-1311\" style=\"width: 680px\" class=\"wp-caption alignnone\"><img loading=\"lazy\" decoding=\"async\" class=\"wp-image-1311 size-medium\" src=\"http:\/\/develop.safety-plus.ch\/wp-content\/uploads\/2016\/12\/Schweiz-verstaerkt-Massnahmen-gegen-nichtuebertragbare-Krankheiten_safety-plus.jpg\" width=\"680\" height=\"454\" srcset=\"https:\/\/news.save.ch\/wp-content\/uploads\/2016\/12\/Schweiz-verstaerkt-Massnahmen-gegen-nichtuebertragbare-Krankheiten_safety-plus.jpg 1000w, https:\/\/news.save.ch\/wp-content\/uploads\/2016\/12\/Schweiz-verstaerkt-Massnahmen-gegen-nichtuebertragbare-Krankheiten_safety-plus-680x454.jpg 680w, https:\/\/news.save.ch\/wp-content\/uploads\/2016\/12\/Schweiz-verstaerkt-Massnahmen-gegen-nichtuebertragbare-Krankheiten_safety-plus-768x512.jpg 768w, https:\/\/news.save.ch\/wp-content\/uploads\/2016\/12\/Schweiz-verstaerkt-Massnahmen-gegen-nichtuebertragbare-Krankheiten_safety-plus-18x12.jpg 18w, https:\/\/news.save.ch\/wp-content\/uploads\/2016\/12\/Schweiz-verstaerkt-Massnahmen-gegen-nichtuebertragbare-Krankheiten_safety-plus-375x250.jpg 375w, https:\/\/news.save.ch\/wp-content\/uploads\/2016\/12\/Schweiz-verstaerkt-Massnahmen-gegen-nichtuebertragbare-Krankheiten_safety-plus-525x350.jpg 525w\" sizes=\"auto, (max-width: 680px) 100vw, 680px\" \/><figcaption id=\"caption-attachment-1311\" class=\"wp-caption-text\">Doctors to increase education of their patients about healthy lifestyles<\/figcaption><\/figure>\n<p>The Confederation, the cantons, Health Promotion Switzerland and the private sector are taking joint action against non-communicable diseases such as cancer, cardiovascular, respiratory and musculoskeletal diseases or diabetes. The action plan comprises 14 measures, which are divided into three major fields of action: Prevention and Health Promotion in the General Population, Prevention in Healthcare, and Prevention in the Business and Work Environment.<\/p>\n<p>One innovative approach, for example, is to better integrate prevention into health care. Health professionals, and in particular family physicians, are to play a key role by systematically supporting patients in their decisions and informing them about healthy lifestyle options at every step of treatment.<\/p>\n<p><strong>Efforts in favor of older people<\/strong><br \/>\nSince the elderly are more susceptible to noncommunicable diseases, special efforts must be made to protect them. Cantonal prevention programs are to be strengthened and should focus in particular on this target group, for example on malnutrition. The programs should also help older people to maintain an optimal quality of life for as long as possible.<\/p>\n<p>Cooperation with the private sector will also be strengthened, as the business community is to become a supporting pillar of prevention. The aim is to build partnerships with companies to improve the health of employees and consumers. With the actionsant\u00e9 initiative, for example, companies in the food industry have committed to reducing the sugar content of certain products.<\/p>\n<p>Non-communicable diseases affect a quarter of the population in Switzerland and account for 80 percent of healthcare costs. This suffering and its economic impact will increase as the population ages. There is therefore a need for action: In half of the cases, a healthy lifestyle could prevent the disease or mitigate its consequences.<\/p>\n<p><strong>Cantonal action programs for mental health<\/strong><br \/>\nThe federal government, the cantons and the Swiss Health Promotion Foundation are also working more closely together in the area of mental health. In the course of a year, it is estimated that up to one third of the Swiss population suffers from a mental illness. Many cantons have already launched prevention programs. In a report to fulfill a postulate of the Committee for Social Security and Health of the Council of States (13.3370), which the Federal Council adopted last week, it shows how the Confederation intends to support the cantons in implementing their programs to improve the mental health of the population. To this end, the Swiss Health Promotion Foundation will fund cantonal mental health action programs starting in 2017.<\/p>\n<p><strong>Many suicides could be avoided<\/strong><br \/>\nSuicide prevention is embedded in the measures of the federal government and the cantons. In order to strengthen this throughout Switzerland, the federal government and the cantons have adopted the Suicide Prevention Action Plan in response to a parliamentary motion (Motion Ingold 11.3973). The goal is to reduce the annual number of deaths by 300 cases by 2030.<\/p>\n<p>Finally, as part of the National Health Policy Dialogue, the federal government and the cantons decided to extend the National Dementia Strategy until 2019. It was launched in 2014 and comprises a total of 18 projects carried out by various players in the health sector.<\/p>\n<p><em>Source: EDI<\/em><\/p>","protected":false},"excerpt":{"rendered":"<p>Bund, Kantone, Gesundheitsf\u00f6rderung Schweiz und der Privatsektor gehen gemeinsam gegen die nicht\u00fcbertragbaren Krankheiten wie Krebs, Herz-Kreislauf-, Atemwegs- und Muskel-Skelett-Erkrankungen oder Diabetes vor. Der Massnahmenplan umfasst 14 Massnahmen, die in drei grosse Handlungsfelder unterteilt werden: Pr\u00e4vention und Gesundheitsf\u00f6rderung in der allgemeinen Bev\u00f6lkerung, Pr\u00e4vention in der Gesundheitsversorgung sowie Pr\u00e4vention in der Wirtschafts- und Arbeitswelt. Ein innovativer Ansatz [&hellip;]<\/p>\n","protected":false},"author":1,"featured_media":1311,"comment_status":"open","ping_status":"open","sticky":false,"template":"","format":"standard","meta":{"_acf_changed":false,"pgc_sgb_lightbox_settings":"","footnotes":""},"categories":[3314],"tags":[120,149,141,2729],"class_list":["post-1310","post","type-post","status-publish","format-standard","has-post-thumbnail","hentry","category-health-safety","tag-bundesamt","tag-gesundheitsschutz","tag-praevention","tag-psychische-gesundheit"],"acf":[],"hkrextid":null,"publication":null,"issue":null,"workflow":null,"startPage":null,"spitzmarke":null,"_posts_by_tag_page_fields":{"widget_title":"","widget_tags":""},"_at_widget":"1","_yoast_wpseo_primary_category":"2","_yoast_wpseo_focuskw_text_input":"nicht\u00fcbertragbare Krankheiten","_yoast_wpseo_opengraph-image":null,"_yoast_wpseo_opengraph-description":null,"_yoast_wpseo_opengraph-title":null,"enclosure":null,"_yoast_wpseo_twitter-title":null,"_yoast_wpseo_twitter-description":null,"_yoast_wpseo_twitter-image":null,"_wp_old_slug":null,"_yoast_wpseo_title":null,"_yoast_wpseo_canonical":null,"yoast_head":"<!-- This site is optimized with the Yoast SEO plugin v27.5 - https:\/\/yoast.com\/product\/yoast-seo-wordpress\/ -->\n<title>Schweiz verst\u00e4rkt Massnahmen gegen nicht\u00fcbertragbare Krankheiten - Save<\/title>\n<meta name=\"description\" content=\"nicht\u00fcbertragbare Krankheiten: Der Bund, die Kantone und die Stiftung Gesundheitsf\u00f6rderung Schweiz verst\u00e4rken ihre Zusammenarbeit im Pr\u00e4ventionsbereich.\" \/>\n<meta name=\"robots\" content=\"index, follow, max-snippet:-1, max-image-preview:large, max-video-preview:-1\" \/>\n<link rel=\"canonical\" href=\"https:\/\/news.save.ch\/en\/schweiz-verstaerkt-massnahmen-gegen-nichtuebertragbare-krankheiten\/\" \/>\n<meta property=\"og:locale\" content=\"en_US\" \/>\n<meta property=\"og:type\" content=\"article\" \/>\n<meta property=\"og:title\" content=\"Schweiz verst\u00e4rkt Massnahmen gegen nicht\u00fcbertragbare Krankheiten - Save\" \/>\n<meta property=\"og:description\" content=\"nicht\u00fcbertragbare Krankheiten: Der Bund, die Kantone und die Stiftung Gesundheitsf\u00f6rderung Schweiz verst\u00e4rken ihre Zusammenarbeit im Pr\u00e4ventionsbereich.\" \/>\n<meta property=\"og:url\" content=\"https:\/\/news.save.ch\/en\/schweiz-verstaerkt-massnahmen-gegen-nichtuebertragbare-krankheiten\/\" \/>\n<meta property=\"og:site_name\" content=\"Save\" \/>\n<meta property=\"article:published_time\" content=\"2016-11-25T10:28:54+00:00\" \/>\n<meta property=\"article:modified_time\" content=\"2023-03-14T08:04:25+00:00\" \/>\n<meta property=\"og:image\" content=\"https:\/\/news.save.ch\/wp-content\/uploads\/2016\/12\/Schweiz-verstaerkt-Massnahmen-gegen-nichtuebertragbare-Krankheiten_safety-plus.jpg\" \/>\n\t<meta property=\"og:image:width\" content=\"1000\" \/>\n\t<meta property=\"og:image:height\" content=\"667\" \/>\n\t<meta property=\"og:image:type\" content=\"image\/jpeg\" \/>\n<meta name=\"author\" content=\"admin\" \/>\n<meta name=\"twitter:card\" content=\"summary_large_image\" \/>\n<meta name=\"twitter:label1\" content=\"Written by\" \/>\n\t<meta name=\"twitter:data1\" content=\"admin\" \/>\n\t<meta name=\"twitter:label2\" content=\"Est. reading time\" \/>\n\t<meta name=\"twitter:data2\" content=\"3 minutes\" \/>\n<script type=\"application\/ld+json\" class=\"yoast-schema-graph\">{\"@context\":\"https:\\\/\\\/schema.org\",\"@graph\":[{\"@type\":\"Article\",\"@id\":\"https:\\\/\\\/news.save.ch\\\/schweiz-verstaerkt-massnahmen-gegen-nichtuebertragbare-krankheiten\\\/#article\",\"isPartOf\":{\"@id\":\"https:\\\/\\\/news.save.ch\\\/schweiz-verstaerkt-massnahmen-gegen-nichtuebertragbare-krankheiten\\\/\"},\"author\":{\"name\":\"admin\",\"@id\":\"https:\\\/\\\/news.save.ch\\\/de\\\/#\\\/schema\\\/person\\\/d49e199490bad7c70d64b9ab51142f2b\"},\"headline\":\"Schweiz verst\u00e4rkt Massnahmen gegen nicht\u00fcbertragbare Krankheiten\",\"datePublished\":\"2016-11-25T10:28:54+00:00\",\"dateModified\":\"2023-03-14T08:04:25+00:00\",\"mainEntityOfPage\":{\"@id\":\"https:\\\/\\\/news.save.ch\\\/schweiz-verstaerkt-massnahmen-gegen-nichtuebertragbare-krankheiten\\\/\"},\"wordCount\":532,\"commentCount\":0,\"publisher\":{\"@id\":\"https:\\\/\\\/news.save.ch\\\/de\\\/#organization\"},\"image\":{\"@id\":\"https:\\\/\\\/news.save.ch\\\/schweiz-verstaerkt-massnahmen-gegen-nichtuebertragbare-krankheiten\\\/#primaryimage\"},\"thumbnailUrl\":\"https:\\\/\\\/news.save.ch\\\/wp-content\\\/uploads\\\/2016\\\/12\\\/Schweiz-verstaerkt-Massnahmen-gegen-nichtuebertragbare-Krankheiten_safety-plus.jpg\",\"keywords\":[\"Bundesamt\",\"Gesundheitsschutz\",\"Pr\u00e4vention\",\"Psychische Gesundheit\"],\"articleSection\":[\"HEALTH &amp; SAFETY\"],\"inLanguage\":\"en-US\"},{\"@type\":\"WebPage\",\"@id\":\"https:\\\/\\\/news.save.ch\\\/schweiz-verstaerkt-massnahmen-gegen-nichtuebertragbare-krankheiten\\\/\",\"url\":\"https:\\\/\\\/news.save.ch\\\/schweiz-verstaerkt-massnahmen-gegen-nichtuebertragbare-krankheiten\\\/\",\"name\":\"Schweiz verst\u00e4rkt Massnahmen gegen nicht\u00fcbertragbare Krankheiten - Save\",\"isPartOf\":{\"@id\":\"https:\\\/\\\/news.save.ch\\\/de\\\/#website\"},\"primaryImageOfPage\":{\"@id\":\"https:\\\/\\\/news.save.ch\\\/schweiz-verstaerkt-massnahmen-gegen-nichtuebertragbare-krankheiten\\\/#primaryimage\"},\"image\":{\"@id\":\"https:\\\/\\\/news.save.ch\\\/schweiz-verstaerkt-massnahmen-gegen-nichtuebertragbare-krankheiten\\\/#primaryimage\"},\"thumbnailUrl\":\"https:\\\/\\\/news.save.ch\\\/wp-content\\\/uploads\\\/2016\\\/12\\\/Schweiz-verstaerkt-Massnahmen-gegen-nichtuebertragbare-Krankheiten_safety-plus.jpg\",\"datePublished\":\"2016-11-25T10:28:54+00:00\",\"dateModified\":\"2023-03-14T08:04:25+00:00\",\"description\":\"nicht\u00fcbertragbare Krankheiten: Der Bund, die Kantone und die Stiftung Gesundheitsf\u00f6rderung Schweiz verst\u00e4rken ihre Zusammenarbeit im Pr\u00e4ventionsbereich.\",\"breadcrumb\":{\"@id\":\"https:\\\/\\\/news.save.ch\\\/schweiz-verstaerkt-massnahmen-gegen-nichtuebertragbare-krankheiten\\\/#breadcrumb\"},\"inLanguage\":\"en-US\",\"potentialAction\":[{\"@type\":\"ReadAction\",\"target\":[\"https:\\\/\\\/news.save.ch\\\/schweiz-verstaerkt-massnahmen-gegen-nichtuebertragbare-krankheiten\\\/\"]}]},{\"@type\":\"ImageObject\",\"inLanguage\":\"en-US\",\"@id\":\"https:\\\/\\\/news.save.ch\\\/schweiz-verstaerkt-massnahmen-gegen-nichtuebertragbare-krankheiten\\\/#primaryimage\",\"url\":\"https:\\\/\\\/news.save.ch\\\/wp-content\\\/uploads\\\/2016\\\/12\\\/Schweiz-verstaerkt-Massnahmen-gegen-nichtuebertragbare-Krankheiten_safety-plus.jpg\",\"contentUrl\":\"https:\\\/\\\/news.save.ch\\\/wp-content\\\/uploads\\\/2016\\\/12\\\/Schweiz-verstaerkt-Massnahmen-gegen-nichtuebertragbare-Krankheiten_safety-plus.jpg\",\"width\":1000,\"height\":667,\"caption\":\"\u00c4rzte sollen ihre Patienten vermehrt \u00fcber gesunde Lebensweisen aufkl\u00e4ren\"},{\"@type\":\"BreadcrumbList\",\"@id\":\"https:\\\/\\\/news.save.ch\\\/schweiz-verstaerkt-massnahmen-gegen-nichtuebertragbare-krankheiten\\\/#breadcrumb\",\"itemListElement\":[{\"@type\":\"ListItem\",\"position\":1,\"name\":\"Home\",\"item\":\"https:\\\/\\\/news.save.ch\\\/de\\\/\"},{\"@type\":\"ListItem\",\"position\":2,\"name\":\"Schweiz verst\u00e4rkt Massnahmen gegen nicht\u00fcbertragbare Krankheiten\"}]},{\"@type\":\"WebSite\",\"@id\":\"https:\\\/\\\/news.save.ch\\\/de\\\/#website\",\"url\":\"https:\\\/\\\/news.save.ch\\\/de\\\/\",\"name\":\"Save\",\"description\":\"Schweizer Fachzeitschrift f\u00fcr Sicherheit\",\"publisher\":{\"@id\":\"https:\\\/\\\/news.save.ch\\\/de\\\/#organization\"},\"potentialAction\":[{\"@type\":\"SearchAction\",\"target\":{\"@type\":\"EntryPoint\",\"urlTemplate\":\"https:\\\/\\\/news.save.ch\\\/de\\\/?s={search_term_string}\"},\"query-input\":{\"@type\":\"PropertyValueSpecification\",\"valueRequired\":true,\"valueName\":\"search_term_string\"}}],\"inLanguage\":\"en-US\"},{\"@type\":\"Organization\",\"@id\":\"https:\\\/\\\/news.save.ch\\\/de\\\/#organization\",\"name\":\"Sicherheitsforum\",\"url\":\"https:\\\/\\\/news.save.ch\\\/de\\\/\",\"logo\":{\"@type\":\"ImageObject\",\"inLanguage\":\"en-US\",\"@id\":\"https:\\\/\\\/news.save.ch\\\/de\\\/#\\\/schema\\\/logo\\\/image\\\/\",\"url\":\"https:\\\/\\\/news.save.ch\\\/wp-content\\\/uploads\\\/2022\\\/06\\\/Logo_SF_2012.png\",\"contentUrl\":\"https:\\\/\\\/news.save.ch\\\/wp-content\\\/uploads\\\/2022\\\/06\\\/Logo_SF_2012.png\",\"width\":1100,\"height\":91,\"caption\":\"Sicherheitsforum\"},\"image\":{\"@id\":\"https:\\\/\\\/news.save.ch\\\/de\\\/#\\\/schema\\\/logo\\\/image\\\/\"}},{\"@type\":\"Person\",\"@id\":\"https:\\\/\\\/news.save.ch\\\/de\\\/#\\\/schema\\\/person\\\/d49e199490bad7c70d64b9ab51142f2b\",\"name\":\"admin\",\"image\":{\"@type\":\"ImageObject\",\"inLanguage\":\"en-US\",\"@id\":\"https:\\\/\\\/secure.gravatar.com\\\/avatar\\\/ae2f4d718e6c49043e314ce431e7e645d646302a24a5ef5a8bc8e3f5a032e319?s=96&d=mm&r=g\",\"url\":\"https:\\\/\\\/secure.gravatar.com\\\/avatar\\\/ae2f4d718e6c49043e314ce431e7e645d646302a24a5ef5a8bc8e3f5a032e319?s=96&d=mm&r=g\",\"contentUrl\":\"https:\\\/\\\/secure.gravatar.com\\\/avatar\\\/ae2f4d718e6c49043e314ce431e7e645d646302a24a5ef5a8bc8e3f5a032e319?s=96&d=mm&r=g\",\"caption\":\"admin\"},\"sameAs\":[\"https:\\\/\\\/develop.organisator.galledia.ch\"],\"url\":\"https:\\\/\\\/news.save.ch\\\/en\\\/author\\\/admin\\\/\"}]}<\/script>\n<!-- \/ Yoast SEO plugin. -->","yoast_head_json":{"title":"Switzerland strengthens measures against noncommunicable diseases - Save","description":"non-communicable diseases: The Confederation, the cantons and the Swiss Health Promotion Foundation are strengthening their cooperation in the field of prevention.","robots":{"index":"index","follow":"follow","max-snippet":"max-snippet:-1","max-image-preview":"max-image-preview:large","max-video-preview":"max-video-preview:-1"},"canonical":"https:\/\/news.save.ch\/en\/schweiz-verstaerkt-massnahmen-gegen-nichtuebertragbare-krankheiten\/","og_locale":"en_US","og_type":"article","og_title":"Schweiz verst\u00e4rkt Massnahmen gegen nicht\u00fcbertragbare Krankheiten - Save","og_description":"nicht\u00fcbertragbare Krankheiten: Der Bund, die Kantone und die Stiftung Gesundheitsf\u00f6rderung Schweiz verst\u00e4rken ihre Zusammenarbeit im Pr\u00e4ventionsbereich.","og_url":"https:\/\/news.save.ch\/en\/schweiz-verstaerkt-massnahmen-gegen-nichtuebertragbare-krankheiten\/","og_site_name":"Save","article_published_time":"2016-11-25T10:28:54+00:00","article_modified_time":"2023-03-14T08:04:25+00:00","og_image":[{"width":1000,"height":667,"url":"https:\/\/news.save.ch\/wp-content\/uploads\/2016\/12\/Schweiz-verstaerkt-Massnahmen-gegen-nichtuebertragbare-Krankheiten_safety-plus.jpg","type":"image\/jpeg"}],"author":"admin","twitter_card":"summary_large_image","twitter_misc":{"Written by":"admin","Est. reading time":"3 minutes"},"schema":{"@context":"https:\/\/schema.org","@graph":[{"@type":"Article","@id":"https:\/\/news.save.ch\/schweiz-verstaerkt-massnahmen-gegen-nichtuebertragbare-krankheiten\/#article","isPartOf":{"@id":"https:\/\/news.save.ch\/schweiz-verstaerkt-massnahmen-gegen-nichtuebertragbare-krankheiten\/"},"author":{"name":"admin","@id":"https:\/\/news.save.ch\/de\/#\/schema\/person\/d49e199490bad7c70d64b9ab51142f2b"},"headline":"Schweiz verst\u00e4rkt Massnahmen gegen nicht\u00fcbertragbare Krankheiten","datePublished":"2016-11-25T10:28:54+00:00","dateModified":"2023-03-14T08:04:25+00:00","mainEntityOfPage":{"@id":"https:\/\/news.save.ch\/schweiz-verstaerkt-massnahmen-gegen-nichtuebertragbare-krankheiten\/"},"wordCount":532,"commentCount":0,"publisher":{"@id":"https:\/\/news.save.ch\/de\/#organization"},"image":{"@id":"https:\/\/news.save.ch\/schweiz-verstaerkt-massnahmen-gegen-nichtuebertragbare-krankheiten\/#primaryimage"},"thumbnailUrl":"https:\/\/news.save.ch\/wp-content\/uploads\/2016\/12\/Schweiz-verstaerkt-Massnahmen-gegen-nichtuebertragbare-Krankheiten_safety-plus.jpg","keywords":["Bundesamt","Gesundheitsschutz","Pr\u00e4vention","Psychische Gesundheit"],"articleSection":["HEALTH &amp; SAFETY"],"inLanguage":"en-US"},{"@type":"WebPage","@id":"https:\/\/news.save.ch\/schweiz-verstaerkt-massnahmen-gegen-nichtuebertragbare-krankheiten\/","url":"https:\/\/news.save.ch\/schweiz-verstaerkt-massnahmen-gegen-nichtuebertragbare-krankheiten\/","name":"Switzerland strengthens measures against noncommunicable diseases - Save","isPartOf":{"@id":"https:\/\/news.save.ch\/de\/#website"},"primaryImageOfPage":{"@id":"https:\/\/news.save.ch\/schweiz-verstaerkt-massnahmen-gegen-nichtuebertragbare-krankheiten\/#primaryimage"},"image":{"@id":"https:\/\/news.save.ch\/schweiz-verstaerkt-massnahmen-gegen-nichtuebertragbare-krankheiten\/#primaryimage"},"thumbnailUrl":"https:\/\/news.save.ch\/wp-content\/uploads\/2016\/12\/Schweiz-verstaerkt-Massnahmen-gegen-nichtuebertragbare-Krankheiten_safety-plus.jpg","datePublished":"2016-11-25T10:28:54+00:00","dateModified":"2023-03-14T08:04:25+00:00","description":"non-communicable diseases: The Confederation, the cantons and the Swiss Health Promotion Foundation are strengthening their cooperation in the field of prevention.","breadcrumb":{"@id":"https:\/\/news.save.ch\/schweiz-verstaerkt-massnahmen-gegen-nichtuebertragbare-krankheiten\/#breadcrumb"},"inLanguage":"en-US","potentialAction":[{"@type":"ReadAction","target":["https:\/\/news.save.ch\/schweiz-verstaerkt-massnahmen-gegen-nichtuebertragbare-krankheiten\/"]}]},{"@type":"ImageObject","inLanguage":"en-US","@id":"https:\/\/news.save.ch\/schweiz-verstaerkt-massnahmen-gegen-nichtuebertragbare-krankheiten\/#primaryimage","url":"https:\/\/news.save.ch\/wp-content\/uploads\/2016\/12\/Schweiz-verstaerkt-Massnahmen-gegen-nichtuebertragbare-Krankheiten_safety-plus.jpg","contentUrl":"https:\/\/news.save.ch\/wp-content\/uploads\/2016\/12\/Schweiz-verstaerkt-Massnahmen-gegen-nichtuebertragbare-Krankheiten_safety-plus.jpg","width":1000,"height":667,"caption":"\u00c4rzte sollen ihre Patienten vermehrt \u00fcber gesunde Lebensweisen aufkl\u00e4ren"},{"@type":"BreadcrumbList","@id":"https:\/\/news.save.ch\/schweiz-verstaerkt-massnahmen-gegen-nichtuebertragbare-krankheiten\/#breadcrumb","itemListElement":[{"@type":"ListItem","position":1,"name":"Home","item":"https:\/\/news.save.ch\/de\/"},{"@type":"ListItem","position":2,"name":"Schweiz verst\u00e4rkt Massnahmen gegen nicht\u00fcbertragbare Krankheiten"}]},{"@type":"WebSite","@id":"https:\/\/news.save.ch\/de\/#website","url":"https:\/\/news.save.ch\/de\/","name":"Save","description":"Swiss trade journal for safety","publisher":{"@id":"https:\/\/news.save.ch\/de\/#organization"},"potentialAction":[{"@type":"SearchAction","target":{"@type":"EntryPoint","urlTemplate":"https:\/\/news.save.ch\/de\/?s={search_term_string}"},"query-input":{"@type":"PropertyValueSpecification","valueRequired":true,"valueName":"search_term_string"}}],"inLanguage":"en-US"},{"@type":"Organization","@id":"https:\/\/news.save.ch\/de\/#organization","name":"Security Forum","url":"https:\/\/news.save.ch\/de\/","logo":{"@type":"ImageObject","inLanguage":"en-US","@id":"https:\/\/news.save.ch\/de\/#\/schema\/logo\/image\/","url":"https:\/\/news.save.ch\/wp-content\/uploads\/2022\/06\/Logo_SF_2012.png","contentUrl":"https:\/\/news.save.ch\/wp-content\/uploads\/2022\/06\/Logo_SF_2012.png","width":1100,"height":91,"caption":"Sicherheitsforum"},"image":{"@id":"https:\/\/news.save.ch\/de\/#\/schema\/logo\/image\/"}},{"@type":"Person","@id":"https:\/\/news.save.ch\/de\/#\/schema\/person\/d49e199490bad7c70d64b9ab51142f2b","name":"admin","image":{"@type":"ImageObject","inLanguage":"en-US","@id":"https:\/\/secure.gravatar.com\/avatar\/ae2f4d718e6c49043e314ce431e7e645d646302a24a5ef5a8bc8e3f5a032e319?s=96&d=mm&r=g","url":"https:\/\/secure.gravatar.com\/avatar\/ae2f4d718e6c49043e314ce431e7e645d646302a24a5ef5a8bc8e3f5a032e319?s=96&d=mm&r=g","contentUrl":"https:\/\/secure.gravatar.com\/avatar\/ae2f4d718e6c49043e314ce431e7e645d646302a24a5ef5a8bc8e3f5a032e319?s=96&d=mm&r=g","caption":"admin"},"sameAs":["https:\/\/develop.organisator.galledia.ch"],"url":"https:\/\/news.save.ch\/en\/author\/admin\/"}]}},"_links":{"self":[{"href":"https:\/\/news.save.ch\/en\/wp-json\/wp\/v2\/posts\/1310","targetHints":{"allow":["GET"]}}],"collection":[{"href":"https:\/\/news.save.ch\/en\/wp-json\/wp\/v2\/posts"}],"about":[{"href":"https:\/\/news.save.ch\/en\/wp-json\/wp\/v2\/types\/post"}],"author":[{"embeddable":true,"href":"https:\/\/news.save.ch\/en\/wp-json\/wp\/v2\/users\/1"}],"replies":[{"embeddable":true,"href":"https:\/\/news.save.ch\/en\/wp-json\/wp\/v2\/comments?post=1310"}],"version-history":[{"count":1,"href":"https:\/\/news.save.ch\/en\/wp-json\/wp\/v2\/posts\/1310\/revisions"}],"predecessor-version":[{"id":18961,"href":"https:\/\/news.save.ch\/en\/wp-json\/wp\/v2\/posts\/1310\/revisions\/18961"}],"wp:featuredmedia":[{"embeddable":true,"href":"https:\/\/news.save.ch\/en\/wp-json\/wp\/v2\/media\/1311"}],"wp:attachment":[{"href":"https:\/\/news.save.ch\/en\/wp-json\/wp\/v2\/media?parent=1310"}],"wp:term":[{"taxonomy":"category","embeddable":true,"href":"https:\/\/news.save.ch\/en\/wp-json\/wp\/v2\/categories?post=1310"},{"taxonomy":"post_tag","embeddable":true,"href":"https:\/\/news.save.ch\/en\/wp-json\/wp\/v2\/tags?post=1310"}],"curies":[{"name":"wp","href":"https:\/\/api.w.org\/{rel}","templated":true}]}}