{"id":13317,"date":"2022-01-10T08:03:59","date_gmt":"2022-01-10T07:03:59","guid":{"rendered":"https:\/\/news.save.ch\/?p=13317"},"modified":"2023-07-08T13:12:07","modified_gmt":"2023-07-08T11:12:07","slug":"perimeter-protection-auf-2023-verschoben","status":null,"type":"post","link":"https:\/\/news.save.ch\/en\/perimeter-protection-auf-2023-verschoben\/","title":{"rendered":"Perimeter Protection postponed until 2023"},"content":{"rendered":"<figure id=\"attachment_13319\" aria-describedby=\"caption-attachment-13319\" style=\"width: 1200px\" class=\"wp-caption alignleft\"><img loading=\"lazy\" decoding=\"async\" class=\"wp-image-13319 size-full\" src=\"https:\/\/news.save.ch\/wp-content\/uploads\/2022\/01\/perprotukkscbtljh-scaled-1.jpg\" alt=\"Perimeter Protection\" width=\"1200\" height=\"800\" srcset=\"https:\/\/news.save.ch\/wp-content\/uploads\/2022\/01\/perprotukkscbtljh-scaled-1.jpg 1200w, https:\/\/news.save.ch\/wp-content\/uploads\/2022\/01\/perprotukkscbtljh-scaled-1-375x250.jpg 375w\" sizes=\"auto, (max-width: 1200px) 100vw, 1200px\" \/><figcaption id=\"caption-attachment-13319\" class=\"wp-caption-text\">\u00a9NuernbergMesse \/ Thomas Geiger<\/figcaption><\/figure>\n<p>In consultation with exhibitors and planners, N\u00fcrnberg Messe has decided to postpone Perimeter Protection until 2023, although exhibitions have been held in N\u00fcrnberg again since September 2021.<\/p>\n<p>The exhibition events are still possible under the requirements of the Bavarian Infection Control Measures Ordinance, but there is great uncertainty among customers, according to a statement from N\u00fcrnberg Messe.<\/p>\n<p>It is not foreseeable how the infection will develop in the coming weeks. Therefore, the situation with regard to the spread of the new virus variant Omikron, is also not predictable for mid-January 2022, Thomas Preutenborbeck, Member of the Management Board at N\u00fcrnberg Messe, is quoted as saying.<\/p>\n<p>\"We want to avoid having to make the decision to postpone together with the exhibitors shortly before the event. That is why we have now done this before the Christmas break, in order to create planning security for everyone involved,\" Preutenborbeck continues.<\/p>\n<p><strong>The next Perimeter Protection will be held at the Exhibition Center Nuremberg from January 17 - 19, 2023.<\/strong><\/p>","protected":false},"excerpt":{"rendered":"<p>Die N\u00fcrnberg Messe hat sich in Abstimmung mit Ausstellern und Planern dazu entschieden, die Perimeter Protection auf 2023 zu verschieben, obwohl seit September 2021 wieder Messen in N\u00fcrnberg stattfinden. Die Messeveranstaltungen seien zwar auch weiterhin unter den Vorgaben der Bayerischen Infektionsschutzmassnahmen-Verordnung m\u00f6glich, jedoch sei die Unsicherheit der Kunden gross, wie es in einer Mitteilung der [&hellip;]<\/p>\n","protected":false},"author":9,"featured_media":13319,"comment_status":"closed","ping_status":"closed","sticky":false,"template":"","format":"standard","meta":{"_acf_changed":false,"pgc_sgb_lightbox_settings":"","footnotes":""},"categories":[1],"tags":[4982,1555,1353,4981,160,4980],"class_list":["post-13317","post","type-post","status-publish","format-standard","has-post-thumbnail","hentry","category-allgemein","tag-infektionsschutzmassnahmen","tag-nuernberg-messe","tag-perimeter-protection","tag-planungssicherheit","tag-veranstaltungen","tag-verschiebung"],"acf":[],"hkrextid":null,"publication":null,"issue":null,"workflow":null,"startPage":null,"spitzmarke":null,"_posts_by_tag_page_fields":{"widget_title":"","widget_tags":""},"_at_widget":"1","_yoast_wpseo_primary_category":"","_yoast_wpseo_focuskw_text_input":null,"_yoast_wpseo_opengraph-image":null,"_yoast_wpseo_opengraph-description":null,"_yoast_wpseo_opengraph-title":null,"enclosure":null,"_yoast_wpseo_twitter-title":null,"_yoast_wpseo_twitter-description":null,"_yoast_wpseo_twitter-image":null,"_wp_old_slug":null,"_yoast_wpseo_title":null,"_yoast_wpseo_canonical":null,"yoast_head":"<!-- This site is optimized with the Yoast SEO plugin v27.4 - https:\/\/yoast.com\/product\/yoast-seo-wordpress\/ -->\n<title>Perimeter Protection auf 2023 verschoben - Save<\/title>\n<meta name=\"description\" content=\"Die N\u00fcrnberg Messe hat sich entschieden, die Perimeter Protection um ein Jahr zu verschieben. Urspr\u00fcnglich war die Fachmesse f\u00fcr Perimeter-Schutz auf Mitte Jahr vorgesehen. Die Entscheidung soll Ausstellern und Beteiligten mehr Planungssicherheit zu erm\u00f6glichen.\u00a0\" \/>\n<meta name=\"robots\" content=\"index, follow, max-snippet:-1, max-image-preview:large, max-video-preview:-1\" \/>\n<link rel=\"canonical\" href=\"https:\/\/news.save.ch\/en\/perimeter-protection-auf-2023-verschoben\/\" \/>\n<meta property=\"og:locale\" content=\"en_US\" \/>\n<meta property=\"og:type\" content=\"article\" \/>\n<meta property=\"og:title\" content=\"Perimeter Protection auf 2023 verschoben - Save\" \/>\n<meta property=\"og:description\" content=\"Die N\u00fcrnberg Messe hat sich entschieden, die Perimeter Protection um ein Jahr zu verschieben. Urspr\u00fcnglich war die Fachmesse f\u00fcr Perimeter-Schutz auf Mitte Jahr vorgesehen. Die Entscheidung soll Ausstellern und Beteiligten mehr Planungssicherheit zu erm\u00f6glichen.\u00a0\" \/>\n<meta property=\"og:url\" content=\"https:\/\/news.save.ch\/en\/perimeter-protection-auf-2023-verschoben\/\" \/>\n<meta property=\"og:site_name\" content=\"Save\" \/>\n<meta property=\"article:published_time\" content=\"2022-01-10T07:03:59+00:00\" \/>\n<meta property=\"article:modified_time\" content=\"2023-07-08T11:12:07+00:00\" \/>\n<meta property=\"og:image\" content=\"https:\/\/news.save.ch\/wp-content\/uploads\/2022\/01\/perprotukkscbtljh-scaled-1.jpg\" \/>\n\t<meta property=\"og:image:width\" content=\"1200\" \/>\n\t<meta property=\"og:image:height\" content=\"800\" \/>\n\t<meta property=\"og:image:type\" content=\"image\/jpeg\" \/>\n<meta name=\"author\" content=\"Simon Gr\u00f6flin\" \/>\n<meta name=\"twitter:card\" content=\"summary_large_image\" \/>\n<meta name=\"twitter:label1\" content=\"Written by\" \/>\n\t<meta name=\"twitter:data1\" content=\"Simon Gr\u00f6flin\" \/>\n\t<meta name=\"twitter:label2\" content=\"Est. reading time\" \/>\n\t<meta name=\"twitter:data2\" content=\"2 minutes\" \/>\n<script type=\"application\/ld+json\" class=\"yoast-schema-graph\">{\"@context\":\"https:\\\/\\\/schema.org\",\"@graph\":[{\"@type\":\"Article\",\"@id\":\"https:\\\/\\\/news.save.ch\\\/perimeter-protection-auf-2023-verschoben\\\/#article\",\"isPartOf\":{\"@id\":\"https:\\\/\\\/news.save.ch\\\/perimeter-protection-auf-2023-verschoben\\\/\"},\"author\":{\"name\":\"Simon Gr\u00f6flin\",\"@id\":\"https:\\\/\\\/news.save.ch\\\/de\\\/#\\\/schema\\\/person\\\/ad4ef21102fd6125312409ac57d5296d\"},\"headline\":\"Perimeter Protection auf 2023 verschoben\",\"datePublished\":\"2022-01-10T07:03:59+00:00\",\"dateModified\":\"2023-07-08T11:12:07+00:00\",\"mainEntityOfPage\":{\"@id\":\"https:\\\/\\\/news.save.ch\\\/perimeter-protection-auf-2023-verschoben\\\/\"},\"wordCount\":179,\"publisher\":{\"@id\":\"https:\\\/\\\/news.save.ch\\\/de\\\/#organization\"},\"image\":{\"@id\":\"https:\\\/\\\/news.save.ch\\\/perimeter-protection-auf-2023-verschoben\\\/#primaryimage\"},\"thumbnailUrl\":\"https:\\\/\\\/news.save.ch\\\/wp-content\\\/uploads\\\/2022\\\/01\\\/perprotukkscbtljh-scaled-1.jpg\",\"keywords\":[\"Infektionsschutzmassnahmen\",\"N\u00fcrnberg Messe\",\"Perimeter Protection\",\"Planungssicherheit\",\"Veranstaltungen\",\"Verschiebung\"],\"articleSection\":[\"ALLGEMEIN\"],\"inLanguage\":\"en-US\"},{\"@type\":\"WebPage\",\"@id\":\"https:\\\/\\\/news.save.ch\\\/perimeter-protection-auf-2023-verschoben\\\/\",\"url\":\"https:\\\/\\\/news.save.ch\\\/perimeter-protection-auf-2023-verschoben\\\/\",\"name\":\"Perimeter Protection auf 2023 verschoben - Save\",\"isPartOf\":{\"@id\":\"https:\\\/\\\/news.save.ch\\\/de\\\/#website\"},\"primaryImageOfPage\":{\"@id\":\"https:\\\/\\\/news.save.ch\\\/perimeter-protection-auf-2023-verschoben\\\/#primaryimage\"},\"image\":{\"@id\":\"https:\\\/\\\/news.save.ch\\\/perimeter-protection-auf-2023-verschoben\\\/#primaryimage\"},\"thumbnailUrl\":\"https:\\\/\\\/news.save.ch\\\/wp-content\\\/uploads\\\/2022\\\/01\\\/perprotukkscbtljh-scaled-1.jpg\",\"datePublished\":\"2022-01-10T07:03:59+00:00\",\"dateModified\":\"2023-07-08T11:12:07+00:00\",\"description\":\"Die N\u00fcrnberg Messe hat sich entschieden, die Perimeter Protection um ein Jahr zu verschieben. Urspr\u00fcnglich war die Fachmesse f\u00fcr Perimeter-Schutz auf Mitte Jahr vorgesehen. Die Entscheidung soll Ausstellern und Beteiligten mehr Planungssicherheit zu erm\u00f6glichen.\u00a0\",\"breadcrumb\":{\"@id\":\"https:\\\/\\\/news.save.ch\\\/perimeter-protection-auf-2023-verschoben\\\/#breadcrumb\"},\"inLanguage\":\"en-US\",\"potentialAction\":[{\"@type\":\"ReadAction\",\"target\":[\"https:\\\/\\\/news.save.ch\\\/perimeter-protection-auf-2023-verschoben\\\/\"]}]},{\"@type\":\"ImageObject\",\"inLanguage\":\"en-US\",\"@id\":\"https:\\\/\\\/news.save.ch\\\/perimeter-protection-auf-2023-verschoben\\\/#primaryimage\",\"url\":\"https:\\\/\\\/news.save.ch\\\/wp-content\\\/uploads\\\/2022\\\/01\\\/perprotukkscbtljh-scaled-1.jpg\",\"contentUrl\":\"https:\\\/\\\/news.save.ch\\\/wp-content\\\/uploads\\\/2022\\\/01\\\/perprotukkscbtljh-scaled-1.jpg\",\"width\":1200,\"height\":800,\"caption\":\"\u00a9NuernbergMesse \\\/ Thomas Geiger\"},{\"@type\":\"BreadcrumbList\",\"@id\":\"https:\\\/\\\/news.save.ch\\\/perimeter-protection-auf-2023-verschoben\\\/#breadcrumb\",\"itemListElement\":[{\"@type\":\"ListItem\",\"position\":1,\"name\":\"Home\",\"item\":\"https:\\\/\\\/news.save.ch\\\/de\\\/\"},{\"@type\":\"ListItem\",\"position\":2,\"name\":\"Perimeter Protection auf 2023 verschoben\"}]},{\"@type\":\"WebSite\",\"@id\":\"https:\\\/\\\/news.save.ch\\\/de\\\/#website\",\"url\":\"https:\\\/\\\/news.save.ch\\\/de\\\/\",\"name\":\"Save\",\"description\":\"Schweizer Fachzeitschrift f\u00fcr Sicherheit\",\"publisher\":{\"@id\":\"https:\\\/\\\/news.save.ch\\\/de\\\/#organization\"},\"potentialAction\":[{\"@type\":\"SearchAction\",\"target\":{\"@type\":\"EntryPoint\",\"urlTemplate\":\"https:\\\/\\\/news.save.ch\\\/de\\\/?s={search_term_string}\"},\"query-input\":{\"@type\":\"PropertyValueSpecification\",\"valueRequired\":true,\"valueName\":\"search_term_string\"}}],\"inLanguage\":\"en-US\"},{\"@type\":\"Organization\",\"@id\":\"https:\\\/\\\/news.save.ch\\\/de\\\/#organization\",\"name\":\"Sicherheitsforum\",\"url\":\"https:\\\/\\\/news.save.ch\\\/de\\\/\",\"logo\":{\"@type\":\"ImageObject\",\"inLanguage\":\"en-US\",\"@id\":\"https:\\\/\\\/news.save.ch\\\/de\\\/#\\\/schema\\\/logo\\\/image\\\/\",\"url\":\"https:\\\/\\\/news.save.ch\\\/wp-content\\\/uploads\\\/2022\\\/06\\\/Logo_SF_2012.png\",\"contentUrl\":\"https:\\\/\\\/news.save.ch\\\/wp-content\\\/uploads\\\/2022\\\/06\\\/Logo_SF_2012.png\",\"width\":1100,\"height\":91,\"caption\":\"Sicherheitsforum\"},\"image\":{\"@id\":\"https:\\\/\\\/news.save.ch\\\/de\\\/#\\\/schema\\\/logo\\\/image\\\/\"}},{\"@type\":\"Person\",\"@id\":\"https:\\\/\\\/news.save.ch\\\/de\\\/#\\\/schema\\\/person\\\/ad4ef21102fd6125312409ac57d5296d\",\"name\":\"Simon Gr\u00f6flin\",\"image\":{\"@type\":\"ImageObject\",\"inLanguage\":\"en-US\",\"@id\":\"https:\\\/\\\/secure.gravatar.com\\\/avatar\\\/6ddceb80eb734354635539e0ea5140bb7c41e42de7c45c9a2ab9921b5d5c9a83?s=96&d=mm&r=g\",\"url\":\"https:\\\/\\\/secure.gravatar.com\\\/avatar\\\/6ddceb80eb734354635539e0ea5140bb7c41e42de7c45c9a2ab9921b5d5c9a83?s=96&d=mm&r=g\",\"contentUrl\":\"https:\\\/\\\/secure.gravatar.com\\\/avatar\\\/6ddceb80eb734354635539e0ea5140bb7c41e42de7c45c9a2ab9921b5d5c9a83?s=96&d=mm&r=g\",\"caption\":\"Simon Gr\u00f6flin\"},\"url\":\"https:\\\/\\\/news.save.ch\\\/en\\\/author\\\/simon-groeflin\\\/\"}]}<\/script>\n<!-- \/ Yoast SEO plugin. -->","yoast_head_json":{"title":"Perimeter Protection postponed to 2023 - Save","description":"N\u00fcrnberg Messe has decided to postpone Perimeter Protection by one year. The trade show for perimeter protection was originally scheduled for mid-year. The decision is intended to give exhibitors and participants more planning security.\u00a0","robots":{"index":"index","follow":"follow","max-snippet":"max-snippet:-1","max-image-preview":"max-image-preview:large","max-video-preview":"max-video-preview:-1"},"canonical":"https:\/\/news.save.ch\/en\/perimeter-protection-auf-2023-verschoben\/","og_locale":"en_US","og_type":"article","og_title":"Perimeter Protection auf 2023 verschoben - Save","og_description":"Die N\u00fcrnberg Messe hat sich entschieden, die Perimeter Protection um ein Jahr zu verschieben. Urspr\u00fcnglich war die Fachmesse f\u00fcr Perimeter-Schutz auf Mitte Jahr vorgesehen. Die Entscheidung soll Ausstellern und Beteiligten mehr Planungssicherheit zu erm\u00f6glichen.\u00a0","og_url":"https:\/\/news.save.ch\/en\/perimeter-protection-auf-2023-verschoben\/","og_site_name":"Save","article_published_time":"2022-01-10T07:03:59+00:00","article_modified_time":"2023-07-08T11:12:07+00:00","og_image":[{"width":1200,"height":800,"url":"https:\/\/news.save.ch\/wp-content\/uploads\/2022\/01\/perprotukkscbtljh-scaled-1.jpg","type":"image\/jpeg"}],"author":"Simon Gr\u00f6flin","twitter_card":"summary_large_image","twitter_misc":{"Written by":"Simon Gr\u00f6flin","Est. reading time":"2 minutes"},"schema":{"@context":"https:\/\/schema.org","@graph":[{"@type":"Article","@id":"https:\/\/news.save.ch\/perimeter-protection-auf-2023-verschoben\/#article","isPartOf":{"@id":"https:\/\/news.save.ch\/perimeter-protection-auf-2023-verschoben\/"},"author":{"name":"Simon Gr\u00f6flin","@id":"https:\/\/news.save.ch\/de\/#\/schema\/person\/ad4ef21102fd6125312409ac57d5296d"},"headline":"Perimeter Protection auf 2023 verschoben","datePublished":"2022-01-10T07:03:59+00:00","dateModified":"2023-07-08T11:12:07+00:00","mainEntityOfPage":{"@id":"https:\/\/news.save.ch\/perimeter-protection-auf-2023-verschoben\/"},"wordCount":179,"publisher":{"@id":"https:\/\/news.save.ch\/de\/#organization"},"image":{"@id":"https:\/\/news.save.ch\/perimeter-protection-auf-2023-verschoben\/#primaryimage"},"thumbnailUrl":"https:\/\/news.save.ch\/wp-content\/uploads\/2022\/01\/perprotukkscbtljh-scaled-1.jpg","keywords":["Infektionsschutzmassnahmen","N\u00fcrnberg Messe","Perimeter Protection","Planungssicherheit","Veranstaltungen","Verschiebung"],"articleSection":["ALLGEMEIN"],"inLanguage":"en-US"},{"@type":"WebPage","@id":"https:\/\/news.save.ch\/perimeter-protection-auf-2023-verschoben\/","url":"https:\/\/news.save.ch\/perimeter-protection-auf-2023-verschoben\/","name":"Perimeter Protection postponed to 2023 - Save","isPartOf":{"@id":"https:\/\/news.save.ch\/de\/#website"},"primaryImageOfPage":{"@id":"https:\/\/news.save.ch\/perimeter-protection-auf-2023-verschoben\/#primaryimage"},"image":{"@id":"https:\/\/news.save.ch\/perimeter-protection-auf-2023-verschoben\/#primaryimage"},"thumbnailUrl":"https:\/\/news.save.ch\/wp-content\/uploads\/2022\/01\/perprotukkscbtljh-scaled-1.jpg","datePublished":"2022-01-10T07:03:59+00:00","dateModified":"2023-07-08T11:12:07+00:00","description":"N\u00fcrnberg Messe has decided to postpone Perimeter Protection by one year. The trade show for perimeter protection was originally scheduled for mid-year. The decision is intended to give exhibitors and participants more planning security.\u00a0","breadcrumb":{"@id":"https:\/\/news.save.ch\/perimeter-protection-auf-2023-verschoben\/#breadcrumb"},"inLanguage":"en-US","potentialAction":[{"@type":"ReadAction","target":["https:\/\/news.save.ch\/perimeter-protection-auf-2023-verschoben\/"]}]},{"@type":"ImageObject","inLanguage":"en-US","@id":"https:\/\/news.save.ch\/perimeter-protection-auf-2023-verschoben\/#primaryimage","url":"https:\/\/news.save.ch\/wp-content\/uploads\/2022\/01\/perprotukkscbtljh-scaled-1.jpg","contentUrl":"https:\/\/news.save.ch\/wp-content\/uploads\/2022\/01\/perprotukkscbtljh-scaled-1.jpg","width":1200,"height":800,"caption":"\u00a9NuernbergMesse \/ Thomas Geiger"},{"@type":"BreadcrumbList","@id":"https:\/\/news.save.ch\/perimeter-protection-auf-2023-verschoben\/#breadcrumb","itemListElement":[{"@type":"ListItem","position":1,"name":"Home","item":"https:\/\/news.save.ch\/de\/"},{"@type":"ListItem","position":2,"name":"Perimeter Protection auf 2023 verschoben"}]},{"@type":"WebSite","@id":"https:\/\/news.save.ch\/de\/#website","url":"https:\/\/news.save.ch\/de\/","name":"Save","description":"Swiss trade journal for safety","publisher":{"@id":"https:\/\/news.save.ch\/de\/#organization"},"potentialAction":[{"@type":"SearchAction","target":{"@type":"EntryPoint","urlTemplate":"https:\/\/news.save.ch\/de\/?s={search_term_string}"},"query-input":{"@type":"PropertyValueSpecification","valueRequired":true,"valueName":"search_term_string"}}],"inLanguage":"en-US"},{"@type":"Organization","@id":"https:\/\/news.save.ch\/de\/#organization","name":"Security Forum","url":"https:\/\/news.save.ch\/de\/","logo":{"@type":"ImageObject","inLanguage":"en-US","@id":"https:\/\/news.save.ch\/de\/#\/schema\/logo\/image\/","url":"https:\/\/news.save.ch\/wp-content\/uploads\/2022\/06\/Logo_SF_2012.png","contentUrl":"https:\/\/news.save.ch\/wp-content\/uploads\/2022\/06\/Logo_SF_2012.png","width":1100,"height":91,"caption":"Sicherheitsforum"},"image":{"@id":"https:\/\/news.save.ch\/de\/#\/schema\/logo\/image\/"}},{"@type":"Person","@id":"https:\/\/news.save.ch\/de\/#\/schema\/person\/ad4ef21102fd6125312409ac57d5296d","name":"Simon Gr\u00f6flin","image":{"@type":"ImageObject","inLanguage":"en-US","@id":"https:\/\/secure.gravatar.com\/avatar\/6ddceb80eb734354635539e0ea5140bb7c41e42de7c45c9a2ab9921b5d5c9a83?s=96&d=mm&r=g","url":"https:\/\/secure.gravatar.com\/avatar\/6ddceb80eb734354635539e0ea5140bb7c41e42de7c45c9a2ab9921b5d5c9a83?s=96&d=mm&r=g","contentUrl":"https:\/\/secure.gravatar.com\/avatar\/6ddceb80eb734354635539e0ea5140bb7c41e42de7c45c9a2ab9921b5d5c9a83?s=96&d=mm&r=g","caption":"Simon Gr\u00f6flin"},"url":"https:\/\/news.save.ch\/en\/author\/simon-groeflin\/"}]}},"_links":{"self":[{"href":"https:\/\/news.save.ch\/en\/wp-json\/wp\/v2\/posts\/13317","targetHints":{"allow":["GET"]}}],"collection":[{"href":"https:\/\/news.save.ch\/en\/wp-json\/wp\/v2\/posts"}],"about":[{"href":"https:\/\/news.save.ch\/en\/wp-json\/wp\/v2\/types\/post"}],"author":[{"embeddable":true,"href":"https:\/\/news.save.ch\/en\/wp-json\/wp\/v2\/users\/9"}],"replies":[{"embeddable":true,"href":"https:\/\/news.save.ch\/en\/wp-json\/wp\/v2\/comments?post=13317"}],"version-history":[{"count":1,"href":"https:\/\/news.save.ch\/en\/wp-json\/wp\/v2\/posts\/13317\/revisions"}],"predecessor-version":[{"id":20671,"href":"https:\/\/news.save.ch\/en\/wp-json\/wp\/v2\/posts\/13317\/revisions\/20671"}],"wp:featuredmedia":[{"embeddable":true,"href":"https:\/\/news.save.ch\/en\/wp-json\/wp\/v2\/media\/13319"}],"wp:attachment":[{"href":"https:\/\/news.save.ch\/en\/wp-json\/wp\/v2\/media?parent=13317"}],"wp:term":[{"taxonomy":"category","embeddable":true,"href":"https:\/\/news.save.ch\/en\/wp-json\/wp\/v2\/categories?post=13317"},{"taxonomy":"post_tag","embeddable":true,"href":"https:\/\/news.save.ch\/en\/wp-json\/wp\/v2\/tags?post=13317"}],"curies":[{"name":"wp","href":"https:\/\/api.w.org\/{rel}","templated":true}]}}