{"id":13335,"date":"2022-01-12T09:18:49","date_gmt":"2022-01-12T08:18:49","guid":{"rendered":"https:\/\/news.save.ch\/?p=13335"},"modified":"2023-08-15T05:07:39","modified_gmt":"2023-08-15T03:07:39","slug":"eu-datenschuetzer-fordert-loeschung-persoenlicher-daten-von-verdaechtigen","status":null,"type":"post","link":"https:\/\/news.save.ch\/en\/eu-datenschuetzer-fordert-loeschung-persoenlicher-daten-von-verdaechtigen\/","title":{"rendered":"EU data protection official calls for deletion of personal data of suspects"},"content":{"rendered":"<figure id=\"attachment_13336\" aria-describedby=\"caption-attachment-13336\" style=\"width: 1000px\" class=\"wp-caption alignleft\"><img loading=\"lazy\" decoding=\"async\" class=\"wp-image-13336 size-full\" src=\"https:\/\/news.save.ch\/wp-content\/uploads\/2022\/01\/Europol_teaser.jpg\" alt=\"Data protection officer\" width=\"1000\" height=\"667\" srcset=\"https:\/\/news.save.ch\/wp-content\/uploads\/2022\/01\/Europol_teaser.jpg 1000w, https:\/\/news.save.ch\/wp-content\/uploads\/2022\/01\/Europol_teaser-375x250.jpg 375w\" sizes=\"auto, (max-width: 1000px) 100vw, 1000px\" \/><figcaption id=\"caption-attachment-13336\" class=\"wp-caption-text\">\u00a9depositphotos<\/figcaption><\/figure>\n<p>Europol has collected huge amounts of people's personal data in the past. Actually, data of suspects should be deleted within six months. According to the EU data protection commissioner, the agency did not comply with this requirement.<\/p>\n<p>EU Data Protection Supervisor Wojciech Wiewi\u00f3rowski has now ordered the police agency Europol to delete all of its data <a href=\"https:\/\/www.zeit.de\/digital\/datenschutz\/2022-01\/europol-datenschutz-speicherung-daten-loeschung\" target=\"_blank\" rel=\"noopener\">invited<\/a>, provided there is no longer a link to criminal activity. The data contained a high level of information, the exact content of which is often unknown to Europol itself.<\/p>\n<p>Already in September, Wiewi\u00f3rowski sent a first warning to the police authorities, who had not yet shown any cooperation.<\/p>\n<p>Europol is now given one year to delete sensitive data. According to a report by \"<a href=\"https:\/\/www.theguardian.com\/world\/2022\/jan\/10\/a-data-black-hole-europol-ordered-to-delete-vast-store-of-personal-data\" target=\"_blank\" rel=\"noopener\">The Guardian<\/a>\" included the data silo of four petabytes.<\/p>\n<p><em>Source: Die Zeit\u00a0<\/em><\/p>","protected":false},"excerpt":{"rendered":"<p>Die Europol hat in der Vergangenheit riesige Mengen pers\u00f6nlicher Daten von Menschen gesamelt. Eigentlich m\u00fcssten Daten von Verd\u00e4chtigen binnen sechs Monaten gel\u00f6scht werden. Dem kam die Beh\u00f6rde laut EU-Datenschutzbeauftragten nicht nach. Der EU-Datenschutzbeauftragte Wojciech Wiewi\u00f3rowski hat die Polizeibeh\u00f6rde Europol nun zu einer L\u00f6schung s\u00e4mtlicher Daten aufgefordert, sofern \u00a0keine Verbindung zu einer kriminellen Aktivit\u00e4t mehr besteht. [&hellip;]<\/p>\n","protected":false},"author":9,"featured_media":13336,"comment_status":"closed","ping_status":"closed","sticky":false,"template":"","format":"standard","meta":{"_acf_changed":false,"pgc_sgb_lightbox_settings":"","footnotes":""},"categories":[1],"tags":[118,4971,1130,4972,4970,4969],"class_list":["post-13335","post","type-post","status-publish","format-standard","has-post-thumbnail","hentry","category-allgemein","tag-datenschutz","tag-eu-datenschutzbeauftragter","tag-europol","tag-kriminelle-aktivitaet","tag-loeschung","tag-persoenliche-daten"],"acf":[],"hkrextid":null,"publication":null,"issue":null,"workflow":null,"startPage":null,"spitzmarke":null,"_posts_by_tag_page_fields":{"widget_title":"","widget_tags":""},"_at_widget":"1","_yoast_wpseo_primary_category":"","_yoast_wpseo_focuskw_text_input":null,"_yoast_wpseo_opengraph-image":null,"_yoast_wpseo_opengraph-description":null,"_yoast_wpseo_opengraph-title":null,"enclosure":null,"_yoast_wpseo_twitter-title":null,"_yoast_wpseo_twitter-description":null,"_yoast_wpseo_twitter-image":null,"_wp_old_slug":null,"_yoast_wpseo_title":null,"_yoast_wpseo_canonical":null,"yoast_head":"<!-- This site is optimized with the Yoast SEO plugin v27.5 - https:\/\/yoast.com\/product\/yoast-seo-wordpress\/ -->\n<title>EU-Datensch\u00fctzer fordert L\u00f6schung pers\u00f6nlicher Daten von Verd\u00e4chtigen - Save<\/title>\n<meta name=\"description\" content=\"Die Europol m\u00fcsste die Daten von Verd\u00e4chtigen nach sechs Monaten, ohne nachgewiesene Verbindung zu Straftaten, l\u00f6schen. Das war jedoch in der Vergangenheit nicht immer der Fall. Der EU-Datenschutzbeauftragte fordert nun eine massenhafte L\u00f6schung pers\u00f6nlicher Daten.\u00a0\" \/>\n<meta name=\"robots\" content=\"index, follow, max-snippet:-1, max-image-preview:large, max-video-preview:-1\" \/>\n<link rel=\"canonical\" href=\"https:\/\/news.save.ch\/en\/eu-datenschuetzer-fordert-loeschung-persoenlicher-daten-von-verdaechtigen\/\" \/>\n<meta property=\"og:locale\" content=\"en_US\" \/>\n<meta property=\"og:type\" content=\"article\" \/>\n<meta property=\"og:title\" content=\"EU-Datensch\u00fctzer fordert L\u00f6schung pers\u00f6nlicher Daten von Verd\u00e4chtigen - Save\" \/>\n<meta property=\"og:description\" content=\"Die Europol m\u00fcsste die Daten von Verd\u00e4chtigen nach sechs Monaten, ohne nachgewiesene Verbindung zu Straftaten, l\u00f6schen. Das war jedoch in der Vergangenheit nicht immer der Fall. Der EU-Datenschutzbeauftragte fordert nun eine massenhafte L\u00f6schung pers\u00f6nlicher Daten.\u00a0\" \/>\n<meta property=\"og:url\" content=\"https:\/\/news.save.ch\/en\/eu-datenschuetzer-fordert-loeschung-persoenlicher-daten-von-verdaechtigen\/\" \/>\n<meta property=\"og:site_name\" content=\"Save\" \/>\n<meta property=\"article:published_time\" content=\"2022-01-12T08:18:49+00:00\" \/>\n<meta property=\"article:modified_time\" content=\"2023-08-15T03:07:39+00:00\" \/>\n<meta property=\"og:image\" content=\"https:\/\/news.save.ch\/wp-content\/uploads\/2022\/01\/Europol_teaser.jpg\" \/>\n\t<meta property=\"og:image:width\" content=\"1000\" \/>\n\t<meta property=\"og:image:height\" content=\"667\" \/>\n\t<meta property=\"og:image:type\" content=\"image\/jpeg\" \/>\n<meta name=\"author\" content=\"Simon Gr\u00f6flin\" \/>\n<meta name=\"twitter:card\" content=\"summary_large_image\" \/>\n<meta name=\"twitter:label1\" content=\"Written by\" \/>\n\t<meta name=\"twitter:data1\" content=\"Simon Gr\u00f6flin\" \/>\n\t<meta name=\"twitter:label2\" content=\"Est. reading time\" \/>\n\t<meta name=\"twitter:data2\" content=\"1 minute\" \/>\n<script type=\"application\/ld+json\" class=\"yoast-schema-graph\">{\"@context\":\"https:\\\/\\\/schema.org\",\"@graph\":[{\"@type\":\"Article\",\"@id\":\"https:\\\/\\\/news.save.ch\\\/eu-datenschuetzer-fordert-loeschung-persoenlicher-daten-von-verdaechtigen\\\/#article\",\"isPartOf\":{\"@id\":\"https:\\\/\\\/news.save.ch\\\/eu-datenschuetzer-fordert-loeschung-persoenlicher-daten-von-verdaechtigen\\\/\"},\"author\":{\"name\":\"Simon Gr\u00f6flin\",\"@id\":\"https:\\\/\\\/news.save.ch\\\/de\\\/#\\\/schema\\\/person\\\/ad4ef21102fd6125312409ac57d5296d\"},\"headline\":\"EU-Datensch\u00fctzer fordert L\u00f6schung pers\u00f6nlicher Daten von Verd\u00e4chtigen\",\"datePublished\":\"2022-01-12T08:18:49+00:00\",\"dateModified\":\"2023-08-15T03:07:39+00:00\",\"mainEntityOfPage\":{\"@id\":\"https:\\\/\\\/news.save.ch\\\/eu-datenschuetzer-fordert-loeschung-persoenlicher-daten-von-verdaechtigen\\\/\"},\"wordCount\":155,\"publisher\":{\"@id\":\"https:\\\/\\\/news.save.ch\\\/de\\\/#organization\"},\"image\":{\"@id\":\"https:\\\/\\\/news.save.ch\\\/eu-datenschuetzer-fordert-loeschung-persoenlicher-daten-von-verdaechtigen\\\/#primaryimage\"},\"thumbnailUrl\":\"https:\\\/\\\/news.save.ch\\\/wp-content\\\/uploads\\\/2022\\\/01\\\/Europol_teaser.jpg\",\"keywords\":[\"Datenschutz\",\"EU-Datenschutzbeauftragter\",\"Europol\",\"kriminelle Aktivit\u00e4t\",\"L\u00f6schung\",\"pers\u00f6nliche Daten\"],\"articleSection\":[\"ALLGEMEIN\"],\"inLanguage\":\"en-US\"},{\"@type\":\"WebPage\",\"@id\":\"https:\\\/\\\/news.save.ch\\\/eu-datenschuetzer-fordert-loeschung-persoenlicher-daten-von-verdaechtigen\\\/\",\"url\":\"https:\\\/\\\/news.save.ch\\\/eu-datenschuetzer-fordert-loeschung-persoenlicher-daten-von-verdaechtigen\\\/\",\"name\":\"EU-Datensch\u00fctzer fordert L\u00f6schung pers\u00f6nlicher Daten von Verd\u00e4chtigen - Save\",\"isPartOf\":{\"@id\":\"https:\\\/\\\/news.save.ch\\\/de\\\/#website\"},\"primaryImageOfPage\":{\"@id\":\"https:\\\/\\\/news.save.ch\\\/eu-datenschuetzer-fordert-loeschung-persoenlicher-daten-von-verdaechtigen\\\/#primaryimage\"},\"image\":{\"@id\":\"https:\\\/\\\/news.save.ch\\\/eu-datenschuetzer-fordert-loeschung-persoenlicher-daten-von-verdaechtigen\\\/#primaryimage\"},\"thumbnailUrl\":\"https:\\\/\\\/news.save.ch\\\/wp-content\\\/uploads\\\/2022\\\/01\\\/Europol_teaser.jpg\",\"datePublished\":\"2022-01-12T08:18:49+00:00\",\"dateModified\":\"2023-08-15T03:07:39+00:00\",\"description\":\"Die Europol m\u00fcsste die Daten von Verd\u00e4chtigen nach sechs Monaten, ohne nachgewiesene Verbindung zu Straftaten, l\u00f6schen. Das war jedoch in der Vergangenheit nicht immer der Fall. Der EU-Datenschutzbeauftragte fordert nun eine massenhafte L\u00f6schung pers\u00f6nlicher Daten.\u00a0\",\"breadcrumb\":{\"@id\":\"https:\\\/\\\/news.save.ch\\\/eu-datenschuetzer-fordert-loeschung-persoenlicher-daten-von-verdaechtigen\\\/#breadcrumb\"},\"inLanguage\":\"en-US\",\"potentialAction\":[{\"@type\":\"ReadAction\",\"target\":[\"https:\\\/\\\/news.save.ch\\\/eu-datenschuetzer-fordert-loeschung-persoenlicher-daten-von-verdaechtigen\\\/\"]}]},{\"@type\":\"ImageObject\",\"inLanguage\":\"en-US\",\"@id\":\"https:\\\/\\\/news.save.ch\\\/eu-datenschuetzer-fordert-loeschung-persoenlicher-daten-von-verdaechtigen\\\/#primaryimage\",\"url\":\"https:\\\/\\\/news.save.ch\\\/wp-content\\\/uploads\\\/2022\\\/01\\\/Europol_teaser.jpg\",\"contentUrl\":\"https:\\\/\\\/news.save.ch\\\/wp-content\\\/uploads\\\/2022\\\/01\\\/Europol_teaser.jpg\",\"width\":1000,\"height\":667,\"caption\":\"\u00a9depositphotos\"},{\"@type\":\"BreadcrumbList\",\"@id\":\"https:\\\/\\\/news.save.ch\\\/eu-datenschuetzer-fordert-loeschung-persoenlicher-daten-von-verdaechtigen\\\/#breadcrumb\",\"itemListElement\":[{\"@type\":\"ListItem\",\"position\":1,\"name\":\"Home\",\"item\":\"https:\\\/\\\/news.save.ch\\\/de\\\/\"},{\"@type\":\"ListItem\",\"position\":2,\"name\":\"EU-Datensch\u00fctzer fordert L\u00f6schung pers\u00f6nlicher Daten von Verd\u00e4chtigen\"}]},{\"@type\":\"WebSite\",\"@id\":\"https:\\\/\\\/news.save.ch\\\/de\\\/#website\",\"url\":\"https:\\\/\\\/news.save.ch\\\/de\\\/\",\"name\":\"Save\",\"description\":\"Schweizer Fachzeitschrift f\u00fcr Sicherheit\",\"publisher\":{\"@id\":\"https:\\\/\\\/news.save.ch\\\/de\\\/#organization\"},\"potentialAction\":[{\"@type\":\"SearchAction\",\"target\":{\"@type\":\"EntryPoint\",\"urlTemplate\":\"https:\\\/\\\/news.save.ch\\\/de\\\/?s={search_term_string}\"},\"query-input\":{\"@type\":\"PropertyValueSpecification\",\"valueRequired\":true,\"valueName\":\"search_term_string\"}}],\"inLanguage\":\"en-US\"},{\"@type\":\"Organization\",\"@id\":\"https:\\\/\\\/news.save.ch\\\/de\\\/#organization\",\"name\":\"Sicherheitsforum\",\"url\":\"https:\\\/\\\/news.save.ch\\\/de\\\/\",\"logo\":{\"@type\":\"ImageObject\",\"inLanguage\":\"en-US\",\"@id\":\"https:\\\/\\\/news.save.ch\\\/de\\\/#\\\/schema\\\/logo\\\/image\\\/\",\"url\":\"https:\\\/\\\/news.save.ch\\\/wp-content\\\/uploads\\\/2022\\\/06\\\/Logo_SF_2012.png\",\"contentUrl\":\"https:\\\/\\\/news.save.ch\\\/wp-content\\\/uploads\\\/2022\\\/06\\\/Logo_SF_2012.png\",\"width\":1100,\"height\":91,\"caption\":\"Sicherheitsforum\"},\"image\":{\"@id\":\"https:\\\/\\\/news.save.ch\\\/de\\\/#\\\/schema\\\/logo\\\/image\\\/\"}},{\"@type\":\"Person\",\"@id\":\"https:\\\/\\\/news.save.ch\\\/de\\\/#\\\/schema\\\/person\\\/ad4ef21102fd6125312409ac57d5296d\",\"name\":\"Simon Gr\u00f6flin\",\"image\":{\"@type\":\"ImageObject\",\"inLanguage\":\"en-US\",\"@id\":\"https:\\\/\\\/secure.gravatar.com\\\/avatar\\\/6ddceb80eb734354635539e0ea5140bb7c41e42de7c45c9a2ab9921b5d5c9a83?s=96&d=mm&r=g\",\"url\":\"https:\\\/\\\/secure.gravatar.com\\\/avatar\\\/6ddceb80eb734354635539e0ea5140bb7c41e42de7c45c9a2ab9921b5d5c9a83?s=96&d=mm&r=g\",\"contentUrl\":\"https:\\\/\\\/secure.gravatar.com\\\/avatar\\\/6ddceb80eb734354635539e0ea5140bb7c41e42de7c45c9a2ab9921b5d5c9a83?s=96&d=mm&r=g\",\"caption\":\"Simon Gr\u00f6flin\"},\"url\":\"https:\\\/\\\/news.save.ch\\\/en\\\/author\\\/simon-groeflin\\\/\"}]}<\/script>\n<!-- \/ Yoast SEO plugin. -->","yoast_head_json":{"title":"EU data protector demands deletion of personal data of suspects - Save","description":"Europol would have to delete the data of suspects after six months, without a proven link to crimes. However, this has not always been the case in the past. The EU Data Protection Supervisor is now calling for mass deletion of personal data.\u00a0","robots":{"index":"index","follow":"follow","max-snippet":"max-snippet:-1","max-image-preview":"max-image-preview:large","max-video-preview":"max-video-preview:-1"},"canonical":"https:\/\/news.save.ch\/en\/eu-datenschuetzer-fordert-loeschung-persoenlicher-daten-von-verdaechtigen\/","og_locale":"en_US","og_type":"article","og_title":"EU-Datensch\u00fctzer fordert L\u00f6schung pers\u00f6nlicher Daten von Verd\u00e4chtigen - Save","og_description":"Die Europol m\u00fcsste die Daten von Verd\u00e4chtigen nach sechs Monaten, ohne nachgewiesene Verbindung zu Straftaten, l\u00f6schen. Das war jedoch in der Vergangenheit nicht immer der Fall. Der EU-Datenschutzbeauftragte fordert nun eine massenhafte L\u00f6schung pers\u00f6nlicher Daten.\u00a0","og_url":"https:\/\/news.save.ch\/en\/eu-datenschuetzer-fordert-loeschung-persoenlicher-daten-von-verdaechtigen\/","og_site_name":"Save","article_published_time":"2022-01-12T08:18:49+00:00","article_modified_time":"2023-08-15T03:07:39+00:00","og_image":[{"width":1000,"height":667,"url":"https:\/\/news.save.ch\/wp-content\/uploads\/2022\/01\/Europol_teaser.jpg","type":"image\/jpeg"}],"author":"Simon Gr\u00f6flin","twitter_card":"summary_large_image","twitter_misc":{"Written by":"Simon Gr\u00f6flin","Est. reading time":"1 minute"},"schema":{"@context":"https:\/\/schema.org","@graph":[{"@type":"Article","@id":"https:\/\/news.save.ch\/eu-datenschuetzer-fordert-loeschung-persoenlicher-daten-von-verdaechtigen\/#article","isPartOf":{"@id":"https:\/\/news.save.ch\/eu-datenschuetzer-fordert-loeschung-persoenlicher-daten-von-verdaechtigen\/"},"author":{"name":"Simon Gr\u00f6flin","@id":"https:\/\/news.save.ch\/de\/#\/schema\/person\/ad4ef21102fd6125312409ac57d5296d"},"headline":"EU-Datensch\u00fctzer fordert L\u00f6schung pers\u00f6nlicher Daten von Verd\u00e4chtigen","datePublished":"2022-01-12T08:18:49+00:00","dateModified":"2023-08-15T03:07:39+00:00","mainEntityOfPage":{"@id":"https:\/\/news.save.ch\/eu-datenschuetzer-fordert-loeschung-persoenlicher-daten-von-verdaechtigen\/"},"wordCount":155,"publisher":{"@id":"https:\/\/news.save.ch\/de\/#organization"},"image":{"@id":"https:\/\/news.save.ch\/eu-datenschuetzer-fordert-loeschung-persoenlicher-daten-von-verdaechtigen\/#primaryimage"},"thumbnailUrl":"https:\/\/news.save.ch\/wp-content\/uploads\/2022\/01\/Europol_teaser.jpg","keywords":["Datenschutz","EU-Datenschutzbeauftragter","Europol","kriminelle Aktivit\u00e4t","L\u00f6schung","pers\u00f6nliche Daten"],"articleSection":["ALLGEMEIN"],"inLanguage":"en-US"},{"@type":"WebPage","@id":"https:\/\/news.save.ch\/eu-datenschuetzer-fordert-loeschung-persoenlicher-daten-von-verdaechtigen\/","url":"https:\/\/news.save.ch\/eu-datenschuetzer-fordert-loeschung-persoenlicher-daten-von-verdaechtigen\/","name":"EU data protector demands deletion of personal data of suspects - Save","isPartOf":{"@id":"https:\/\/news.save.ch\/de\/#website"},"primaryImageOfPage":{"@id":"https:\/\/news.save.ch\/eu-datenschuetzer-fordert-loeschung-persoenlicher-daten-von-verdaechtigen\/#primaryimage"},"image":{"@id":"https:\/\/news.save.ch\/eu-datenschuetzer-fordert-loeschung-persoenlicher-daten-von-verdaechtigen\/#primaryimage"},"thumbnailUrl":"https:\/\/news.save.ch\/wp-content\/uploads\/2022\/01\/Europol_teaser.jpg","datePublished":"2022-01-12T08:18:49+00:00","dateModified":"2023-08-15T03:07:39+00:00","description":"Europol would have to delete the data of suspects after six months, without a proven link to crimes. However, this has not always been the case in the past. The EU Data Protection Supervisor is now calling for mass deletion of personal data.\u00a0","breadcrumb":{"@id":"https:\/\/news.save.ch\/eu-datenschuetzer-fordert-loeschung-persoenlicher-daten-von-verdaechtigen\/#breadcrumb"},"inLanguage":"en-US","potentialAction":[{"@type":"ReadAction","target":["https:\/\/news.save.ch\/eu-datenschuetzer-fordert-loeschung-persoenlicher-daten-von-verdaechtigen\/"]}]},{"@type":"ImageObject","inLanguage":"en-US","@id":"https:\/\/news.save.ch\/eu-datenschuetzer-fordert-loeschung-persoenlicher-daten-von-verdaechtigen\/#primaryimage","url":"https:\/\/news.save.ch\/wp-content\/uploads\/2022\/01\/Europol_teaser.jpg","contentUrl":"https:\/\/news.save.ch\/wp-content\/uploads\/2022\/01\/Europol_teaser.jpg","width":1000,"height":667,"caption":"\u00a9depositphotos"},{"@type":"BreadcrumbList","@id":"https:\/\/news.save.ch\/eu-datenschuetzer-fordert-loeschung-persoenlicher-daten-von-verdaechtigen\/#breadcrumb","itemListElement":[{"@type":"ListItem","position":1,"name":"Home","item":"https:\/\/news.save.ch\/de\/"},{"@type":"ListItem","position":2,"name":"EU-Datensch\u00fctzer fordert L\u00f6schung pers\u00f6nlicher Daten von Verd\u00e4chtigen"}]},{"@type":"WebSite","@id":"https:\/\/news.save.ch\/de\/#website","url":"https:\/\/news.save.ch\/de\/","name":"Save","description":"Swiss trade journal for safety","publisher":{"@id":"https:\/\/news.save.ch\/de\/#organization"},"potentialAction":[{"@type":"SearchAction","target":{"@type":"EntryPoint","urlTemplate":"https:\/\/news.save.ch\/de\/?s={search_term_string}"},"query-input":{"@type":"PropertyValueSpecification","valueRequired":true,"valueName":"search_term_string"}}],"inLanguage":"en-US"},{"@type":"Organization","@id":"https:\/\/news.save.ch\/de\/#organization","name":"Security Forum","url":"https:\/\/news.save.ch\/de\/","logo":{"@type":"ImageObject","inLanguage":"en-US","@id":"https:\/\/news.save.ch\/de\/#\/schema\/logo\/image\/","url":"https:\/\/news.save.ch\/wp-content\/uploads\/2022\/06\/Logo_SF_2012.png","contentUrl":"https:\/\/news.save.ch\/wp-content\/uploads\/2022\/06\/Logo_SF_2012.png","width":1100,"height":91,"caption":"Sicherheitsforum"},"image":{"@id":"https:\/\/news.save.ch\/de\/#\/schema\/logo\/image\/"}},{"@type":"Person","@id":"https:\/\/news.save.ch\/de\/#\/schema\/person\/ad4ef21102fd6125312409ac57d5296d","name":"Simon Gr\u00f6flin","image":{"@type":"ImageObject","inLanguage":"en-US","@id":"https:\/\/secure.gravatar.com\/avatar\/6ddceb80eb734354635539e0ea5140bb7c41e42de7c45c9a2ab9921b5d5c9a83?s=96&d=mm&r=g","url":"https:\/\/secure.gravatar.com\/avatar\/6ddceb80eb734354635539e0ea5140bb7c41e42de7c45c9a2ab9921b5d5c9a83?s=96&d=mm&r=g","contentUrl":"https:\/\/secure.gravatar.com\/avatar\/6ddceb80eb734354635539e0ea5140bb7c41e42de7c45c9a2ab9921b5d5c9a83?s=96&d=mm&r=g","caption":"Simon Gr\u00f6flin"},"url":"https:\/\/news.save.ch\/en\/author\/simon-groeflin\/"}]}},"_links":{"self":[{"href":"https:\/\/news.save.ch\/en\/wp-json\/wp\/v2\/posts\/13335","targetHints":{"allow":["GET"]}}],"collection":[{"href":"https:\/\/news.save.ch\/en\/wp-json\/wp\/v2\/posts"}],"about":[{"href":"https:\/\/news.save.ch\/en\/wp-json\/wp\/v2\/types\/post"}],"author":[{"embeddable":true,"href":"https:\/\/news.save.ch\/en\/wp-json\/wp\/v2\/users\/9"}],"replies":[{"embeddable":true,"href":"https:\/\/news.save.ch\/en\/wp-json\/wp\/v2\/comments?post=13335"}],"version-history":[{"count":3,"href":"https:\/\/news.save.ch\/en\/wp-json\/wp\/v2\/posts\/13335\/revisions"}],"predecessor-version":[{"id":20665,"href":"https:\/\/news.save.ch\/en\/wp-json\/wp\/v2\/posts\/13335\/revisions\/20665"}],"wp:featuredmedia":[{"embeddable":true,"href":"https:\/\/news.save.ch\/en\/wp-json\/wp\/v2\/media\/13336"}],"wp:attachment":[{"href":"https:\/\/news.save.ch\/en\/wp-json\/wp\/v2\/media?parent=13335"}],"wp:term":[{"taxonomy":"category","embeddable":true,"href":"https:\/\/news.save.ch\/en\/wp-json\/wp\/v2\/categories?post=13335"},{"taxonomy":"post_tag","embeddable":true,"href":"https:\/\/news.save.ch\/en\/wp-json\/wp\/v2\/tags?post=13335"}],"curies":[{"name":"wp","href":"https:\/\/api.w.org\/{rel}","templated":true}]}}