{"id":13346,"date":"2022-01-13T09:36:46","date_gmt":"2022-01-13T08:36:46","guid":{"rendered":"https:\/\/news.save.ch\/?p=13346"},"modified":"2023-07-08T12:14:54","modified_gmt":"2023-07-08T10:14:54","slug":"bundesrat-will-meldepflicht-bei-cyberangriff-auf-kritische-infrastrukturen","status":null,"type":"post","link":"https:\/\/news.save.ch\/en\/bundesrat-will-meldepflicht-bei-cyberangriff-auf-kritische-infrastrukturen\/","title":{"rendered":"Federal Council wants mandatory reporting of cyber attacks on critical infrastructure"},"content":{"rendered":"<figure id=\"attachment_13348\" aria-describedby=\"caption-attachment-13348\" style=\"width: 960px\" class=\"wp-caption alignleft\"><img loading=\"lazy\" decoding=\"async\" class=\"wp-image-13348 size-full\" src=\"https:\/\/news.save.ch\/wp-content\/uploads\/2022\/01\/Cybersecurity_teaser.jpg\" alt=\"Obligation to report\" width=\"960\" height=\"540\" srcset=\"https:\/\/news.save.ch\/wp-content\/uploads\/2022\/01\/Cybersecurity_teaser.jpg 960w, https:\/\/news.save.ch\/wp-content\/uploads\/2022\/01\/Cybersecurity_teaser-375x211.jpg 375w\" sizes=\"auto, (max-width: 960px) 100vw, 960px\" \/><figcaption id=\"caption-attachment-13348\" class=\"wp-caption-text\">\u00a9Pixabay<\/figcaption><\/figure>\n<p>Cyber attacks have become a serious threat to security and the economy in Switzerland, the National Cyber Security Center (NCSC) writes in a statement. Attacks on companies and authorities continue to take place almost daily, it said. On average, the NCSC receives more than 300 reports of successful or attempted cyberattacks almost every week.<\/p>\n<h2>More tasks for the NCSC<\/h2>\n<p>The reports to the NCSC were mostly made on a voluntary basis by companies, authorities and private individuals. As a result, the Federal Council wants to strengthen the reporting system. The operators of critical infrastructures are to be made more accountable for this. A reporting obligation is intended to ensure that the NCSC has a comprehensive and clear picture of the situation and can warn operators of critical infrastructures at an early stage.<\/p>\n<p>The reporting procedure should be as simple as possible. All attacks that endanger the functioning of critical infrastructures or contain signs of extortion, threats or coercion are to be recorded. To capture these reports, the NCSC's electronic reporting form will be available. To that end, the NCSC would be tasked with alerting the public to cyberthreats. Additional anchoring of the reporting requirement in the Information Security Act (ISG) will also more firmly establish the duties and responsibilities of the National Cyber Center.<\/p>\n<p><em>Source: NCSC<\/em><\/p>","protected":false},"excerpt":{"rendered":"<p>Cyberangriffe sind in der Schweiz zu einer ernsthaften Bedrohung der Sicherheit und Wirtschaft geworden, wie das Nationale Zentrum f\u00fcr Cybersicherheit (NCSC) in einer Mitteilung schreibt. Nach wie vor f\u00e4nden fast t\u00e4glich Angriffe auf Unternehmen und Beh\u00f6rden statt. Im Durchschnitt erhalte das NCSC fast w\u00f6chentlich \u00fcber 300 Meldungen zu erfolgreichen oder versuchten Cyberattacken. Mehr Aufgaben f\u00fcr [&hellip;]<\/p>\n","protected":false},"author":9,"featured_media":13348,"comment_status":"closed","ping_status":"closed","sticky":false,"template":"","format":"standard","meta":{"_acf_changed":false,"pgc_sgb_lightbox_settings":"","footnotes":""},"categories":[1,3315],"tags":[3394,1288,4049,964,4181,1044],"class_list":["post-13346","post","type-post","status-publish","format-standard","has-post-thumbnail","hentry","category-allgemein","category-infrastruktur","tag-cyberangriffe","tag-cyberbedrohungen","tag-informationssicherheitsgesetz","tag-kritische-infrastrukturen","tag-meldepflicht","tag-ncsc"],"acf":[],"hkrextid":null,"publication":null,"issue":null,"workflow":null,"startPage":null,"spitzmarke":null,"_posts_by_tag_page_fields":{"widget_title":"","widget_tags":""},"_at_widget":"1","_yoast_wpseo_primary_category":"3315","_yoast_wpseo_focuskw_text_input":null,"_yoast_wpseo_opengraph-image":null,"_yoast_wpseo_opengraph-description":null,"_yoast_wpseo_opengraph-title":null,"enclosure":null,"_yoast_wpseo_twitter-title":null,"_yoast_wpseo_twitter-description":null,"_yoast_wpseo_twitter-image":null,"_wp_old_slug":null,"_yoast_wpseo_title":null,"_yoast_wpseo_canonical":null,"yoast_head":"<!-- This site is optimized with the Yoast SEO plugin v27.4 - https:\/\/yoast.com\/product\/yoast-seo-wordpress\/ -->\n<title>Bundesrat will Meldepflicht bei Cyberangriffen auf kritische Infrastrukturen - Save<\/title>\n<meta name=\"description\" content=\"Der Bundesrat hat die Vernehmlassung zur Vorlage f\u00fcr die Einf\u00fchrung einer Meldepflicht f\u00fcr Cyberangriffe bei kritischen Infrastrukturen er\u00f6ffnet. Die Vorlage schaffe die gesetzliche Grundlage f\u00fcr die Meldepflicht und definiere die Aufgaben des Nationalen Zentrums f\u00fcr Cybersicherheit (NCSC), welches als zentrale Meldestelle f\u00fcr Cyberangriffe fungiert.\" \/>\n<meta name=\"robots\" content=\"index, follow, max-snippet:-1, max-image-preview:large, max-video-preview:-1\" \/>\n<link rel=\"canonical\" href=\"https:\/\/news.save.ch\/en\/bundesrat-will-meldepflicht-bei-cyberangriff-auf-kritische-infrastrukturen\/\" \/>\n<meta property=\"og:locale\" content=\"en_US\" \/>\n<meta property=\"og:type\" content=\"article\" \/>\n<meta property=\"og:title\" content=\"Bundesrat will Meldepflicht bei Cyberangriffen auf kritische Infrastrukturen - Save\" \/>\n<meta property=\"og:description\" content=\"Der Bundesrat hat die Vernehmlassung zur Vorlage f\u00fcr die Einf\u00fchrung einer Meldepflicht f\u00fcr Cyberangriffe bei kritischen Infrastrukturen er\u00f6ffnet. Die Vorlage schaffe die gesetzliche Grundlage f\u00fcr die Meldepflicht und definiere die Aufgaben des Nationalen Zentrums f\u00fcr Cybersicherheit (NCSC), welches als zentrale Meldestelle f\u00fcr Cyberangriffe fungiert.\" \/>\n<meta property=\"og:url\" content=\"https:\/\/news.save.ch\/en\/bundesrat-will-meldepflicht-bei-cyberangriff-auf-kritische-infrastrukturen\/\" \/>\n<meta property=\"og:site_name\" content=\"Save\" \/>\n<meta property=\"article:published_time\" content=\"2022-01-13T08:36:46+00:00\" \/>\n<meta property=\"article:modified_time\" content=\"2023-07-08T10:14:54+00:00\" \/>\n<meta property=\"og:image\" content=\"https:\/\/news.save.ch\/wp-content\/uploads\/2022\/01\/Cybersecurity_teaser.jpg\" \/>\n\t<meta property=\"og:image:width\" content=\"960\" \/>\n\t<meta property=\"og:image:height\" content=\"540\" \/>\n\t<meta property=\"og:image:type\" content=\"image\/jpeg\" \/>\n<meta name=\"author\" content=\"Simon Gr\u00f6flin\" \/>\n<meta name=\"twitter:card\" content=\"summary_large_image\" \/>\n<meta name=\"twitter:label1\" content=\"Written by\" \/>\n\t<meta name=\"twitter:data1\" content=\"Simon Gr\u00f6flin\" \/>\n\t<meta name=\"twitter:label2\" content=\"Est. reading time\" \/>\n\t<meta name=\"twitter:data2\" content=\"2 minutes\" \/>\n<script type=\"application\/ld+json\" class=\"yoast-schema-graph\">{\"@context\":\"https:\\\/\\\/schema.org\",\"@graph\":[{\"@type\":\"Article\",\"@id\":\"https:\\\/\\\/news.save.ch\\\/bundesrat-will-meldepflicht-bei-cyberangriff-auf-kritische-infrastrukturen\\\/#article\",\"isPartOf\":{\"@id\":\"https:\\\/\\\/news.save.ch\\\/bundesrat-will-meldepflicht-bei-cyberangriff-auf-kritische-infrastrukturen\\\/\"},\"author\":{\"name\":\"Simon Gr\u00f6flin\",\"@id\":\"https:\\\/\\\/news.save.ch\\\/de\\\/#\\\/schema\\\/person\\\/ad4ef21102fd6125312409ac57d5296d\"},\"headline\":\"Bundesrat will Meldepflicht bei Cyberangriffen auf kritische Infrastrukturen\",\"datePublished\":\"2022-01-13T08:36:46+00:00\",\"dateModified\":\"2023-07-08T10:14:54+00:00\",\"mainEntityOfPage\":{\"@id\":\"https:\\\/\\\/news.save.ch\\\/bundesrat-will-meldepflicht-bei-cyberangriff-auf-kritische-infrastrukturen\\\/\"},\"wordCount\":226,\"publisher\":{\"@id\":\"https:\\\/\\\/news.save.ch\\\/de\\\/#organization\"},\"image\":{\"@id\":\"https:\\\/\\\/news.save.ch\\\/bundesrat-will-meldepflicht-bei-cyberangriff-auf-kritische-infrastrukturen\\\/#primaryimage\"},\"thumbnailUrl\":\"https:\\\/\\\/news.save.ch\\\/wp-content\\\/uploads\\\/2022\\\/01\\\/Cybersecurity_teaser.jpg\",\"keywords\":[\"Cyberangriffe\",\"Cyberbedrohungen\",\"Informationssicherheitsgesetz\",\"kritische Infrastrukturen\",\"Meldepflicht\",\"NCSC\"],\"articleSection\":[\"ALLGEMEIN\",\"INFRASTRUKTUREN\"],\"inLanguage\":\"en-US\"},{\"@type\":\"WebPage\",\"@id\":\"https:\\\/\\\/news.save.ch\\\/bundesrat-will-meldepflicht-bei-cyberangriff-auf-kritische-infrastrukturen\\\/\",\"url\":\"https:\\\/\\\/news.save.ch\\\/bundesrat-will-meldepflicht-bei-cyberangriff-auf-kritische-infrastrukturen\\\/\",\"name\":\"Bundesrat will Meldepflicht bei Cyberangriffen auf kritische Infrastrukturen - Save\",\"isPartOf\":{\"@id\":\"https:\\\/\\\/news.save.ch\\\/de\\\/#website\"},\"primaryImageOfPage\":{\"@id\":\"https:\\\/\\\/news.save.ch\\\/bundesrat-will-meldepflicht-bei-cyberangriff-auf-kritische-infrastrukturen\\\/#primaryimage\"},\"image\":{\"@id\":\"https:\\\/\\\/news.save.ch\\\/bundesrat-will-meldepflicht-bei-cyberangriff-auf-kritische-infrastrukturen\\\/#primaryimage\"},\"thumbnailUrl\":\"https:\\\/\\\/news.save.ch\\\/wp-content\\\/uploads\\\/2022\\\/01\\\/Cybersecurity_teaser.jpg\",\"datePublished\":\"2022-01-13T08:36:46+00:00\",\"dateModified\":\"2023-07-08T10:14:54+00:00\",\"description\":\"Der Bundesrat hat die Vernehmlassung zur Vorlage f\u00fcr die Einf\u00fchrung einer Meldepflicht f\u00fcr Cyberangriffe bei kritischen Infrastrukturen er\u00f6ffnet. Die Vorlage schaffe die gesetzliche Grundlage f\u00fcr die Meldepflicht und definiere die Aufgaben des Nationalen Zentrums f\u00fcr Cybersicherheit (NCSC), welches als zentrale Meldestelle f\u00fcr Cyberangriffe fungiert.\",\"breadcrumb\":{\"@id\":\"https:\\\/\\\/news.save.ch\\\/bundesrat-will-meldepflicht-bei-cyberangriff-auf-kritische-infrastrukturen\\\/#breadcrumb\"},\"inLanguage\":\"en-US\",\"potentialAction\":[{\"@type\":\"ReadAction\",\"target\":[\"https:\\\/\\\/news.save.ch\\\/bundesrat-will-meldepflicht-bei-cyberangriff-auf-kritische-infrastrukturen\\\/\"]}]},{\"@type\":\"ImageObject\",\"inLanguage\":\"en-US\",\"@id\":\"https:\\\/\\\/news.save.ch\\\/bundesrat-will-meldepflicht-bei-cyberangriff-auf-kritische-infrastrukturen\\\/#primaryimage\",\"url\":\"https:\\\/\\\/news.save.ch\\\/wp-content\\\/uploads\\\/2022\\\/01\\\/Cybersecurity_teaser.jpg\",\"contentUrl\":\"https:\\\/\\\/news.save.ch\\\/wp-content\\\/uploads\\\/2022\\\/01\\\/Cybersecurity_teaser.jpg\",\"width\":960,\"height\":540,\"caption\":\"\u00a9Pixabay\"},{\"@type\":\"BreadcrumbList\",\"@id\":\"https:\\\/\\\/news.save.ch\\\/bundesrat-will-meldepflicht-bei-cyberangriff-auf-kritische-infrastrukturen\\\/#breadcrumb\",\"itemListElement\":[{\"@type\":\"ListItem\",\"position\":1,\"name\":\"Home\",\"item\":\"https:\\\/\\\/news.save.ch\\\/de\\\/\"},{\"@type\":\"ListItem\",\"position\":2,\"name\":\"Bundesrat will Meldepflicht bei Cyberangriffen auf kritische Infrastrukturen\"}]},{\"@type\":\"WebSite\",\"@id\":\"https:\\\/\\\/news.save.ch\\\/de\\\/#website\",\"url\":\"https:\\\/\\\/news.save.ch\\\/de\\\/\",\"name\":\"Save\",\"description\":\"Schweizer Fachzeitschrift f\u00fcr Sicherheit\",\"publisher\":{\"@id\":\"https:\\\/\\\/news.save.ch\\\/de\\\/#organization\"},\"potentialAction\":[{\"@type\":\"SearchAction\",\"target\":{\"@type\":\"EntryPoint\",\"urlTemplate\":\"https:\\\/\\\/news.save.ch\\\/de\\\/?s={search_term_string}\"},\"query-input\":{\"@type\":\"PropertyValueSpecification\",\"valueRequired\":true,\"valueName\":\"search_term_string\"}}],\"inLanguage\":\"en-US\"},{\"@type\":\"Organization\",\"@id\":\"https:\\\/\\\/news.save.ch\\\/de\\\/#organization\",\"name\":\"Sicherheitsforum\",\"url\":\"https:\\\/\\\/news.save.ch\\\/de\\\/\",\"logo\":{\"@type\":\"ImageObject\",\"inLanguage\":\"en-US\",\"@id\":\"https:\\\/\\\/news.save.ch\\\/de\\\/#\\\/schema\\\/logo\\\/image\\\/\",\"url\":\"https:\\\/\\\/news.save.ch\\\/wp-content\\\/uploads\\\/2022\\\/06\\\/Logo_SF_2012.png\",\"contentUrl\":\"https:\\\/\\\/news.save.ch\\\/wp-content\\\/uploads\\\/2022\\\/06\\\/Logo_SF_2012.png\",\"width\":1100,\"height\":91,\"caption\":\"Sicherheitsforum\"},\"image\":{\"@id\":\"https:\\\/\\\/news.save.ch\\\/de\\\/#\\\/schema\\\/logo\\\/image\\\/\"}},{\"@type\":\"Person\",\"@id\":\"https:\\\/\\\/news.save.ch\\\/de\\\/#\\\/schema\\\/person\\\/ad4ef21102fd6125312409ac57d5296d\",\"name\":\"Simon Gr\u00f6flin\",\"image\":{\"@type\":\"ImageObject\",\"inLanguage\":\"en-US\",\"@id\":\"https:\\\/\\\/secure.gravatar.com\\\/avatar\\\/6ddceb80eb734354635539e0ea5140bb7c41e42de7c45c9a2ab9921b5d5c9a83?s=96&d=mm&r=g\",\"url\":\"https:\\\/\\\/secure.gravatar.com\\\/avatar\\\/6ddceb80eb734354635539e0ea5140bb7c41e42de7c45c9a2ab9921b5d5c9a83?s=96&d=mm&r=g\",\"contentUrl\":\"https:\\\/\\\/secure.gravatar.com\\\/avatar\\\/6ddceb80eb734354635539e0ea5140bb7c41e42de7c45c9a2ab9921b5d5c9a83?s=96&d=mm&r=g\",\"caption\":\"Simon Gr\u00f6flin\"},\"url\":\"https:\\\/\\\/news.save.ch\\\/en\\\/author\\\/simon-groeflin\\\/\"}]}<\/script>\n<!-- \/ Yoast SEO plugin. -->","yoast_head_json":{"title":"Federal Council wants mandatory reporting of cyber attacks on critical infrastructure - Save","description":"The Federal Council has opened the consultation on the bill for the introduction of a reporting obligation for cyber attacks on critical infrastructures. The bill creates the legal basis for the reporting obligation and defines the tasks of the National Cyber Security Center (NCSC), which acts as the central reporting point for cyber attacks.","robots":{"index":"index","follow":"follow","max-snippet":"max-snippet:-1","max-image-preview":"max-image-preview:large","max-video-preview":"max-video-preview:-1"},"canonical":"https:\/\/news.save.ch\/en\/bundesrat-will-meldepflicht-bei-cyberangriff-auf-kritische-infrastrukturen\/","og_locale":"en_US","og_type":"article","og_title":"Bundesrat will Meldepflicht bei Cyberangriffen auf kritische Infrastrukturen - Save","og_description":"Der Bundesrat hat die Vernehmlassung zur Vorlage f\u00fcr die Einf\u00fchrung einer Meldepflicht f\u00fcr Cyberangriffe bei kritischen Infrastrukturen er\u00f6ffnet. Die Vorlage schaffe die gesetzliche Grundlage f\u00fcr die Meldepflicht und definiere die Aufgaben des Nationalen Zentrums f\u00fcr Cybersicherheit (NCSC), welches als zentrale Meldestelle f\u00fcr Cyberangriffe fungiert.","og_url":"https:\/\/news.save.ch\/en\/bundesrat-will-meldepflicht-bei-cyberangriff-auf-kritische-infrastrukturen\/","og_site_name":"Save","article_published_time":"2022-01-13T08:36:46+00:00","article_modified_time":"2023-07-08T10:14:54+00:00","og_image":[{"width":960,"height":540,"url":"https:\/\/news.save.ch\/wp-content\/uploads\/2022\/01\/Cybersecurity_teaser.jpg","type":"image\/jpeg"}],"author":"Simon Gr\u00f6flin","twitter_card":"summary_large_image","twitter_misc":{"Written by":"Simon Gr\u00f6flin","Est. reading time":"2 minutes"},"schema":{"@context":"https:\/\/schema.org","@graph":[{"@type":"Article","@id":"https:\/\/news.save.ch\/bundesrat-will-meldepflicht-bei-cyberangriff-auf-kritische-infrastrukturen\/#article","isPartOf":{"@id":"https:\/\/news.save.ch\/bundesrat-will-meldepflicht-bei-cyberangriff-auf-kritische-infrastrukturen\/"},"author":{"name":"Simon Gr\u00f6flin","@id":"https:\/\/news.save.ch\/de\/#\/schema\/person\/ad4ef21102fd6125312409ac57d5296d"},"headline":"Bundesrat will Meldepflicht bei Cyberangriffen auf kritische Infrastrukturen","datePublished":"2022-01-13T08:36:46+00:00","dateModified":"2023-07-08T10:14:54+00:00","mainEntityOfPage":{"@id":"https:\/\/news.save.ch\/bundesrat-will-meldepflicht-bei-cyberangriff-auf-kritische-infrastrukturen\/"},"wordCount":226,"publisher":{"@id":"https:\/\/news.save.ch\/de\/#organization"},"image":{"@id":"https:\/\/news.save.ch\/bundesrat-will-meldepflicht-bei-cyberangriff-auf-kritische-infrastrukturen\/#primaryimage"},"thumbnailUrl":"https:\/\/news.save.ch\/wp-content\/uploads\/2022\/01\/Cybersecurity_teaser.jpg","keywords":["Cyberangriffe","Cyberbedrohungen","Informationssicherheitsgesetz","kritische Infrastrukturen","Meldepflicht","NCSC"],"articleSection":["ALLGEMEIN","INFRASTRUKTUREN"],"inLanguage":"en-US"},{"@type":"WebPage","@id":"https:\/\/news.save.ch\/bundesrat-will-meldepflicht-bei-cyberangriff-auf-kritische-infrastrukturen\/","url":"https:\/\/news.save.ch\/bundesrat-will-meldepflicht-bei-cyberangriff-auf-kritische-infrastrukturen\/","name":"Federal Council wants mandatory reporting of cyber attacks on critical infrastructure - Save","isPartOf":{"@id":"https:\/\/news.save.ch\/de\/#website"},"primaryImageOfPage":{"@id":"https:\/\/news.save.ch\/bundesrat-will-meldepflicht-bei-cyberangriff-auf-kritische-infrastrukturen\/#primaryimage"},"image":{"@id":"https:\/\/news.save.ch\/bundesrat-will-meldepflicht-bei-cyberangriff-auf-kritische-infrastrukturen\/#primaryimage"},"thumbnailUrl":"https:\/\/news.save.ch\/wp-content\/uploads\/2022\/01\/Cybersecurity_teaser.jpg","datePublished":"2022-01-13T08:36:46+00:00","dateModified":"2023-07-08T10:14:54+00:00","description":"The Federal Council has opened the consultation on the bill for the introduction of a reporting obligation for cyber attacks on critical infrastructures. The bill creates the legal basis for the reporting obligation and defines the tasks of the National Cyber Security Center (NCSC), which acts as the central reporting point for cyber attacks.","breadcrumb":{"@id":"https:\/\/news.save.ch\/bundesrat-will-meldepflicht-bei-cyberangriff-auf-kritische-infrastrukturen\/#breadcrumb"},"inLanguage":"en-US","potentialAction":[{"@type":"ReadAction","target":["https:\/\/news.save.ch\/bundesrat-will-meldepflicht-bei-cyberangriff-auf-kritische-infrastrukturen\/"]}]},{"@type":"ImageObject","inLanguage":"en-US","@id":"https:\/\/news.save.ch\/bundesrat-will-meldepflicht-bei-cyberangriff-auf-kritische-infrastrukturen\/#primaryimage","url":"https:\/\/news.save.ch\/wp-content\/uploads\/2022\/01\/Cybersecurity_teaser.jpg","contentUrl":"https:\/\/news.save.ch\/wp-content\/uploads\/2022\/01\/Cybersecurity_teaser.jpg","width":960,"height":540,"caption":"\u00a9Pixabay"},{"@type":"BreadcrumbList","@id":"https:\/\/news.save.ch\/bundesrat-will-meldepflicht-bei-cyberangriff-auf-kritische-infrastrukturen\/#breadcrumb","itemListElement":[{"@type":"ListItem","position":1,"name":"Home","item":"https:\/\/news.save.ch\/de\/"},{"@type":"ListItem","position":2,"name":"Bundesrat will Meldepflicht bei Cyberangriffen auf kritische Infrastrukturen"}]},{"@type":"WebSite","@id":"https:\/\/news.save.ch\/de\/#website","url":"https:\/\/news.save.ch\/de\/","name":"Save","description":"Swiss trade journal for safety","publisher":{"@id":"https:\/\/news.save.ch\/de\/#organization"},"potentialAction":[{"@type":"SearchAction","target":{"@type":"EntryPoint","urlTemplate":"https:\/\/news.save.ch\/de\/?s={search_term_string}"},"query-input":{"@type":"PropertyValueSpecification","valueRequired":true,"valueName":"search_term_string"}}],"inLanguage":"en-US"},{"@type":"Organization","@id":"https:\/\/news.save.ch\/de\/#organization","name":"Security Forum","url":"https:\/\/news.save.ch\/de\/","logo":{"@type":"ImageObject","inLanguage":"en-US","@id":"https:\/\/news.save.ch\/de\/#\/schema\/logo\/image\/","url":"https:\/\/news.save.ch\/wp-content\/uploads\/2022\/06\/Logo_SF_2012.png","contentUrl":"https:\/\/news.save.ch\/wp-content\/uploads\/2022\/06\/Logo_SF_2012.png","width":1100,"height":91,"caption":"Sicherheitsforum"},"image":{"@id":"https:\/\/news.save.ch\/de\/#\/schema\/logo\/image\/"}},{"@type":"Person","@id":"https:\/\/news.save.ch\/de\/#\/schema\/person\/ad4ef21102fd6125312409ac57d5296d","name":"Simon Gr\u00f6flin","image":{"@type":"ImageObject","inLanguage":"en-US","@id":"https:\/\/secure.gravatar.com\/avatar\/6ddceb80eb734354635539e0ea5140bb7c41e42de7c45c9a2ab9921b5d5c9a83?s=96&d=mm&r=g","url":"https:\/\/secure.gravatar.com\/avatar\/6ddceb80eb734354635539e0ea5140bb7c41e42de7c45c9a2ab9921b5d5c9a83?s=96&d=mm&r=g","contentUrl":"https:\/\/secure.gravatar.com\/avatar\/6ddceb80eb734354635539e0ea5140bb7c41e42de7c45c9a2ab9921b5d5c9a83?s=96&d=mm&r=g","caption":"Simon Gr\u00f6flin"},"url":"https:\/\/news.save.ch\/en\/author\/simon-groeflin\/"}]}},"_links":{"self":[{"href":"https:\/\/news.save.ch\/en\/wp-json\/wp\/v2\/posts\/13346","targetHints":{"allow":["GET"]}}],"collection":[{"href":"https:\/\/news.save.ch\/en\/wp-json\/wp\/v2\/posts"}],"about":[{"href":"https:\/\/news.save.ch\/en\/wp-json\/wp\/v2\/types\/post"}],"author":[{"embeddable":true,"href":"https:\/\/news.save.ch\/en\/wp-json\/wp\/v2\/users\/9"}],"replies":[{"embeddable":true,"href":"https:\/\/news.save.ch\/en\/wp-json\/wp\/v2\/comments?post=13346"}],"version-history":[{"count":3,"href":"https:\/\/news.save.ch\/en\/wp-json\/wp\/v2\/posts\/13346\/revisions"}],"predecessor-version":[{"id":20662,"href":"https:\/\/news.save.ch\/en\/wp-json\/wp\/v2\/posts\/13346\/revisions\/20662"}],"wp:featuredmedia":[{"embeddable":true,"href":"https:\/\/news.save.ch\/en\/wp-json\/wp\/v2\/media\/13348"}],"wp:attachment":[{"href":"https:\/\/news.save.ch\/en\/wp-json\/wp\/v2\/media?parent=13346"}],"wp:term":[{"taxonomy":"category","embeddable":true,"href":"https:\/\/news.save.ch\/en\/wp-json\/wp\/v2\/categories?post=13346"},{"taxonomy":"post_tag","embeddable":true,"href":"https:\/\/news.save.ch\/en\/wp-json\/wp\/v2\/tags?post=13346"}],"curies":[{"name":"wp","href":"https:\/\/api.w.org\/{rel}","templated":true}]}}