{"id":13620,"date":"2022-02-22T10:04:59","date_gmt":"2022-02-22T09:04:59","guid":{"rendered":"https:\/\/news.save.ch\/?p=13620"},"modified":"2023-08-09T03:44:55","modified_gmt":"2023-08-09T01:44:55","slug":"wechsel-an-der-sptize-von-armasuisse","status":null,"type":"post","link":"https:\/\/news.save.ch\/en\/wechsel-an-der-sptize-von-armasuisse\/","title":{"rendered":"Change at the top of Armasuisse"},"content":{"rendered":"<p><img loading=\"lazy\" decoding=\"async\" class=\"alignnone wp-image-14207 size-full\" src=\"https:\/\/news.save.ch\/wp-content\/uploads\/2022\/02\/Sondergger_teaser-scaled-1.jpg\" alt=\"Armasuisse\" width=\"1200\" height=\"801\" srcset=\"https:\/\/news.save.ch\/wp-content\/uploads\/2022\/02\/Sondergger_teaser-scaled-1.jpg 1200w, https:\/\/news.save.ch\/wp-content\/uploads\/2022\/02\/Sondergger_teaser-scaled-1-375x250.jpg 375w\" sizes=\"auto, (max-width: 1200px) 100vw, 1200px\" \/>Martin Sonderegger has been Director of the Federal Office of Armaments Armasuisse since March 1, 2015. Sonderegger has held several posts within the department since 1987 and has been deputy head of government since 2009. According to a DDPS statement, he will reach his normal retirement age at the end of August 2023 and will leave the Federal Armaments Agency.<\/p>\n<h2>Seamless reoccupation planned<\/h2>\n<p>However, the key role for security in Switzerland is to be reoccupied seamlessly. In consultation with the outgoing head of armaments, the search for a successor is already underway. The position is to be advertised in the coming days.<\/p>\n<p>A search committee is to be set up for the recruitment process. The commission consists of Toni Eder, Secretary General DDPS, Monica Duca Widmer, Chairman of the Board of Directors of RUAG Holding Company, Hans Hess, former President of Swissmem, and Marc Siegenthaler, Head of DDPS Resources and Deputy Secretary General DDPS. The successor will be appointed by the Federal Council at the end of 2022.<\/p>\n<p><em>Source: VBS<\/em><\/p>","protected":false},"excerpt":{"rendered":"<p>Seit dem 1. M\u00e4rz 2015 amtet Martin Sonderegger als Direktor des Bundesamtes f\u00fcr R\u00fcstung Armasuisse. Sonderegger bekleidet schon seit 1987 mehrere \u00c4mter innerhalb des Departements und war seit 2009 stellvertrender Regierungschef. Per Ende August 2023 erreicht er nun laut einer Mitteilung des VBS sein ordentliches Pensionsalter und wird das Bundesamt f\u00fcr R\u00fcstung verlassen. Nahtlose Wiederbesetzung [&hellip;]<\/p>\n","protected":false},"author":9,"featured_media":14207,"comment_status":"closed","ping_status":"closed","sticky":false,"template":"","format":"standard","meta":{"_acf_changed":false,"pgc_sgb_lightbox_settings":"","footnotes":""},"categories":[1],"tags":[1406,3803,4767,4768,1079,310,922],"class_list":["post-13620","post","type-post","status-publish","format-standard","has-post-thumbnail","hentry","category-allgemein","tag-armasuisse","tag-findungskommission","tag-martin-sonderegger","tag-nachfolge","tag-schweiz","tag-sicherheit","tag-vbs"],"acf":[],"hkrextid":null,"publication":null,"issue":null,"workflow":null,"startPage":null,"spitzmarke":null,"_posts_by_tag_page_fields":{"widget_title":"","widget_tags":""},"_at_widget":"1","_yoast_wpseo_primary_category":"","_yoast_wpseo_focuskw_text_input":null,"_yoast_wpseo_opengraph-image":null,"_yoast_wpseo_opengraph-description":null,"_yoast_wpseo_opengraph-title":null,"enclosure":null,"_yoast_wpseo_twitter-title":null,"_yoast_wpseo_twitter-description":null,"_yoast_wpseo_twitter-image":null,"_wp_old_slug":null,"_yoast_wpseo_title":null,"_yoast_wpseo_canonical":null,"yoast_head":"<!-- This site is optimized with the Yoast SEO plugin v27.5 - https:\/\/yoast.com\/product\/yoast-seo-wordpress\/ -->\n<title>Wechsel an der Spitze von Armasuisse - Save<\/title>\n<meta name=\"description\" content=\"Nach \u00fcber acht Jahren an der Spitze wird R\u00fcstungsschef Martin Sonderegger per Ende August sein ordentliches Pensionsalter erreichen und Armasuisse verlassen. Die Kaderposition wird in den n\u00e4chsten Tagen vom VBS ausgeschrieben.\" \/>\n<meta name=\"robots\" content=\"index, follow, max-snippet:-1, max-image-preview:large, max-video-preview:-1\" \/>\n<link rel=\"canonical\" href=\"https:\/\/news.save.ch\/en\/wechsel-an-der-sptize-von-armasuisse\/\" \/>\n<meta property=\"og:locale\" content=\"en_US\" \/>\n<meta property=\"og:type\" content=\"article\" \/>\n<meta property=\"og:title\" content=\"Wechsel an der Spitze von Armasuisse - Save\" \/>\n<meta property=\"og:description\" content=\"Nach \u00fcber acht Jahren an der Spitze wird R\u00fcstungsschef Martin Sonderegger per Ende August sein ordentliches Pensionsalter erreichen und Armasuisse verlassen. Die Kaderposition wird in den n\u00e4chsten Tagen vom VBS ausgeschrieben.\" \/>\n<meta property=\"og:url\" content=\"https:\/\/news.save.ch\/en\/wechsel-an-der-sptize-von-armasuisse\/\" \/>\n<meta property=\"og:site_name\" content=\"Save\" \/>\n<meta property=\"article:published_time\" content=\"2022-02-22T09:04:59+00:00\" \/>\n<meta property=\"article:modified_time\" content=\"2023-08-09T01:44:55+00:00\" \/>\n<meta property=\"og:image\" content=\"https:\/\/news.save.ch\/wp-content\/uploads\/2022\/02\/Sondergger_teaser-scaled-1.jpg\" \/>\n\t<meta property=\"og:image:width\" content=\"1200\" \/>\n\t<meta property=\"og:image:height\" content=\"801\" \/>\n\t<meta property=\"og:image:type\" content=\"image\/jpeg\" \/>\n<meta name=\"author\" content=\"Simon Gr\u00f6flin\" \/>\n<meta name=\"twitter:card\" content=\"summary_large_image\" \/>\n<meta name=\"twitter:label1\" content=\"Written by\" \/>\n\t<meta name=\"twitter:data1\" content=\"Simon Gr\u00f6flin\" \/>\n\t<meta name=\"twitter:label2\" content=\"Est. reading time\" \/>\n\t<meta name=\"twitter:data2\" content=\"2 minutes\" \/>\n<script type=\"application\/ld+json\" class=\"yoast-schema-graph\">{\"@context\":\"https:\\\/\\\/schema.org\",\"@graph\":[{\"@type\":\"Article\",\"@id\":\"https:\\\/\\\/news.save.ch\\\/wechsel-an-der-sptize-von-armasuisse\\\/#article\",\"isPartOf\":{\"@id\":\"https:\\\/\\\/news.save.ch\\\/wechsel-an-der-sptize-von-armasuisse\\\/\"},\"author\":{\"name\":\"Simon Gr\u00f6flin\",\"@id\":\"https:\\\/\\\/news.save.ch\\\/de\\\/#\\\/schema\\\/person\\\/ad4ef21102fd6125312409ac57d5296d\"},\"headline\":\"Wechsel an der Spitze von Armasuisse\",\"datePublished\":\"2022-02-22T09:04:59+00:00\",\"dateModified\":\"2023-08-09T01:44:55+00:00\",\"mainEntityOfPage\":{\"@id\":\"https:\\\/\\\/news.save.ch\\\/wechsel-an-der-sptize-von-armasuisse\\\/\"},\"wordCount\":158,\"publisher\":{\"@id\":\"https:\\\/\\\/news.save.ch\\\/de\\\/#organization\"},\"image\":{\"@id\":\"https:\\\/\\\/news.save.ch\\\/wechsel-an-der-sptize-von-armasuisse\\\/#primaryimage\"},\"thumbnailUrl\":\"https:\\\/\\\/news.save.ch\\\/wp-content\\\/uploads\\\/2022\\\/02\\\/Sondergger_teaser-scaled-1.jpg\",\"keywords\":[\"Armasuisse\",\"Findungskommission\",\"Martin Sonderegger\",\"Nachfolge\",\"Schweiz\",\"Sicherheit\",\"VBS\"],\"articleSection\":[\"ALLGEMEIN\"],\"inLanguage\":\"en-US\"},{\"@type\":\"WebPage\",\"@id\":\"https:\\\/\\\/news.save.ch\\\/wechsel-an-der-sptize-von-armasuisse\\\/\",\"url\":\"https:\\\/\\\/news.save.ch\\\/wechsel-an-der-sptize-von-armasuisse\\\/\",\"name\":\"Wechsel an der Spitze von Armasuisse - Save\",\"isPartOf\":{\"@id\":\"https:\\\/\\\/news.save.ch\\\/de\\\/#website\"},\"primaryImageOfPage\":{\"@id\":\"https:\\\/\\\/news.save.ch\\\/wechsel-an-der-sptize-von-armasuisse\\\/#primaryimage\"},\"image\":{\"@id\":\"https:\\\/\\\/news.save.ch\\\/wechsel-an-der-sptize-von-armasuisse\\\/#primaryimage\"},\"thumbnailUrl\":\"https:\\\/\\\/news.save.ch\\\/wp-content\\\/uploads\\\/2022\\\/02\\\/Sondergger_teaser-scaled-1.jpg\",\"datePublished\":\"2022-02-22T09:04:59+00:00\",\"dateModified\":\"2023-08-09T01:44:55+00:00\",\"description\":\"Nach \u00fcber acht Jahren an der Spitze wird R\u00fcstungsschef Martin Sonderegger per Ende August sein ordentliches Pensionsalter erreichen und Armasuisse verlassen. Die Kaderposition wird in den n\u00e4chsten Tagen vom VBS ausgeschrieben.\",\"breadcrumb\":{\"@id\":\"https:\\\/\\\/news.save.ch\\\/wechsel-an-der-sptize-von-armasuisse\\\/#breadcrumb\"},\"inLanguage\":\"en-US\",\"potentialAction\":[{\"@type\":\"ReadAction\",\"target\":[\"https:\\\/\\\/news.save.ch\\\/wechsel-an-der-sptize-von-armasuisse\\\/\"]}]},{\"@type\":\"ImageObject\",\"inLanguage\":\"en-US\",\"@id\":\"https:\\\/\\\/news.save.ch\\\/wechsel-an-der-sptize-von-armasuisse\\\/#primaryimage\",\"url\":\"https:\\\/\\\/news.save.ch\\\/wp-content\\\/uploads\\\/2022\\\/02\\\/Sondergger_teaser-scaled-1.jpg\",\"contentUrl\":\"https:\\\/\\\/news.save.ch\\\/wp-content\\\/uploads\\\/2022\\\/02\\\/Sondergger_teaser-scaled-1.jpg\",\"width\":1200,\"height\":801,\"caption\":\"Wechsel an der Sptize von Armasuisse\"},{\"@type\":\"BreadcrumbList\",\"@id\":\"https:\\\/\\\/news.save.ch\\\/wechsel-an-der-sptize-von-armasuisse\\\/#breadcrumb\",\"itemListElement\":[{\"@type\":\"ListItem\",\"position\":1,\"name\":\"Home\",\"item\":\"https:\\\/\\\/news.save.ch\\\/de\\\/\"},{\"@type\":\"ListItem\",\"position\":2,\"name\":\"Wechsel an der Spitze von Armasuisse\"}]},{\"@type\":\"WebSite\",\"@id\":\"https:\\\/\\\/news.save.ch\\\/de\\\/#website\",\"url\":\"https:\\\/\\\/news.save.ch\\\/de\\\/\",\"name\":\"Save\",\"description\":\"Schweizer Fachzeitschrift f\u00fcr Sicherheit\",\"publisher\":{\"@id\":\"https:\\\/\\\/news.save.ch\\\/de\\\/#organization\"},\"potentialAction\":[{\"@type\":\"SearchAction\",\"target\":{\"@type\":\"EntryPoint\",\"urlTemplate\":\"https:\\\/\\\/news.save.ch\\\/de\\\/?s={search_term_string}\"},\"query-input\":{\"@type\":\"PropertyValueSpecification\",\"valueRequired\":true,\"valueName\":\"search_term_string\"}}],\"inLanguage\":\"en-US\"},{\"@type\":\"Organization\",\"@id\":\"https:\\\/\\\/news.save.ch\\\/de\\\/#organization\",\"name\":\"Sicherheitsforum\",\"url\":\"https:\\\/\\\/news.save.ch\\\/de\\\/\",\"logo\":{\"@type\":\"ImageObject\",\"inLanguage\":\"en-US\",\"@id\":\"https:\\\/\\\/news.save.ch\\\/de\\\/#\\\/schema\\\/logo\\\/image\\\/\",\"url\":\"https:\\\/\\\/news.save.ch\\\/wp-content\\\/uploads\\\/2022\\\/06\\\/Logo_SF_2012.png\",\"contentUrl\":\"https:\\\/\\\/news.save.ch\\\/wp-content\\\/uploads\\\/2022\\\/06\\\/Logo_SF_2012.png\",\"width\":1100,\"height\":91,\"caption\":\"Sicherheitsforum\"},\"image\":{\"@id\":\"https:\\\/\\\/news.save.ch\\\/de\\\/#\\\/schema\\\/logo\\\/image\\\/\"}},{\"@type\":\"Person\",\"@id\":\"https:\\\/\\\/news.save.ch\\\/de\\\/#\\\/schema\\\/person\\\/ad4ef21102fd6125312409ac57d5296d\",\"name\":\"Simon Gr\u00f6flin\",\"image\":{\"@type\":\"ImageObject\",\"inLanguage\":\"en-US\",\"@id\":\"https:\\\/\\\/secure.gravatar.com\\\/avatar\\\/6ddceb80eb734354635539e0ea5140bb7c41e42de7c45c9a2ab9921b5d5c9a83?s=96&d=mm&r=g\",\"url\":\"https:\\\/\\\/secure.gravatar.com\\\/avatar\\\/6ddceb80eb734354635539e0ea5140bb7c41e42de7c45c9a2ab9921b5d5c9a83?s=96&d=mm&r=g\",\"contentUrl\":\"https:\\\/\\\/secure.gravatar.com\\\/avatar\\\/6ddceb80eb734354635539e0ea5140bb7c41e42de7c45c9a2ab9921b5d5c9a83?s=96&d=mm&r=g\",\"caption\":\"Simon Gr\u00f6flin\"},\"url\":\"https:\\\/\\\/news.save.ch\\\/en\\\/author\\\/simon-groeflin\\\/\"}]}<\/script>\n<!-- \/ Yoast SEO plugin. -->","yoast_head_json":{"title":"Change at the top of Armasuisse - Save","description":"After more than eight years at the helm, Armament Chief Martin Sonderegger will reach his normal retirement age at the end of August and leave Armasuisse. The position will be advertised by the DDPS in the next few days.","robots":{"index":"index","follow":"follow","max-snippet":"max-snippet:-1","max-image-preview":"max-image-preview:large","max-video-preview":"max-video-preview:-1"},"canonical":"https:\/\/news.save.ch\/en\/wechsel-an-der-sptize-von-armasuisse\/","og_locale":"en_US","og_type":"article","og_title":"Wechsel an der Spitze von Armasuisse - Save","og_description":"Nach \u00fcber acht Jahren an der Spitze wird R\u00fcstungsschef Martin Sonderegger per Ende August sein ordentliches Pensionsalter erreichen und Armasuisse verlassen. Die Kaderposition wird in den n\u00e4chsten Tagen vom VBS ausgeschrieben.","og_url":"https:\/\/news.save.ch\/en\/wechsel-an-der-sptize-von-armasuisse\/","og_site_name":"Save","article_published_time":"2022-02-22T09:04:59+00:00","article_modified_time":"2023-08-09T01:44:55+00:00","og_image":[{"width":1200,"height":801,"url":"https:\/\/news.save.ch\/wp-content\/uploads\/2022\/02\/Sondergger_teaser-scaled-1.jpg","type":"image\/jpeg"}],"author":"Simon Gr\u00f6flin","twitter_card":"summary_large_image","twitter_misc":{"Written by":"Simon Gr\u00f6flin","Est. reading time":"2 minutes"},"schema":{"@context":"https:\/\/schema.org","@graph":[{"@type":"Article","@id":"https:\/\/news.save.ch\/wechsel-an-der-sptize-von-armasuisse\/#article","isPartOf":{"@id":"https:\/\/news.save.ch\/wechsel-an-der-sptize-von-armasuisse\/"},"author":{"name":"Simon Gr\u00f6flin","@id":"https:\/\/news.save.ch\/de\/#\/schema\/person\/ad4ef21102fd6125312409ac57d5296d"},"headline":"Wechsel an der Spitze von Armasuisse","datePublished":"2022-02-22T09:04:59+00:00","dateModified":"2023-08-09T01:44:55+00:00","mainEntityOfPage":{"@id":"https:\/\/news.save.ch\/wechsel-an-der-sptize-von-armasuisse\/"},"wordCount":158,"publisher":{"@id":"https:\/\/news.save.ch\/de\/#organization"},"image":{"@id":"https:\/\/news.save.ch\/wechsel-an-der-sptize-von-armasuisse\/#primaryimage"},"thumbnailUrl":"https:\/\/news.save.ch\/wp-content\/uploads\/2022\/02\/Sondergger_teaser-scaled-1.jpg","keywords":["Armasuisse","Findungskommission","Martin Sonderegger","Nachfolge","Schweiz","Sicherheit","VBS"],"articleSection":["ALLGEMEIN"],"inLanguage":"en-US"},{"@type":"WebPage","@id":"https:\/\/news.save.ch\/wechsel-an-der-sptize-von-armasuisse\/","url":"https:\/\/news.save.ch\/wechsel-an-der-sptize-von-armasuisse\/","name":"Change at the top of Armasuisse - Save","isPartOf":{"@id":"https:\/\/news.save.ch\/de\/#website"},"primaryImageOfPage":{"@id":"https:\/\/news.save.ch\/wechsel-an-der-sptize-von-armasuisse\/#primaryimage"},"image":{"@id":"https:\/\/news.save.ch\/wechsel-an-der-sptize-von-armasuisse\/#primaryimage"},"thumbnailUrl":"https:\/\/news.save.ch\/wp-content\/uploads\/2022\/02\/Sondergger_teaser-scaled-1.jpg","datePublished":"2022-02-22T09:04:59+00:00","dateModified":"2023-08-09T01:44:55+00:00","description":"After more than eight years at the helm, Armament Chief Martin Sonderegger will reach his normal retirement age at the end of August and leave Armasuisse. The position will be advertised by the DDPS in the next few days.","breadcrumb":{"@id":"https:\/\/news.save.ch\/wechsel-an-der-sptize-von-armasuisse\/#breadcrumb"},"inLanguage":"en-US","potentialAction":[{"@type":"ReadAction","target":["https:\/\/news.save.ch\/wechsel-an-der-sptize-von-armasuisse\/"]}]},{"@type":"ImageObject","inLanguage":"en-US","@id":"https:\/\/news.save.ch\/wechsel-an-der-sptize-von-armasuisse\/#primaryimage","url":"https:\/\/news.save.ch\/wp-content\/uploads\/2022\/02\/Sondergger_teaser-scaled-1.jpg","contentUrl":"https:\/\/news.save.ch\/wp-content\/uploads\/2022\/02\/Sondergger_teaser-scaled-1.jpg","width":1200,"height":801,"caption":"Wechsel an der Sptize von Armasuisse"},{"@type":"BreadcrumbList","@id":"https:\/\/news.save.ch\/wechsel-an-der-sptize-von-armasuisse\/#breadcrumb","itemListElement":[{"@type":"ListItem","position":1,"name":"Home","item":"https:\/\/news.save.ch\/de\/"},{"@type":"ListItem","position":2,"name":"Wechsel an der Spitze von Armasuisse"}]},{"@type":"WebSite","@id":"https:\/\/news.save.ch\/de\/#website","url":"https:\/\/news.save.ch\/de\/","name":"Save","description":"Swiss trade journal for safety","publisher":{"@id":"https:\/\/news.save.ch\/de\/#organization"},"potentialAction":[{"@type":"SearchAction","target":{"@type":"EntryPoint","urlTemplate":"https:\/\/news.save.ch\/de\/?s={search_term_string}"},"query-input":{"@type":"PropertyValueSpecification","valueRequired":true,"valueName":"search_term_string"}}],"inLanguage":"en-US"},{"@type":"Organization","@id":"https:\/\/news.save.ch\/de\/#organization","name":"Security Forum","url":"https:\/\/news.save.ch\/de\/","logo":{"@type":"ImageObject","inLanguage":"en-US","@id":"https:\/\/news.save.ch\/de\/#\/schema\/logo\/image\/","url":"https:\/\/news.save.ch\/wp-content\/uploads\/2022\/06\/Logo_SF_2012.png","contentUrl":"https:\/\/news.save.ch\/wp-content\/uploads\/2022\/06\/Logo_SF_2012.png","width":1100,"height":91,"caption":"Sicherheitsforum"},"image":{"@id":"https:\/\/news.save.ch\/de\/#\/schema\/logo\/image\/"}},{"@type":"Person","@id":"https:\/\/news.save.ch\/de\/#\/schema\/person\/ad4ef21102fd6125312409ac57d5296d","name":"Simon Gr\u00f6flin","image":{"@type":"ImageObject","inLanguage":"en-US","@id":"https:\/\/secure.gravatar.com\/avatar\/6ddceb80eb734354635539e0ea5140bb7c41e42de7c45c9a2ab9921b5d5c9a83?s=96&d=mm&r=g","url":"https:\/\/secure.gravatar.com\/avatar\/6ddceb80eb734354635539e0ea5140bb7c41e42de7c45c9a2ab9921b5d5c9a83?s=96&d=mm&r=g","contentUrl":"https:\/\/secure.gravatar.com\/avatar\/6ddceb80eb734354635539e0ea5140bb7c41e42de7c45c9a2ab9921b5d5c9a83?s=96&d=mm&r=g","caption":"Simon Gr\u00f6flin"},"url":"https:\/\/news.save.ch\/en\/author\/simon-groeflin\/"}]}},"_links":{"self":[{"href":"https:\/\/news.save.ch\/en\/wp-json\/wp\/v2\/posts\/13620","targetHints":{"allow":["GET"]}}],"collection":[{"href":"https:\/\/news.save.ch\/en\/wp-json\/wp\/v2\/posts"}],"about":[{"href":"https:\/\/news.save.ch\/en\/wp-json\/wp\/v2\/types\/post"}],"author":[{"embeddable":true,"href":"https:\/\/news.save.ch\/en\/wp-json\/wp\/v2\/users\/9"}],"replies":[{"embeddable":true,"href":"https:\/\/news.save.ch\/en\/wp-json\/wp\/v2\/comments?post=13620"}],"version-history":[{"count":3,"href":"https:\/\/news.save.ch\/en\/wp-json\/wp\/v2\/posts\/13620\/revisions"}],"predecessor-version":[{"id":21671,"href":"https:\/\/news.save.ch\/en\/wp-json\/wp\/v2\/posts\/13620\/revisions\/21671"}],"wp:featuredmedia":[{"embeddable":true,"href":"https:\/\/news.save.ch\/en\/wp-json\/wp\/v2\/media\/14207"}],"wp:attachment":[{"href":"https:\/\/news.save.ch\/en\/wp-json\/wp\/v2\/media?parent=13620"}],"wp:term":[{"taxonomy":"category","embeddable":true,"href":"https:\/\/news.save.ch\/en\/wp-json\/wp\/v2\/categories?post=13620"},{"taxonomy":"post_tag","embeddable":true,"href":"https:\/\/news.save.ch\/en\/wp-json\/wp\/v2\/tags?post=13620"}],"curies":[{"name":"wp","href":"https:\/\/api.w.org\/{rel}","templated":true}]}}