{"id":13676,"date":"2022-02-28T09:26:53","date_gmt":"2022-02-28T08:26:53","guid":{"rendered":"https:\/\/news.save.ch\/?p=13676"},"modified":"2023-07-23T21:29:54","modified_gmt":"2023-07-23T19:29:54","slug":"nestle-schliesst-seine-drei-fabriken-in-der-ukraine","status":null,"type":"post","link":"https:\/\/news.save.ch\/en\/nestle-schliesst-seine-drei-fabriken-in-der-ukraine\/","title":{"rendered":"Nestl\u00e9 closes its three factories in Ukraine"},"content":{"rendered":"<figure id=\"attachment_13678\" aria-describedby=\"caption-attachment-13678\" style=\"width: 1000px\" class=\"wp-caption alignleft\"><img loading=\"lazy\" decoding=\"async\" class=\"wp-image-13678 size-full\" src=\"https:\/\/news.save.ch\/wp-content\/uploads\/2022\/02\/Depositphotos_161801384_S.jpg\" alt=\"Nestl\u00e9\" width=\"1000\" height=\"563\" srcset=\"https:\/\/news.save.ch\/wp-content\/uploads\/2022\/02\/Depositphotos_161801384_S.jpg 1000w, https:\/\/news.save.ch\/wp-content\/uploads\/2022\/02\/Depositphotos_161801384_S-375x211.jpg 375w\" sizes=\"auto, (max-width: 1000px) 100vw, 1000px\" \/><figcaption id=\"caption-attachment-13678\" class=\"wp-caption-text\"><em>Image: depositphotos<\/em><\/figcaption><\/figure>\n<p>In Ukraine, Nestl\u00e9 operates three factories producing confectionery, beverages and ready meals. As the food company told Reuters <a href=\"https:\/\/www.reuters.com\/business\/nestle-says-operations-running-normally-ukraine-continuity-plans-place-2022-02-24\/\" target=\"_blank\" rel=\"noopener\">communicated<\/a>He said that he would resume production as soon as conditions were safe again.<\/p>\n<p>Nestl\u00e9 has been operating in the country for over 25 years and employs over 5000 people there. However, the situation has deteriorated drastically in recent days. According to a spokeswoman, the company has now temporarily closed all factories and warehouses.<\/p>\n<p>The company is also no longer in a position to secure its supply chains. Nestl\u00e9 recommends that employees stay at home. The protection of employees has top priority, the spokeswoman said.<\/p>\n<p>The outbreak of war in Ukraine had an impact on the industry and the food sector. From social media, retailers such as Edeka show solidarity with common messages. Also the German food producer R\u00fcgenwalder M\u00fchle published a photo with a peace dove on Instagram.<\/p>\n<blockquote class=\"instagram-media\" style=\"background: #FFF; border: 0; border-radius: 3px; box-shadow: 0 0 1px 0 rgba(0,0,0,0.5),0 1px 10px 0 rgba(0,0,0,0.15); margin: 1px; max-width: 540px; min-width: 326px; padding: 0; width: calc(100% - 2px);\" data-instgrm-captioned=\"\" data-instgrm-permalink=\"https:\/\/www.instagram.com\/p\/CaXJdlrKi2I\/?utm_source=ig_embed&amp;utm_campaign=loading\" data-instgrm-version=\"14\">\n<div style=\"padding: 16px;\">\n<p>&nbsp;<\/p>\n<div style=\"display: flex; flex-direction: row; align-items: center;\">\n<div style=\"background-color: #f4f4f4; border-radius: 50%; flex-grow: 0; height: 40px; margin-right: 14px; width: 40px;\"><\/div>\n<div style=\"display: flex; flex-direction: column; flex-grow: 1; justify-content: center;\">\n<div style=\"background-color: #f4f4f4; border-radius: 4px; flex-grow: 0; height: 14px; margin-bottom: 6px; width: 100px;\"><\/div>\n<div style=\"background-color: #f4f4f4; border-radius: 4px; flex-grow: 0; height: 14px; width: 60px;\"><\/div>\n<\/div>\n<\/div>\n<div style=\"padding: 19% 0;\"><\/div>\n<div style=\"display: block; height: 50px; margin: 0 auto 12px; width: 50px;\"><\/div>\n<div style=\"padding-top: 8px;\">\n<div style=\"color: #3897f0; font-family: Arial,sans-serif; font-size: 14px; font-style: normal; font-weight: 550; line-height: 18px;\">Check out this post on Instagram<\/div>\n<\/div>\n<div style=\"padding: 12.5% 0;\"><\/div>\n<div style=\"display: flex; flex-direction: row; margin-bottom: 14px; align-items: center;\">\n<div>\n<div style=\"background-color: #f4f4f4; border-radius: 50%; height: 12.5px; width: 12.5px; transform: translateX(0px) translateY(7px);\"><\/div>\n<div style=\"background-color: #f4f4f4; height: 12.5px; transform: rotate(-45deg) translateX(3px) translateY(1px); width: 12.5px; flex-grow: 0; margin-right: 14px; margin-left: 2px;\"><\/div>\n<div style=\"background-color: #f4f4f4; border-radius: 50%; height: 12.5px; width: 12.5px; transform: translateX(9px) translateY(-18px);\"><\/div>\n<\/div>\n<div style=\"margin-left: 8px;\">\n<div style=\"background-color: #f4f4f4; border-radius: 50%; flex-grow: 0; height: 20px; width: 20px;\"><\/div>\n<div style=\"width: 0; height: 0; border-top: 2px solid transparent; border-left: 6px solid #f4f4f4; border-bottom: 2px solid transparent; transform: translateX(16px) translateY(-4px) rotate(30deg);\"><\/div>\n<\/div>\n<div style=\"margin-left: auto;\">\n<div style=\"width: 0px; border-top: 8px solid #F4F4F4; border-right: 8px solid transparent; transform: translateY(16px);\"><\/div>\n<div style=\"background-color: #f4f4f4; flex-grow: 0; height: 12px; width: 16px; transform: translateY(-4px);\"><\/div>\n<div style=\"width: 0; height: 0; border-top: 8px solid #F4F4F4; border-left: 8px solid transparent; transform: translateY(-4px) translateX(8px);\"><\/div>\n<\/div>\n<\/div>\n<div style=\"display: flex; flex-direction: column; flex-grow: 1; justify-content: center; margin-bottom: 24px;\">\n<div style=\"background-color: #f4f4f4; border-radius: 4px; flex-grow: 0; height: 14px; margin-bottom: 6px; width: 224px;\"><\/div>\n<div style=\"background-color: #f4f4f4; border-radius: 4px; flex-grow: 0; height: 14px; width: 144px;\"><\/div>\n<\/div>\n<p>&nbsp;<\/p>\n<p style=\"color: #c9c8cd; font-family: Arial,sans-serif; font-size: 14px; line-height: 17px; margin-bottom: 0; margin-top: 8px; overflow: hidden; padding: 8px 0 7px; text-align: center; text-overflow: ellipsis; white-space: nowrap;\"><a style=\"color: #c9c8cd; font-family: Arial,sans-serif; font-size: 14px; font-style: normal; font-weight: normal; line-height: 17px; text-decoration: none;\" href=\"https:\/\/www.instagram.com\/p\/CaXJdlrKi2I\/?utm_source=ig_embed&amp;utm_campaign=loading\" target=\"_blank\" rel=\"noopener\">A post shared by R\u00fcgenwalder M\u00fchle (@ruegenwaldermuehle)<\/a><\/p>\n<\/div>\n<\/blockquote>\n<p><script async src=\"\/\/www.instagram.com\/embed.js\"><\/script><\/p>\n<p>However, Nestl\u00e9 remains committed to providing its products to the local population. In the meantime, the company has drawn up contingency plans to ensure that deliveries of its products can be resumed, depending on the security situation.<\/p>\n<p><em>Source: Reuters\/lebensmittelpraxis.de<\/em><\/p>","protected":false},"excerpt":{"rendered":"<p>In der Ukraine betreibt Nestl\u00e9 drei Fabriken, die S\u00fcsswaren, Getr\u00e4nke und Fertiggerichte herstellen. Wie der Nahrungsmittelkonzern gegen\u00fcber Reuters mitteilte, nehme er die Produktion wieder auf, sobald die Umst\u00e4nde wieder sicher seien. Nestl\u00e9 ist seit \u00fcber 25 Jahren im Land t\u00e4tig und besch\u00e4ftigt dort \u00fcber 5000 Mitarbeitende. Die Situation hat sich jedoch in den vergangenen Tagen [&hellip;]<\/p>\n","protected":false},"author":9,"featured_media":13678,"comment_status":"closed","ping_status":"closed","sticky":false,"template":"","format":"standard","meta":{"_acf_changed":false,"pgc_sgb_lightbox_settings":"","footnotes":""},"categories":[1,3312],"tags":[1387,6041,6040,3540,1388,1389],"class_list":["post-13676","post","type-post","status-publish","format-standard","has-post-thumbnail","hentry","category-allgemein","category-sicherheit","tag-krieg","tag-kriegsausbruch","tag-lieferketten","tag-mitarbeitende","tag-nestle","tag-ukraine"],"acf":[],"hkrextid":null,"publication":null,"issue":null,"workflow":null,"startPage":null,"spitzmarke":null,"_posts_by_tag_page_fields":{"widget_title":"","widget_tags":""},"_at_widget":"1","_yoast_wpseo_primary_category":"1","_yoast_wpseo_focuskw_text_input":null,"_yoast_wpseo_opengraph-image":null,"_yoast_wpseo_opengraph-description":null,"_yoast_wpseo_opengraph-title":null,"enclosure":null,"_yoast_wpseo_twitter-title":null,"_yoast_wpseo_twitter-description":null,"_yoast_wpseo_twitter-image":null,"_wp_old_slug":null,"_yoast_wpseo_title":null,"_yoast_wpseo_canonical":null,"yoast_head":"<!-- This site is optimized with the Yoast SEO plugin v27.5 - https:\/\/yoast.com\/product\/yoast-seo-wordpress\/ -->\n<title>Nestl\u00e9 schliesst seine drei Fabriken in der Ukraine - Save<\/title>\n<meta name=\"description\" content=\"Der Schweizer Nahrungsmittelkonzern Nestl\u00e9 betreibt seit 25 Jahren auch in der Ukraine drei Fabriken. Die Lieferketten sind seit dem Kriegsausbruch unterbrochen. Erste Priorit\u00e4t sei es nun, das Personal zu sch\u00fctzen, teilte Nestl\u00e9 mit.\" \/>\n<meta name=\"robots\" content=\"index, follow, max-snippet:-1, max-image-preview:large, max-video-preview:-1\" \/>\n<link rel=\"canonical\" href=\"https:\/\/news.save.ch\/en\/nestle-schliesst-seine-drei-fabriken-in-der-ukraine\/\" \/>\n<meta property=\"og:locale\" content=\"en_US\" \/>\n<meta property=\"og:type\" content=\"article\" \/>\n<meta property=\"og:title\" content=\"Nestl\u00e9 schliesst seine drei Fabriken in der Ukraine - Save\" \/>\n<meta property=\"og:description\" content=\"Der Schweizer Nahrungsmittelkonzern Nestl\u00e9 betreibt seit 25 Jahren auch in der Ukraine drei Fabriken. Die Lieferketten sind seit dem Kriegsausbruch unterbrochen. Erste Priorit\u00e4t sei es nun, das Personal zu sch\u00fctzen, teilte Nestl\u00e9 mit.\" \/>\n<meta property=\"og:url\" content=\"https:\/\/news.save.ch\/en\/nestle-schliesst-seine-drei-fabriken-in-der-ukraine\/\" \/>\n<meta property=\"og:site_name\" content=\"Save\" \/>\n<meta property=\"article:published_time\" content=\"2022-02-28T08:26:53+00:00\" \/>\n<meta property=\"article:modified_time\" content=\"2023-07-23T19:29:54+00:00\" \/>\n<meta property=\"og:image\" content=\"https:\/\/news.save.ch\/wp-content\/uploads\/2022\/02\/Depositphotos_161801384_S.jpg\" \/>\n\t<meta property=\"og:image:width\" content=\"1000\" \/>\n\t<meta property=\"og:image:height\" content=\"563\" \/>\n\t<meta property=\"og:image:type\" content=\"image\/jpeg\" \/>\n<meta name=\"author\" content=\"Simon Gr\u00f6flin\" \/>\n<meta name=\"twitter:card\" content=\"summary_large_image\" \/>\n<meta name=\"twitter:label1\" content=\"Written by\" \/>\n\t<meta name=\"twitter:data1\" content=\"Simon Gr\u00f6flin\" \/>\n\t<meta name=\"twitter:label2\" content=\"Est. reading time\" \/>\n\t<meta name=\"twitter:data2\" content=\"2 minutes\" \/>\n<script type=\"application\/ld+json\" class=\"yoast-schema-graph\">{\"@context\":\"https:\\\/\\\/schema.org\",\"@graph\":[{\"@type\":\"Article\",\"@id\":\"https:\\\/\\\/news.save.ch\\\/nestle-schliesst-seine-drei-fabriken-in-der-ukraine\\\/#article\",\"isPartOf\":{\"@id\":\"https:\\\/\\\/news.save.ch\\\/nestle-schliesst-seine-drei-fabriken-in-der-ukraine\\\/\"},\"author\":{\"name\":\"Simon Gr\u00f6flin\",\"@id\":\"https:\\\/\\\/news.save.ch\\\/de\\\/#\\\/schema\\\/person\\\/ad4ef21102fd6125312409ac57d5296d\"},\"headline\":\"Nestl\u00e9 schliesst seine drei Fabriken in der Ukraine\",\"datePublished\":\"2022-02-28T08:26:53+00:00\",\"dateModified\":\"2023-07-23T19:29:54+00:00\",\"mainEntityOfPage\":{\"@id\":\"https:\\\/\\\/news.save.ch\\\/nestle-schliesst-seine-drei-fabriken-in-der-ukraine\\\/\"},\"wordCount\":225,\"publisher\":{\"@id\":\"https:\\\/\\\/news.save.ch\\\/de\\\/#organization\"},\"image\":{\"@id\":\"https:\\\/\\\/news.save.ch\\\/nestle-schliesst-seine-drei-fabriken-in-der-ukraine\\\/#primaryimage\"},\"thumbnailUrl\":\"https:\\\/\\\/news.save.ch\\\/wp-content\\\/uploads\\\/2022\\\/02\\\/Depositphotos_161801384_S.jpg\",\"keywords\":[\"Krieg\",\"Kriegsausbruch\",\"Lieferketten\",\"Mitarbeitende\",\"Nestl\u00e9\",\"Ukraine\"],\"articleSection\":[\"ALLGEMEIN\",\"SICHERHEIT\"],\"inLanguage\":\"en-US\"},{\"@type\":\"WebPage\",\"@id\":\"https:\\\/\\\/news.save.ch\\\/nestle-schliesst-seine-drei-fabriken-in-der-ukraine\\\/\",\"url\":\"https:\\\/\\\/news.save.ch\\\/nestle-schliesst-seine-drei-fabriken-in-der-ukraine\\\/\",\"name\":\"Nestl\u00e9 schliesst seine drei Fabriken in der Ukraine - Save\",\"isPartOf\":{\"@id\":\"https:\\\/\\\/news.save.ch\\\/de\\\/#website\"},\"primaryImageOfPage\":{\"@id\":\"https:\\\/\\\/news.save.ch\\\/nestle-schliesst-seine-drei-fabriken-in-der-ukraine\\\/#primaryimage\"},\"image\":{\"@id\":\"https:\\\/\\\/news.save.ch\\\/nestle-schliesst-seine-drei-fabriken-in-der-ukraine\\\/#primaryimage\"},\"thumbnailUrl\":\"https:\\\/\\\/news.save.ch\\\/wp-content\\\/uploads\\\/2022\\\/02\\\/Depositphotos_161801384_S.jpg\",\"datePublished\":\"2022-02-28T08:26:53+00:00\",\"dateModified\":\"2023-07-23T19:29:54+00:00\",\"description\":\"Der Schweizer Nahrungsmittelkonzern Nestl\u00e9 betreibt seit 25 Jahren auch in der Ukraine drei Fabriken. Die Lieferketten sind seit dem Kriegsausbruch unterbrochen. Erste Priorit\u00e4t sei es nun, das Personal zu sch\u00fctzen, teilte Nestl\u00e9 mit.\",\"breadcrumb\":{\"@id\":\"https:\\\/\\\/news.save.ch\\\/nestle-schliesst-seine-drei-fabriken-in-der-ukraine\\\/#breadcrumb\"},\"inLanguage\":\"en-US\",\"potentialAction\":[{\"@type\":\"ReadAction\",\"target\":[\"https:\\\/\\\/news.save.ch\\\/nestle-schliesst-seine-drei-fabriken-in-der-ukraine\\\/\"]}]},{\"@type\":\"ImageObject\",\"inLanguage\":\"en-US\",\"@id\":\"https:\\\/\\\/news.save.ch\\\/nestle-schliesst-seine-drei-fabriken-in-der-ukraine\\\/#primaryimage\",\"url\":\"https:\\\/\\\/news.save.ch\\\/wp-content\\\/uploads\\\/2022\\\/02\\\/Depositphotos_161801384_S.jpg\",\"contentUrl\":\"https:\\\/\\\/news.save.ch\\\/wp-content\\\/uploads\\\/2022\\\/02\\\/Depositphotos_161801384_S.jpg\",\"width\":1000,\"height\":563,\"caption\":\"Freight semi trucks with Nestle logo loading or unloading at warehouse dock. Editorial 3D\"},{\"@type\":\"BreadcrumbList\",\"@id\":\"https:\\\/\\\/news.save.ch\\\/nestle-schliesst-seine-drei-fabriken-in-der-ukraine\\\/#breadcrumb\",\"itemListElement\":[{\"@type\":\"ListItem\",\"position\":1,\"name\":\"Home\",\"item\":\"https:\\\/\\\/news.save.ch\\\/de\\\/\"},{\"@type\":\"ListItem\",\"position\":2,\"name\":\"Nestl\u00e9 schliesst seine drei Fabriken in der Ukraine\"}]},{\"@type\":\"WebSite\",\"@id\":\"https:\\\/\\\/news.save.ch\\\/de\\\/#website\",\"url\":\"https:\\\/\\\/news.save.ch\\\/de\\\/\",\"name\":\"Save\",\"description\":\"Schweizer Fachzeitschrift f\u00fcr Sicherheit\",\"publisher\":{\"@id\":\"https:\\\/\\\/news.save.ch\\\/de\\\/#organization\"},\"potentialAction\":[{\"@type\":\"SearchAction\",\"target\":{\"@type\":\"EntryPoint\",\"urlTemplate\":\"https:\\\/\\\/news.save.ch\\\/de\\\/?s={search_term_string}\"},\"query-input\":{\"@type\":\"PropertyValueSpecification\",\"valueRequired\":true,\"valueName\":\"search_term_string\"}}],\"inLanguage\":\"en-US\"},{\"@type\":\"Organization\",\"@id\":\"https:\\\/\\\/news.save.ch\\\/de\\\/#organization\",\"name\":\"Sicherheitsforum\",\"url\":\"https:\\\/\\\/news.save.ch\\\/de\\\/\",\"logo\":{\"@type\":\"ImageObject\",\"inLanguage\":\"en-US\",\"@id\":\"https:\\\/\\\/news.save.ch\\\/de\\\/#\\\/schema\\\/logo\\\/image\\\/\",\"url\":\"https:\\\/\\\/news.save.ch\\\/wp-content\\\/uploads\\\/2022\\\/06\\\/Logo_SF_2012.png\",\"contentUrl\":\"https:\\\/\\\/news.save.ch\\\/wp-content\\\/uploads\\\/2022\\\/06\\\/Logo_SF_2012.png\",\"width\":1100,\"height\":91,\"caption\":\"Sicherheitsforum\"},\"image\":{\"@id\":\"https:\\\/\\\/news.save.ch\\\/de\\\/#\\\/schema\\\/logo\\\/image\\\/\"}},{\"@type\":\"Person\",\"@id\":\"https:\\\/\\\/news.save.ch\\\/de\\\/#\\\/schema\\\/person\\\/ad4ef21102fd6125312409ac57d5296d\",\"name\":\"Simon Gr\u00f6flin\",\"image\":{\"@type\":\"ImageObject\",\"inLanguage\":\"en-US\",\"@id\":\"https:\\\/\\\/secure.gravatar.com\\\/avatar\\\/6ddceb80eb734354635539e0ea5140bb7c41e42de7c45c9a2ab9921b5d5c9a83?s=96&d=mm&r=g\",\"url\":\"https:\\\/\\\/secure.gravatar.com\\\/avatar\\\/6ddceb80eb734354635539e0ea5140bb7c41e42de7c45c9a2ab9921b5d5c9a83?s=96&d=mm&r=g\",\"contentUrl\":\"https:\\\/\\\/secure.gravatar.com\\\/avatar\\\/6ddceb80eb734354635539e0ea5140bb7c41e42de7c45c9a2ab9921b5d5c9a83?s=96&d=mm&r=g\",\"caption\":\"Simon Gr\u00f6flin\"},\"url\":\"https:\\\/\\\/news.save.ch\\\/en\\\/author\\\/simon-groeflin\\\/\"}]}<\/script>\n<!-- \/ Yoast SEO plugin. -->","yoast_head_json":{"title":"Nestl\u00e9 closes its three factories in Ukraine - Save","description":"The Swiss food company Nestl\u00e9 has also been operating three factories in Ukraine for 25 years. The supply chains have been interrupted since the outbreak of war. The first priority now is to protect the staff, Nestl\u00e9 said.","robots":{"index":"index","follow":"follow","max-snippet":"max-snippet:-1","max-image-preview":"max-image-preview:large","max-video-preview":"max-video-preview:-1"},"canonical":"https:\/\/news.save.ch\/en\/nestle-schliesst-seine-drei-fabriken-in-der-ukraine\/","og_locale":"en_US","og_type":"article","og_title":"Nestl\u00e9 schliesst seine drei Fabriken in der Ukraine - Save","og_description":"Der Schweizer Nahrungsmittelkonzern Nestl\u00e9 betreibt seit 25 Jahren auch in der Ukraine drei Fabriken. Die Lieferketten sind seit dem Kriegsausbruch unterbrochen. Erste Priorit\u00e4t sei es nun, das Personal zu sch\u00fctzen, teilte Nestl\u00e9 mit.","og_url":"https:\/\/news.save.ch\/en\/nestle-schliesst-seine-drei-fabriken-in-der-ukraine\/","og_site_name":"Save","article_published_time":"2022-02-28T08:26:53+00:00","article_modified_time":"2023-07-23T19:29:54+00:00","og_image":[{"width":1000,"height":563,"url":"https:\/\/news.save.ch\/wp-content\/uploads\/2022\/02\/Depositphotos_161801384_S.jpg","type":"image\/jpeg"}],"author":"Simon Gr\u00f6flin","twitter_card":"summary_large_image","twitter_misc":{"Written by":"Simon Gr\u00f6flin","Est. reading time":"2 minutes"},"schema":{"@context":"https:\/\/schema.org","@graph":[{"@type":"Article","@id":"https:\/\/news.save.ch\/nestle-schliesst-seine-drei-fabriken-in-der-ukraine\/#article","isPartOf":{"@id":"https:\/\/news.save.ch\/nestle-schliesst-seine-drei-fabriken-in-der-ukraine\/"},"author":{"name":"Simon Gr\u00f6flin","@id":"https:\/\/news.save.ch\/de\/#\/schema\/person\/ad4ef21102fd6125312409ac57d5296d"},"headline":"Nestl\u00e9 schliesst seine drei Fabriken in der Ukraine","datePublished":"2022-02-28T08:26:53+00:00","dateModified":"2023-07-23T19:29:54+00:00","mainEntityOfPage":{"@id":"https:\/\/news.save.ch\/nestle-schliesst-seine-drei-fabriken-in-der-ukraine\/"},"wordCount":225,"publisher":{"@id":"https:\/\/news.save.ch\/de\/#organization"},"image":{"@id":"https:\/\/news.save.ch\/nestle-schliesst-seine-drei-fabriken-in-der-ukraine\/#primaryimage"},"thumbnailUrl":"https:\/\/news.save.ch\/wp-content\/uploads\/2022\/02\/Depositphotos_161801384_S.jpg","keywords":["Krieg","Kriegsausbruch","Lieferketten","Mitarbeitende","Nestl\u00e9","Ukraine"],"articleSection":["ALLGEMEIN","SICHERHEIT"],"inLanguage":"en-US"},{"@type":"WebPage","@id":"https:\/\/news.save.ch\/nestle-schliesst-seine-drei-fabriken-in-der-ukraine\/","url":"https:\/\/news.save.ch\/nestle-schliesst-seine-drei-fabriken-in-der-ukraine\/","name":"Nestl\u00e9 closes its three factories in Ukraine - Save","isPartOf":{"@id":"https:\/\/news.save.ch\/de\/#website"},"primaryImageOfPage":{"@id":"https:\/\/news.save.ch\/nestle-schliesst-seine-drei-fabriken-in-der-ukraine\/#primaryimage"},"image":{"@id":"https:\/\/news.save.ch\/nestle-schliesst-seine-drei-fabriken-in-der-ukraine\/#primaryimage"},"thumbnailUrl":"https:\/\/news.save.ch\/wp-content\/uploads\/2022\/02\/Depositphotos_161801384_S.jpg","datePublished":"2022-02-28T08:26:53+00:00","dateModified":"2023-07-23T19:29:54+00:00","description":"The Swiss food company Nestl\u00e9 has also been operating three factories in Ukraine for 25 years. The supply chains have been interrupted since the outbreak of war. The first priority now is to protect the staff, Nestl\u00e9 said.","breadcrumb":{"@id":"https:\/\/news.save.ch\/nestle-schliesst-seine-drei-fabriken-in-der-ukraine\/#breadcrumb"},"inLanguage":"en-US","potentialAction":[{"@type":"ReadAction","target":["https:\/\/news.save.ch\/nestle-schliesst-seine-drei-fabriken-in-der-ukraine\/"]}]},{"@type":"ImageObject","inLanguage":"en-US","@id":"https:\/\/news.save.ch\/nestle-schliesst-seine-drei-fabriken-in-der-ukraine\/#primaryimage","url":"https:\/\/news.save.ch\/wp-content\/uploads\/2022\/02\/Depositphotos_161801384_S.jpg","contentUrl":"https:\/\/news.save.ch\/wp-content\/uploads\/2022\/02\/Depositphotos_161801384_S.jpg","width":1000,"height":563,"caption":"Freight semi trucks with Nestle logo loading or unloading at warehouse dock. Editorial 3D"},{"@type":"BreadcrumbList","@id":"https:\/\/news.save.ch\/nestle-schliesst-seine-drei-fabriken-in-der-ukraine\/#breadcrumb","itemListElement":[{"@type":"ListItem","position":1,"name":"Home","item":"https:\/\/news.save.ch\/de\/"},{"@type":"ListItem","position":2,"name":"Nestl\u00e9 schliesst seine drei Fabriken in der Ukraine"}]},{"@type":"WebSite","@id":"https:\/\/news.save.ch\/de\/#website","url":"https:\/\/news.save.ch\/de\/","name":"Save","description":"Swiss trade journal for safety","publisher":{"@id":"https:\/\/news.save.ch\/de\/#organization"},"potentialAction":[{"@type":"SearchAction","target":{"@type":"EntryPoint","urlTemplate":"https:\/\/news.save.ch\/de\/?s={search_term_string}"},"query-input":{"@type":"PropertyValueSpecification","valueRequired":true,"valueName":"search_term_string"}}],"inLanguage":"en-US"},{"@type":"Organization","@id":"https:\/\/news.save.ch\/de\/#organization","name":"Security Forum","url":"https:\/\/news.save.ch\/de\/","logo":{"@type":"ImageObject","inLanguage":"en-US","@id":"https:\/\/news.save.ch\/de\/#\/schema\/logo\/image\/","url":"https:\/\/news.save.ch\/wp-content\/uploads\/2022\/06\/Logo_SF_2012.png","contentUrl":"https:\/\/news.save.ch\/wp-content\/uploads\/2022\/06\/Logo_SF_2012.png","width":1100,"height":91,"caption":"Sicherheitsforum"},"image":{"@id":"https:\/\/news.save.ch\/de\/#\/schema\/logo\/image\/"}},{"@type":"Person","@id":"https:\/\/news.save.ch\/de\/#\/schema\/person\/ad4ef21102fd6125312409ac57d5296d","name":"Simon Gr\u00f6flin","image":{"@type":"ImageObject","inLanguage":"en-US","@id":"https:\/\/secure.gravatar.com\/avatar\/6ddceb80eb734354635539e0ea5140bb7c41e42de7c45c9a2ab9921b5d5c9a83?s=96&d=mm&r=g","url":"https:\/\/secure.gravatar.com\/avatar\/6ddceb80eb734354635539e0ea5140bb7c41e42de7c45c9a2ab9921b5d5c9a83?s=96&d=mm&r=g","contentUrl":"https:\/\/secure.gravatar.com\/avatar\/6ddceb80eb734354635539e0ea5140bb7c41e42de7c45c9a2ab9921b5d5c9a83?s=96&d=mm&r=g","caption":"Simon Gr\u00f6flin"},"url":"https:\/\/news.save.ch\/en\/author\/simon-groeflin\/"}]}},"_links":{"self":[{"href":"https:\/\/news.save.ch\/en\/wp-json\/wp\/v2\/posts\/13676","targetHints":{"allow":["GET"]}}],"collection":[{"href":"https:\/\/news.save.ch\/en\/wp-json\/wp\/v2\/posts"}],"about":[{"href":"https:\/\/news.save.ch\/en\/wp-json\/wp\/v2\/types\/post"}],"author":[{"embeddable":true,"href":"https:\/\/news.save.ch\/en\/wp-json\/wp\/v2\/users\/9"}],"replies":[{"embeddable":true,"href":"https:\/\/news.save.ch\/en\/wp-json\/wp\/v2\/comments?post=13676"}],"version-history":[{"count":3,"href":"https:\/\/news.save.ch\/en\/wp-json\/wp\/v2\/posts\/13676\/revisions"}],"predecessor-version":[{"id":21372,"href":"https:\/\/news.save.ch\/en\/wp-json\/wp\/v2\/posts\/13676\/revisions\/21372"}],"wp:featuredmedia":[{"embeddable":true,"href":"https:\/\/news.save.ch\/en\/wp-json\/wp\/v2\/media\/13678"}],"wp:attachment":[{"href":"https:\/\/news.save.ch\/en\/wp-json\/wp\/v2\/media?parent=13676"}],"wp:term":[{"taxonomy":"category","embeddable":true,"href":"https:\/\/news.save.ch\/en\/wp-json\/wp\/v2\/categories?post=13676"},{"taxonomy":"post_tag","embeddable":true,"href":"https:\/\/news.save.ch\/en\/wp-json\/wp\/v2\/tags?post=13676"}],"curies":[{"name":"wp","href":"https:\/\/api.w.org\/{rel}","templated":true}]}}