{"id":13855,"date":"2022-03-22T09:05:11","date_gmt":"2022-03-22T08:05:11","guid":{"rendered":"https:\/\/news.save.ch\/?p=13855"},"modified":"2023-07-04T09:27:51","modified_gmt":"2023-07-04T07:27:51","slug":"digitalswitzerland-begruesst-anpassungen-der-fernmeldeverordnung","status":null,"type":"post","link":"https:\/\/news.save.ch\/en\/digitalswitzerland-begruesst-anpassungen-der-fernmeldeverordnung\/","title":{"rendered":"Digitalswitzerland welcomes amendments to the Telecommunications Ordinance"},"content":{"rendered":"<figure id=\"attachment_13857\" aria-describedby=\"caption-attachment-13857\" style=\"width: 1000px\" class=\"wp-caption alignleft\"><img loading=\"lazy\" decoding=\"async\" class=\"wp-image-13857 size-full\" src=\"https:\/\/news.save.ch\/wp-content\/uploads\/2022\/03\/Depositphotos_71076033_S.jpg\" alt=\"Telecommunications Service Ordinance\" width=\"1000\" height=\"667\" srcset=\"https:\/\/news.save.ch\/wp-content\/uploads\/2022\/03\/Depositphotos_71076033_S.jpg 1000w, https:\/\/news.save.ch\/wp-content\/uploads\/2022\/03\/Depositphotos_71076033_S-375x250.jpg 375w\" sizes=\"auto, (max-width: 1000px) 100vw, 1000px\" \/><figcaption id=\"caption-attachment-13857\" class=\"wp-caption-text\"><em>Image: depositphotos<\/em><\/figcaption><\/figure>\n<p>Swiss telecommunications networks are to be made more secure. One of the measures proposed by the Federal Council includes, for example, a reporting obligation in the event of unauthorized manipulation. The industry association Digitalswitzerland welcomes <a href=\"https:\/\/fedlex.data.admin.ch\/filestore\/fedlex.data.admin.ch\/eli\/dl\/proj\/2021\/101\/cons_1\/doc_2\/de\/pdf-a\/fedlex-data-admin-ch-eli-dl-proj-2021-101-cons_1-doc_2-de-pdf-a.pdf\" target=\"_blank\" rel=\"noopener\">the direction proposed by the Confederation<\/a>, but mentions suggestions for improvement in individual points.<\/p>\n<h2>Four Federal Council measures<\/h2>\n<p>In summary, the Federal Council proposes four measures to ensure the network security of 5G mobile networks and to combat the misuse of telecommunications equipment. For example, providers of Internet access should be required to filter spoofing attempts, improve the security of the devices made available to customers, and inform customers about the blocking of Internet access or addressing elements, as well as report unauthorized manipulation of telecommunications equipment and take appropriate defensive measures within a reasonable period of time.<\/p>\n<p>The majority of Digitalswitzerland agrees with the proposed revision. <a href=\"https:\/\/digitalswitzerland.com\/press-release-archive\/\" target=\"_blank\" rel=\"noopener\">agree<\/a>. However, when it comes to incident reports, the association recommends reporting them to the National Cyber Security Center (NCSC). This is because the upcoming Information Security Act also provides for the NCSC to be the reporting point for cyber incidents involving critical infrastructure. However, the term \"end of life\" should be used consistently in the provisions on protective measures for equipment provided to customers.<\/p>\n<p><em>Source: Digitalswitzerland\/Bakom<\/em><\/p>","protected":false},"excerpt":{"rendered":"<p>Die Schweizer Fernmeldenetze sollen sicherer werden. Eine der Massnahmen, die der Bundesrat vorschl\u00e4gt, beinhaltet beispielsweise eine Meldepflicht bei unbefugter Manipulation. Der Branchenverband Digitalswitzerland begr\u00fcsst die vom Bund vorgeschlagene Stossrichtung, erw\u00e4hnt jedoch in einzelnen Punkten Verbesserungsvorschl\u00e4ge. Vier bundesr\u00e4tliche Massnahmen Zusammengefasst, schl\u00e4gt der Bundesrat vier Massnahmen vor, um die Netzwerksicherheit von 5G-Mobilfunknetzen sicherzustellen und den Missbrauch von [&hellip;]<\/p>\n","protected":false},"author":9,"featured_media":13857,"comment_status":"closed","ping_status":"closed","sticky":false,"template":"","format":"standard","meta":{"_acf_changed":false,"pgc_sgb_lightbox_settings":"","footnotes":""},"categories":[3313],"tags":[4701,670,1395,4702,1524,1396,4700],"class_list":["post-13855","post","type-post","status-publish","format-standard","has-post-thumbnail","hentry","category-digitalisierung","tag-5g-mobilfunknetzen","tag-cybersicherheit","tag-digitalswitzerland","tag-fernmeldeanlagen","tag-fernmeldenetze","tag-fernmeldeverordnung","tag-netzwerksicherheit"],"acf":[],"hkrextid":null,"publication":null,"issue":null,"workflow":null,"startPage":null,"spitzmarke":null,"_posts_by_tag_page_fields":{"widget_title":"","widget_tags":""},"_at_widget":"1","_yoast_wpseo_primary_category":"","_yoast_wpseo_focuskw_text_input":null,"_yoast_wpseo_opengraph-image":null,"_yoast_wpseo_opengraph-description":null,"_yoast_wpseo_opengraph-title":null,"enclosure":null,"_yoast_wpseo_twitter-title":null,"_yoast_wpseo_twitter-description":null,"_yoast_wpseo_twitter-image":null,"_wp_old_slug":null,"_yoast_wpseo_title":null,"_yoast_wpseo_canonical":null,"yoast_head":"<!-- This site is optimized with the Yoast SEO plugin v27.5 - https:\/\/yoast.com\/product\/yoast-seo-wordpress\/ -->\n<title>Digitalswitzerland begr\u00fcsst Anpassungen der Fernmeldeverordnung - Save<\/title>\n<meta name=\"description\" content=\"Nach der abgelaufenen Frist zur Vernehmlassung zur \u00c4nderung der Fernmeldedienst-Verordnung schl\u00e4gt der IT-Branchenverband Digitalswitzerland einige \u00c4nderungen zum Vorschlag des Bundesrats vor.\u00a0\" \/>\n<meta name=\"robots\" content=\"index, follow, max-snippet:-1, max-image-preview:large, max-video-preview:-1\" \/>\n<link rel=\"canonical\" href=\"https:\/\/news.save.ch\/en\/digitalswitzerland-begruesst-anpassungen-der-fernmeldeverordnung\/\" \/>\n<meta property=\"og:locale\" content=\"en_US\" \/>\n<meta property=\"og:type\" content=\"article\" \/>\n<meta property=\"og:title\" content=\"Digitalswitzerland begr\u00fcsst Anpassungen der Fernmeldeverordnung - Save\" \/>\n<meta property=\"og:description\" content=\"Nach der abgelaufenen Frist zur Vernehmlassung zur \u00c4nderung der Fernmeldedienst-Verordnung schl\u00e4gt der IT-Branchenverband Digitalswitzerland einige \u00c4nderungen zum Vorschlag des Bundesrats vor.\u00a0\" \/>\n<meta property=\"og:url\" content=\"https:\/\/news.save.ch\/en\/digitalswitzerland-begruesst-anpassungen-der-fernmeldeverordnung\/\" \/>\n<meta property=\"og:site_name\" content=\"Save\" \/>\n<meta property=\"article:published_time\" content=\"2022-03-22T08:05:11+00:00\" \/>\n<meta property=\"article:modified_time\" content=\"2023-07-04T07:27:51+00:00\" \/>\n<meta property=\"og:image\" content=\"https:\/\/news.save.ch\/wp-content\/uploads\/2022\/03\/Depositphotos_71076033_S.jpg\" \/>\n\t<meta property=\"og:image:width\" content=\"1000\" \/>\n\t<meta property=\"og:image:height\" content=\"667\" \/>\n\t<meta property=\"og:image:type\" content=\"image\/jpeg\" \/>\n<meta name=\"author\" content=\"Simon Gr\u00f6flin\" \/>\n<meta name=\"twitter:card\" content=\"summary_large_image\" \/>\n<meta name=\"twitter:label1\" content=\"Written by\" \/>\n\t<meta name=\"twitter:data1\" content=\"Simon Gr\u00f6flin\" \/>\n\t<meta name=\"twitter:label2\" content=\"Est. reading time\" \/>\n\t<meta name=\"twitter:data2\" content=\"2 minutes\" \/>\n<script type=\"application\/ld+json\" class=\"yoast-schema-graph\">{\"@context\":\"https:\\\/\\\/schema.org\",\"@graph\":[{\"@type\":\"Article\",\"@id\":\"https:\\\/\\\/news.save.ch\\\/digitalswitzerland-begruesst-anpassungen-der-fernmeldeverordnung\\\/#article\",\"isPartOf\":{\"@id\":\"https:\\\/\\\/news.save.ch\\\/digitalswitzerland-begruesst-anpassungen-der-fernmeldeverordnung\\\/\"},\"author\":{\"name\":\"Simon Gr\u00f6flin\",\"@id\":\"https:\\\/\\\/news.save.ch\\\/de\\\/#\\\/schema\\\/person\\\/ad4ef21102fd6125312409ac57d5296d\"},\"headline\":\"Digitalswitzerland begr\u00fcsst Anpassungen der Fernmeldeverordnung\",\"datePublished\":\"2022-03-22T08:05:11+00:00\",\"dateModified\":\"2023-07-04T07:27:51+00:00\",\"mainEntityOfPage\":{\"@id\":\"https:\\\/\\\/news.save.ch\\\/digitalswitzerland-begruesst-anpassungen-der-fernmeldeverordnung\\\/\"},\"wordCount\":207,\"publisher\":{\"@id\":\"https:\\\/\\\/news.save.ch\\\/de\\\/#organization\"},\"image\":{\"@id\":\"https:\\\/\\\/news.save.ch\\\/digitalswitzerland-begruesst-anpassungen-der-fernmeldeverordnung\\\/#primaryimage\"},\"thumbnailUrl\":\"https:\\\/\\\/news.save.ch\\\/wp-content\\\/uploads\\\/2022\\\/03\\\/Depositphotos_71076033_S.jpg\",\"keywords\":[\"5G-Mobilfunknetzen\",\"Cybersicherheit\",\"Digitalswitzerland\",\"Fernmeldeanlagen\",\"Fernmeldenetze\",\"Fernmeldeverordnung\",\"Netzwerksicherheit\"],\"articleSection\":[\"DIGITALISIERUNG\"],\"inLanguage\":\"en-US\"},{\"@type\":\"WebPage\",\"@id\":\"https:\\\/\\\/news.save.ch\\\/digitalswitzerland-begruesst-anpassungen-der-fernmeldeverordnung\\\/\",\"url\":\"https:\\\/\\\/news.save.ch\\\/digitalswitzerland-begruesst-anpassungen-der-fernmeldeverordnung\\\/\",\"name\":\"Digitalswitzerland begr\u00fcsst Anpassungen der Fernmeldeverordnung - Save\",\"isPartOf\":{\"@id\":\"https:\\\/\\\/news.save.ch\\\/de\\\/#website\"},\"primaryImageOfPage\":{\"@id\":\"https:\\\/\\\/news.save.ch\\\/digitalswitzerland-begruesst-anpassungen-der-fernmeldeverordnung\\\/#primaryimage\"},\"image\":{\"@id\":\"https:\\\/\\\/news.save.ch\\\/digitalswitzerland-begruesst-anpassungen-der-fernmeldeverordnung\\\/#primaryimage\"},\"thumbnailUrl\":\"https:\\\/\\\/news.save.ch\\\/wp-content\\\/uploads\\\/2022\\\/03\\\/Depositphotos_71076033_S.jpg\",\"datePublished\":\"2022-03-22T08:05:11+00:00\",\"dateModified\":\"2023-07-04T07:27:51+00:00\",\"description\":\"Nach der abgelaufenen Frist zur Vernehmlassung zur \u00c4nderung der Fernmeldedienst-Verordnung schl\u00e4gt der IT-Branchenverband Digitalswitzerland einige \u00c4nderungen zum Vorschlag des Bundesrats vor.\u00a0\",\"breadcrumb\":{\"@id\":\"https:\\\/\\\/news.save.ch\\\/digitalswitzerland-begruesst-anpassungen-der-fernmeldeverordnung\\\/#breadcrumb\"},\"inLanguage\":\"en-US\",\"potentialAction\":[{\"@type\":\"ReadAction\",\"target\":[\"https:\\\/\\\/news.save.ch\\\/digitalswitzerland-begruesst-anpassungen-der-fernmeldeverordnung\\\/\"]}]},{\"@type\":\"ImageObject\",\"inLanguage\":\"en-US\",\"@id\":\"https:\\\/\\\/news.save.ch\\\/digitalswitzerland-begruesst-anpassungen-der-fernmeldeverordnung\\\/#primaryimage\",\"url\":\"https:\\\/\\\/news.save.ch\\\/wp-content\\\/uploads\\\/2022\\\/03\\\/Depositphotos_71076033_S.jpg\",\"contentUrl\":\"https:\\\/\\\/news.save.ch\\\/wp-content\\\/uploads\\\/2022\\\/03\\\/Depositphotos_71076033_S.jpg\",\"width\":1000,\"height\":667,\"caption\":\"Law concept, owl in a judge gavel concept\"},{\"@type\":\"BreadcrumbList\",\"@id\":\"https:\\\/\\\/news.save.ch\\\/digitalswitzerland-begruesst-anpassungen-der-fernmeldeverordnung\\\/#breadcrumb\",\"itemListElement\":[{\"@type\":\"ListItem\",\"position\":1,\"name\":\"Home\",\"item\":\"https:\\\/\\\/news.save.ch\\\/de\\\/\"},{\"@type\":\"ListItem\",\"position\":2,\"name\":\"Digitalswitzerland begr\u00fcsst Anpassungen der Fernmeldeverordnung\"}]},{\"@type\":\"WebSite\",\"@id\":\"https:\\\/\\\/news.save.ch\\\/de\\\/#website\",\"url\":\"https:\\\/\\\/news.save.ch\\\/de\\\/\",\"name\":\"Save\",\"description\":\"Schweizer Fachzeitschrift f\u00fcr Sicherheit\",\"publisher\":{\"@id\":\"https:\\\/\\\/news.save.ch\\\/de\\\/#organization\"},\"potentialAction\":[{\"@type\":\"SearchAction\",\"target\":{\"@type\":\"EntryPoint\",\"urlTemplate\":\"https:\\\/\\\/news.save.ch\\\/de\\\/?s={search_term_string}\"},\"query-input\":{\"@type\":\"PropertyValueSpecification\",\"valueRequired\":true,\"valueName\":\"search_term_string\"}}],\"inLanguage\":\"en-US\"},{\"@type\":\"Organization\",\"@id\":\"https:\\\/\\\/news.save.ch\\\/de\\\/#organization\",\"name\":\"Sicherheitsforum\",\"url\":\"https:\\\/\\\/news.save.ch\\\/de\\\/\",\"logo\":{\"@type\":\"ImageObject\",\"inLanguage\":\"en-US\",\"@id\":\"https:\\\/\\\/news.save.ch\\\/de\\\/#\\\/schema\\\/logo\\\/image\\\/\",\"url\":\"https:\\\/\\\/news.save.ch\\\/wp-content\\\/uploads\\\/2022\\\/06\\\/Logo_SF_2012.png\",\"contentUrl\":\"https:\\\/\\\/news.save.ch\\\/wp-content\\\/uploads\\\/2022\\\/06\\\/Logo_SF_2012.png\",\"width\":1100,\"height\":91,\"caption\":\"Sicherheitsforum\"},\"image\":{\"@id\":\"https:\\\/\\\/news.save.ch\\\/de\\\/#\\\/schema\\\/logo\\\/image\\\/\"}},{\"@type\":\"Person\",\"@id\":\"https:\\\/\\\/news.save.ch\\\/de\\\/#\\\/schema\\\/person\\\/ad4ef21102fd6125312409ac57d5296d\",\"name\":\"Simon Gr\u00f6flin\",\"image\":{\"@type\":\"ImageObject\",\"inLanguage\":\"en-US\",\"@id\":\"https:\\\/\\\/secure.gravatar.com\\\/avatar\\\/6ddceb80eb734354635539e0ea5140bb7c41e42de7c45c9a2ab9921b5d5c9a83?s=96&d=mm&r=g\",\"url\":\"https:\\\/\\\/secure.gravatar.com\\\/avatar\\\/6ddceb80eb734354635539e0ea5140bb7c41e42de7c45c9a2ab9921b5d5c9a83?s=96&d=mm&r=g\",\"contentUrl\":\"https:\\\/\\\/secure.gravatar.com\\\/avatar\\\/6ddceb80eb734354635539e0ea5140bb7c41e42de7c45c9a2ab9921b5d5c9a83?s=96&d=mm&r=g\",\"caption\":\"Simon Gr\u00f6flin\"},\"url\":\"https:\\\/\\\/news.save.ch\\\/en\\\/author\\\/simon-groeflin\\\/\"}]}<\/script>\n<!-- \/ Yoast SEO plugin. -->","yoast_head_json":{"title":"Digitalswitzerland welcomes amendments to the Telecommunications Ordinance - Save","description":"After the deadline for consultation on the amendment of the Telecommunications Service Ordinance has expired, the IT industry association Digitalswitzerland proposes some changes to the Federal Council's proposal.\u00a0","robots":{"index":"index","follow":"follow","max-snippet":"max-snippet:-1","max-image-preview":"max-image-preview:large","max-video-preview":"max-video-preview:-1"},"canonical":"https:\/\/news.save.ch\/en\/digitalswitzerland-begruesst-anpassungen-der-fernmeldeverordnung\/","og_locale":"en_US","og_type":"article","og_title":"Digitalswitzerland begr\u00fcsst Anpassungen der Fernmeldeverordnung - Save","og_description":"Nach der abgelaufenen Frist zur Vernehmlassung zur \u00c4nderung der Fernmeldedienst-Verordnung schl\u00e4gt der IT-Branchenverband Digitalswitzerland einige \u00c4nderungen zum Vorschlag des Bundesrats vor.\u00a0","og_url":"https:\/\/news.save.ch\/en\/digitalswitzerland-begruesst-anpassungen-der-fernmeldeverordnung\/","og_site_name":"Save","article_published_time":"2022-03-22T08:05:11+00:00","article_modified_time":"2023-07-04T07:27:51+00:00","og_image":[{"width":1000,"height":667,"url":"https:\/\/news.save.ch\/wp-content\/uploads\/2022\/03\/Depositphotos_71076033_S.jpg","type":"image\/jpeg"}],"author":"Simon Gr\u00f6flin","twitter_card":"summary_large_image","twitter_misc":{"Written by":"Simon Gr\u00f6flin","Est. reading time":"2 minutes"},"schema":{"@context":"https:\/\/schema.org","@graph":[{"@type":"Article","@id":"https:\/\/news.save.ch\/digitalswitzerland-begruesst-anpassungen-der-fernmeldeverordnung\/#article","isPartOf":{"@id":"https:\/\/news.save.ch\/digitalswitzerland-begruesst-anpassungen-der-fernmeldeverordnung\/"},"author":{"name":"Simon Gr\u00f6flin","@id":"https:\/\/news.save.ch\/de\/#\/schema\/person\/ad4ef21102fd6125312409ac57d5296d"},"headline":"Digitalswitzerland begr\u00fcsst Anpassungen der Fernmeldeverordnung","datePublished":"2022-03-22T08:05:11+00:00","dateModified":"2023-07-04T07:27:51+00:00","mainEntityOfPage":{"@id":"https:\/\/news.save.ch\/digitalswitzerland-begruesst-anpassungen-der-fernmeldeverordnung\/"},"wordCount":207,"publisher":{"@id":"https:\/\/news.save.ch\/de\/#organization"},"image":{"@id":"https:\/\/news.save.ch\/digitalswitzerland-begruesst-anpassungen-der-fernmeldeverordnung\/#primaryimage"},"thumbnailUrl":"https:\/\/news.save.ch\/wp-content\/uploads\/2022\/03\/Depositphotos_71076033_S.jpg","keywords":["5G-Mobilfunknetzen","Cybersicherheit","Digitalswitzerland","Fernmeldeanlagen","Fernmeldenetze","Fernmeldeverordnung","Netzwerksicherheit"],"articleSection":["DIGITALISIERUNG"],"inLanguage":"en-US"},{"@type":"WebPage","@id":"https:\/\/news.save.ch\/digitalswitzerland-begruesst-anpassungen-der-fernmeldeverordnung\/","url":"https:\/\/news.save.ch\/digitalswitzerland-begruesst-anpassungen-der-fernmeldeverordnung\/","name":"Digitalswitzerland welcomes amendments to the Telecommunications Ordinance - Save","isPartOf":{"@id":"https:\/\/news.save.ch\/de\/#website"},"primaryImageOfPage":{"@id":"https:\/\/news.save.ch\/digitalswitzerland-begruesst-anpassungen-der-fernmeldeverordnung\/#primaryimage"},"image":{"@id":"https:\/\/news.save.ch\/digitalswitzerland-begruesst-anpassungen-der-fernmeldeverordnung\/#primaryimage"},"thumbnailUrl":"https:\/\/news.save.ch\/wp-content\/uploads\/2022\/03\/Depositphotos_71076033_S.jpg","datePublished":"2022-03-22T08:05:11+00:00","dateModified":"2023-07-04T07:27:51+00:00","description":"After the deadline for consultation on the amendment of the Telecommunications Service Ordinance has expired, the IT industry association Digitalswitzerland proposes some changes to the Federal Council's proposal.\u00a0","breadcrumb":{"@id":"https:\/\/news.save.ch\/digitalswitzerland-begruesst-anpassungen-der-fernmeldeverordnung\/#breadcrumb"},"inLanguage":"en-US","potentialAction":[{"@type":"ReadAction","target":["https:\/\/news.save.ch\/digitalswitzerland-begruesst-anpassungen-der-fernmeldeverordnung\/"]}]},{"@type":"ImageObject","inLanguage":"en-US","@id":"https:\/\/news.save.ch\/digitalswitzerland-begruesst-anpassungen-der-fernmeldeverordnung\/#primaryimage","url":"https:\/\/news.save.ch\/wp-content\/uploads\/2022\/03\/Depositphotos_71076033_S.jpg","contentUrl":"https:\/\/news.save.ch\/wp-content\/uploads\/2022\/03\/Depositphotos_71076033_S.jpg","width":1000,"height":667,"caption":"Law concept, owl in a judge gavel concept"},{"@type":"BreadcrumbList","@id":"https:\/\/news.save.ch\/digitalswitzerland-begruesst-anpassungen-der-fernmeldeverordnung\/#breadcrumb","itemListElement":[{"@type":"ListItem","position":1,"name":"Home","item":"https:\/\/news.save.ch\/de\/"},{"@type":"ListItem","position":2,"name":"Digitalswitzerland begr\u00fcsst Anpassungen der Fernmeldeverordnung"}]},{"@type":"WebSite","@id":"https:\/\/news.save.ch\/de\/#website","url":"https:\/\/news.save.ch\/de\/","name":"Save","description":"Swiss trade journal for safety","publisher":{"@id":"https:\/\/news.save.ch\/de\/#organization"},"potentialAction":[{"@type":"SearchAction","target":{"@type":"EntryPoint","urlTemplate":"https:\/\/news.save.ch\/de\/?s={search_term_string}"},"query-input":{"@type":"PropertyValueSpecification","valueRequired":true,"valueName":"search_term_string"}}],"inLanguage":"en-US"},{"@type":"Organization","@id":"https:\/\/news.save.ch\/de\/#organization","name":"Security Forum","url":"https:\/\/news.save.ch\/de\/","logo":{"@type":"ImageObject","inLanguage":"en-US","@id":"https:\/\/news.save.ch\/de\/#\/schema\/logo\/image\/","url":"https:\/\/news.save.ch\/wp-content\/uploads\/2022\/06\/Logo_SF_2012.png","contentUrl":"https:\/\/news.save.ch\/wp-content\/uploads\/2022\/06\/Logo_SF_2012.png","width":1100,"height":91,"caption":"Sicherheitsforum"},"image":{"@id":"https:\/\/news.save.ch\/de\/#\/schema\/logo\/image\/"}},{"@type":"Person","@id":"https:\/\/news.save.ch\/de\/#\/schema\/person\/ad4ef21102fd6125312409ac57d5296d","name":"Simon Gr\u00f6flin","image":{"@type":"ImageObject","inLanguage":"en-US","@id":"https:\/\/secure.gravatar.com\/avatar\/6ddceb80eb734354635539e0ea5140bb7c41e42de7c45c9a2ab9921b5d5c9a83?s=96&d=mm&r=g","url":"https:\/\/secure.gravatar.com\/avatar\/6ddceb80eb734354635539e0ea5140bb7c41e42de7c45c9a2ab9921b5d5c9a83?s=96&d=mm&r=g","contentUrl":"https:\/\/secure.gravatar.com\/avatar\/6ddceb80eb734354635539e0ea5140bb7c41e42de7c45c9a2ab9921b5d5c9a83?s=96&d=mm&r=g","caption":"Simon Gr\u00f6flin"},"url":"https:\/\/news.save.ch\/en\/author\/simon-groeflin\/"}]}},"_links":{"self":[{"href":"https:\/\/news.save.ch\/en\/wp-json\/wp\/v2\/posts\/13855","targetHints":{"allow":["GET"]}}],"collection":[{"href":"https:\/\/news.save.ch\/en\/wp-json\/wp\/v2\/posts"}],"about":[{"href":"https:\/\/news.save.ch\/en\/wp-json\/wp\/v2\/types\/post"}],"author":[{"embeddable":true,"href":"https:\/\/news.save.ch\/en\/wp-json\/wp\/v2\/users\/9"}],"replies":[{"embeddable":true,"href":"https:\/\/news.save.ch\/en\/wp-json\/wp\/v2\/comments?post=13855"}],"version-history":[{"count":3,"href":"https:\/\/news.save.ch\/en\/wp-json\/wp\/v2\/posts\/13855\/revisions"}],"predecessor-version":[{"id":20459,"href":"https:\/\/news.save.ch\/en\/wp-json\/wp\/v2\/posts\/13855\/revisions\/20459"}],"wp:featuredmedia":[{"embeddable":true,"href":"https:\/\/news.save.ch\/en\/wp-json\/wp\/v2\/media\/13857"}],"wp:attachment":[{"href":"https:\/\/news.save.ch\/en\/wp-json\/wp\/v2\/media?parent=13855"}],"wp:term":[{"taxonomy":"category","embeddable":true,"href":"https:\/\/news.save.ch\/en\/wp-json\/wp\/v2\/categories?post=13855"},{"taxonomy":"post_tag","embeddable":true,"href":"https:\/\/news.save.ch\/en\/wp-json\/wp\/v2\/tags?post=13855"}],"curies":[{"name":"wp","href":"https:\/\/api.w.org\/{rel}","templated":true}]}}