{"id":14049,"date":"2022-04-27T10:58:10","date_gmt":"2022-04-27T08:58:10","guid":{"rendered":"https:\/\/news.save.ch\/?p=14049"},"modified":"2023-06-25T18:18:30","modified_gmt":"2023-06-25T16:18:30","slug":"statistik-zur-fernmeldeueberwachung-weniger-ueberwachung-mehr-auskuenfte","status":null,"type":"post","link":"https:\/\/news.save.ch\/en\/statistik-zur-fernmeldeueberwachung-weniger-ueberwachung-mehr-auskuenfte\/","title":{"rendered":"Statistics on telecommunications surveillance: less surveillance, more information"},"content":{"rendered":"<figure id=\"attachment_14051\" aria-describedby=\"caption-attachment-14051\" style=\"width: 680px\" class=\"wp-caption alignnone\"><img loading=\"lazy\" decoding=\"async\" class=\"wp-image-14051 size-medium\" src=\"https:\/\/news.save.ch\/wp-content\/uploads\/2022\/04\/Depositphotos_163607140_S.jpg\" alt=\"Statistics on telecommunications surveillance: less surveillance, more information\" width=\"680\" height=\"383\" srcset=\"https:\/\/news.save.ch\/wp-content\/uploads\/2022\/04\/Depositphotos_163607140_S.jpg 1000w, https:\/\/news.save.ch\/wp-content\/uploads\/2022\/04\/Depositphotos_163607140_S-375x211.jpg 375w\" sizes=\"auto, (max-width: 680px) 100vw, 680px\" \/><figcaption id=\"caption-attachment-14051\" class=\"wp-caption-text\">Image: depositphotos<\/figcaption><\/figure>\n<p>According to the latest statistics on telecommunications surveillance, the number of real-time surveillance measures has fallen to 1055 compared with the previous year (1296). A decrease was also recorded in the number of retroactive surveillance measures. According to the 2021 report, a total of 6265 retroactive surveillance measures were ordered. This corresponds to a decrease of 896 retroactive measures compared to 2020.<\/p>\n<h2>9113 Information on copies of identification documents or contract data<\/h2>\n<p>The statistics also include emergency searches for missing persons. This number has increased by 39 percent since 2016. The federal government also mentions more complex information and telephone directory queries. In 2021, law enforcement agencies and the FIS obtained a total of 18 percent more information from the \u00dcPF service.<\/p>\n<p>A total of 9113 requests for complex information, such as copies of ID documents or contract data, were received. The number of requests for this type of special information increased by 51 percent compared with the previous year. However, simple information such as telephone directory or IP address queries were also used more frequently. This figure rose by 17 percent to 298,342.<\/p>\n<p>In contrast, the number of deployments using special IT tools such as GovWare remained roughly in line with the previous year (11 versus 13 percent). Most of these surveillance measures were used for money laundering and serious narcotics offenses. The number of deployments of so-called IMSI catchers also remained at the previous year's level (112 versus 107 percent). For the most part, these instruments were used in emergency searches for missing persons and narcotics offenses.<\/p>\n<h2>Surveillance of the NDB<\/h2>\n<p>In 2021, the FIS ordered 47 surveillance operations and issued 7781 requests for information. In the previous year, there were 18 surveillances and 7652 requests for information. It should be noted that the method of counting used by the FIS differs from that used by the FSP service.<\/p>\n<p><em>Source: NDB<\/em><\/p>","protected":false},"excerpt":{"rendered":"<p>Laut der aktuellen Statistik zur Fernmelde\u00fcberwachung ist die Anzahl der Echtzeit\u00fcberwachungsmassnahmen gegen\u00fcber dem Vorjahr (1296) auf 1055 gesunken. Ein R\u00fcckgang sei auch bei den r\u00fcckwirkenden \u00dcberwachungsmassnahmen zu verzeichnen. Insgesamt wurden laut dem Bericht 2021 demnach 6265 r\u00fcckwirkende \u00dcberwachungsmassnahmen angeordnet. Dies entspreche einem R\u00fcckgang von 896 der r\u00fcckwirkenden Massnahmen gegen\u00fcber dem 2020. 9113 Ausk\u00fcnfte zu Ausweiskopien [&hellip;]<\/p>\n","protected":false},"author":9,"featured_media":14051,"comment_status":"closed","ping_status":"closed","sticky":false,"template":"","format":"standard","meta":{"_acf_changed":false,"pgc_sgb_lightbox_settings":"","footnotes":""},"categories":[1],"tags":[4581,4579,642,1206,4580],"class_list":["post-14049","post","type-post","status-publish","format-standard","has-post-thumbnail","hentry","category-allgemein","tag-auskuenfte","tag-dienst-uepf","tag-fernmeldeueberwachung","tag-ndb","tag-rueckgang"],"acf":[],"hkrextid":null,"publication":null,"issue":null,"workflow":null,"startPage":null,"spitzmarke":null,"_posts_by_tag_page_fields":{"widget_title":"","widget_tags":""},"_at_widget":"1","_yoast_wpseo_primary_category":"","_yoast_wpseo_focuskw_text_input":null,"_yoast_wpseo_opengraph-image":null,"_yoast_wpseo_opengraph-description":null,"_yoast_wpseo_opengraph-title":null,"enclosure":null,"_yoast_wpseo_twitter-title":null,"_yoast_wpseo_twitter-description":null,"_yoast_wpseo_twitter-image":null,"_wp_old_slug":null,"_yoast_wpseo_title":null,"_yoast_wpseo_canonical":null,"yoast_head":"<!-- This site is optimized with the Yoast SEO plugin v27.4 - https:\/\/yoast.com\/product\/yoast-seo-wordpress\/ -->\n<title>Statistik zur Fernmelde\u00fcberwachung: Weniger \u00dcberwachung, mehr Ausk\u00fcnfte - Save<\/title>\n<meta name=\"description\" content=\"Insgesamt wurden im Jahr 11 Prozent weniger \u00dcberwachungsmassnahmen beim Dienst \u00dcberwachung und Fernmeldeverkehr (\u00dcPF) angeordnet. Gestiegen ist hingegen die Anzahl der Ausk\u00fcnfte zu Fernmeldeanschl\u00fcssen.\" \/>\n<meta name=\"robots\" content=\"index, follow, max-snippet:-1, max-image-preview:large, max-video-preview:-1\" \/>\n<link rel=\"canonical\" href=\"https:\/\/news.save.ch\/en\/statistik-zur-fernmeldeueberwachung-weniger-ueberwachung-mehr-auskuenfte\/\" \/>\n<meta property=\"og:locale\" content=\"en_US\" \/>\n<meta property=\"og:type\" content=\"article\" \/>\n<meta property=\"og:title\" content=\"Statistik zur Fernmelde\u00fcberwachung: Weniger \u00dcberwachung, mehr Ausk\u00fcnfte - Save\" \/>\n<meta property=\"og:description\" content=\"Insgesamt wurden im Jahr 11 Prozent weniger \u00dcberwachungsmassnahmen beim Dienst \u00dcberwachung und Fernmeldeverkehr (\u00dcPF) angeordnet. Gestiegen ist hingegen die Anzahl der Ausk\u00fcnfte zu Fernmeldeanschl\u00fcssen.\" \/>\n<meta property=\"og:url\" content=\"https:\/\/news.save.ch\/en\/statistik-zur-fernmeldeueberwachung-weniger-ueberwachung-mehr-auskuenfte\/\" \/>\n<meta property=\"og:site_name\" content=\"Save\" \/>\n<meta property=\"article:published_time\" content=\"2022-04-27T08:58:10+00:00\" \/>\n<meta property=\"article:modified_time\" content=\"2023-06-25T16:18:30+00:00\" \/>\n<meta property=\"og:image\" content=\"https:\/\/news.save.ch\/wp-content\/uploads\/2022\/04\/Depositphotos_163607140_S.jpg\" \/>\n\t<meta property=\"og:image:width\" content=\"1000\" \/>\n\t<meta property=\"og:image:height\" content=\"563\" \/>\n\t<meta property=\"og:image:type\" content=\"image\/jpeg\" \/>\n<meta name=\"author\" content=\"Simon Gr\u00f6flin\" \/>\n<meta name=\"twitter:card\" content=\"summary_large_image\" \/>\n<meta name=\"twitter:label1\" content=\"Written by\" \/>\n\t<meta name=\"twitter:data1\" content=\"Simon Gr\u00f6flin\" \/>\n\t<meta name=\"twitter:label2\" content=\"Est. reading time\" \/>\n\t<meta name=\"twitter:data2\" content=\"2 minutes\" \/>\n<script type=\"application\/ld+json\" class=\"yoast-schema-graph\">{\"@context\":\"https:\\\/\\\/schema.org\",\"@graph\":[{\"@type\":\"Article\",\"@id\":\"https:\\\/\\\/news.save.ch\\\/statistik-zur-fernmeldeueberwachung-weniger-ueberwachung-mehr-auskuenfte\\\/#article\",\"isPartOf\":{\"@id\":\"https:\\\/\\\/news.save.ch\\\/statistik-zur-fernmeldeueberwachung-weniger-ueberwachung-mehr-auskuenfte\\\/\"},\"author\":{\"name\":\"Simon Gr\u00f6flin\",\"@id\":\"https:\\\/\\\/news.save.ch\\\/de\\\/#\\\/schema\\\/person\\\/ad4ef21102fd6125312409ac57d5296d\"},\"headline\":\"Statistik zur Fernmelde\u00fcberwachung: Weniger \u00dcberwachung, mehr Ausk\u00fcnfte\",\"datePublished\":\"2022-04-27T08:58:10+00:00\",\"dateModified\":\"2023-06-25T16:18:30+00:00\",\"mainEntityOfPage\":{\"@id\":\"https:\\\/\\\/news.save.ch\\\/statistik-zur-fernmeldeueberwachung-weniger-ueberwachung-mehr-auskuenfte\\\/\"},\"wordCount\":275,\"publisher\":{\"@id\":\"https:\\\/\\\/news.save.ch\\\/de\\\/#organization\"},\"image\":{\"@id\":\"https:\\\/\\\/news.save.ch\\\/statistik-zur-fernmeldeueberwachung-weniger-ueberwachung-mehr-auskuenfte\\\/#primaryimage\"},\"thumbnailUrl\":\"https:\\\/\\\/news.save.ch\\\/wp-content\\\/uploads\\\/2022\\\/04\\\/Depositphotos_163607140_S.jpg\",\"keywords\":[\"Ausk\u00fcnfte\",\"Dienst \u00dcPF\",\"Fernmelde\u00fcberwachung\",\"NDB\",\"R\u00fcckgang\"],\"articleSection\":[\"ALLGEMEIN\"],\"inLanguage\":\"en-US\"},{\"@type\":\"WebPage\",\"@id\":\"https:\\\/\\\/news.save.ch\\\/statistik-zur-fernmeldeueberwachung-weniger-ueberwachung-mehr-auskuenfte\\\/\",\"url\":\"https:\\\/\\\/news.save.ch\\\/statistik-zur-fernmeldeueberwachung-weniger-ueberwachung-mehr-auskuenfte\\\/\",\"name\":\"Statistik zur Fernmelde\u00fcberwachung: Weniger \u00dcberwachung, mehr Ausk\u00fcnfte - Save\",\"isPartOf\":{\"@id\":\"https:\\\/\\\/news.save.ch\\\/de\\\/#website\"},\"primaryImageOfPage\":{\"@id\":\"https:\\\/\\\/news.save.ch\\\/statistik-zur-fernmeldeueberwachung-weniger-ueberwachung-mehr-auskuenfte\\\/#primaryimage\"},\"image\":{\"@id\":\"https:\\\/\\\/news.save.ch\\\/statistik-zur-fernmeldeueberwachung-weniger-ueberwachung-mehr-auskuenfte\\\/#primaryimage\"},\"thumbnailUrl\":\"https:\\\/\\\/news.save.ch\\\/wp-content\\\/uploads\\\/2022\\\/04\\\/Depositphotos_163607140_S.jpg\",\"datePublished\":\"2022-04-27T08:58:10+00:00\",\"dateModified\":\"2023-06-25T16:18:30+00:00\",\"description\":\"Insgesamt wurden im Jahr 11 Prozent weniger \u00dcberwachungsmassnahmen beim Dienst \u00dcberwachung und Fernmeldeverkehr (\u00dcPF) angeordnet. Gestiegen ist hingegen die Anzahl der Ausk\u00fcnfte zu Fernmeldeanschl\u00fcssen.\",\"breadcrumb\":{\"@id\":\"https:\\\/\\\/news.save.ch\\\/statistik-zur-fernmeldeueberwachung-weniger-ueberwachung-mehr-auskuenfte\\\/#breadcrumb\"},\"inLanguage\":\"en-US\",\"potentialAction\":[{\"@type\":\"ReadAction\",\"target\":[\"https:\\\/\\\/news.save.ch\\\/statistik-zur-fernmeldeueberwachung-weniger-ueberwachung-mehr-auskuenfte\\\/\"]}]},{\"@type\":\"ImageObject\",\"inLanguage\":\"en-US\",\"@id\":\"https:\\\/\\\/news.save.ch\\\/statistik-zur-fernmeldeueberwachung-weniger-ueberwachung-mehr-auskuenfte\\\/#primaryimage\",\"url\":\"https:\\\/\\\/news.save.ch\\\/wp-content\\\/uploads\\\/2022\\\/04\\\/Depositphotos_163607140_S.jpg\",\"contentUrl\":\"https:\\\/\\\/news.save.ch\\\/wp-content\\\/uploads\\\/2022\\\/04\\\/Depositphotos_163607140_S.jpg\",\"width\":1000,\"height\":563,\"caption\":\"System Security Specialist Working at System Control Center. Room is Full of Screens Displaying Various Information.\"},{\"@type\":\"BreadcrumbList\",\"@id\":\"https:\\\/\\\/news.save.ch\\\/statistik-zur-fernmeldeueberwachung-weniger-ueberwachung-mehr-auskuenfte\\\/#breadcrumb\",\"itemListElement\":[{\"@type\":\"ListItem\",\"position\":1,\"name\":\"Home\",\"item\":\"https:\\\/\\\/news.save.ch\\\/de\\\/\"},{\"@type\":\"ListItem\",\"position\":2,\"name\":\"Statistik zur Fernmelde\u00fcberwachung: Weniger \u00dcberwachung, mehr Ausk\u00fcnfte\"}]},{\"@type\":\"WebSite\",\"@id\":\"https:\\\/\\\/news.save.ch\\\/de\\\/#website\",\"url\":\"https:\\\/\\\/news.save.ch\\\/de\\\/\",\"name\":\"Save\",\"description\":\"Schweizer Fachzeitschrift f\u00fcr Sicherheit\",\"publisher\":{\"@id\":\"https:\\\/\\\/news.save.ch\\\/de\\\/#organization\"},\"potentialAction\":[{\"@type\":\"SearchAction\",\"target\":{\"@type\":\"EntryPoint\",\"urlTemplate\":\"https:\\\/\\\/news.save.ch\\\/de\\\/?s={search_term_string}\"},\"query-input\":{\"@type\":\"PropertyValueSpecification\",\"valueRequired\":true,\"valueName\":\"search_term_string\"}}],\"inLanguage\":\"en-US\"},{\"@type\":\"Organization\",\"@id\":\"https:\\\/\\\/news.save.ch\\\/de\\\/#organization\",\"name\":\"Sicherheitsforum\",\"url\":\"https:\\\/\\\/news.save.ch\\\/de\\\/\",\"logo\":{\"@type\":\"ImageObject\",\"inLanguage\":\"en-US\",\"@id\":\"https:\\\/\\\/news.save.ch\\\/de\\\/#\\\/schema\\\/logo\\\/image\\\/\",\"url\":\"https:\\\/\\\/news.save.ch\\\/wp-content\\\/uploads\\\/2022\\\/06\\\/Logo_SF_2012.png\",\"contentUrl\":\"https:\\\/\\\/news.save.ch\\\/wp-content\\\/uploads\\\/2022\\\/06\\\/Logo_SF_2012.png\",\"width\":1100,\"height\":91,\"caption\":\"Sicherheitsforum\"},\"image\":{\"@id\":\"https:\\\/\\\/news.save.ch\\\/de\\\/#\\\/schema\\\/logo\\\/image\\\/\"}},{\"@type\":\"Person\",\"@id\":\"https:\\\/\\\/news.save.ch\\\/de\\\/#\\\/schema\\\/person\\\/ad4ef21102fd6125312409ac57d5296d\",\"name\":\"Simon Gr\u00f6flin\",\"image\":{\"@type\":\"ImageObject\",\"inLanguage\":\"en-US\",\"@id\":\"https:\\\/\\\/secure.gravatar.com\\\/avatar\\\/6ddceb80eb734354635539e0ea5140bb7c41e42de7c45c9a2ab9921b5d5c9a83?s=96&d=mm&r=g\",\"url\":\"https:\\\/\\\/secure.gravatar.com\\\/avatar\\\/6ddceb80eb734354635539e0ea5140bb7c41e42de7c45c9a2ab9921b5d5c9a83?s=96&d=mm&r=g\",\"contentUrl\":\"https:\\\/\\\/secure.gravatar.com\\\/avatar\\\/6ddceb80eb734354635539e0ea5140bb7c41e42de7c45c9a2ab9921b5d5c9a83?s=96&d=mm&r=g\",\"caption\":\"Simon Gr\u00f6flin\"},\"url\":\"https:\\\/\\\/news.save.ch\\\/en\\\/author\\\/simon-groeflin\\\/\"}]}<\/script>\n<!-- \/ Yoast SEO plugin. -->","yoast_head_json":{"title":"Statistics on telecommunications surveillance: less surveillance, more information - Save","description":"Overall, 11 percent fewer surveillance measures were ordered from the Surveillance and Telecommunications Service (\u00dcPF) in the year under review. On the other hand, the number of requests for information on telecommunications connections increased.","robots":{"index":"index","follow":"follow","max-snippet":"max-snippet:-1","max-image-preview":"max-image-preview:large","max-video-preview":"max-video-preview:-1"},"canonical":"https:\/\/news.save.ch\/en\/statistik-zur-fernmeldeueberwachung-weniger-ueberwachung-mehr-auskuenfte\/","og_locale":"en_US","og_type":"article","og_title":"Statistik zur Fernmelde\u00fcberwachung: Weniger \u00dcberwachung, mehr Ausk\u00fcnfte - Save","og_description":"Insgesamt wurden im Jahr 11 Prozent weniger \u00dcberwachungsmassnahmen beim Dienst \u00dcberwachung und Fernmeldeverkehr (\u00dcPF) angeordnet. Gestiegen ist hingegen die Anzahl der Ausk\u00fcnfte zu Fernmeldeanschl\u00fcssen.","og_url":"https:\/\/news.save.ch\/en\/statistik-zur-fernmeldeueberwachung-weniger-ueberwachung-mehr-auskuenfte\/","og_site_name":"Save","article_published_time":"2022-04-27T08:58:10+00:00","article_modified_time":"2023-06-25T16:18:30+00:00","og_image":[{"width":1000,"height":563,"url":"https:\/\/news.save.ch\/wp-content\/uploads\/2022\/04\/Depositphotos_163607140_S.jpg","type":"image\/jpeg"}],"author":"Simon Gr\u00f6flin","twitter_card":"summary_large_image","twitter_misc":{"Written by":"Simon Gr\u00f6flin","Est. reading time":"2 minutes"},"schema":{"@context":"https:\/\/schema.org","@graph":[{"@type":"Article","@id":"https:\/\/news.save.ch\/statistik-zur-fernmeldeueberwachung-weniger-ueberwachung-mehr-auskuenfte\/#article","isPartOf":{"@id":"https:\/\/news.save.ch\/statistik-zur-fernmeldeueberwachung-weniger-ueberwachung-mehr-auskuenfte\/"},"author":{"name":"Simon Gr\u00f6flin","@id":"https:\/\/news.save.ch\/de\/#\/schema\/person\/ad4ef21102fd6125312409ac57d5296d"},"headline":"Statistik zur Fernmelde\u00fcberwachung: Weniger \u00dcberwachung, mehr Ausk\u00fcnfte","datePublished":"2022-04-27T08:58:10+00:00","dateModified":"2023-06-25T16:18:30+00:00","mainEntityOfPage":{"@id":"https:\/\/news.save.ch\/statistik-zur-fernmeldeueberwachung-weniger-ueberwachung-mehr-auskuenfte\/"},"wordCount":275,"publisher":{"@id":"https:\/\/news.save.ch\/de\/#organization"},"image":{"@id":"https:\/\/news.save.ch\/statistik-zur-fernmeldeueberwachung-weniger-ueberwachung-mehr-auskuenfte\/#primaryimage"},"thumbnailUrl":"https:\/\/news.save.ch\/wp-content\/uploads\/2022\/04\/Depositphotos_163607140_S.jpg","keywords":["Ausk\u00fcnfte","Dienst \u00dcPF","Fernmelde\u00fcberwachung","NDB","R\u00fcckgang"],"articleSection":["ALLGEMEIN"],"inLanguage":"en-US"},{"@type":"WebPage","@id":"https:\/\/news.save.ch\/statistik-zur-fernmeldeueberwachung-weniger-ueberwachung-mehr-auskuenfte\/","url":"https:\/\/news.save.ch\/statistik-zur-fernmeldeueberwachung-weniger-ueberwachung-mehr-auskuenfte\/","name":"Statistics on telecommunications surveillance: less surveillance, more information - Save","isPartOf":{"@id":"https:\/\/news.save.ch\/de\/#website"},"primaryImageOfPage":{"@id":"https:\/\/news.save.ch\/statistik-zur-fernmeldeueberwachung-weniger-ueberwachung-mehr-auskuenfte\/#primaryimage"},"image":{"@id":"https:\/\/news.save.ch\/statistik-zur-fernmeldeueberwachung-weniger-ueberwachung-mehr-auskuenfte\/#primaryimage"},"thumbnailUrl":"https:\/\/news.save.ch\/wp-content\/uploads\/2022\/04\/Depositphotos_163607140_S.jpg","datePublished":"2022-04-27T08:58:10+00:00","dateModified":"2023-06-25T16:18:30+00:00","description":"Overall, 11 percent fewer surveillance measures were ordered from the Surveillance and Telecommunications Service (\u00dcPF) in the year under review. On the other hand, the number of requests for information on telecommunications connections increased.","breadcrumb":{"@id":"https:\/\/news.save.ch\/statistik-zur-fernmeldeueberwachung-weniger-ueberwachung-mehr-auskuenfte\/#breadcrumb"},"inLanguage":"en-US","potentialAction":[{"@type":"ReadAction","target":["https:\/\/news.save.ch\/statistik-zur-fernmeldeueberwachung-weniger-ueberwachung-mehr-auskuenfte\/"]}]},{"@type":"ImageObject","inLanguage":"en-US","@id":"https:\/\/news.save.ch\/statistik-zur-fernmeldeueberwachung-weniger-ueberwachung-mehr-auskuenfte\/#primaryimage","url":"https:\/\/news.save.ch\/wp-content\/uploads\/2022\/04\/Depositphotos_163607140_S.jpg","contentUrl":"https:\/\/news.save.ch\/wp-content\/uploads\/2022\/04\/Depositphotos_163607140_S.jpg","width":1000,"height":563,"caption":"System Security Specialist Working at System Control Center. Room is Full of Screens Displaying Various Information."},{"@type":"BreadcrumbList","@id":"https:\/\/news.save.ch\/statistik-zur-fernmeldeueberwachung-weniger-ueberwachung-mehr-auskuenfte\/#breadcrumb","itemListElement":[{"@type":"ListItem","position":1,"name":"Home","item":"https:\/\/news.save.ch\/de\/"},{"@type":"ListItem","position":2,"name":"Statistik zur Fernmelde\u00fcberwachung: Weniger \u00dcberwachung, mehr Ausk\u00fcnfte"}]},{"@type":"WebSite","@id":"https:\/\/news.save.ch\/de\/#website","url":"https:\/\/news.save.ch\/de\/","name":"Save","description":"Swiss trade journal for safety","publisher":{"@id":"https:\/\/news.save.ch\/de\/#organization"},"potentialAction":[{"@type":"SearchAction","target":{"@type":"EntryPoint","urlTemplate":"https:\/\/news.save.ch\/de\/?s={search_term_string}"},"query-input":{"@type":"PropertyValueSpecification","valueRequired":true,"valueName":"search_term_string"}}],"inLanguage":"en-US"},{"@type":"Organization","@id":"https:\/\/news.save.ch\/de\/#organization","name":"Security Forum","url":"https:\/\/news.save.ch\/de\/","logo":{"@type":"ImageObject","inLanguage":"en-US","@id":"https:\/\/news.save.ch\/de\/#\/schema\/logo\/image\/","url":"https:\/\/news.save.ch\/wp-content\/uploads\/2022\/06\/Logo_SF_2012.png","contentUrl":"https:\/\/news.save.ch\/wp-content\/uploads\/2022\/06\/Logo_SF_2012.png","width":1100,"height":91,"caption":"Sicherheitsforum"},"image":{"@id":"https:\/\/news.save.ch\/de\/#\/schema\/logo\/image\/"}},{"@type":"Person","@id":"https:\/\/news.save.ch\/de\/#\/schema\/person\/ad4ef21102fd6125312409ac57d5296d","name":"Simon Gr\u00f6flin","image":{"@type":"ImageObject","inLanguage":"en-US","@id":"https:\/\/secure.gravatar.com\/avatar\/6ddceb80eb734354635539e0ea5140bb7c41e42de7c45c9a2ab9921b5d5c9a83?s=96&d=mm&r=g","url":"https:\/\/secure.gravatar.com\/avatar\/6ddceb80eb734354635539e0ea5140bb7c41e42de7c45c9a2ab9921b5d5c9a83?s=96&d=mm&r=g","contentUrl":"https:\/\/secure.gravatar.com\/avatar\/6ddceb80eb734354635539e0ea5140bb7c41e42de7c45c9a2ab9921b5d5c9a83?s=96&d=mm&r=g","caption":"Simon Gr\u00f6flin"},"url":"https:\/\/news.save.ch\/en\/author\/simon-groeflin\/"}]}},"_links":{"self":[{"href":"https:\/\/news.save.ch\/en\/wp-json\/wp\/v2\/posts\/14049","targetHints":{"allow":["GET"]}}],"collection":[{"href":"https:\/\/news.save.ch\/en\/wp-json\/wp\/v2\/posts"}],"about":[{"href":"https:\/\/news.save.ch\/en\/wp-json\/wp\/v2\/types\/post"}],"author":[{"embeddable":true,"href":"https:\/\/news.save.ch\/en\/wp-json\/wp\/v2\/users\/9"}],"replies":[{"embeddable":true,"href":"https:\/\/news.save.ch\/en\/wp-json\/wp\/v2\/comments?post=14049"}],"version-history":[{"count":1,"href":"https:\/\/news.save.ch\/en\/wp-json\/wp\/v2\/posts\/14049\/revisions"}],"predecessor-version":[{"id":20238,"href":"https:\/\/news.save.ch\/en\/wp-json\/wp\/v2\/posts\/14049\/revisions\/20238"}],"wp:featuredmedia":[{"embeddable":true,"href":"https:\/\/news.save.ch\/en\/wp-json\/wp\/v2\/media\/14051"}],"wp:attachment":[{"href":"https:\/\/news.save.ch\/en\/wp-json\/wp\/v2\/media?parent=14049"}],"wp:term":[{"taxonomy":"category","embeddable":true,"href":"https:\/\/news.save.ch\/en\/wp-json\/wp\/v2\/categories?post=14049"},{"taxonomy":"post_tag","embeddable":true,"href":"https:\/\/news.save.ch\/en\/wp-json\/wp\/v2\/tags?post=14049"}],"curies":[{"name":"wp","href":"https:\/\/api.w.org\/{rel}","templated":true}]}}