{"id":1409,"date":"2016-05-15T09:01:13","date_gmt":"2016-05-15T07:01:13","guid":{"rendered":"http:\/\/dev.safety-plus.ch\/?p=877"},"modified":"2016-05-15T09:01:13","modified_gmt":"2016-05-15T07:01:13","slug":"technologie-verhindert-persoenliche-kontakte-bei-der-arbeit","status":null,"type":"post","link":"https:\/\/news.save.ch\/en\/technologie-verhindert-persoenliche-kontakte-bei-der-arbeit\/","title":{"rendered":"Technology prevents personal contact at work"},"content":{"rendered":"<figure id=\"attachment_878\" aria-describedby=\"caption-attachment-878\" style=\"width: 680px\" class=\"wp-caption alignnone\"><img loading=\"lazy\" decoding=\"async\" class=\"wp-image-878 size-medium\" src=\"http:\/\/develop.safety-plus.ch\/wp-content\/uploads\/2016\/12\/Technologie-verhindert-persoenliche-Kontakte-bei-der-Arbeit_safety-plus.jpg\" width=\"680\" height=\"510\" \/><figcaption id=\"caption-attachment-878\" class=\"wp-caption-text\">Lack of social interaction at work: a consequence of modern communication technologies.<\/figcaption><\/figure>\n<p>Technologies such as email and chat programs make everyday working life easier - but we pay a price for it: according to a <a href=\"http:\/\/www.randstad.com\/press\/research-reports\/research-reports\/\" target=\"_blank\" data-cke-saved-href=\"http:\/\/www.randstad.com\/press\/research-reports\/research-reports\/\" rel=\"noopener\">Study by HR specialist Randstad<\/a>\u00a0personal contact with colleagues and customers decreases.<\/p>\n<p>The study surveyed employees from 34 countries around the world. 60% were of the opinion that their interactions with work contacts are less direct thanks to technology.<\/p>\n<p>47% of those surveyed stated that they feel less connected to their colleagues due to the omnipresence of technology in their workplace. Indian employees appear to be particularly affected, with 71% complaining of a lack of interaction with colleagues. At 46%, Switzerland is just at the average of the countries surveyed.<\/p>\n<p>And this is not what employees want: 89% stated that a face-to-face meeting is the best way to interact with someone.<\/p>\n<p>This decrease in direct interaction with other people at work can have an impact on mental health. Experts therefore advise employees to counteract loneliness directly - for example by having lunch and coffee breaks together, or even going to the office next door in person instead of sending an email.<\/p>","protected":false},"excerpt":{"rendered":"<p>Technologien wie Email und Chatprogramme machen den Arbeitsalltag einfacher &#8211; doch wir bezahlen einen Preis daf\u00fcr: Laut einer Studie des HR-Spezialisten Randstad\u00a0nehmen die pers\u00f6nlichen Kontakte mit Kollegen und Kunden ab. In der Studie wurden Arbeitnehmer aus 34 L\u00e4ndern rund um den Globus befragt. 60% waren der Meinung, dass ihre Interaktionen mit Arbeitskontakten dank der Technologien [&hellip;]<\/p>\n","protected":false},"author":1,"featured_media":16102,"comment_status":"open","ping_status":"open","sticky":false,"template":"","format":"standard","meta":{"_acf_changed":false,"pgc_sgb_lightbox_settings":"","footnotes":""},"categories":[1],"tags":[2729],"class_list":["post-1409","post","type-post","status-publish","format-standard","has-post-thumbnail","hentry","category-allgemein","tag-psychische-gesundheit"],"acf":[],"hkrextid":null,"publication":null,"issue":null,"workflow":null,"startPage":null,"spitzmarke":null,"_posts_by_tag_page_fields":{"widget_title":"","widget_tags":""},"_at_widget":"1","_yoast_wpseo_primary_category":"1","_yoast_wpseo_focuskw_text_input":"pers\u00f6nliche Kontakte bei der Arbeit","_yoast_wpseo_opengraph-image":null,"_yoast_wpseo_opengraph-description":null,"_yoast_wpseo_opengraph-title":null,"enclosure":null,"_yoast_wpseo_twitter-title":null,"_yoast_wpseo_twitter-description":null,"_yoast_wpseo_twitter-image":null,"_wp_old_slug":null,"_yoast_wpseo_title":null,"_yoast_wpseo_canonical":null,"yoast_head":"<!-- This site is optimized with the Yoast SEO plugin v27.5 - https:\/\/yoast.com\/product\/yoast-seo-wordpress\/ -->\n<title>Technologie verhindert pers\u00f6nliche Kontakte bei der Arbeit - Save<\/title>\n<meta name=\"description\" content=\"pers\u00f6nliche Kontakte bei der Arbeit: Je digitaler unser Arbeitsalltag wird, desto weniger interagieren wir pers\u00f6nlich mit Arbeitskollegen und Kunden.\" \/>\n<meta name=\"robots\" content=\"index, follow, max-snippet:-1, max-image-preview:large, max-video-preview:-1\" \/>\n<link rel=\"canonical\" href=\"https:\/\/news.save.ch\/en\/technologie-verhindert-persoenliche-kontakte-bei-der-arbeit\/\" \/>\n<meta property=\"og:locale\" content=\"en_US\" \/>\n<meta property=\"og:type\" content=\"article\" \/>\n<meta property=\"og:title\" content=\"Technologie verhindert pers\u00f6nliche Kontakte bei der Arbeit - Save\" \/>\n<meta property=\"og:description\" content=\"pers\u00f6nliche Kontakte bei der Arbeit: Je digitaler unser Arbeitsalltag wird, desto weniger interagieren wir pers\u00f6nlich mit Arbeitskollegen und Kunden.\" \/>\n<meta property=\"og:url\" content=\"https:\/\/news.save.ch\/en\/technologie-verhindert-persoenliche-kontakte-bei-der-arbeit\/\" \/>\n<meta property=\"og:site_name\" content=\"Save\" \/>\n<meta property=\"article:published_time\" content=\"2016-05-15T07:01:13+00:00\" \/>\n<meta property=\"og:image\" content=\"https:\/\/news.save.ch\/wp-content\/uploads\/2016\/12\/Technologie-verhindert-persoenliche-Kontakte-bei-der-Arbeit_safety-plus.jpg\" \/>\n\t<meta property=\"og:image:width\" content=\"1000\" \/>\n\t<meta property=\"og:image:height\" content=\"750\" \/>\n\t<meta property=\"og:image:type\" content=\"image\/jpeg\" \/>\n<meta name=\"author\" content=\"admin\" \/>\n<meta name=\"twitter:card\" content=\"summary_large_image\" \/>\n<meta name=\"twitter:label1\" content=\"Written by\" \/>\n\t<meta name=\"twitter:data1\" content=\"admin\" \/>\n\t<meta name=\"twitter:label2\" content=\"Est. reading time\" \/>\n\t<meta name=\"twitter:data2\" content=\"1 minute\" \/>\n<script type=\"application\/ld+json\" class=\"yoast-schema-graph\">{\"@context\":\"https:\\\/\\\/schema.org\",\"@graph\":[{\"@type\":\"Article\",\"@id\":\"https:\\\/\\\/news.save.ch\\\/technologie-verhindert-persoenliche-kontakte-bei-der-arbeit\\\/#article\",\"isPartOf\":{\"@id\":\"https:\\\/\\\/news.save.ch\\\/technologie-verhindert-persoenliche-kontakte-bei-der-arbeit\\\/\"},\"author\":{\"name\":\"admin\",\"@id\":\"https:\\\/\\\/news.save.ch\\\/de\\\/#\\\/schema\\\/person\\\/d49e199490bad7c70d64b9ab51142f2b\"},\"headline\":\"Technologie verhindert pers\u00f6nliche Kontakte bei der Arbeit\",\"datePublished\":\"2016-05-15T07:01:13+00:00\",\"mainEntityOfPage\":{\"@id\":\"https:\\\/\\\/news.save.ch\\\/technologie-verhindert-persoenliche-kontakte-bei-der-arbeit\\\/\"},\"wordCount\":213,\"commentCount\":0,\"publisher\":{\"@id\":\"https:\\\/\\\/news.save.ch\\\/de\\\/#organization\"},\"image\":{\"@id\":\"https:\\\/\\\/news.save.ch\\\/technologie-verhindert-persoenliche-kontakte-bei-der-arbeit\\\/#primaryimage\"},\"thumbnailUrl\":\"https:\\\/\\\/news.save.ch\\\/wp-content\\\/uploads\\\/2016\\\/12\\\/Technologie-verhindert-persoenliche-Kontakte-bei-der-Arbeit_safety-plus.jpg\",\"keywords\":[\"Psychische Gesundheit\"],\"articleSection\":[\"ALLGEMEIN\"],\"inLanguage\":\"en-US\"},{\"@type\":\"WebPage\",\"@id\":\"https:\\\/\\\/news.save.ch\\\/technologie-verhindert-persoenliche-kontakte-bei-der-arbeit\\\/\",\"url\":\"https:\\\/\\\/news.save.ch\\\/technologie-verhindert-persoenliche-kontakte-bei-der-arbeit\\\/\",\"name\":\"Technologie verhindert pers\u00f6nliche Kontakte bei der Arbeit - Save\",\"isPartOf\":{\"@id\":\"https:\\\/\\\/news.save.ch\\\/de\\\/#website\"},\"primaryImageOfPage\":{\"@id\":\"https:\\\/\\\/news.save.ch\\\/technologie-verhindert-persoenliche-kontakte-bei-der-arbeit\\\/#primaryimage\"},\"image\":{\"@id\":\"https:\\\/\\\/news.save.ch\\\/technologie-verhindert-persoenliche-kontakte-bei-der-arbeit\\\/#primaryimage\"},\"thumbnailUrl\":\"https:\\\/\\\/news.save.ch\\\/wp-content\\\/uploads\\\/2016\\\/12\\\/Technologie-verhindert-persoenliche-Kontakte-bei-der-Arbeit_safety-plus.jpg\",\"datePublished\":\"2016-05-15T07:01:13+00:00\",\"description\":\"pers\u00f6nliche Kontakte bei der Arbeit: Je digitaler unser Arbeitsalltag wird, desto weniger interagieren wir pers\u00f6nlich mit Arbeitskollegen und Kunden.\",\"breadcrumb\":{\"@id\":\"https:\\\/\\\/news.save.ch\\\/technologie-verhindert-persoenliche-kontakte-bei-der-arbeit\\\/#breadcrumb\"},\"inLanguage\":\"en-US\",\"potentialAction\":[{\"@type\":\"ReadAction\",\"target\":[\"https:\\\/\\\/news.save.ch\\\/technologie-verhindert-persoenliche-kontakte-bei-der-arbeit\\\/\"]}]},{\"@type\":\"ImageObject\",\"inLanguage\":\"en-US\",\"@id\":\"https:\\\/\\\/news.save.ch\\\/technologie-verhindert-persoenliche-kontakte-bei-der-arbeit\\\/#primaryimage\",\"url\":\"https:\\\/\\\/news.save.ch\\\/wp-content\\\/uploads\\\/2016\\\/12\\\/Technologie-verhindert-persoenliche-Kontakte-bei-der-Arbeit_safety-plus.jpg\",\"contentUrl\":\"https:\\\/\\\/news.save.ch\\\/wp-content\\\/uploads\\\/2016\\\/12\\\/Technologie-verhindert-persoenliche-Kontakte-bei-der-Arbeit_safety-plus.jpg\",\"width\":1000,\"height\":750,\"caption\":\"Mangelnde soziale Interaktion bei der Arbeit: Eine Folge der modernen Kommunikationstechnologien.\"},{\"@type\":\"BreadcrumbList\",\"@id\":\"https:\\\/\\\/news.save.ch\\\/technologie-verhindert-persoenliche-kontakte-bei-der-arbeit\\\/#breadcrumb\",\"itemListElement\":[{\"@type\":\"ListItem\",\"position\":1,\"name\":\"Home\",\"item\":\"https:\\\/\\\/news.save.ch\\\/de\\\/\"},{\"@type\":\"ListItem\",\"position\":2,\"name\":\"Technologie verhindert pers\u00f6nliche Kontakte bei der Arbeit\"}]},{\"@type\":\"WebSite\",\"@id\":\"https:\\\/\\\/news.save.ch\\\/de\\\/#website\",\"url\":\"https:\\\/\\\/news.save.ch\\\/de\\\/\",\"name\":\"Save\",\"description\":\"Schweizer Fachzeitschrift f\u00fcr Sicherheit\",\"publisher\":{\"@id\":\"https:\\\/\\\/news.save.ch\\\/de\\\/#organization\"},\"potentialAction\":[{\"@type\":\"SearchAction\",\"target\":{\"@type\":\"EntryPoint\",\"urlTemplate\":\"https:\\\/\\\/news.save.ch\\\/de\\\/?s={search_term_string}\"},\"query-input\":{\"@type\":\"PropertyValueSpecification\",\"valueRequired\":true,\"valueName\":\"search_term_string\"}}],\"inLanguage\":\"en-US\"},{\"@type\":\"Organization\",\"@id\":\"https:\\\/\\\/news.save.ch\\\/de\\\/#organization\",\"name\":\"Sicherheitsforum\",\"url\":\"https:\\\/\\\/news.save.ch\\\/de\\\/\",\"logo\":{\"@type\":\"ImageObject\",\"inLanguage\":\"en-US\",\"@id\":\"https:\\\/\\\/news.save.ch\\\/de\\\/#\\\/schema\\\/logo\\\/image\\\/\",\"url\":\"https:\\\/\\\/news.save.ch\\\/wp-content\\\/uploads\\\/2022\\\/06\\\/Logo_SF_2012.png\",\"contentUrl\":\"https:\\\/\\\/news.save.ch\\\/wp-content\\\/uploads\\\/2022\\\/06\\\/Logo_SF_2012.png\",\"width\":1100,\"height\":91,\"caption\":\"Sicherheitsforum\"},\"image\":{\"@id\":\"https:\\\/\\\/news.save.ch\\\/de\\\/#\\\/schema\\\/logo\\\/image\\\/\"}},{\"@type\":\"Person\",\"@id\":\"https:\\\/\\\/news.save.ch\\\/de\\\/#\\\/schema\\\/person\\\/d49e199490bad7c70d64b9ab51142f2b\",\"name\":\"admin\",\"image\":{\"@type\":\"ImageObject\",\"inLanguage\":\"en-US\",\"@id\":\"https:\\\/\\\/secure.gravatar.com\\\/avatar\\\/ae2f4d718e6c49043e314ce431e7e645d646302a24a5ef5a8bc8e3f5a032e319?s=96&d=mm&r=g\",\"url\":\"https:\\\/\\\/secure.gravatar.com\\\/avatar\\\/ae2f4d718e6c49043e314ce431e7e645d646302a24a5ef5a8bc8e3f5a032e319?s=96&d=mm&r=g\",\"contentUrl\":\"https:\\\/\\\/secure.gravatar.com\\\/avatar\\\/ae2f4d718e6c49043e314ce431e7e645d646302a24a5ef5a8bc8e3f5a032e319?s=96&d=mm&r=g\",\"caption\":\"admin\"},\"sameAs\":[\"https:\\\/\\\/develop.organisator.galledia.ch\"],\"url\":\"https:\\\/\\\/news.save.ch\\\/en\\\/author\\\/admin\\\/\"}]}<\/script>\n<!-- \/ Yoast SEO plugin. -->","yoast_head_json":{"title":"Technology prevents personal contact at work - Save","description":"Personal contact at work: The more digital our working day becomes, the less we interact personally with colleagues and customers.","robots":{"index":"index","follow":"follow","max-snippet":"max-snippet:-1","max-image-preview":"max-image-preview:large","max-video-preview":"max-video-preview:-1"},"canonical":"https:\/\/news.save.ch\/en\/technologie-verhindert-persoenliche-kontakte-bei-der-arbeit\/","og_locale":"en_US","og_type":"article","og_title":"Technologie verhindert pers\u00f6nliche Kontakte bei der Arbeit - Save","og_description":"pers\u00f6nliche Kontakte bei der Arbeit: Je digitaler unser Arbeitsalltag wird, desto weniger interagieren wir pers\u00f6nlich mit Arbeitskollegen und Kunden.","og_url":"https:\/\/news.save.ch\/en\/technologie-verhindert-persoenliche-kontakte-bei-der-arbeit\/","og_site_name":"Save","article_published_time":"2016-05-15T07:01:13+00:00","og_image":[{"width":1000,"height":750,"url":"https:\/\/news.save.ch\/wp-content\/uploads\/2016\/12\/Technologie-verhindert-persoenliche-Kontakte-bei-der-Arbeit_safety-plus.jpg","type":"image\/jpeg"}],"author":"admin","twitter_card":"summary_large_image","twitter_misc":{"Written by":"admin","Est. reading time":"1 minute"},"schema":{"@context":"https:\/\/schema.org","@graph":[{"@type":"Article","@id":"https:\/\/news.save.ch\/technologie-verhindert-persoenliche-kontakte-bei-der-arbeit\/#article","isPartOf":{"@id":"https:\/\/news.save.ch\/technologie-verhindert-persoenliche-kontakte-bei-der-arbeit\/"},"author":{"name":"admin","@id":"https:\/\/news.save.ch\/de\/#\/schema\/person\/d49e199490bad7c70d64b9ab51142f2b"},"headline":"Technologie verhindert pers\u00f6nliche Kontakte bei der Arbeit","datePublished":"2016-05-15T07:01:13+00:00","mainEntityOfPage":{"@id":"https:\/\/news.save.ch\/technologie-verhindert-persoenliche-kontakte-bei-der-arbeit\/"},"wordCount":213,"commentCount":0,"publisher":{"@id":"https:\/\/news.save.ch\/de\/#organization"},"image":{"@id":"https:\/\/news.save.ch\/technologie-verhindert-persoenliche-kontakte-bei-der-arbeit\/#primaryimage"},"thumbnailUrl":"https:\/\/news.save.ch\/wp-content\/uploads\/2016\/12\/Technologie-verhindert-persoenliche-Kontakte-bei-der-Arbeit_safety-plus.jpg","keywords":["Psychische Gesundheit"],"articleSection":["ALLGEMEIN"],"inLanguage":"en-US"},{"@type":"WebPage","@id":"https:\/\/news.save.ch\/technologie-verhindert-persoenliche-kontakte-bei-der-arbeit\/","url":"https:\/\/news.save.ch\/technologie-verhindert-persoenliche-kontakte-bei-der-arbeit\/","name":"Technology prevents personal contact at work - Save","isPartOf":{"@id":"https:\/\/news.save.ch\/de\/#website"},"primaryImageOfPage":{"@id":"https:\/\/news.save.ch\/technologie-verhindert-persoenliche-kontakte-bei-der-arbeit\/#primaryimage"},"image":{"@id":"https:\/\/news.save.ch\/technologie-verhindert-persoenliche-kontakte-bei-der-arbeit\/#primaryimage"},"thumbnailUrl":"https:\/\/news.save.ch\/wp-content\/uploads\/2016\/12\/Technologie-verhindert-persoenliche-Kontakte-bei-der-Arbeit_safety-plus.jpg","datePublished":"2016-05-15T07:01:13+00:00","description":"Personal contact at work: The more digital our working day becomes, the less we interact personally with colleagues and customers.","breadcrumb":{"@id":"https:\/\/news.save.ch\/technologie-verhindert-persoenliche-kontakte-bei-der-arbeit\/#breadcrumb"},"inLanguage":"en-US","potentialAction":[{"@type":"ReadAction","target":["https:\/\/news.save.ch\/technologie-verhindert-persoenliche-kontakte-bei-der-arbeit\/"]}]},{"@type":"ImageObject","inLanguage":"en-US","@id":"https:\/\/news.save.ch\/technologie-verhindert-persoenliche-kontakte-bei-der-arbeit\/#primaryimage","url":"https:\/\/news.save.ch\/wp-content\/uploads\/2016\/12\/Technologie-verhindert-persoenliche-Kontakte-bei-der-Arbeit_safety-plus.jpg","contentUrl":"https:\/\/news.save.ch\/wp-content\/uploads\/2016\/12\/Technologie-verhindert-persoenliche-Kontakte-bei-der-Arbeit_safety-plus.jpg","width":1000,"height":750,"caption":"Mangelnde soziale Interaktion bei der Arbeit: Eine Folge der modernen Kommunikationstechnologien."},{"@type":"BreadcrumbList","@id":"https:\/\/news.save.ch\/technologie-verhindert-persoenliche-kontakte-bei-der-arbeit\/#breadcrumb","itemListElement":[{"@type":"ListItem","position":1,"name":"Home","item":"https:\/\/news.save.ch\/de\/"},{"@type":"ListItem","position":2,"name":"Technologie verhindert pers\u00f6nliche Kontakte bei der Arbeit"}]},{"@type":"WebSite","@id":"https:\/\/news.save.ch\/de\/#website","url":"https:\/\/news.save.ch\/de\/","name":"Save","description":"Swiss trade journal for safety","publisher":{"@id":"https:\/\/news.save.ch\/de\/#organization"},"potentialAction":[{"@type":"SearchAction","target":{"@type":"EntryPoint","urlTemplate":"https:\/\/news.save.ch\/de\/?s={search_term_string}"},"query-input":{"@type":"PropertyValueSpecification","valueRequired":true,"valueName":"search_term_string"}}],"inLanguage":"en-US"},{"@type":"Organization","@id":"https:\/\/news.save.ch\/de\/#organization","name":"Security Forum","url":"https:\/\/news.save.ch\/de\/","logo":{"@type":"ImageObject","inLanguage":"en-US","@id":"https:\/\/news.save.ch\/de\/#\/schema\/logo\/image\/","url":"https:\/\/news.save.ch\/wp-content\/uploads\/2022\/06\/Logo_SF_2012.png","contentUrl":"https:\/\/news.save.ch\/wp-content\/uploads\/2022\/06\/Logo_SF_2012.png","width":1100,"height":91,"caption":"Sicherheitsforum"},"image":{"@id":"https:\/\/news.save.ch\/de\/#\/schema\/logo\/image\/"}},{"@type":"Person","@id":"https:\/\/news.save.ch\/de\/#\/schema\/person\/d49e199490bad7c70d64b9ab51142f2b","name":"admin","image":{"@type":"ImageObject","inLanguage":"en-US","@id":"https:\/\/secure.gravatar.com\/avatar\/ae2f4d718e6c49043e314ce431e7e645d646302a24a5ef5a8bc8e3f5a032e319?s=96&d=mm&r=g","url":"https:\/\/secure.gravatar.com\/avatar\/ae2f4d718e6c49043e314ce431e7e645d646302a24a5ef5a8bc8e3f5a032e319?s=96&d=mm&r=g","contentUrl":"https:\/\/secure.gravatar.com\/avatar\/ae2f4d718e6c49043e314ce431e7e645d646302a24a5ef5a8bc8e3f5a032e319?s=96&d=mm&r=g","caption":"admin"},"sameAs":["https:\/\/develop.organisator.galledia.ch"],"url":"https:\/\/news.save.ch\/en\/author\/admin\/"}]}},"_links":{"self":[{"href":"https:\/\/news.save.ch\/en\/wp-json\/wp\/v2\/posts\/1409","targetHints":{"allow":["GET"]}}],"collection":[{"href":"https:\/\/news.save.ch\/en\/wp-json\/wp\/v2\/posts"}],"about":[{"href":"https:\/\/news.save.ch\/en\/wp-json\/wp\/v2\/types\/post"}],"author":[{"embeddable":true,"href":"https:\/\/news.save.ch\/en\/wp-json\/wp\/v2\/users\/1"}],"replies":[{"embeddable":true,"href":"https:\/\/news.save.ch\/en\/wp-json\/wp\/v2\/comments?post=1409"}],"version-history":[{"count":0,"href":"https:\/\/news.save.ch\/en\/wp-json\/wp\/v2\/posts\/1409\/revisions"}],"wp:featuredmedia":[{"embeddable":true,"href":"https:\/\/news.save.ch\/en\/wp-json\/wp\/v2\/media\/16102"}],"wp:attachment":[{"href":"https:\/\/news.save.ch\/en\/wp-json\/wp\/v2\/media?parent=1409"}],"wp:term":[{"taxonomy":"category","embeddable":true,"href":"https:\/\/news.save.ch\/en\/wp-json\/wp\/v2\/categories?post=1409"},{"taxonomy":"post_tag","embeddable":true,"href":"https:\/\/news.save.ch\/en\/wp-json\/wp\/v2\/tags?post=1409"}],"curies":[{"name":"wp","href":"https:\/\/api.w.org\/{rel}","templated":true}]}}