{"id":14105,"date":"2022-05-09T10:19:48","date_gmt":"2022-05-09T08:19:48","guid":{"rendered":"https:\/\/news.save.ch\/?p=14105"},"modified":"2023-06-27T05:16:33","modified_gmt":"2023-06-27T03:16:33","slug":"martin-von-muralt-wird-delegierter-fuer-den-sicherheitsverbund-schweiz","status":null,"type":"post","link":"https:\/\/news.save.ch\/en\/martin-von-muralt-wird-delegierter-fuer-den-sicherheitsverbund-schweiz\/","title":{"rendered":"Martin von Muralt becomes delegate for the Swiss Security Network"},"content":{"rendered":"<figure id=\"attachment_14114\" aria-describedby=\"caption-attachment-14114\" style=\"width: 702px\" class=\"wp-caption alignleft\"><img loading=\"lazy\" decoding=\"async\" class=\"wp-image-14114 size-full\" src=\"https:\/\/news.save.ch\/wp-content\/uploads\/2022\/05\/Muralt_teaser.jpg\" alt=\"Security Network Switzerland\" width=\"702\" height=\"636\" srcset=\"https:\/\/news.save.ch\/wp-content\/uploads\/2022\/05\/Muralt_teaser.jpg 702w, https:\/\/news.save.ch\/wp-content\/uploads\/2022\/05\/Muralt_teaser-331x300.jpg 331w\" sizes=\"auto, (max-width: 702px) 100vw, 702px\" \/><figcaption id=\"caption-attachment-14114\" class=\"wp-caption-text\">Image: zVg<\/figcaption><\/figure>\n<p>Martin von Muralt, the former director of the Champs-Dollon prison in Geneva, will take on the new role of delegate for the Swiss Security Network at the beginning of August. From 2001 to 2003, von Muralt was a police inspector with the Criminal Investigation Department in Geneva. From 2003 to 2011, he held the positions of Interpol coordinator and investigator at Fedpol. The 47-year-old studied political science at the University of Geneva, graduating with a master's degree in 2001. In 2010, he passed the Advanced Federal Diploma Examination for Police Officer.<\/p>\n<p>According to the Federal Council, Mr. von Muralt's education and training and many years of experience in various security-related fields such as police and law enforcement make him the \"ideal fit\" for the new position.<\/p>\n<p>According to a statement by the federal government, a search committee was set up for the position to be filled, in which the federal government and the cantons were equally represented. The members of the SVS political platform (heads of FDJP and DDPS, presidents of RK MZF and KKJPD) then recommended Martin von Muralt for appointment.<\/p>\n<p><em>Source: the Federal Council<\/em><\/p>","protected":false},"excerpt":{"rendered":"<p>Martin von Muralt, der fr\u00fchere Direktor des Gef\u00e4ngnisses Champs-Dollon in Genf, \u00fcbernimmt per Anfang August die neue Aufgabe als Delegierter f\u00fcr den Sicherheitsverbund Schweiz. Von 2001 bis 2003 war von Muralt als Polizeiinspektor bei der Kriminalpolizei in Genf t\u00e4tig. Von 2003 bis 2011 war er in den Funktionen als Koordinator Interpol und Ermittler bei Fedpol [&hellip;]<\/p>\n","protected":false},"author":9,"featured_media":14114,"comment_status":"closed","ping_status":"closed","sticky":false,"template":"","format":"standard","meta":{"_acf_changed":false,"pgc_sgb_lightbox_settings":"","footnotes":""},"categories":[1],"tags":[3803,4548,4545,4547,4546,235],"class_list":["post-14105","post","type-post","status-publish","format-standard","has-post-thumbnail","hentry","category-allgemein","tag-findungskommission","tag-kriminalpolizei","tag-martin-von-muralt","tag-polizeiinspektor","tag-sicherheitsverbund-schweiz","tag-sicherheitsverbund-schweiz-svs"],"acf":[],"hkrextid":null,"publication":null,"issue":null,"workflow":null,"startPage":null,"spitzmarke":null,"_posts_by_tag_page_fields":{"widget_title":"","widget_tags":""},"_at_widget":"1","_yoast_wpseo_primary_category":"","_yoast_wpseo_focuskw_text_input":null,"_yoast_wpseo_opengraph-image":null,"_yoast_wpseo_opengraph-description":null,"_yoast_wpseo_opengraph-title":null,"enclosure":null,"_yoast_wpseo_twitter-title":null,"_yoast_wpseo_twitter-description":null,"_yoast_wpseo_twitter-image":null,"_wp_old_slug":null,"_yoast_wpseo_title":null,"_yoast_wpseo_canonical":null,"yoast_head":"<!-- This site is optimized with the Yoast SEO plugin v27.5 - https:\/\/yoast.com\/product\/yoast-seo-wordpress\/ -->\n<title>Martin von Muralt wird Delegierter f\u00fcr den Sicherheitsverbund Schweiz - Save<\/title>\n<meta name=\"description\" content=\"In einer Sitzung vom 4. Mai 2022 hat der Bundesrat Martin von Muralt zum Delegierten von Bund und Kantonen f\u00fcr den Sicherheitsverbund Schweiz SVS ernannt. Der fr\u00fchere Direktor des Gef\u00e4ngnisses Champs-Dollon in Genf \u00fcbernimmt per 1. August 2022 die Funktion von Andr\u00e9 Duvillard, der Ende Juli in den Ruhestand treten wird.\" \/>\n<meta name=\"robots\" content=\"index, follow, max-snippet:-1, max-image-preview:large, max-video-preview:-1\" \/>\n<link rel=\"canonical\" href=\"https:\/\/news.save.ch\/en\/martin-von-muralt-wird-delegierter-fuer-den-sicherheitsverbund-schweiz\/\" \/>\n<meta property=\"og:locale\" content=\"en_US\" \/>\n<meta property=\"og:type\" content=\"article\" \/>\n<meta property=\"og:title\" content=\"Martin von Muralt wird Delegierter f\u00fcr den Sicherheitsverbund Schweiz - Save\" \/>\n<meta property=\"og:description\" content=\"In einer Sitzung vom 4. Mai 2022 hat der Bundesrat Martin von Muralt zum Delegierten von Bund und Kantonen f\u00fcr den Sicherheitsverbund Schweiz SVS ernannt. Der fr\u00fchere Direktor des Gef\u00e4ngnisses Champs-Dollon in Genf \u00fcbernimmt per 1. August 2022 die Funktion von Andr\u00e9 Duvillard, der Ende Juli in den Ruhestand treten wird.\" \/>\n<meta property=\"og:url\" content=\"https:\/\/news.save.ch\/en\/martin-von-muralt-wird-delegierter-fuer-den-sicherheitsverbund-schweiz\/\" \/>\n<meta property=\"og:site_name\" content=\"Save\" \/>\n<meta property=\"article:published_time\" content=\"2022-05-09T08:19:48+00:00\" \/>\n<meta property=\"article:modified_time\" content=\"2023-06-27T03:16:33+00:00\" \/>\n<meta property=\"og:image\" content=\"https:\/\/news.save.ch\/wp-content\/uploads\/2022\/05\/Muralt_teaser.jpg\" \/>\n\t<meta property=\"og:image:width\" content=\"702\" \/>\n\t<meta property=\"og:image:height\" content=\"636\" \/>\n\t<meta property=\"og:image:type\" content=\"image\/jpeg\" \/>\n<meta name=\"author\" content=\"Simon Gr\u00f6flin\" \/>\n<meta name=\"twitter:card\" content=\"summary_large_image\" \/>\n<meta name=\"twitter:label1\" content=\"Written by\" \/>\n\t<meta name=\"twitter:data1\" content=\"Simon Gr\u00f6flin\" \/>\n\t<meta name=\"twitter:label2\" content=\"Est. reading time\" \/>\n\t<meta name=\"twitter:data2\" content=\"2 minutes\" \/>\n<script type=\"application\/ld+json\" class=\"yoast-schema-graph\">{\"@context\":\"https:\\\/\\\/schema.org\",\"@graph\":[{\"@type\":\"Article\",\"@id\":\"https:\\\/\\\/news.save.ch\\\/martin-von-muralt-wird-delegierter-fuer-den-sicherheitsverbund-schweiz\\\/#article\",\"isPartOf\":{\"@id\":\"https:\\\/\\\/news.save.ch\\\/martin-von-muralt-wird-delegierter-fuer-den-sicherheitsverbund-schweiz\\\/\"},\"author\":{\"name\":\"Simon Gr\u00f6flin\",\"@id\":\"https:\\\/\\\/news.save.ch\\\/de\\\/#\\\/schema\\\/person\\\/ad4ef21102fd6125312409ac57d5296d\"},\"headline\":\"Martin von Muralt wird Delegierter f\u00fcr den Sicherheitsverbund Schweiz\",\"datePublished\":\"2022-05-09T08:19:48+00:00\",\"dateModified\":\"2023-06-27T03:16:33+00:00\",\"mainEntityOfPage\":{\"@id\":\"https:\\\/\\\/news.save.ch\\\/martin-von-muralt-wird-delegierter-fuer-den-sicherheitsverbund-schweiz\\\/\"},\"wordCount\":190,\"publisher\":{\"@id\":\"https:\\\/\\\/news.save.ch\\\/de\\\/#organization\"},\"image\":{\"@id\":\"https:\\\/\\\/news.save.ch\\\/martin-von-muralt-wird-delegierter-fuer-den-sicherheitsverbund-schweiz\\\/#primaryimage\"},\"thumbnailUrl\":\"https:\\\/\\\/news.save.ch\\\/wp-content\\\/uploads\\\/2022\\\/05\\\/Muralt_teaser.jpg\",\"keywords\":[\"Findungskommission\",\"Kriminalpolizei\",\"Martin von Muralt\",\"Polizeiinspektor\",\"Sicherheitsverbund Schweiz\",\"Sicherheitsverbund Schweiz SVS\"],\"articleSection\":[\"ALLGEMEIN\"],\"inLanguage\":\"en-US\"},{\"@type\":\"WebPage\",\"@id\":\"https:\\\/\\\/news.save.ch\\\/martin-von-muralt-wird-delegierter-fuer-den-sicherheitsverbund-schweiz\\\/\",\"url\":\"https:\\\/\\\/news.save.ch\\\/martin-von-muralt-wird-delegierter-fuer-den-sicherheitsverbund-schweiz\\\/\",\"name\":\"Martin von Muralt wird Delegierter f\u00fcr den Sicherheitsverbund Schweiz - Save\",\"isPartOf\":{\"@id\":\"https:\\\/\\\/news.save.ch\\\/de\\\/#website\"},\"primaryImageOfPage\":{\"@id\":\"https:\\\/\\\/news.save.ch\\\/martin-von-muralt-wird-delegierter-fuer-den-sicherheitsverbund-schweiz\\\/#primaryimage\"},\"image\":{\"@id\":\"https:\\\/\\\/news.save.ch\\\/martin-von-muralt-wird-delegierter-fuer-den-sicherheitsverbund-schweiz\\\/#primaryimage\"},\"thumbnailUrl\":\"https:\\\/\\\/news.save.ch\\\/wp-content\\\/uploads\\\/2022\\\/05\\\/Muralt_teaser.jpg\",\"datePublished\":\"2022-05-09T08:19:48+00:00\",\"dateModified\":\"2023-06-27T03:16:33+00:00\",\"description\":\"In einer Sitzung vom 4. Mai 2022 hat der Bundesrat Martin von Muralt zum Delegierten von Bund und Kantonen f\u00fcr den Sicherheitsverbund Schweiz SVS ernannt. Der fr\u00fchere Direktor des Gef\u00e4ngnisses Champs-Dollon in Genf \u00fcbernimmt per 1. August 2022 die Funktion von Andr\u00e9 Duvillard, der Ende Juli in den Ruhestand treten wird.\",\"breadcrumb\":{\"@id\":\"https:\\\/\\\/news.save.ch\\\/martin-von-muralt-wird-delegierter-fuer-den-sicherheitsverbund-schweiz\\\/#breadcrumb\"},\"inLanguage\":\"en-US\",\"potentialAction\":[{\"@type\":\"ReadAction\",\"target\":[\"https:\\\/\\\/news.save.ch\\\/martin-von-muralt-wird-delegierter-fuer-den-sicherheitsverbund-schweiz\\\/\"]}]},{\"@type\":\"ImageObject\",\"inLanguage\":\"en-US\",\"@id\":\"https:\\\/\\\/news.save.ch\\\/martin-von-muralt-wird-delegierter-fuer-den-sicherheitsverbund-schweiz\\\/#primaryimage\",\"url\":\"https:\\\/\\\/news.save.ch\\\/wp-content\\\/uploads\\\/2022\\\/05\\\/Muralt_teaser.jpg\",\"contentUrl\":\"https:\\\/\\\/news.save.ch\\\/wp-content\\\/uploads\\\/2022\\\/05\\\/Muralt_teaser.jpg\",\"width\":702,\"height\":636,\"caption\":\"Bundesrat, Sicherheitsverbund Schweiz\"},{\"@type\":\"BreadcrumbList\",\"@id\":\"https:\\\/\\\/news.save.ch\\\/martin-von-muralt-wird-delegierter-fuer-den-sicherheitsverbund-schweiz\\\/#breadcrumb\",\"itemListElement\":[{\"@type\":\"ListItem\",\"position\":1,\"name\":\"Home\",\"item\":\"https:\\\/\\\/news.save.ch\\\/de\\\/\"},{\"@type\":\"ListItem\",\"position\":2,\"name\":\"Martin von Muralt wird Delegierter f\u00fcr den Sicherheitsverbund Schweiz\"}]},{\"@type\":\"WebSite\",\"@id\":\"https:\\\/\\\/news.save.ch\\\/de\\\/#website\",\"url\":\"https:\\\/\\\/news.save.ch\\\/de\\\/\",\"name\":\"Save\",\"description\":\"Schweizer Fachzeitschrift f\u00fcr Sicherheit\",\"publisher\":{\"@id\":\"https:\\\/\\\/news.save.ch\\\/de\\\/#organization\"},\"potentialAction\":[{\"@type\":\"SearchAction\",\"target\":{\"@type\":\"EntryPoint\",\"urlTemplate\":\"https:\\\/\\\/news.save.ch\\\/de\\\/?s={search_term_string}\"},\"query-input\":{\"@type\":\"PropertyValueSpecification\",\"valueRequired\":true,\"valueName\":\"search_term_string\"}}],\"inLanguage\":\"en-US\"},{\"@type\":\"Organization\",\"@id\":\"https:\\\/\\\/news.save.ch\\\/de\\\/#organization\",\"name\":\"Sicherheitsforum\",\"url\":\"https:\\\/\\\/news.save.ch\\\/de\\\/\",\"logo\":{\"@type\":\"ImageObject\",\"inLanguage\":\"en-US\",\"@id\":\"https:\\\/\\\/news.save.ch\\\/de\\\/#\\\/schema\\\/logo\\\/image\\\/\",\"url\":\"https:\\\/\\\/news.save.ch\\\/wp-content\\\/uploads\\\/2022\\\/06\\\/Logo_SF_2012.png\",\"contentUrl\":\"https:\\\/\\\/news.save.ch\\\/wp-content\\\/uploads\\\/2022\\\/06\\\/Logo_SF_2012.png\",\"width\":1100,\"height\":91,\"caption\":\"Sicherheitsforum\"},\"image\":{\"@id\":\"https:\\\/\\\/news.save.ch\\\/de\\\/#\\\/schema\\\/logo\\\/image\\\/\"}},{\"@type\":\"Person\",\"@id\":\"https:\\\/\\\/news.save.ch\\\/de\\\/#\\\/schema\\\/person\\\/ad4ef21102fd6125312409ac57d5296d\",\"name\":\"Simon Gr\u00f6flin\",\"image\":{\"@type\":\"ImageObject\",\"inLanguage\":\"en-US\",\"@id\":\"https:\\\/\\\/secure.gravatar.com\\\/avatar\\\/6ddceb80eb734354635539e0ea5140bb7c41e42de7c45c9a2ab9921b5d5c9a83?s=96&d=mm&r=g\",\"url\":\"https:\\\/\\\/secure.gravatar.com\\\/avatar\\\/6ddceb80eb734354635539e0ea5140bb7c41e42de7c45c9a2ab9921b5d5c9a83?s=96&d=mm&r=g\",\"contentUrl\":\"https:\\\/\\\/secure.gravatar.com\\\/avatar\\\/6ddceb80eb734354635539e0ea5140bb7c41e42de7c45c9a2ab9921b5d5c9a83?s=96&d=mm&r=g\",\"caption\":\"Simon Gr\u00f6flin\"},\"url\":\"https:\\\/\\\/news.save.ch\\\/en\\\/author\\\/simon-groeflin\\\/\"}]}<\/script>\n<!-- \/ Yoast SEO plugin. -->","yoast_head_json":{"title":"Martin von Muralt becomes delegate for the Security Network Switzerland - Save","description":"In a meeting on May 4, 2022, the Federal Council appointed Martin von Muralt as delegate of the Confederation and the cantons for the Swiss Security Network SVS. The former director of the Champs-Dollon prison in Geneva will take over on August 1, 2022, from Andr\u00e9 Duvillard, who will retire at the end of July.","robots":{"index":"index","follow":"follow","max-snippet":"max-snippet:-1","max-image-preview":"max-image-preview:large","max-video-preview":"max-video-preview:-1"},"canonical":"https:\/\/news.save.ch\/en\/martin-von-muralt-wird-delegierter-fuer-den-sicherheitsverbund-schweiz\/","og_locale":"en_US","og_type":"article","og_title":"Martin von Muralt wird Delegierter f\u00fcr den Sicherheitsverbund Schweiz - Save","og_description":"In einer Sitzung vom 4. Mai 2022 hat der Bundesrat Martin von Muralt zum Delegierten von Bund und Kantonen f\u00fcr den Sicherheitsverbund Schweiz SVS ernannt. Der fr\u00fchere Direktor des Gef\u00e4ngnisses Champs-Dollon in Genf \u00fcbernimmt per 1. August 2022 die Funktion von Andr\u00e9 Duvillard, der Ende Juli in den Ruhestand treten wird.","og_url":"https:\/\/news.save.ch\/en\/martin-von-muralt-wird-delegierter-fuer-den-sicherheitsverbund-schweiz\/","og_site_name":"Save","article_published_time":"2022-05-09T08:19:48+00:00","article_modified_time":"2023-06-27T03:16:33+00:00","og_image":[{"width":702,"height":636,"url":"https:\/\/news.save.ch\/wp-content\/uploads\/2022\/05\/Muralt_teaser.jpg","type":"image\/jpeg"}],"author":"Simon Gr\u00f6flin","twitter_card":"summary_large_image","twitter_misc":{"Written by":"Simon Gr\u00f6flin","Est. reading time":"2 minutes"},"schema":{"@context":"https:\/\/schema.org","@graph":[{"@type":"Article","@id":"https:\/\/news.save.ch\/martin-von-muralt-wird-delegierter-fuer-den-sicherheitsverbund-schweiz\/#article","isPartOf":{"@id":"https:\/\/news.save.ch\/martin-von-muralt-wird-delegierter-fuer-den-sicherheitsverbund-schweiz\/"},"author":{"name":"Simon Gr\u00f6flin","@id":"https:\/\/news.save.ch\/de\/#\/schema\/person\/ad4ef21102fd6125312409ac57d5296d"},"headline":"Martin von Muralt wird Delegierter f\u00fcr den Sicherheitsverbund Schweiz","datePublished":"2022-05-09T08:19:48+00:00","dateModified":"2023-06-27T03:16:33+00:00","mainEntityOfPage":{"@id":"https:\/\/news.save.ch\/martin-von-muralt-wird-delegierter-fuer-den-sicherheitsverbund-schweiz\/"},"wordCount":190,"publisher":{"@id":"https:\/\/news.save.ch\/de\/#organization"},"image":{"@id":"https:\/\/news.save.ch\/martin-von-muralt-wird-delegierter-fuer-den-sicherheitsverbund-schweiz\/#primaryimage"},"thumbnailUrl":"https:\/\/news.save.ch\/wp-content\/uploads\/2022\/05\/Muralt_teaser.jpg","keywords":["Findungskommission","Kriminalpolizei","Martin von Muralt","Polizeiinspektor","Sicherheitsverbund Schweiz","Sicherheitsverbund Schweiz SVS"],"articleSection":["ALLGEMEIN"],"inLanguage":"en-US"},{"@type":"WebPage","@id":"https:\/\/news.save.ch\/martin-von-muralt-wird-delegierter-fuer-den-sicherheitsverbund-schweiz\/","url":"https:\/\/news.save.ch\/martin-von-muralt-wird-delegierter-fuer-den-sicherheitsverbund-schweiz\/","name":"Martin von Muralt becomes delegate for the Security Network Switzerland - Save","isPartOf":{"@id":"https:\/\/news.save.ch\/de\/#website"},"primaryImageOfPage":{"@id":"https:\/\/news.save.ch\/martin-von-muralt-wird-delegierter-fuer-den-sicherheitsverbund-schweiz\/#primaryimage"},"image":{"@id":"https:\/\/news.save.ch\/martin-von-muralt-wird-delegierter-fuer-den-sicherheitsverbund-schweiz\/#primaryimage"},"thumbnailUrl":"https:\/\/news.save.ch\/wp-content\/uploads\/2022\/05\/Muralt_teaser.jpg","datePublished":"2022-05-09T08:19:48+00:00","dateModified":"2023-06-27T03:16:33+00:00","description":"In a meeting on May 4, 2022, the Federal Council appointed Martin von Muralt as delegate of the Confederation and the cantons for the Swiss Security Network SVS. The former director of the Champs-Dollon prison in Geneva will take over on August 1, 2022, from Andr\u00e9 Duvillard, who will retire at the end of July.","breadcrumb":{"@id":"https:\/\/news.save.ch\/martin-von-muralt-wird-delegierter-fuer-den-sicherheitsverbund-schweiz\/#breadcrumb"},"inLanguage":"en-US","potentialAction":[{"@type":"ReadAction","target":["https:\/\/news.save.ch\/martin-von-muralt-wird-delegierter-fuer-den-sicherheitsverbund-schweiz\/"]}]},{"@type":"ImageObject","inLanguage":"en-US","@id":"https:\/\/news.save.ch\/martin-von-muralt-wird-delegierter-fuer-den-sicherheitsverbund-schweiz\/#primaryimage","url":"https:\/\/news.save.ch\/wp-content\/uploads\/2022\/05\/Muralt_teaser.jpg","contentUrl":"https:\/\/news.save.ch\/wp-content\/uploads\/2022\/05\/Muralt_teaser.jpg","width":702,"height":636,"caption":"Bundesrat, Sicherheitsverbund Schweiz"},{"@type":"BreadcrumbList","@id":"https:\/\/news.save.ch\/martin-von-muralt-wird-delegierter-fuer-den-sicherheitsverbund-schweiz\/#breadcrumb","itemListElement":[{"@type":"ListItem","position":1,"name":"Home","item":"https:\/\/news.save.ch\/de\/"},{"@type":"ListItem","position":2,"name":"Martin von Muralt wird Delegierter f\u00fcr den Sicherheitsverbund Schweiz"}]},{"@type":"WebSite","@id":"https:\/\/news.save.ch\/de\/#website","url":"https:\/\/news.save.ch\/de\/","name":"Save","description":"Swiss trade journal for safety","publisher":{"@id":"https:\/\/news.save.ch\/de\/#organization"},"potentialAction":[{"@type":"SearchAction","target":{"@type":"EntryPoint","urlTemplate":"https:\/\/news.save.ch\/de\/?s={search_term_string}"},"query-input":{"@type":"PropertyValueSpecification","valueRequired":true,"valueName":"search_term_string"}}],"inLanguage":"en-US"},{"@type":"Organization","@id":"https:\/\/news.save.ch\/de\/#organization","name":"Security Forum","url":"https:\/\/news.save.ch\/de\/","logo":{"@type":"ImageObject","inLanguage":"en-US","@id":"https:\/\/news.save.ch\/de\/#\/schema\/logo\/image\/","url":"https:\/\/news.save.ch\/wp-content\/uploads\/2022\/06\/Logo_SF_2012.png","contentUrl":"https:\/\/news.save.ch\/wp-content\/uploads\/2022\/06\/Logo_SF_2012.png","width":1100,"height":91,"caption":"Sicherheitsforum"},"image":{"@id":"https:\/\/news.save.ch\/de\/#\/schema\/logo\/image\/"}},{"@type":"Person","@id":"https:\/\/news.save.ch\/de\/#\/schema\/person\/ad4ef21102fd6125312409ac57d5296d","name":"Simon Gr\u00f6flin","image":{"@type":"ImageObject","inLanguage":"en-US","@id":"https:\/\/secure.gravatar.com\/avatar\/6ddceb80eb734354635539e0ea5140bb7c41e42de7c45c9a2ab9921b5d5c9a83?s=96&d=mm&r=g","url":"https:\/\/secure.gravatar.com\/avatar\/6ddceb80eb734354635539e0ea5140bb7c41e42de7c45c9a2ab9921b5d5c9a83?s=96&d=mm&r=g","contentUrl":"https:\/\/secure.gravatar.com\/avatar\/6ddceb80eb734354635539e0ea5140bb7c41e42de7c45c9a2ab9921b5d5c9a83?s=96&d=mm&r=g","caption":"Simon Gr\u00f6flin"},"url":"https:\/\/news.save.ch\/en\/author\/simon-groeflin\/"}]}},"_links":{"self":[{"href":"https:\/\/news.save.ch\/en\/wp-json\/wp\/v2\/posts\/14105","targetHints":{"allow":["GET"]}}],"collection":[{"href":"https:\/\/news.save.ch\/en\/wp-json\/wp\/v2\/posts"}],"about":[{"href":"https:\/\/news.save.ch\/en\/wp-json\/wp\/v2\/types\/post"}],"author":[{"embeddable":true,"href":"https:\/\/news.save.ch\/en\/wp-json\/wp\/v2\/users\/9"}],"replies":[{"embeddable":true,"href":"https:\/\/news.save.ch\/en\/wp-json\/wp\/v2\/comments?post=14105"}],"version-history":[{"count":3,"href":"https:\/\/news.save.ch\/en\/wp-json\/wp\/v2\/posts\/14105\/revisions"}],"predecessor-version":[{"id":20293,"href":"https:\/\/news.save.ch\/en\/wp-json\/wp\/v2\/posts\/14105\/revisions\/20293"}],"wp:featuredmedia":[{"embeddable":true,"href":"https:\/\/news.save.ch\/en\/wp-json\/wp\/v2\/media\/14114"}],"wp:attachment":[{"href":"https:\/\/news.save.ch\/en\/wp-json\/wp\/v2\/media?parent=14105"}],"wp:term":[{"taxonomy":"category","embeddable":true,"href":"https:\/\/news.save.ch\/en\/wp-json\/wp\/v2\/categories?post=14105"},{"taxonomy":"post_tag","embeddable":true,"href":"https:\/\/news.save.ch\/en\/wp-json\/wp\/v2\/tags?post=14105"}],"curies":[{"name":"wp","href":"https:\/\/api.w.org\/{rel}","templated":true}]}}