{"id":14120,"date":"2022-05-11T09:24:05","date_gmt":"2022-05-11T07:24:05","guid":{"rendered":"https:\/\/news.save.ch\/?p=14120"},"modified":"2023-06-27T05:19:25","modified_gmt":"2023-06-27T03:19:25","slug":"western-digital-kuendigt-festplatten-mit-22-tb-an","status":null,"type":"post","link":"https:\/\/news.save.ch\/en\/western-digital-kuendigt-festplatten-mit-22-tb-an\/","title":{"rendered":"Western Digital announces hard drives with 22 TB"},"content":{"rendered":"<p><img loading=\"lazy\" decoding=\"async\" class=\"alignleft wp-image-14128 size-full\" src=\"https:\/\/news.save.ch\/wp-content\/uploads\/2022\/05\/WDD.jpg\" alt=\"Hard disks\" width=\"630\" height=\"354\" srcset=\"https:\/\/news.save.ch\/wp-content\/uploads\/2022\/05\/WDD.jpg 630w, https:\/\/news.save.ch\/wp-content\/uploads\/2022\/05\/WDD-375x211.jpg 375w\" sizes=\"auto, (max-width: 630px) 100vw, 630px\" \/><\/p>\n<p>Manufacturer Western Digital has expanded its Ultrastar hard drive lineup to 22 and 26 gigabytes, respectively. The two drives are filled with helium to further reduce the friction of the rotating platters of the 3.5-inch drives and thus accommodate more storage density in the HDD cases. The up to nine disks per drive rotate at up to 7200 rpm. A filigree motor is also on board, which keeps energy consumption low due to its three-stage design. A 512 MB DRAM cache ensures fast caching and very fast transfer speeds.<\/p>\n<p>A special technology called OptiNAND is supposed to increase the number of accesses (IOPS) by up to 40 percent.  The two new hard disks are to be shipped to selected Hyperscale customers soon. The 22-TB HDD will also be available in stores starting in the summer of 2022. As cloud service providers increasingly add shingled magnetic recording drives to their portfolios, the new 26TB capacity should ensure rapid adoption in the hyperscale cloud space.<\/p>","protected":false},"excerpt":{"rendered":"<p>Der Hersteller Western Digital hat seine Ultrastar-Festplatten-Reihe auf 22 bzw. 26 Gigabyte erweitert. Die beiden Laufwerke sind mit Helium bef\u00fcllt, um die Reibung der rotierenden Platten der 3,5-Zoll-Laufwerke weiter zu reduzieren und dadurch mehr Speicherdichte in den HDD-Geh\u00e4usen unterzubringen. Die bis zu neun Scheiben pro Laufwerk rotieren mit bis zu 7200 Umdrehungen pro Minute. Mit [&hellip;]<\/p>\n","protected":false},"author":9,"featured_media":14123,"comment_status":"closed","ping_status":"closed","sticky":false,"template":"","format":"standard","meta":{"_acf_changed":false,"pgc_sgb_lightbox_settings":"","footnotes":""},"categories":[1],"tags":[1421,4541,4544,4543,4542,4540,1422],"class_list":["post-14120","post","type-post","status-publish","format-standard","has-post-thumbnail","hentry","category-allgemein","tag-festplatten","tag-helium","tag-hyperscale-kunden","tag-optinand","tag-speicherdichte","tag-ultrastar-festplatten","tag-western-digital"],"acf":[],"hkrextid":null,"publication":null,"issue":null,"workflow":null,"startPage":null,"spitzmarke":null,"_posts_by_tag_page_fields":{"widget_title":"","widget_tags":""},"_at_widget":"1","_yoast_wpseo_primary_category":"","_yoast_wpseo_focuskw_text_input":null,"_yoast_wpseo_opengraph-image":null,"_yoast_wpseo_opengraph-description":null,"_yoast_wpseo_opengraph-title":null,"enclosure":null,"_yoast_wpseo_twitter-title":null,"_yoast_wpseo_twitter-description":null,"_yoast_wpseo_twitter-image":null,"_wp_old_slug":null,"_yoast_wpseo_title":null,"_yoast_wpseo_canonical":null,"yoast_head":"<!-- This site is optimized with the Yoast SEO plugin v27.5 - https:\/\/yoast.com\/product\/yoast-seo-wordpress\/ -->\n<title>Western Digital k\u00fcndigt Festplatten mit 22 TB an - Save<\/title>\n<meta name=\"description\" content=\"Western Digital hat zwei neue Festplatten ank\u00fcndigt und erh\u00f6ht damit die Speicherkapazit\u00e4t erstmals auf 22 bzw. 26 Terabyte. Der Einsatz der hochkapazitiven Festplatten ist speziell f\u00fcr skalierbare Cloud-Computing vorgesehen.\u00a0\" \/>\n<meta name=\"robots\" content=\"index, follow, max-snippet:-1, max-image-preview:large, max-video-preview:-1\" \/>\n<link rel=\"canonical\" href=\"https:\/\/news.save.ch\/en\/western-digital-kuendigt-festplatten-mit-22-tb-an\/\" \/>\n<meta property=\"og:locale\" content=\"en_US\" \/>\n<meta property=\"og:type\" content=\"article\" \/>\n<meta property=\"og:title\" content=\"Western Digital k\u00fcndigt Festplatten mit 22 TB an - Save\" \/>\n<meta property=\"og:description\" content=\"Western Digital hat zwei neue Festplatten ank\u00fcndigt und erh\u00f6ht damit die Speicherkapazit\u00e4t erstmals auf 22 bzw. 26 Terabyte. Der Einsatz der hochkapazitiven Festplatten ist speziell f\u00fcr skalierbare Cloud-Computing vorgesehen.\u00a0\" \/>\n<meta property=\"og:url\" content=\"https:\/\/news.save.ch\/en\/western-digital-kuendigt-festplatten-mit-22-tb-an\/\" \/>\n<meta property=\"og:site_name\" content=\"Save\" \/>\n<meta property=\"article:published_time\" content=\"2022-05-11T07:24:05+00:00\" \/>\n<meta property=\"article:modified_time\" content=\"2023-06-27T03:19:25+00:00\" \/>\n<meta name=\"author\" content=\"Simon Gr\u00f6flin\" \/>\n<meta name=\"twitter:card\" content=\"summary_large_image\" \/>\n<meta name=\"twitter:label1\" content=\"Written by\" \/>\n\t<meta name=\"twitter:data1\" content=\"Simon Gr\u00f6flin\" \/>\n\t<meta name=\"twitter:label2\" content=\"Est. reading time\" \/>\n\t<meta name=\"twitter:data2\" content=\"1 minute\" \/>\n<script type=\"application\/ld+json\" class=\"yoast-schema-graph\">{\"@context\":\"https:\\\/\\\/schema.org\",\"@graph\":[{\"@type\":\"Article\",\"@id\":\"https:\\\/\\\/news.save.ch\\\/western-digital-kuendigt-festplatten-mit-22-tb-an\\\/#article\",\"isPartOf\":{\"@id\":\"https:\\\/\\\/news.save.ch\\\/western-digital-kuendigt-festplatten-mit-22-tb-an\\\/\"},\"author\":{\"name\":\"Simon Gr\u00f6flin\",\"@id\":\"https:\\\/\\\/news.save.ch\\\/de\\\/#\\\/schema\\\/person\\\/ad4ef21102fd6125312409ac57d5296d\"},\"headline\":\"Western Digital k\u00fcndigt Festplatten mit 22 TB an\",\"datePublished\":\"2022-05-11T07:24:05+00:00\",\"dateModified\":\"2023-06-27T03:19:25+00:00\",\"mainEntityOfPage\":{\"@id\":\"https:\\\/\\\/news.save.ch\\\/western-digital-kuendigt-festplatten-mit-22-tb-an\\\/\"},\"wordCount\":152,\"publisher\":{\"@id\":\"https:\\\/\\\/news.save.ch\\\/de\\\/#organization\"},\"image\":{\"@id\":\"https:\\\/\\\/news.save.ch\\\/western-digital-kuendigt-festplatten-mit-22-tb-an\\\/#primaryimage\"},\"thumbnailUrl\":\"\",\"keywords\":[\"Festplatten\",\"Helium\",\"Hyperscale-Kunden\",\"OptiNAND\",\"Speicherdichte\",\"Ultrastar-Festplatten\",\"Western Digital\"],\"articleSection\":[\"ALLGEMEIN\"],\"inLanguage\":\"en-US\"},{\"@type\":\"WebPage\",\"@id\":\"https:\\\/\\\/news.save.ch\\\/western-digital-kuendigt-festplatten-mit-22-tb-an\\\/\",\"url\":\"https:\\\/\\\/news.save.ch\\\/western-digital-kuendigt-festplatten-mit-22-tb-an\\\/\",\"name\":\"Western Digital k\u00fcndigt Festplatten mit 22 TB an - Save\",\"isPartOf\":{\"@id\":\"https:\\\/\\\/news.save.ch\\\/de\\\/#website\"},\"primaryImageOfPage\":{\"@id\":\"https:\\\/\\\/news.save.ch\\\/western-digital-kuendigt-festplatten-mit-22-tb-an\\\/#primaryimage\"},\"image\":{\"@id\":\"https:\\\/\\\/news.save.ch\\\/western-digital-kuendigt-festplatten-mit-22-tb-an\\\/#primaryimage\"},\"thumbnailUrl\":\"\",\"datePublished\":\"2022-05-11T07:24:05+00:00\",\"dateModified\":\"2023-06-27T03:19:25+00:00\",\"description\":\"Western Digital hat zwei neue Festplatten ank\u00fcndigt und erh\u00f6ht damit die Speicherkapazit\u00e4t erstmals auf 22 bzw. 26 Terabyte. Der Einsatz der hochkapazitiven Festplatten ist speziell f\u00fcr skalierbare Cloud-Computing vorgesehen.\u00a0\",\"breadcrumb\":{\"@id\":\"https:\\\/\\\/news.save.ch\\\/western-digital-kuendigt-festplatten-mit-22-tb-an\\\/#breadcrumb\"},\"inLanguage\":\"en-US\",\"potentialAction\":[{\"@type\":\"ReadAction\",\"target\":[\"https:\\\/\\\/news.save.ch\\\/western-digital-kuendigt-festplatten-mit-22-tb-an\\\/\"]}]},{\"@type\":\"ImageObject\",\"inLanguage\":\"en-US\",\"@id\":\"https:\\\/\\\/news.save.ch\\\/western-digital-kuendigt-festplatten-mit-22-tb-an\\\/#primaryimage\",\"url\":\"\",\"contentUrl\":\"\"},{\"@type\":\"BreadcrumbList\",\"@id\":\"https:\\\/\\\/news.save.ch\\\/western-digital-kuendigt-festplatten-mit-22-tb-an\\\/#breadcrumb\",\"itemListElement\":[{\"@type\":\"ListItem\",\"position\":1,\"name\":\"Home\",\"item\":\"https:\\\/\\\/news.save.ch\\\/de\\\/\"},{\"@type\":\"ListItem\",\"position\":2,\"name\":\"Western Digital k\u00fcndigt Festplatten mit 22 TB an\"}]},{\"@type\":\"WebSite\",\"@id\":\"https:\\\/\\\/news.save.ch\\\/de\\\/#website\",\"url\":\"https:\\\/\\\/news.save.ch\\\/de\\\/\",\"name\":\"Save\",\"description\":\"Schweizer Fachzeitschrift f\u00fcr Sicherheit\",\"publisher\":{\"@id\":\"https:\\\/\\\/news.save.ch\\\/de\\\/#organization\"},\"potentialAction\":[{\"@type\":\"SearchAction\",\"target\":{\"@type\":\"EntryPoint\",\"urlTemplate\":\"https:\\\/\\\/news.save.ch\\\/de\\\/?s={search_term_string}\"},\"query-input\":{\"@type\":\"PropertyValueSpecification\",\"valueRequired\":true,\"valueName\":\"search_term_string\"}}],\"inLanguage\":\"en-US\"},{\"@type\":\"Organization\",\"@id\":\"https:\\\/\\\/news.save.ch\\\/de\\\/#organization\",\"name\":\"Sicherheitsforum\",\"url\":\"https:\\\/\\\/news.save.ch\\\/de\\\/\",\"logo\":{\"@type\":\"ImageObject\",\"inLanguage\":\"en-US\",\"@id\":\"https:\\\/\\\/news.save.ch\\\/de\\\/#\\\/schema\\\/logo\\\/image\\\/\",\"url\":\"https:\\\/\\\/news.save.ch\\\/wp-content\\\/uploads\\\/2022\\\/06\\\/Logo_SF_2012.png\",\"contentUrl\":\"https:\\\/\\\/news.save.ch\\\/wp-content\\\/uploads\\\/2022\\\/06\\\/Logo_SF_2012.png\",\"width\":1100,\"height\":91,\"caption\":\"Sicherheitsforum\"},\"image\":{\"@id\":\"https:\\\/\\\/news.save.ch\\\/de\\\/#\\\/schema\\\/logo\\\/image\\\/\"}},{\"@type\":\"Person\",\"@id\":\"https:\\\/\\\/news.save.ch\\\/de\\\/#\\\/schema\\\/person\\\/ad4ef21102fd6125312409ac57d5296d\",\"name\":\"Simon Gr\u00f6flin\",\"image\":{\"@type\":\"ImageObject\",\"inLanguage\":\"en-US\",\"@id\":\"https:\\\/\\\/secure.gravatar.com\\\/avatar\\\/6ddceb80eb734354635539e0ea5140bb7c41e42de7c45c9a2ab9921b5d5c9a83?s=96&d=mm&r=g\",\"url\":\"https:\\\/\\\/secure.gravatar.com\\\/avatar\\\/6ddceb80eb734354635539e0ea5140bb7c41e42de7c45c9a2ab9921b5d5c9a83?s=96&d=mm&r=g\",\"contentUrl\":\"https:\\\/\\\/secure.gravatar.com\\\/avatar\\\/6ddceb80eb734354635539e0ea5140bb7c41e42de7c45c9a2ab9921b5d5c9a83?s=96&d=mm&r=g\",\"caption\":\"Simon Gr\u00f6flin\"},\"url\":\"https:\\\/\\\/news.save.ch\\\/en\\\/author\\\/simon-groeflin\\\/\"}]}<\/script>\n<!-- \/ Yoast SEO plugin. -->","yoast_head_json":{"title":"Western Digital announces hard drives with 22 TB - Save","description":"Western Digital has announced two new hard drives, increasing storage capacity to 22 and 26 terabytes for the first time. The use of the high-capacity hard drives is specifically intended for scalable cloud computing.\u00a0","robots":{"index":"index","follow":"follow","max-snippet":"max-snippet:-1","max-image-preview":"max-image-preview:large","max-video-preview":"max-video-preview:-1"},"canonical":"https:\/\/news.save.ch\/en\/western-digital-kuendigt-festplatten-mit-22-tb-an\/","og_locale":"en_US","og_type":"article","og_title":"Western Digital k\u00fcndigt Festplatten mit 22 TB an - Save","og_description":"Western Digital hat zwei neue Festplatten ank\u00fcndigt und erh\u00f6ht damit die Speicherkapazit\u00e4t erstmals auf 22 bzw. 26 Terabyte. Der Einsatz der hochkapazitiven Festplatten ist speziell f\u00fcr skalierbare Cloud-Computing vorgesehen.\u00a0","og_url":"https:\/\/news.save.ch\/en\/western-digital-kuendigt-festplatten-mit-22-tb-an\/","og_site_name":"Save","article_published_time":"2022-05-11T07:24:05+00:00","article_modified_time":"2023-06-27T03:19:25+00:00","author":"Simon Gr\u00f6flin","twitter_card":"summary_large_image","twitter_misc":{"Written by":"Simon Gr\u00f6flin","Est. reading time":"1 minute"},"schema":{"@context":"https:\/\/schema.org","@graph":[{"@type":"Article","@id":"https:\/\/news.save.ch\/western-digital-kuendigt-festplatten-mit-22-tb-an\/#article","isPartOf":{"@id":"https:\/\/news.save.ch\/western-digital-kuendigt-festplatten-mit-22-tb-an\/"},"author":{"name":"Simon Gr\u00f6flin","@id":"https:\/\/news.save.ch\/de\/#\/schema\/person\/ad4ef21102fd6125312409ac57d5296d"},"headline":"Western Digital k\u00fcndigt Festplatten mit 22 TB an","datePublished":"2022-05-11T07:24:05+00:00","dateModified":"2023-06-27T03:19:25+00:00","mainEntityOfPage":{"@id":"https:\/\/news.save.ch\/western-digital-kuendigt-festplatten-mit-22-tb-an\/"},"wordCount":152,"publisher":{"@id":"https:\/\/news.save.ch\/de\/#organization"},"image":{"@id":"https:\/\/news.save.ch\/western-digital-kuendigt-festplatten-mit-22-tb-an\/#primaryimage"},"thumbnailUrl":"","keywords":["Festplatten","Helium","Hyperscale-Kunden","OptiNAND","Speicherdichte","Ultrastar-Festplatten","Western Digital"],"articleSection":["ALLGEMEIN"],"inLanguage":"en-US"},{"@type":"WebPage","@id":"https:\/\/news.save.ch\/western-digital-kuendigt-festplatten-mit-22-tb-an\/","url":"https:\/\/news.save.ch\/western-digital-kuendigt-festplatten-mit-22-tb-an\/","name":"Western Digital announces hard drives with 22 TB - Save","isPartOf":{"@id":"https:\/\/news.save.ch\/de\/#website"},"primaryImageOfPage":{"@id":"https:\/\/news.save.ch\/western-digital-kuendigt-festplatten-mit-22-tb-an\/#primaryimage"},"image":{"@id":"https:\/\/news.save.ch\/western-digital-kuendigt-festplatten-mit-22-tb-an\/#primaryimage"},"thumbnailUrl":"","datePublished":"2022-05-11T07:24:05+00:00","dateModified":"2023-06-27T03:19:25+00:00","description":"Western Digital has announced two new hard drives, increasing storage capacity to 22 and 26 terabytes for the first time. The use of the high-capacity hard drives is specifically intended for scalable cloud computing.\u00a0","breadcrumb":{"@id":"https:\/\/news.save.ch\/western-digital-kuendigt-festplatten-mit-22-tb-an\/#breadcrumb"},"inLanguage":"en-US","potentialAction":[{"@type":"ReadAction","target":["https:\/\/news.save.ch\/western-digital-kuendigt-festplatten-mit-22-tb-an\/"]}]},{"@type":"ImageObject","inLanguage":"en-US","@id":"https:\/\/news.save.ch\/western-digital-kuendigt-festplatten-mit-22-tb-an\/#primaryimage","url":"","contentUrl":""},{"@type":"BreadcrumbList","@id":"https:\/\/news.save.ch\/western-digital-kuendigt-festplatten-mit-22-tb-an\/#breadcrumb","itemListElement":[{"@type":"ListItem","position":1,"name":"Home","item":"https:\/\/news.save.ch\/de\/"},{"@type":"ListItem","position":2,"name":"Western Digital k\u00fcndigt Festplatten mit 22 TB an"}]},{"@type":"WebSite","@id":"https:\/\/news.save.ch\/de\/#website","url":"https:\/\/news.save.ch\/de\/","name":"Save","description":"Swiss trade journal for safety","publisher":{"@id":"https:\/\/news.save.ch\/de\/#organization"},"potentialAction":[{"@type":"SearchAction","target":{"@type":"EntryPoint","urlTemplate":"https:\/\/news.save.ch\/de\/?s={search_term_string}"},"query-input":{"@type":"PropertyValueSpecification","valueRequired":true,"valueName":"search_term_string"}}],"inLanguage":"en-US"},{"@type":"Organization","@id":"https:\/\/news.save.ch\/de\/#organization","name":"Security Forum","url":"https:\/\/news.save.ch\/de\/","logo":{"@type":"ImageObject","inLanguage":"en-US","@id":"https:\/\/news.save.ch\/de\/#\/schema\/logo\/image\/","url":"https:\/\/news.save.ch\/wp-content\/uploads\/2022\/06\/Logo_SF_2012.png","contentUrl":"https:\/\/news.save.ch\/wp-content\/uploads\/2022\/06\/Logo_SF_2012.png","width":1100,"height":91,"caption":"Sicherheitsforum"},"image":{"@id":"https:\/\/news.save.ch\/de\/#\/schema\/logo\/image\/"}},{"@type":"Person","@id":"https:\/\/news.save.ch\/de\/#\/schema\/person\/ad4ef21102fd6125312409ac57d5296d","name":"Simon Gr\u00f6flin","image":{"@type":"ImageObject","inLanguage":"en-US","@id":"https:\/\/secure.gravatar.com\/avatar\/6ddceb80eb734354635539e0ea5140bb7c41e42de7c45c9a2ab9921b5d5c9a83?s=96&d=mm&r=g","url":"https:\/\/secure.gravatar.com\/avatar\/6ddceb80eb734354635539e0ea5140bb7c41e42de7c45c9a2ab9921b5d5c9a83?s=96&d=mm&r=g","contentUrl":"https:\/\/secure.gravatar.com\/avatar\/6ddceb80eb734354635539e0ea5140bb7c41e42de7c45c9a2ab9921b5d5c9a83?s=96&d=mm&r=g","caption":"Simon Gr\u00f6flin"},"url":"https:\/\/news.save.ch\/en\/author\/simon-groeflin\/"}]}},"_links":{"self":[{"href":"https:\/\/news.save.ch\/en\/wp-json\/wp\/v2\/posts\/14120","targetHints":{"allow":["GET"]}}],"collection":[{"href":"https:\/\/news.save.ch\/en\/wp-json\/wp\/v2\/posts"}],"about":[{"href":"https:\/\/news.save.ch\/en\/wp-json\/wp\/v2\/types\/post"}],"author":[{"embeddable":true,"href":"https:\/\/news.save.ch\/en\/wp-json\/wp\/v2\/users\/9"}],"replies":[{"embeddable":true,"href":"https:\/\/news.save.ch\/en\/wp-json\/wp\/v2\/comments?post=14120"}],"version-history":[{"count":3,"href":"https:\/\/news.save.ch\/en\/wp-json\/wp\/v2\/posts\/14120\/revisions"}],"predecessor-version":[{"id":20295,"href":"https:\/\/news.save.ch\/en\/wp-json\/wp\/v2\/posts\/14120\/revisions\/20295"}],"wp:featuredmedia":[{"embeddable":true,"href":"https:\/\/news.save.ch\/en\/wp-json\/"}],"wp:attachment":[{"href":"https:\/\/news.save.ch\/en\/wp-json\/wp\/v2\/media?parent=14120"}],"wp:term":[{"taxonomy":"category","embeddable":true,"href":"https:\/\/news.save.ch\/en\/wp-json\/wp\/v2\/categories?post=14120"},{"taxonomy":"post_tag","embeddable":true,"href":"https:\/\/news.save.ch\/en\/wp-json\/wp\/v2\/tags?post=14120"}],"curies":[{"name":"wp","href":"https:\/\/api.w.org\/{rel}","templated":true}]}}