{"id":14148,"date":"2016-11-25T11:06:24","date_gmt":"2016-11-25T10:06:24","guid":{"rendered":"https:\/\/dev.sicherheitsforum.ch\/?p=729"},"modified":"2023-03-14T09:00:02","modified_gmt":"2023-03-14T08:00:02","slug":"mitarbeiter-sind-bereit-fuer-mobile-access","status":null,"type":"post","link":"https:\/\/news.save.ch\/en\/mitarbeiter-sind-bereit-fuer-mobile-access\/","title":{"rendered":"Employees are ready for Mobile Access"},"content":{"rendered":"<figure id=\"attachment_733\" aria-describedby=\"caption-attachment-733\" style=\"width: 680px\" class=\"wp-caption alignnone\"><img loading=\"lazy\" decoding=\"async\" class=\"size-medium wp-image-733\" src=\"https:\/\/sicherheitsforum.ch\/wp-content\/uploads\/2016\/12\/Mitarbeiter-sind-bereit-f\u00fcr-Mobile-Access_sicherheitsforum.jpg\" alt=\"\u00a9 depositphotos\" width=\"680\" height=\"472\" \/><figcaption id=\"caption-attachment-733\" class=\"wp-caption-text\">\u00a9 depositphotos<\/figcaption><\/figure>\n<p>For the study interviewed <a href=\"https:\/\/www.hidglobal.com\" target=\"_blank\" rel=\"noreferrer noopener\" data-cke-saved-href=\"https:\/\/www.hidglobal.com\">HID<\/a> Globally, over 1,200 employees from companies of all sizes in Germany, the UK and France. According to the survey, confidence in the security of mobile company devices is particularly high in SMEs. Across Europe, 75% of SME employees said they had no security concerns when using smartphones or tablets. This figure demonstrates a high level of confidence in companies' mobile security strategies and is particularly significant given that mobile devices are now used in many workplaces. For example, 78% of the SME employees surveyed reported that they regularly use company cell phones for work purposes.<\/p>\n<p><strong>Harnessing great confidence for Zuko<\/strong><\/p>\n<p>According to HID Global, SMEs should now take advantage of the great trust and the growing mobility trend to offer employees innovative solutions for access control. If mobile devices are ubiquitous anyway and employees have great confidence in their security, it is obvious to use cell phones &amp; co. also for authentication when opening doors, as HID points out. Companies could also use temporary digital badges to give visitors and external service providers easy temporary access to the company building.<\/p>\n<p><strong>Easy to implement <\/strong><\/p>\n<p>It is important that the solution for access control via smartphone is easy to implement and, above all, offers employees a positive user experience. At the same time, it must be cost-effective, given the tight budgets that SMEs have compared to large enterprises. Upgrading to mobile access is also the ideal opportunity to close any remaining security gaps.<\/p>\n<p>\"Our survey reveals a high level of confidence among employees in their organizations' ability to protect data on mobile devices from external threats,\" said Harm Radstaak, vice president and managing director, Physical Access Control Solutions at HID Global. \"This high level of trust and users' willingness to open doors with their smartphones will quickly lead to mobile devices soon becoming the standard in access control. This is especially true in SMBs, which have traditionally shown themselves to be particularly flexible and agile when it comes to innovation and efficiency.\"<\/p>","protected":false},"excerpt":{"rendered":"<p>F\u00fcr die Studie befragte HID Global \u00fcber 1200 Mitarbeiter von Unternehmen aller Gr\u00f6ssen in Deutschland, Grossbritannien und Frankreich. Besonders hoch ist das Vertrauen in die Sicherheit mobiler Firmenger\u00e4te der Umfrage zufolge in KMU. Europaweit gaben 75% der KMU-Mitarbeitenden an, keine Sicherheitsbedenken zu haben, wenn sie Smartphones oder Tablets nutzen. Dieser Wert belegt ein grosses Vertrauen [&hellip;]<\/p>\n","protected":false},"author":1,"featured_media":13570,"comment_status":"open","ping_status":"open","sticky":false,"template":"","format":"standard","meta":{"_acf_changed":false,"pgc_sgb_lightbox_settings":"","footnotes":""},"categories":[3312],"tags":[157,158],"class_list":["post-14148","post","type-post","status-publish","format-standard","has-post-thumbnail","hentry","category-sicherheit","tag-video-security","tag-zutrittskontrolle"],"acf":[],"hkrextid":null,"publication":null,"issue":null,"workflow":null,"startPage":null,"spitzmarke":null,"_posts_by_tag_page_fields":{"widget_title":"","widget_tags":""},"_at_widget":"1","_yoast_wpseo_primary_category":"3303","_yoast_wpseo_focuskw_text_input":"Mobile Access","_yoast_wpseo_opengraph-image":"https:\/\/sicherheitsforum.ch\/wp-content\/uploads\/2016\/12\/Mitarbeiter-sind-bereit-f\u00fcr-Mobile-Access_sicherheitsforum.jpg","_yoast_wpseo_opengraph-description":"In den europ\u00e4ischen Unternehmen hat die Mehrheit der Mitarbeitenden keine Sicherheitsbedenken, wenn sie Firmen-Smartphones nutzen. Das geht aus einer aktuellen Umfrage von HID Global hervor. Dieses grosse Vertrauen in die Sicherheit mobiler Unternehmensger\u00e4te \u00f6ffnet den Weg f\u00fcr Mobile-Access-L\u00f6sungen, wie Anbieter von Identit\u00e4tsl\u00f6sungen schreibt.","_yoast_wpseo_opengraph-title":"Mitarbeiter sind bereit f\u00fcr Mobile Access","enclosure":null,"_yoast_wpseo_twitter-title":null,"_yoast_wpseo_twitter-description":null,"_yoast_wpseo_twitter-image":null,"_wp_old_slug":null,"_yoast_wpseo_title":null,"_yoast_wpseo_canonical":null,"yoast_head":"<!-- This site is optimized with the Yoast SEO plugin v27.4 - https:\/\/yoast.com\/product\/yoast-seo-wordpress\/ -->\n<title>Mitarbeiter sind bereit f\u00fcr Mobile Access - Save<\/title>\n<meta name=\"description\" content=\"In den europ\u00e4ischen Unternehmen hat die Mehrheit der Mitarbeitenden keine Sicherheitsbedenken, wenn sie Firmen-Smartphones nutzen.\" \/>\n<meta name=\"robots\" content=\"index, follow, max-snippet:-1, max-image-preview:large, max-video-preview:-1\" \/>\n<link rel=\"canonical\" href=\"https:\/\/news.save.ch\/en\/mitarbeiter-sind-bereit-fuer-mobile-access\/\" \/>\n<meta property=\"og:locale\" content=\"en_US\" \/>\n<meta property=\"og:type\" content=\"article\" \/>\n<meta property=\"og:title\" content=\"Mitarbeiter sind bereit f\u00fcr Mobile Access\" \/>\n<meta property=\"og:description\" content=\"In den europ\u00e4ischen Unternehmen hat die Mehrheit der Mitarbeitenden keine Sicherheitsbedenken, wenn sie Firmen-Smartphones nutzen. Das geht aus einer aktuellen Umfrage von HID Global hervor. Dieses grosse Vertrauen in die Sicherheit mobiler Unternehmensger\u00e4te \u00f6ffnet den Weg f\u00fcr Mobile-Access-L\u00f6sungen, wie Anbieter von Identit\u00e4tsl\u00f6sungen schreibt.\" \/>\n<meta property=\"og:url\" content=\"https:\/\/news.save.ch\/en\/mitarbeiter-sind-bereit-fuer-mobile-access\/\" \/>\n<meta property=\"og:site_name\" content=\"Save\" \/>\n<meta property=\"article:published_time\" content=\"2016-11-25T10:06:24+00:00\" \/>\n<meta property=\"article:modified_time\" content=\"2023-03-14T08:00:02+00:00\" \/>\n<meta property=\"og:image\" content=\"https:\/\/sicherheitsforum.ch\/wp-content\/uploads\/2016\/12\/Mitarbeiter-sind-bereit-f\u00fcr-Mobile-Access_sicherheitsforum.jpg\" \/>\n<meta name=\"author\" content=\"admin\" \/>\n<meta name=\"twitter:card\" content=\"summary_large_image\" \/>\n<meta name=\"twitter:label1\" content=\"Written by\" \/>\n\t<meta name=\"twitter:data1\" content=\"admin\" \/>\n\t<meta name=\"twitter:label2\" content=\"Est. reading time\" \/>\n\t<meta name=\"twitter:data2\" content=\"2 minutes\" \/>\n<script type=\"application\/ld+json\" class=\"yoast-schema-graph\">{\"@context\":\"https:\\\/\\\/schema.org\",\"@graph\":[{\"@type\":\"Article\",\"@id\":\"https:\\\/\\\/news.save.ch\\\/mitarbeiter-sind-bereit-fuer-mobile-access\\\/#article\",\"isPartOf\":{\"@id\":\"https:\\\/\\\/news.save.ch\\\/mitarbeiter-sind-bereit-fuer-mobile-access\\\/\"},\"author\":{\"name\":\"admin\",\"@id\":\"https:\\\/\\\/news.save.ch\\\/de\\\/#\\\/schema\\\/person\\\/d49e199490bad7c70d64b9ab51142f2b\"},\"headline\":\"Mitarbeiter sind bereit f\u00fcr Mobile Access\",\"datePublished\":\"2016-11-25T10:06:24+00:00\",\"dateModified\":\"2023-03-14T08:00:02+00:00\",\"mainEntityOfPage\":{\"@id\":\"https:\\\/\\\/news.save.ch\\\/mitarbeiter-sind-bereit-fuer-mobile-access\\\/\"},\"wordCount\":371,\"commentCount\":0,\"publisher\":{\"@id\":\"https:\\\/\\\/news.save.ch\\\/de\\\/#organization\"},\"image\":{\"@id\":\"https:\\\/\\\/news.save.ch\\\/mitarbeiter-sind-bereit-fuer-mobile-access\\\/#primaryimage\"},\"thumbnailUrl\":\"https:\\\/\\\/news.save.ch\\\/wp-content\\\/uploads\\\/2016\\\/12\\\/Mitarbeiter-sind-bereit-fuer-Mobile-Access_sicherheitsforum-scaled-1-scaled.jpg\",\"keywords\":[\"Video-Security\",\"Zutrittskontrolle\"],\"articleSection\":[\"SICHERHEIT\"],\"inLanguage\":\"en-US\"},{\"@type\":\"WebPage\",\"@id\":\"https:\\\/\\\/news.save.ch\\\/mitarbeiter-sind-bereit-fuer-mobile-access\\\/\",\"url\":\"https:\\\/\\\/news.save.ch\\\/mitarbeiter-sind-bereit-fuer-mobile-access\\\/\",\"name\":\"Mitarbeiter sind bereit f\u00fcr Mobile Access - Save\",\"isPartOf\":{\"@id\":\"https:\\\/\\\/news.save.ch\\\/de\\\/#website\"},\"primaryImageOfPage\":{\"@id\":\"https:\\\/\\\/news.save.ch\\\/mitarbeiter-sind-bereit-fuer-mobile-access\\\/#primaryimage\"},\"image\":{\"@id\":\"https:\\\/\\\/news.save.ch\\\/mitarbeiter-sind-bereit-fuer-mobile-access\\\/#primaryimage\"},\"thumbnailUrl\":\"https:\\\/\\\/news.save.ch\\\/wp-content\\\/uploads\\\/2016\\\/12\\\/Mitarbeiter-sind-bereit-fuer-Mobile-Access_sicherheitsforum-scaled-1-scaled.jpg\",\"datePublished\":\"2016-11-25T10:06:24+00:00\",\"dateModified\":\"2023-03-14T08:00:02+00:00\",\"description\":\"In den europ\u00e4ischen Unternehmen hat die Mehrheit der Mitarbeitenden keine Sicherheitsbedenken, wenn sie Firmen-Smartphones nutzen.\",\"breadcrumb\":{\"@id\":\"https:\\\/\\\/news.save.ch\\\/mitarbeiter-sind-bereit-fuer-mobile-access\\\/#breadcrumb\"},\"inLanguage\":\"en-US\",\"potentialAction\":[{\"@type\":\"ReadAction\",\"target\":[\"https:\\\/\\\/news.save.ch\\\/mitarbeiter-sind-bereit-fuer-mobile-access\\\/\"]}]},{\"@type\":\"ImageObject\",\"inLanguage\":\"en-US\",\"@id\":\"https:\\\/\\\/news.save.ch\\\/mitarbeiter-sind-bereit-fuer-mobile-access\\\/#primaryimage\",\"url\":\"https:\\\/\\\/news.save.ch\\\/wp-content\\\/uploads\\\/2016\\\/12\\\/Mitarbeiter-sind-bereit-fuer-Mobile-Access_sicherheitsforum-scaled-1-scaled.jpg\",\"contentUrl\":\"https:\\\/\\\/news.save.ch\\\/wp-content\\\/uploads\\\/2016\\\/12\\\/Mitarbeiter-sind-bereit-fuer-Mobile-Access_sicherheitsforum-scaled-1-scaled.jpg\",\"width\":1400,\"height\":972,\"caption\":\"\u00a9 depositphotos\"},{\"@type\":\"BreadcrumbList\",\"@id\":\"https:\\\/\\\/news.save.ch\\\/mitarbeiter-sind-bereit-fuer-mobile-access\\\/#breadcrumb\",\"itemListElement\":[{\"@type\":\"ListItem\",\"position\":1,\"name\":\"Home\",\"item\":\"https:\\\/\\\/news.save.ch\\\/de\\\/\"},{\"@type\":\"ListItem\",\"position\":2,\"name\":\"Mitarbeiter sind bereit f\u00fcr Mobile Access\"}]},{\"@type\":\"WebSite\",\"@id\":\"https:\\\/\\\/news.save.ch\\\/de\\\/#website\",\"url\":\"https:\\\/\\\/news.save.ch\\\/de\\\/\",\"name\":\"Save\",\"description\":\"Schweizer Fachzeitschrift f\u00fcr Sicherheit\",\"publisher\":{\"@id\":\"https:\\\/\\\/news.save.ch\\\/de\\\/#organization\"},\"potentialAction\":[{\"@type\":\"SearchAction\",\"target\":{\"@type\":\"EntryPoint\",\"urlTemplate\":\"https:\\\/\\\/news.save.ch\\\/de\\\/?s={search_term_string}\"},\"query-input\":{\"@type\":\"PropertyValueSpecification\",\"valueRequired\":true,\"valueName\":\"search_term_string\"}}],\"inLanguage\":\"en-US\"},{\"@type\":\"Organization\",\"@id\":\"https:\\\/\\\/news.save.ch\\\/de\\\/#organization\",\"name\":\"Sicherheitsforum\",\"url\":\"https:\\\/\\\/news.save.ch\\\/de\\\/\",\"logo\":{\"@type\":\"ImageObject\",\"inLanguage\":\"en-US\",\"@id\":\"https:\\\/\\\/news.save.ch\\\/de\\\/#\\\/schema\\\/logo\\\/image\\\/\",\"url\":\"https:\\\/\\\/news.save.ch\\\/wp-content\\\/uploads\\\/2022\\\/06\\\/Logo_SF_2012.png\",\"contentUrl\":\"https:\\\/\\\/news.save.ch\\\/wp-content\\\/uploads\\\/2022\\\/06\\\/Logo_SF_2012.png\",\"width\":1100,\"height\":91,\"caption\":\"Sicherheitsforum\"},\"image\":{\"@id\":\"https:\\\/\\\/news.save.ch\\\/de\\\/#\\\/schema\\\/logo\\\/image\\\/\"}},{\"@type\":\"Person\",\"@id\":\"https:\\\/\\\/news.save.ch\\\/de\\\/#\\\/schema\\\/person\\\/d49e199490bad7c70d64b9ab51142f2b\",\"name\":\"admin\",\"image\":{\"@type\":\"ImageObject\",\"inLanguage\":\"en-US\",\"@id\":\"https:\\\/\\\/secure.gravatar.com\\\/avatar\\\/ae2f4d718e6c49043e314ce431e7e645d646302a24a5ef5a8bc8e3f5a032e319?s=96&d=mm&r=g\",\"url\":\"https:\\\/\\\/secure.gravatar.com\\\/avatar\\\/ae2f4d718e6c49043e314ce431e7e645d646302a24a5ef5a8bc8e3f5a032e319?s=96&d=mm&r=g\",\"contentUrl\":\"https:\\\/\\\/secure.gravatar.com\\\/avatar\\\/ae2f4d718e6c49043e314ce431e7e645d646302a24a5ef5a8bc8e3f5a032e319?s=96&d=mm&r=g\",\"caption\":\"admin\"},\"sameAs\":[\"https:\\\/\\\/develop.organisator.galledia.ch\"],\"url\":\"https:\\\/\\\/news.save.ch\\\/en\\\/author\\\/admin\\\/\"}]}<\/script>\n<!-- \/ Yoast SEO plugin. -->","yoast_head_json":{"title":"Employees are ready for Mobile Access - Save","description":"In European companies, the majority of employees have no security concerns when using company smartphones.","robots":{"index":"index","follow":"follow","max-snippet":"max-snippet:-1","max-image-preview":"max-image-preview:large","max-video-preview":"max-video-preview:-1"},"canonical":"https:\/\/news.save.ch\/en\/mitarbeiter-sind-bereit-fuer-mobile-access\/","og_locale":"en_US","og_type":"article","og_title":"Mitarbeiter sind bereit f\u00fcr Mobile Access","og_description":"In den europ\u00e4ischen Unternehmen hat die Mehrheit der Mitarbeitenden keine Sicherheitsbedenken, wenn sie Firmen-Smartphones nutzen. Das geht aus einer aktuellen Umfrage von HID Global hervor. Dieses grosse Vertrauen in die Sicherheit mobiler Unternehmensger\u00e4te \u00f6ffnet den Weg f\u00fcr Mobile-Access-L\u00f6sungen, wie Anbieter von Identit\u00e4tsl\u00f6sungen schreibt.","og_url":"https:\/\/news.save.ch\/en\/mitarbeiter-sind-bereit-fuer-mobile-access\/","og_site_name":"Save","article_published_time":"2016-11-25T10:06:24+00:00","article_modified_time":"2023-03-14T08:00:02+00:00","og_image":[{"url":"https:\/\/sicherheitsforum.ch\/wp-content\/uploads\/2016\/12\/Mitarbeiter-sind-bereit-f\u00fcr-Mobile-Access_sicherheitsforum.jpg","type":"","width":"","height":""}],"author":"admin","twitter_card":"summary_large_image","twitter_misc":{"Written by":"admin","Est. reading time":"2 minutes"},"schema":{"@context":"https:\/\/schema.org","@graph":[{"@type":"Article","@id":"https:\/\/news.save.ch\/mitarbeiter-sind-bereit-fuer-mobile-access\/#article","isPartOf":{"@id":"https:\/\/news.save.ch\/mitarbeiter-sind-bereit-fuer-mobile-access\/"},"author":{"name":"admin","@id":"https:\/\/news.save.ch\/de\/#\/schema\/person\/d49e199490bad7c70d64b9ab51142f2b"},"headline":"Mitarbeiter sind bereit f\u00fcr Mobile Access","datePublished":"2016-11-25T10:06:24+00:00","dateModified":"2023-03-14T08:00:02+00:00","mainEntityOfPage":{"@id":"https:\/\/news.save.ch\/mitarbeiter-sind-bereit-fuer-mobile-access\/"},"wordCount":371,"commentCount":0,"publisher":{"@id":"https:\/\/news.save.ch\/de\/#organization"},"image":{"@id":"https:\/\/news.save.ch\/mitarbeiter-sind-bereit-fuer-mobile-access\/#primaryimage"},"thumbnailUrl":"https:\/\/news.save.ch\/wp-content\/uploads\/2016\/12\/Mitarbeiter-sind-bereit-fuer-Mobile-Access_sicherheitsforum-scaled-1-scaled.jpg","keywords":["Video-Security","Zutrittskontrolle"],"articleSection":["SICHERHEIT"],"inLanguage":"en-US"},{"@type":"WebPage","@id":"https:\/\/news.save.ch\/mitarbeiter-sind-bereit-fuer-mobile-access\/","url":"https:\/\/news.save.ch\/mitarbeiter-sind-bereit-fuer-mobile-access\/","name":"Employees are ready for Mobile Access - Save","isPartOf":{"@id":"https:\/\/news.save.ch\/de\/#website"},"primaryImageOfPage":{"@id":"https:\/\/news.save.ch\/mitarbeiter-sind-bereit-fuer-mobile-access\/#primaryimage"},"image":{"@id":"https:\/\/news.save.ch\/mitarbeiter-sind-bereit-fuer-mobile-access\/#primaryimage"},"thumbnailUrl":"https:\/\/news.save.ch\/wp-content\/uploads\/2016\/12\/Mitarbeiter-sind-bereit-fuer-Mobile-Access_sicherheitsforum-scaled-1-scaled.jpg","datePublished":"2016-11-25T10:06:24+00:00","dateModified":"2023-03-14T08:00:02+00:00","description":"In European companies, the majority of employees have no security concerns when using company smartphones.","breadcrumb":{"@id":"https:\/\/news.save.ch\/mitarbeiter-sind-bereit-fuer-mobile-access\/#breadcrumb"},"inLanguage":"en-US","potentialAction":[{"@type":"ReadAction","target":["https:\/\/news.save.ch\/mitarbeiter-sind-bereit-fuer-mobile-access\/"]}]},{"@type":"ImageObject","inLanguage":"en-US","@id":"https:\/\/news.save.ch\/mitarbeiter-sind-bereit-fuer-mobile-access\/#primaryimage","url":"https:\/\/news.save.ch\/wp-content\/uploads\/2016\/12\/Mitarbeiter-sind-bereit-fuer-Mobile-Access_sicherheitsforum-scaled-1-scaled.jpg","contentUrl":"https:\/\/news.save.ch\/wp-content\/uploads\/2016\/12\/Mitarbeiter-sind-bereit-fuer-Mobile-Access_sicherheitsforum-scaled-1-scaled.jpg","width":1400,"height":972,"caption":"\u00a9 depositphotos"},{"@type":"BreadcrumbList","@id":"https:\/\/news.save.ch\/mitarbeiter-sind-bereit-fuer-mobile-access\/#breadcrumb","itemListElement":[{"@type":"ListItem","position":1,"name":"Home","item":"https:\/\/news.save.ch\/de\/"},{"@type":"ListItem","position":2,"name":"Mitarbeiter sind bereit f\u00fcr Mobile Access"}]},{"@type":"WebSite","@id":"https:\/\/news.save.ch\/de\/#website","url":"https:\/\/news.save.ch\/de\/","name":"Save","description":"Swiss trade journal for safety","publisher":{"@id":"https:\/\/news.save.ch\/de\/#organization"},"potentialAction":[{"@type":"SearchAction","target":{"@type":"EntryPoint","urlTemplate":"https:\/\/news.save.ch\/de\/?s={search_term_string}"},"query-input":{"@type":"PropertyValueSpecification","valueRequired":true,"valueName":"search_term_string"}}],"inLanguage":"en-US"},{"@type":"Organization","@id":"https:\/\/news.save.ch\/de\/#organization","name":"Security Forum","url":"https:\/\/news.save.ch\/de\/","logo":{"@type":"ImageObject","inLanguage":"en-US","@id":"https:\/\/news.save.ch\/de\/#\/schema\/logo\/image\/","url":"https:\/\/news.save.ch\/wp-content\/uploads\/2022\/06\/Logo_SF_2012.png","contentUrl":"https:\/\/news.save.ch\/wp-content\/uploads\/2022\/06\/Logo_SF_2012.png","width":1100,"height":91,"caption":"Sicherheitsforum"},"image":{"@id":"https:\/\/news.save.ch\/de\/#\/schema\/logo\/image\/"}},{"@type":"Person","@id":"https:\/\/news.save.ch\/de\/#\/schema\/person\/d49e199490bad7c70d64b9ab51142f2b","name":"admin","image":{"@type":"ImageObject","inLanguage":"en-US","@id":"https:\/\/secure.gravatar.com\/avatar\/ae2f4d718e6c49043e314ce431e7e645d646302a24a5ef5a8bc8e3f5a032e319?s=96&d=mm&r=g","url":"https:\/\/secure.gravatar.com\/avatar\/ae2f4d718e6c49043e314ce431e7e645d646302a24a5ef5a8bc8e3f5a032e319?s=96&d=mm&r=g","contentUrl":"https:\/\/secure.gravatar.com\/avatar\/ae2f4d718e6c49043e314ce431e7e645d646302a24a5ef5a8bc8e3f5a032e319?s=96&d=mm&r=g","caption":"admin"},"sameAs":["https:\/\/develop.organisator.galledia.ch"],"url":"https:\/\/news.save.ch\/en\/author\/admin\/"}]}},"_links":{"self":[{"href":"https:\/\/news.save.ch\/en\/wp-json\/wp\/v2\/posts\/14148","targetHints":{"allow":["GET"]}}],"collection":[{"href":"https:\/\/news.save.ch\/en\/wp-json\/wp\/v2\/posts"}],"about":[{"href":"https:\/\/news.save.ch\/en\/wp-json\/wp\/v2\/types\/post"}],"author":[{"embeddable":true,"href":"https:\/\/news.save.ch\/en\/wp-json\/wp\/v2\/users\/1"}],"replies":[{"embeddable":true,"href":"https:\/\/news.save.ch\/en\/wp-json\/wp\/v2\/comments?post=14148"}],"version-history":[{"count":1,"href":"https:\/\/news.save.ch\/en\/wp-json\/wp\/v2\/posts\/14148\/revisions"}],"predecessor-version":[{"id":17998,"href":"https:\/\/news.save.ch\/en\/wp-json\/wp\/v2\/posts\/14148\/revisions\/17998"}],"wp:featuredmedia":[{"embeddable":true,"href":"https:\/\/news.save.ch\/en\/wp-json\/wp\/v2\/media\/13570"}],"wp:attachment":[{"href":"https:\/\/news.save.ch\/en\/wp-json\/wp\/v2\/media?parent=14148"}],"wp:term":[{"taxonomy":"category","embeddable":true,"href":"https:\/\/news.save.ch\/en\/wp-json\/wp\/v2\/categories?post=14148"},{"taxonomy":"post_tag","embeddable":true,"href":"https:\/\/news.save.ch\/en\/wp-json\/wp\/v2\/tags?post=14148"}],"curies":[{"name":"wp","href":"https:\/\/api.w.org\/{rel}","templated":true}]}}