{"id":1415,"date":"2016-05-18T10:49:13","date_gmt":"2016-05-18T08:49:13","guid":{"rendered":"http:\/\/dev.safety-plus.ch\/?p=886"},"modified":"2016-05-18T10:49:13","modified_gmt":"2016-05-18T08:49:13","slug":"suva-neuer-abteilungsleiter-versicherungstechnik","status":null,"type":"post","link":"https:\/\/news.save.ch\/en\/suva-neuer-abteilungsleiter-versicherungstechnik\/","title":{"rendered":"Suva: New Head of Underwriting Department"},"content":{"rendered":"<figure id=\"attachment_887\" aria-describedby=\"caption-attachment-887\" style=\"width: 680px\" class=\"wp-caption alignnone\"><img loading=\"lazy\" decoding=\"async\" class=\"wp-image-887 size-medium\" src=\"http:\/\/develop.safety-plus.ch\/wp-content\/uploads\/2016\/12\/Suva-Neuer-Abteilungsleiter-Versicherungstechnik_safety-plus.jpg\" width=\"680\" height=\"964\" \/><figcaption id=\"caption-attachment-887\" class=\"wp-caption-text\">Olivier Steiger has been with Suva since 2005.<\/figcaption><\/figure>\n<p>New Head of Insurance Technology Department elected - Suva - Suva<\/p>\n<p>At its meeting on May 13, 2016, Suva's Administrative Committee elected Olivier Steiger as Head of the Insurance Technology Department. Olivier Steiger succeeds Felix Jenni, who will remain with the company for special tasks.<\/p>\n<p>Olivier Steiger, who is very familiar with Suva, will take over as head of the underwriting department. He lives in Sins, is married and has three children. Steiger studied mathematics at the University of Zurich and obtained his doctorate in 2004. In 2005, Steiger joined Suva as an actuary and completed the additional \"Actuary SAV\" course from the Swiss Association of Actuaries while working. He has been head of the actuarial department since 2011. In this role, he is responsible for premium measures and for assessing and determining the actuarial balance sheet provisions. The 41-year-old is also responsible for Suva's financial management and risk management. On September 1, 2016, Olivier Steiger will succeed Felix Jenni, who will remain with the company for special tasks and is taking a phased retirement from active professional life at his own request.<\/p>","protected":false},"excerpt":{"rendered":"<p>Neuer Abteilungsleiter Versicherungstechnik gew\u00e4hlt &#8211; Die Suva &#8211; Suva Der Verwaltungsausschuss der Suva hat an seiner Sitzung vom 13. Mai 2016 Olivier Steiger zum Abteilungsleiter Versicherungstechnik gew\u00e4hlt. Olivier Steiger folgt auf Felix Jenni, der dem Unternehmen f\u00fcr Spezialaufgaben erhalten bleibt. Die Leitung der Abteilung Versicherungstechnik \u00fcbernimmt Olivier Steiger, der mit der Suva bestens vertraut ist. [&hellip;]<\/p>\n","protected":false},"author":1,"featured_media":1416,"comment_status":"open","ping_status":"open","sticky":false,"template":"","format":"standard","meta":{"_acf_changed":false,"pgc_sgb_lightbox_settings":"","footnotes":""},"categories":[1],"tags":[144,167],"class_list":["post-1415","post","type-post","status-publish","format-standard","has-post-thumbnail","hentry","category-allgemein","tag-personalien","tag-suva"],"acf":[],"hkrextid":null,"publication":null,"issue":null,"workflow":null,"startPage":null,"spitzmarke":null,"_posts_by_tag_page_fields":{"widget_title":"","widget_tags":""},"_at_widget":"1","_yoast_wpseo_primary_category":"1","_yoast_wpseo_focuskw_text_input":"Versicherungstechnik","_yoast_wpseo_opengraph-image":null,"_yoast_wpseo_opengraph-description":null,"_yoast_wpseo_opengraph-title":null,"enclosure":null,"_yoast_wpseo_twitter-title":null,"_yoast_wpseo_twitter-description":null,"_yoast_wpseo_twitter-image":null,"_wp_old_slug":null,"_yoast_wpseo_title":null,"_yoast_wpseo_canonical":null,"yoast_head":"<!-- This site is optimized with the Yoast SEO plugin v27.5 - https:\/\/yoast.com\/product\/yoast-seo-wordpress\/ -->\n<title>Suva: Neuer Abteilungsleiter Versicherungstechnik - Save<\/title>\n<meta name=\"description\" content=\"Die Suva hat mit Olivier Steiger einen neuen Abteilungsleiter Versicherungstechnik gew\u00e4hlt.\" \/>\n<meta name=\"robots\" content=\"index, follow, max-snippet:-1, max-image-preview:large, max-video-preview:-1\" \/>\n<link rel=\"canonical\" href=\"https:\/\/news.save.ch\/en\/suva-neuer-abteilungsleiter-versicherungstechnik\/\" \/>\n<meta property=\"og:locale\" content=\"en_US\" \/>\n<meta property=\"og:type\" content=\"article\" \/>\n<meta property=\"og:title\" content=\"Suva: Neuer Abteilungsleiter Versicherungstechnik - Save\" \/>\n<meta property=\"og:description\" content=\"Die Suva hat mit Olivier Steiger einen neuen Abteilungsleiter Versicherungstechnik gew\u00e4hlt.\" \/>\n<meta property=\"og:url\" content=\"https:\/\/news.save.ch\/en\/suva-neuer-abteilungsleiter-versicherungstechnik\/\" \/>\n<meta property=\"og:site_name\" content=\"Save\" \/>\n<meta property=\"article:published_time\" content=\"2016-05-18T08:49:13+00:00\" \/>\n<meta property=\"og:image\" content=\"https:\/\/news.save.ch\/wp-content\/uploads\/2016\/12\/Suva-Neuer-Abteilungsleiter-Versicherungstechnik_safety-plus-scaled-1.jpg\" \/>\n\t<meta property=\"og:image:width\" content=\"846\" \/>\n\t<meta property=\"og:image:height\" content=\"1200\" \/>\n\t<meta property=\"og:image:type\" content=\"image\/jpeg\" \/>\n<meta name=\"author\" content=\"admin\" \/>\n<meta name=\"twitter:card\" content=\"summary_large_image\" \/>\n<meta name=\"twitter:label1\" content=\"Written by\" \/>\n\t<meta name=\"twitter:data1\" content=\"admin\" \/>\n\t<meta name=\"twitter:label2\" content=\"Est. reading time\" \/>\n\t<meta name=\"twitter:data2\" content=\"1 minute\" \/>\n<script type=\"application\/ld+json\" class=\"yoast-schema-graph\">{\"@context\":\"https:\\\/\\\/schema.org\",\"@graph\":[{\"@type\":\"Article\",\"@id\":\"https:\\\/\\\/news.save.ch\\\/suva-neuer-abteilungsleiter-versicherungstechnik\\\/#article\",\"isPartOf\":{\"@id\":\"https:\\\/\\\/news.save.ch\\\/suva-neuer-abteilungsleiter-versicherungstechnik\\\/\"},\"author\":{\"name\":\"admin\",\"@id\":\"https:\\\/\\\/news.save.ch\\\/de\\\/#\\\/schema\\\/person\\\/d49e199490bad7c70d64b9ab51142f2b\"},\"headline\":\"Suva: Neuer Abteilungsleiter Versicherungstechnik\",\"datePublished\":\"2016-05-18T08:49:13+00:00\",\"mainEntityOfPage\":{\"@id\":\"https:\\\/\\\/news.save.ch\\\/suva-neuer-abteilungsleiter-versicherungstechnik\\\/\"},\"wordCount\":194,\"commentCount\":0,\"publisher\":{\"@id\":\"https:\\\/\\\/news.save.ch\\\/de\\\/#organization\"},\"image\":{\"@id\":\"https:\\\/\\\/news.save.ch\\\/suva-neuer-abteilungsleiter-versicherungstechnik\\\/#primaryimage\"},\"thumbnailUrl\":\"https:\\\/\\\/news.save.ch\\\/wp-content\\\/uploads\\\/2016\\\/12\\\/Suva-Neuer-Abteilungsleiter-Versicherungstechnik_safety-plus-scaled-1.jpg\",\"keywords\":[\"Personalien\",\"SUVA\"],\"articleSection\":[\"ALLGEMEIN\"],\"inLanguage\":\"en-US\"},{\"@type\":\"WebPage\",\"@id\":\"https:\\\/\\\/news.save.ch\\\/suva-neuer-abteilungsleiter-versicherungstechnik\\\/\",\"url\":\"https:\\\/\\\/news.save.ch\\\/suva-neuer-abteilungsleiter-versicherungstechnik\\\/\",\"name\":\"Suva: Neuer Abteilungsleiter Versicherungstechnik - Save\",\"isPartOf\":{\"@id\":\"https:\\\/\\\/news.save.ch\\\/de\\\/#website\"},\"primaryImageOfPage\":{\"@id\":\"https:\\\/\\\/news.save.ch\\\/suva-neuer-abteilungsleiter-versicherungstechnik\\\/#primaryimage\"},\"image\":{\"@id\":\"https:\\\/\\\/news.save.ch\\\/suva-neuer-abteilungsleiter-versicherungstechnik\\\/#primaryimage\"},\"thumbnailUrl\":\"https:\\\/\\\/news.save.ch\\\/wp-content\\\/uploads\\\/2016\\\/12\\\/Suva-Neuer-Abteilungsleiter-Versicherungstechnik_safety-plus-scaled-1.jpg\",\"datePublished\":\"2016-05-18T08:49:13+00:00\",\"description\":\"Die Suva hat mit Olivier Steiger einen neuen Abteilungsleiter Versicherungstechnik gew\u00e4hlt.\",\"breadcrumb\":{\"@id\":\"https:\\\/\\\/news.save.ch\\\/suva-neuer-abteilungsleiter-versicherungstechnik\\\/#breadcrumb\"},\"inLanguage\":\"en-US\",\"potentialAction\":[{\"@type\":\"ReadAction\",\"target\":[\"https:\\\/\\\/news.save.ch\\\/suva-neuer-abteilungsleiter-versicherungstechnik\\\/\"]}]},{\"@type\":\"ImageObject\",\"inLanguage\":\"en-US\",\"@id\":\"https:\\\/\\\/news.save.ch\\\/suva-neuer-abteilungsleiter-versicherungstechnik\\\/#primaryimage\",\"url\":\"https:\\\/\\\/news.save.ch\\\/wp-content\\\/uploads\\\/2016\\\/12\\\/Suva-Neuer-Abteilungsleiter-Versicherungstechnik_safety-plus-scaled-1.jpg\",\"contentUrl\":\"https:\\\/\\\/news.save.ch\\\/wp-content\\\/uploads\\\/2016\\\/12\\\/Suva-Neuer-Abteilungsleiter-Versicherungstechnik_safety-plus-scaled-1.jpg\",\"width\":846,\"height\":1200,\"caption\":\"Olivier Steiger ist bereits seit 2005 bei der Suva t\u00e4tig.\"},{\"@type\":\"BreadcrumbList\",\"@id\":\"https:\\\/\\\/news.save.ch\\\/suva-neuer-abteilungsleiter-versicherungstechnik\\\/#breadcrumb\",\"itemListElement\":[{\"@type\":\"ListItem\",\"position\":1,\"name\":\"Home\",\"item\":\"https:\\\/\\\/news.save.ch\\\/de\\\/\"},{\"@type\":\"ListItem\",\"position\":2,\"name\":\"Suva: Neuer Abteilungsleiter Versicherungstechnik\"}]},{\"@type\":\"WebSite\",\"@id\":\"https:\\\/\\\/news.save.ch\\\/de\\\/#website\",\"url\":\"https:\\\/\\\/news.save.ch\\\/de\\\/\",\"name\":\"Save\",\"description\":\"Schweizer Fachzeitschrift f\u00fcr Sicherheit\",\"publisher\":{\"@id\":\"https:\\\/\\\/news.save.ch\\\/de\\\/#organization\"},\"potentialAction\":[{\"@type\":\"SearchAction\",\"target\":{\"@type\":\"EntryPoint\",\"urlTemplate\":\"https:\\\/\\\/news.save.ch\\\/de\\\/?s={search_term_string}\"},\"query-input\":{\"@type\":\"PropertyValueSpecification\",\"valueRequired\":true,\"valueName\":\"search_term_string\"}}],\"inLanguage\":\"en-US\"},{\"@type\":\"Organization\",\"@id\":\"https:\\\/\\\/news.save.ch\\\/de\\\/#organization\",\"name\":\"Sicherheitsforum\",\"url\":\"https:\\\/\\\/news.save.ch\\\/de\\\/\",\"logo\":{\"@type\":\"ImageObject\",\"inLanguage\":\"en-US\",\"@id\":\"https:\\\/\\\/news.save.ch\\\/de\\\/#\\\/schema\\\/logo\\\/image\\\/\",\"url\":\"https:\\\/\\\/news.save.ch\\\/wp-content\\\/uploads\\\/2022\\\/06\\\/Logo_SF_2012.png\",\"contentUrl\":\"https:\\\/\\\/news.save.ch\\\/wp-content\\\/uploads\\\/2022\\\/06\\\/Logo_SF_2012.png\",\"width\":1100,\"height\":91,\"caption\":\"Sicherheitsforum\"},\"image\":{\"@id\":\"https:\\\/\\\/news.save.ch\\\/de\\\/#\\\/schema\\\/logo\\\/image\\\/\"}},{\"@type\":\"Person\",\"@id\":\"https:\\\/\\\/news.save.ch\\\/de\\\/#\\\/schema\\\/person\\\/d49e199490bad7c70d64b9ab51142f2b\",\"name\":\"admin\",\"image\":{\"@type\":\"ImageObject\",\"inLanguage\":\"en-US\",\"@id\":\"https:\\\/\\\/secure.gravatar.com\\\/avatar\\\/ae2f4d718e6c49043e314ce431e7e645d646302a24a5ef5a8bc8e3f5a032e319?s=96&d=mm&r=g\",\"url\":\"https:\\\/\\\/secure.gravatar.com\\\/avatar\\\/ae2f4d718e6c49043e314ce431e7e645d646302a24a5ef5a8bc8e3f5a032e319?s=96&d=mm&r=g\",\"contentUrl\":\"https:\\\/\\\/secure.gravatar.com\\\/avatar\\\/ae2f4d718e6c49043e314ce431e7e645d646302a24a5ef5a8bc8e3f5a032e319?s=96&d=mm&r=g\",\"caption\":\"admin\"},\"sameAs\":[\"https:\\\/\\\/develop.organisator.galledia.ch\"],\"url\":\"https:\\\/\\\/news.save.ch\\\/en\\\/author\\\/admin\\\/\"}]}<\/script>\n<!-- \/ Yoast SEO plugin. -->","yoast_head_json":{"title":"Suva: New head of underwriting department - Save","description":"Suva has appointed Olivier Steiger as the new Head of the Insurance Technology Department.","robots":{"index":"index","follow":"follow","max-snippet":"max-snippet:-1","max-image-preview":"max-image-preview:large","max-video-preview":"max-video-preview:-1"},"canonical":"https:\/\/news.save.ch\/en\/suva-neuer-abteilungsleiter-versicherungstechnik\/","og_locale":"en_US","og_type":"article","og_title":"Suva: Neuer Abteilungsleiter Versicherungstechnik - Save","og_description":"Die Suva hat mit Olivier Steiger einen neuen Abteilungsleiter Versicherungstechnik gew\u00e4hlt.","og_url":"https:\/\/news.save.ch\/en\/suva-neuer-abteilungsleiter-versicherungstechnik\/","og_site_name":"Save","article_published_time":"2016-05-18T08:49:13+00:00","og_image":[{"width":846,"height":1200,"url":"https:\/\/news.save.ch\/wp-content\/uploads\/2016\/12\/Suva-Neuer-Abteilungsleiter-Versicherungstechnik_safety-plus-scaled-1.jpg","type":"image\/jpeg"}],"author":"admin","twitter_card":"summary_large_image","twitter_misc":{"Written by":"admin","Est. reading time":"1 minute"},"schema":{"@context":"https:\/\/schema.org","@graph":[{"@type":"Article","@id":"https:\/\/news.save.ch\/suva-neuer-abteilungsleiter-versicherungstechnik\/#article","isPartOf":{"@id":"https:\/\/news.save.ch\/suva-neuer-abteilungsleiter-versicherungstechnik\/"},"author":{"name":"admin","@id":"https:\/\/news.save.ch\/de\/#\/schema\/person\/d49e199490bad7c70d64b9ab51142f2b"},"headline":"Suva: Neuer Abteilungsleiter Versicherungstechnik","datePublished":"2016-05-18T08:49:13+00:00","mainEntityOfPage":{"@id":"https:\/\/news.save.ch\/suva-neuer-abteilungsleiter-versicherungstechnik\/"},"wordCount":194,"commentCount":0,"publisher":{"@id":"https:\/\/news.save.ch\/de\/#organization"},"image":{"@id":"https:\/\/news.save.ch\/suva-neuer-abteilungsleiter-versicherungstechnik\/#primaryimage"},"thumbnailUrl":"https:\/\/news.save.ch\/wp-content\/uploads\/2016\/12\/Suva-Neuer-Abteilungsleiter-Versicherungstechnik_safety-plus-scaled-1.jpg","keywords":["Personalien","SUVA"],"articleSection":["ALLGEMEIN"],"inLanguage":"en-US"},{"@type":"WebPage","@id":"https:\/\/news.save.ch\/suva-neuer-abteilungsleiter-versicherungstechnik\/","url":"https:\/\/news.save.ch\/suva-neuer-abteilungsleiter-versicherungstechnik\/","name":"Suva: New head of underwriting department - Save","isPartOf":{"@id":"https:\/\/news.save.ch\/de\/#website"},"primaryImageOfPage":{"@id":"https:\/\/news.save.ch\/suva-neuer-abteilungsleiter-versicherungstechnik\/#primaryimage"},"image":{"@id":"https:\/\/news.save.ch\/suva-neuer-abteilungsleiter-versicherungstechnik\/#primaryimage"},"thumbnailUrl":"https:\/\/news.save.ch\/wp-content\/uploads\/2016\/12\/Suva-Neuer-Abteilungsleiter-Versicherungstechnik_safety-plus-scaled-1.jpg","datePublished":"2016-05-18T08:49:13+00:00","description":"Suva has appointed Olivier Steiger as the new Head of the Insurance Technology Department.","breadcrumb":{"@id":"https:\/\/news.save.ch\/suva-neuer-abteilungsleiter-versicherungstechnik\/#breadcrumb"},"inLanguage":"en-US","potentialAction":[{"@type":"ReadAction","target":["https:\/\/news.save.ch\/suva-neuer-abteilungsleiter-versicherungstechnik\/"]}]},{"@type":"ImageObject","inLanguage":"en-US","@id":"https:\/\/news.save.ch\/suva-neuer-abteilungsleiter-versicherungstechnik\/#primaryimage","url":"https:\/\/news.save.ch\/wp-content\/uploads\/2016\/12\/Suva-Neuer-Abteilungsleiter-Versicherungstechnik_safety-plus-scaled-1.jpg","contentUrl":"https:\/\/news.save.ch\/wp-content\/uploads\/2016\/12\/Suva-Neuer-Abteilungsleiter-Versicherungstechnik_safety-plus-scaled-1.jpg","width":846,"height":1200,"caption":"Olivier Steiger ist bereits seit 2005 bei der Suva t\u00e4tig."},{"@type":"BreadcrumbList","@id":"https:\/\/news.save.ch\/suva-neuer-abteilungsleiter-versicherungstechnik\/#breadcrumb","itemListElement":[{"@type":"ListItem","position":1,"name":"Home","item":"https:\/\/news.save.ch\/de\/"},{"@type":"ListItem","position":2,"name":"Suva: Neuer Abteilungsleiter Versicherungstechnik"}]},{"@type":"WebSite","@id":"https:\/\/news.save.ch\/de\/#website","url":"https:\/\/news.save.ch\/de\/","name":"Save","description":"Swiss trade journal for safety","publisher":{"@id":"https:\/\/news.save.ch\/de\/#organization"},"potentialAction":[{"@type":"SearchAction","target":{"@type":"EntryPoint","urlTemplate":"https:\/\/news.save.ch\/de\/?s={search_term_string}"},"query-input":{"@type":"PropertyValueSpecification","valueRequired":true,"valueName":"search_term_string"}}],"inLanguage":"en-US"},{"@type":"Organization","@id":"https:\/\/news.save.ch\/de\/#organization","name":"Security Forum","url":"https:\/\/news.save.ch\/de\/","logo":{"@type":"ImageObject","inLanguage":"en-US","@id":"https:\/\/news.save.ch\/de\/#\/schema\/logo\/image\/","url":"https:\/\/news.save.ch\/wp-content\/uploads\/2022\/06\/Logo_SF_2012.png","contentUrl":"https:\/\/news.save.ch\/wp-content\/uploads\/2022\/06\/Logo_SF_2012.png","width":1100,"height":91,"caption":"Sicherheitsforum"},"image":{"@id":"https:\/\/news.save.ch\/de\/#\/schema\/logo\/image\/"}},{"@type":"Person","@id":"https:\/\/news.save.ch\/de\/#\/schema\/person\/d49e199490bad7c70d64b9ab51142f2b","name":"admin","image":{"@type":"ImageObject","inLanguage":"en-US","@id":"https:\/\/secure.gravatar.com\/avatar\/ae2f4d718e6c49043e314ce431e7e645d646302a24a5ef5a8bc8e3f5a032e319?s=96&d=mm&r=g","url":"https:\/\/secure.gravatar.com\/avatar\/ae2f4d718e6c49043e314ce431e7e645d646302a24a5ef5a8bc8e3f5a032e319?s=96&d=mm&r=g","contentUrl":"https:\/\/secure.gravatar.com\/avatar\/ae2f4d718e6c49043e314ce431e7e645d646302a24a5ef5a8bc8e3f5a032e319?s=96&d=mm&r=g","caption":"admin"},"sameAs":["https:\/\/develop.organisator.galledia.ch"],"url":"https:\/\/news.save.ch\/en\/author\/admin\/"}]}},"_links":{"self":[{"href":"https:\/\/news.save.ch\/en\/wp-json\/wp\/v2\/posts\/1415","targetHints":{"allow":["GET"]}}],"collection":[{"href":"https:\/\/news.save.ch\/en\/wp-json\/wp\/v2\/posts"}],"about":[{"href":"https:\/\/news.save.ch\/en\/wp-json\/wp\/v2\/types\/post"}],"author":[{"embeddable":true,"href":"https:\/\/news.save.ch\/en\/wp-json\/wp\/v2\/users\/1"}],"replies":[{"embeddable":true,"href":"https:\/\/news.save.ch\/en\/wp-json\/wp\/v2\/comments?post=1415"}],"version-history":[{"count":0,"href":"https:\/\/news.save.ch\/en\/wp-json\/wp\/v2\/posts\/1415\/revisions"}],"wp:featuredmedia":[{"embeddable":true,"href":"https:\/\/news.save.ch\/en\/wp-json\/wp\/v2\/media\/1416"}],"wp:attachment":[{"href":"https:\/\/news.save.ch\/en\/wp-json\/wp\/v2\/media?parent=1415"}],"wp:term":[{"taxonomy":"category","embeddable":true,"href":"https:\/\/news.save.ch\/en\/wp-json\/wp\/v2\/categories?post=1415"},{"taxonomy":"post_tag","embeddable":true,"href":"https:\/\/news.save.ch\/en\/wp-json\/wp\/v2\/tags?post=1415"}],"curies":[{"name":"wp","href":"https:\/\/api.w.org\/{rel}","templated":true}]}}