{"id":14176,"date":"2016-11-08T13:08:02","date_gmt":"2016-11-08T12:08:02","guid":{"rendered":"https:\/\/dev.sicherheitsforum.ch\/?p=881"},"modified":"2016-11-08T13:08:02","modified_gmt":"2016-11-08T12:08:02","slug":"securite-lausanne-war-ein-erfolg","status":null,"type":"post","link":"https:\/\/news.save.ch\/en\/securite-lausanne-war-ein-erfolg\/","title":{"rendered":"S\u00e9curit\u00e9 Lausanne was a success"},"content":{"rendered":"<div id='gallery-1' class='gallery galleryid-14176 gallery-columns-2 gallery-size-thumbnail'><figure class='gallery-item'>\n\t\t\t<div class='gallery-icon landscape'>\n\t\t\t\t<a href='https:\/\/news.save.ch\/en\/?attachment_id=883'><img loading=\"lazy\" decoding=\"async\" width=\"150\" height=\"85\" src=\"https:\/\/news.save.ch\/wp-content\/uploads\/2021\/07\/Sicherheistforum_2010_3.png\" class=\"attachment-thumbnail size-thumbnail\" alt=\"\" srcset=\"https:\/\/news.save.ch\/wp-content\/uploads\/2021\/07\/Sicherheistforum_2010_3.png 654w, https:\/\/news.save.ch\/wp-content\/uploads\/2021\/07\/Sicherheistforum_2010_3-375x212.png 375w\" sizes=\"auto, (max-width: 150px) 100vw, 150px\" \/><\/a>\n\t\t\t<\/div><\/figure>\n\t\t<\/div>\n\n<p>Photos: Thomas Entzeroth<\/p>\n<p>The <a href=\"https:\/\/www.securite-expo.ch\" target=\"_blank\" rel=\"noreferrer noopener\" data-cke-saved-href=\"https:\/\/www.securite-expo.ch\">S\u00e9curit\u00e9 Lausanne<\/a> 2016 fulfilled the high expectations in every respect, as Exhibit &amp; More AG emphasizes. From November 2 to 4, 2016, the entire spectrum of products and services of the security industry in western Switzerland was on display at Expo Beaulieu in Lausanne. 75 exhibitors, associations and publishers presented their offerings on a net area of around 1,500 square meters and, with 2,313 visitors, there were 14 percent more than two years ago.<\/p>\n<p><strong>Renowned and appreciated<\/strong><\/p>\n<p>Thanks to a comprehensive all-round view and the broad recognition of the industry, S\u00e9curit\u00e9 Lausanne has long since become a must-attend event for security experts in Western Switzerland, emphasizes the exhibition management. In addition, the trade fair is also a valued knowledge platform, it adds. \"After the great success of the last editions, expectations were naturally very high,\" says Exhibition Director Heinz Salzgeber. \"We are all the more pleased about the strong increase in visitors and the many positive feedbacks from exhibitors and visitors. They confirm to us: we have arrived in French-speaking Switzerland and the market wants and needs S\u00e9curit\u00e9 Lausanne.\"<\/p>\n<p><strong>Quantity and quality of visitors<\/strong><\/p>\n<p>\"We had a lot of visitors at the booth, including very good contacts and many new customers. That's exactly how it should be,\" says Jos\u00e9-Luis Mamolar from Motcom Communications AG. Pierre Abramowski from Aprotec sums up, \"The trade fair, the infrastructure, the contacts, everything was perfect. We are very satisfied.\" Attending S\u00e9curit\u00e9 Lausanne for the first time, but certainly not for the last, was Pascal Th\u00fcr from Rotronic Secomp AG. \"It was worth it, we had a successful and nice week in Western Switzerland. We will be back,\" he says.<\/p>\n<p>J\u00fcrg Fehlbaum, Sch\u00e4rer+Kunz AG praises the size of the trade fair and the quality of the contacts: \"Our expectations were clearly exceeded. Precisely because the trade fair is still clearly structured, visitors can take their time and gain a comprehensive overview of the market in one day. And the accompanying Forum S\u00e9curit\u00e9 ensures that the right visitors come to the exhibition.\"<\/p>\n<p><strong>Exchange and knowledge transfer<\/strong><\/p>\n<p>The Forum S\u00e9curit\u00e9 with exciting technical information attracted the audience in masses. On the second day of the trade fair, the audience almost exceeded capacity, with more than 500 participants being inspired during the presentations on the topics of natural hazards, fire protection and big data alone, as the organizers proudly emphasize. In total, around 1,000 experts attended the Forum S\u00e9curit\u00e9 2016. This success is no coincidence. The presentations were free of charge, but neutrally prepared, of high quality and offered a lot of useful know-how for the daily work of security professionals. The topics are always well chosen and, thanks to the division into half-day modules, it is possible to attend both the forum and the trade fair in one day. The broad support and recognition of the Forum by a wide range of industry associations would also contribute a lot to its success.<\/p>\n<p><strong>Conclusion and outlook\u00a0<\/strong><\/p>\n<p>The S\u00e9curit\u00e9 Lausanne has underlined its high importance for Western Switzerland and enjoys the full recognition of the industry. The fifth edition, S\u00e9curit\u00e9 Lausanne 2018, will take place in late fall 2018, according to information. The exact date will be published shortly.<\/p>\n<p>Next year, the Swiss security industry will meet in Zurich: at the <a href=\"https:\/\/www.sicherheit-messe.ch\" target=\"_blank\" rel=\"noreferrer noopener\" data-cke-saved-href=\"https:\/\/www.sicherheit-messe.ch\">Security 2017<\/a> from 14 to 17 November 2017.<\/p>","protected":false},"excerpt":{"rendered":"<p>Fotos: Thomas Entzeroth Die S\u00e9curit\u00e9 Lausanne 2016 erf\u00fcllte die hohen Erwartungen in jeder Hinsicht, wie die Exhibit &amp; More AG betont. Vom 2. bis 4. November 2016 wurde\u00a0in der Expo Beaulieu in Lausanne das gesamte Spektrum von Produkten und Dienstleistungen der Westschweizer Sicherheitsbranche gezeigt. 75 Aussteller, Verb\u00e4nde und Verlage pr\u00e4sentierten ihre Angebote auf rund 1\u2018500 [&hellip;]<\/p>\n","protected":false},"author":1,"featured_media":13631,"comment_status":"open","ping_status":"open","sticky":false,"template":"","format":"standard","meta":{"_acf_changed":false,"pgc_sgb_lightbox_settings":"","footnotes":""},"categories":[1],"tags":[109,84],"class_list":["post-14176","post","type-post","status-publish","format-standard","has-post-thumbnail","hentry","category-allgemein","tag-aus-und-weiterbildung","tag-fachkongressfachmesse"],"acf":[],"hkrextid":null,"publication":null,"issue":null,"workflow":null,"startPage":null,"spitzmarke":null,"_posts_by_tag_page_fields":{"widget_title":"","widget_tags":""},"_at_widget":"1","_yoast_wpseo_primary_category":"","_yoast_wpseo_focuskw_text_input":"S\u00e9curit\u00e9 Lausanne","_yoast_wpseo_opengraph-image":null,"_yoast_wpseo_opengraph-description":null,"_yoast_wpseo_opengraph-title":null,"enclosure":null,"_yoast_wpseo_twitter-title":null,"_yoast_wpseo_twitter-description":null,"_yoast_wpseo_twitter-image":null,"_wp_old_slug":null,"_yoast_wpseo_title":null,"_yoast_wpseo_canonical":null,"yoast_head":"<!-- This site is optimized with the Yoast SEO plugin v27.4 - https:\/\/yoast.com\/product\/yoast-seo-wordpress\/ -->\n<title>S\u00e9curit\u00e9 Lausanne war ein Erfolg - Save<\/title>\n<meta name=\"robots\" content=\"index, follow, max-snippet:-1, max-image-preview:large, max-video-preview:-1\" \/>\n<link rel=\"canonical\" href=\"https:\/\/news.save.ch\/en\/securite-lausanne-war-ein-erfolg\/\" \/>\n<meta property=\"og:locale\" content=\"en_US\" \/>\n<meta property=\"og:type\" content=\"article\" \/>\n<meta property=\"og:title\" content=\"S\u00e9curit\u00e9 Lausanne war ein Erfolg - Save\" \/>\n<meta property=\"og:description\" content=\"Fotos: Thomas Entzeroth Die S\u00e9curit\u00e9 Lausanne 2016 erf\u00fcllte die hohen Erwartungen in jeder Hinsicht, wie die Exhibit &amp; More AG betont. Vom 2. bis 4. November 2016 wurde\u00a0in der Expo Beaulieu in Lausanne das gesamte Spektrum von Produkten und Dienstleistungen der Westschweizer Sicherheitsbranche gezeigt. 75 Aussteller, Verb\u00e4nde und Verlage pr\u00e4sentierten ihre Angebote auf rund 1\u2018500 [&hellip;]\" \/>\n<meta property=\"og:url\" content=\"https:\/\/news.save.ch\/en\/securite-lausanne-war-ein-erfolg\/\" \/>\n<meta property=\"og:site_name\" content=\"Save\" \/>\n<meta property=\"article:published_time\" content=\"2016-11-08T12:08:02+00:00\" \/>\n<meta property=\"og:image\" content=\"https:\/\/news.save.ch\/wp-content\/uploads\/2016\/12\/Securite-Lausanne-war-ein-Erfolg_sicherheitsforum-scaled.jpg\" \/>\n\t<meta property=\"og:image:width\" content=\"1400\" \/>\n\t<meta property=\"og:image:height\" content=\"933\" \/>\n\t<meta property=\"og:image:type\" content=\"image\/jpeg\" \/>\n<meta name=\"author\" content=\"admin\" \/>\n<meta name=\"twitter:card\" content=\"summary_large_image\" \/>\n<meta name=\"twitter:label1\" content=\"Written by\" \/>\n\t<meta name=\"twitter:data1\" content=\"admin\" \/>\n\t<meta name=\"twitter:label2\" content=\"Est. reading time\" \/>\n\t<meta name=\"twitter:data2\" content=\"3 minutes\" \/>\n<script type=\"application\/ld+json\" class=\"yoast-schema-graph\">{\"@context\":\"https:\\\/\\\/schema.org\",\"@graph\":[{\"@type\":\"Article\",\"@id\":\"https:\\\/\\\/news.save.ch\\\/securite-lausanne-war-ein-erfolg\\\/#article\",\"isPartOf\":{\"@id\":\"https:\\\/\\\/news.save.ch\\\/securite-lausanne-war-ein-erfolg\\\/\"},\"author\":{\"name\":\"admin\",\"@id\":\"https:\\\/\\\/news.save.ch\\\/de\\\/#\\\/schema\\\/person\\\/d49e199490bad7c70d64b9ab51142f2b\"},\"headline\":\"S\u00e9curit\u00e9 Lausanne war ein Erfolg\",\"datePublished\":\"2016-11-08T12:08:02+00:00\",\"mainEntityOfPage\":{\"@id\":\"https:\\\/\\\/news.save.ch\\\/securite-lausanne-war-ein-erfolg\\\/\"},\"wordCount\":549,\"commentCount\":0,\"publisher\":{\"@id\":\"https:\\\/\\\/news.save.ch\\\/de\\\/#organization\"},\"image\":{\"@id\":\"https:\\\/\\\/news.save.ch\\\/securite-lausanne-war-ein-erfolg\\\/#primaryimage\"},\"thumbnailUrl\":\"https:\\\/\\\/news.save.ch\\\/wp-content\\\/uploads\\\/2016\\\/12\\\/Securite-Lausanne-war-ein-Erfolg_sicherheitsforum-scaled.jpg\",\"keywords\":[\"Aus- und Weiterbildung\",\"Fachkongress\\\/Fachmesse\"],\"articleSection\":[\"ALLGEMEIN\"],\"inLanguage\":\"en-US\"},{\"@type\":\"WebPage\",\"@id\":\"https:\\\/\\\/news.save.ch\\\/securite-lausanne-war-ein-erfolg\\\/\",\"url\":\"https:\\\/\\\/news.save.ch\\\/securite-lausanne-war-ein-erfolg\\\/\",\"name\":\"S\u00e9curit\u00e9 Lausanne war ein Erfolg - Save\",\"isPartOf\":{\"@id\":\"https:\\\/\\\/news.save.ch\\\/de\\\/#website\"},\"primaryImageOfPage\":{\"@id\":\"https:\\\/\\\/news.save.ch\\\/securite-lausanne-war-ein-erfolg\\\/#primaryimage\"},\"image\":{\"@id\":\"https:\\\/\\\/news.save.ch\\\/securite-lausanne-war-ein-erfolg\\\/#primaryimage\"},\"thumbnailUrl\":\"https:\\\/\\\/news.save.ch\\\/wp-content\\\/uploads\\\/2016\\\/12\\\/Securite-Lausanne-war-ein-Erfolg_sicherheitsforum-scaled.jpg\",\"datePublished\":\"2016-11-08T12:08:02+00:00\",\"breadcrumb\":{\"@id\":\"https:\\\/\\\/news.save.ch\\\/securite-lausanne-war-ein-erfolg\\\/#breadcrumb\"},\"inLanguage\":\"en-US\",\"potentialAction\":[{\"@type\":\"ReadAction\",\"target\":[\"https:\\\/\\\/news.save.ch\\\/securite-lausanne-war-ein-erfolg\\\/\"]}]},{\"@type\":\"ImageObject\",\"inLanguage\":\"en-US\",\"@id\":\"https:\\\/\\\/news.save.ch\\\/securite-lausanne-war-ein-erfolg\\\/#primaryimage\",\"url\":\"https:\\\/\\\/news.save.ch\\\/wp-content\\\/uploads\\\/2016\\\/12\\\/Securite-Lausanne-war-ein-Erfolg_sicherheitsforum-scaled.jpg\",\"contentUrl\":\"https:\\\/\\\/news.save.ch\\\/wp-content\\\/uploads\\\/2016\\\/12\\\/Securite-Lausanne-war-ein-Erfolg_sicherheitsforum-scaled.jpg\",\"width\":1400,\"height\":933},{\"@type\":\"BreadcrumbList\",\"@id\":\"https:\\\/\\\/news.save.ch\\\/securite-lausanne-war-ein-erfolg\\\/#breadcrumb\",\"itemListElement\":[{\"@type\":\"ListItem\",\"position\":1,\"name\":\"Home\",\"item\":\"https:\\\/\\\/news.save.ch\\\/de\\\/\"},{\"@type\":\"ListItem\",\"position\":2,\"name\":\"S\u00e9curit\u00e9 Lausanne war ein Erfolg\"}]},{\"@type\":\"WebSite\",\"@id\":\"https:\\\/\\\/news.save.ch\\\/de\\\/#website\",\"url\":\"https:\\\/\\\/news.save.ch\\\/de\\\/\",\"name\":\"Save\",\"description\":\"Schweizer Fachzeitschrift f\u00fcr Sicherheit\",\"publisher\":{\"@id\":\"https:\\\/\\\/news.save.ch\\\/de\\\/#organization\"},\"potentialAction\":[{\"@type\":\"SearchAction\",\"target\":{\"@type\":\"EntryPoint\",\"urlTemplate\":\"https:\\\/\\\/news.save.ch\\\/de\\\/?s={search_term_string}\"},\"query-input\":{\"@type\":\"PropertyValueSpecification\",\"valueRequired\":true,\"valueName\":\"search_term_string\"}}],\"inLanguage\":\"en-US\"},{\"@type\":\"Organization\",\"@id\":\"https:\\\/\\\/news.save.ch\\\/de\\\/#organization\",\"name\":\"Sicherheitsforum\",\"url\":\"https:\\\/\\\/news.save.ch\\\/de\\\/\",\"logo\":{\"@type\":\"ImageObject\",\"inLanguage\":\"en-US\",\"@id\":\"https:\\\/\\\/news.save.ch\\\/de\\\/#\\\/schema\\\/logo\\\/image\\\/\",\"url\":\"https:\\\/\\\/news.save.ch\\\/wp-content\\\/uploads\\\/2022\\\/06\\\/Logo_SF_2012.png\",\"contentUrl\":\"https:\\\/\\\/news.save.ch\\\/wp-content\\\/uploads\\\/2022\\\/06\\\/Logo_SF_2012.png\",\"width\":1100,\"height\":91,\"caption\":\"Sicherheitsforum\"},\"image\":{\"@id\":\"https:\\\/\\\/news.save.ch\\\/de\\\/#\\\/schema\\\/logo\\\/image\\\/\"}},{\"@type\":\"Person\",\"@id\":\"https:\\\/\\\/news.save.ch\\\/de\\\/#\\\/schema\\\/person\\\/d49e199490bad7c70d64b9ab51142f2b\",\"name\":\"admin\",\"image\":{\"@type\":\"ImageObject\",\"inLanguage\":\"en-US\",\"@id\":\"https:\\\/\\\/secure.gravatar.com\\\/avatar\\\/ae2f4d718e6c49043e314ce431e7e645d646302a24a5ef5a8bc8e3f5a032e319?s=96&d=mm&r=g\",\"url\":\"https:\\\/\\\/secure.gravatar.com\\\/avatar\\\/ae2f4d718e6c49043e314ce431e7e645d646302a24a5ef5a8bc8e3f5a032e319?s=96&d=mm&r=g\",\"contentUrl\":\"https:\\\/\\\/secure.gravatar.com\\\/avatar\\\/ae2f4d718e6c49043e314ce431e7e645d646302a24a5ef5a8bc8e3f5a032e319?s=96&d=mm&r=g\",\"caption\":\"admin\"},\"sameAs\":[\"https:\\\/\\\/develop.organisator.galledia.ch\"],\"url\":\"https:\\\/\\\/news.save.ch\\\/en\\\/author\\\/admin\\\/\"}]}<\/script>\n<!-- \/ Yoast SEO plugin. -->","yoast_head_json":{"title":"S\u00e9curit\u00e9 Lausanne was a success - Save","robots":{"index":"index","follow":"follow","max-snippet":"max-snippet:-1","max-image-preview":"max-image-preview:large","max-video-preview":"max-video-preview:-1"},"canonical":"https:\/\/news.save.ch\/en\/securite-lausanne-war-ein-erfolg\/","og_locale":"en_US","og_type":"article","og_title":"S\u00e9curit\u00e9 Lausanne war ein Erfolg - Save","og_description":"Fotos: Thomas Entzeroth Die S\u00e9curit\u00e9 Lausanne 2016 erf\u00fcllte die hohen Erwartungen in jeder Hinsicht, wie die Exhibit &amp; More AG betont. Vom 2. bis 4. November 2016 wurde\u00a0in der Expo Beaulieu in Lausanne das gesamte Spektrum von Produkten und Dienstleistungen der Westschweizer Sicherheitsbranche gezeigt. 75 Aussteller, Verb\u00e4nde und Verlage pr\u00e4sentierten ihre Angebote auf rund 1\u2018500 [&hellip;]","og_url":"https:\/\/news.save.ch\/en\/securite-lausanne-war-ein-erfolg\/","og_site_name":"Save","article_published_time":"2016-11-08T12:08:02+00:00","og_image":[{"width":1400,"height":933,"url":"https:\/\/news.save.ch\/wp-content\/uploads\/2016\/12\/Securite-Lausanne-war-ein-Erfolg_sicherheitsforum-scaled.jpg","type":"image\/jpeg"}],"author":"admin","twitter_card":"summary_large_image","twitter_misc":{"Written by":"admin","Est. reading time":"3 minutes"},"schema":{"@context":"https:\/\/schema.org","@graph":[{"@type":"Article","@id":"https:\/\/news.save.ch\/securite-lausanne-war-ein-erfolg\/#article","isPartOf":{"@id":"https:\/\/news.save.ch\/securite-lausanne-war-ein-erfolg\/"},"author":{"name":"admin","@id":"https:\/\/news.save.ch\/de\/#\/schema\/person\/d49e199490bad7c70d64b9ab51142f2b"},"headline":"S\u00e9curit\u00e9 Lausanne war ein Erfolg","datePublished":"2016-11-08T12:08:02+00:00","mainEntityOfPage":{"@id":"https:\/\/news.save.ch\/securite-lausanne-war-ein-erfolg\/"},"wordCount":549,"commentCount":0,"publisher":{"@id":"https:\/\/news.save.ch\/de\/#organization"},"image":{"@id":"https:\/\/news.save.ch\/securite-lausanne-war-ein-erfolg\/#primaryimage"},"thumbnailUrl":"https:\/\/news.save.ch\/wp-content\/uploads\/2016\/12\/Securite-Lausanne-war-ein-Erfolg_sicherheitsforum-scaled.jpg","keywords":["Aus- und Weiterbildung","Fachkongress\/Fachmesse"],"articleSection":["ALLGEMEIN"],"inLanguage":"en-US"},{"@type":"WebPage","@id":"https:\/\/news.save.ch\/securite-lausanne-war-ein-erfolg\/","url":"https:\/\/news.save.ch\/securite-lausanne-war-ein-erfolg\/","name":"S\u00e9curit\u00e9 Lausanne was a success - Save","isPartOf":{"@id":"https:\/\/news.save.ch\/de\/#website"},"primaryImageOfPage":{"@id":"https:\/\/news.save.ch\/securite-lausanne-war-ein-erfolg\/#primaryimage"},"image":{"@id":"https:\/\/news.save.ch\/securite-lausanne-war-ein-erfolg\/#primaryimage"},"thumbnailUrl":"https:\/\/news.save.ch\/wp-content\/uploads\/2016\/12\/Securite-Lausanne-war-ein-Erfolg_sicherheitsforum-scaled.jpg","datePublished":"2016-11-08T12:08:02+00:00","breadcrumb":{"@id":"https:\/\/news.save.ch\/securite-lausanne-war-ein-erfolg\/#breadcrumb"},"inLanguage":"en-US","potentialAction":[{"@type":"ReadAction","target":["https:\/\/news.save.ch\/securite-lausanne-war-ein-erfolg\/"]}]},{"@type":"ImageObject","inLanguage":"en-US","@id":"https:\/\/news.save.ch\/securite-lausanne-war-ein-erfolg\/#primaryimage","url":"https:\/\/news.save.ch\/wp-content\/uploads\/2016\/12\/Securite-Lausanne-war-ein-Erfolg_sicherheitsforum-scaled.jpg","contentUrl":"https:\/\/news.save.ch\/wp-content\/uploads\/2016\/12\/Securite-Lausanne-war-ein-Erfolg_sicherheitsforum-scaled.jpg","width":1400,"height":933},{"@type":"BreadcrumbList","@id":"https:\/\/news.save.ch\/securite-lausanne-war-ein-erfolg\/#breadcrumb","itemListElement":[{"@type":"ListItem","position":1,"name":"Home","item":"https:\/\/news.save.ch\/de\/"},{"@type":"ListItem","position":2,"name":"S\u00e9curit\u00e9 Lausanne war ein Erfolg"}]},{"@type":"WebSite","@id":"https:\/\/news.save.ch\/de\/#website","url":"https:\/\/news.save.ch\/de\/","name":"Save","description":"Swiss trade journal for safety","publisher":{"@id":"https:\/\/news.save.ch\/de\/#organization"},"potentialAction":[{"@type":"SearchAction","target":{"@type":"EntryPoint","urlTemplate":"https:\/\/news.save.ch\/de\/?s={search_term_string}"},"query-input":{"@type":"PropertyValueSpecification","valueRequired":true,"valueName":"search_term_string"}}],"inLanguage":"en-US"},{"@type":"Organization","@id":"https:\/\/news.save.ch\/de\/#organization","name":"Security Forum","url":"https:\/\/news.save.ch\/de\/","logo":{"@type":"ImageObject","inLanguage":"en-US","@id":"https:\/\/news.save.ch\/de\/#\/schema\/logo\/image\/","url":"https:\/\/news.save.ch\/wp-content\/uploads\/2022\/06\/Logo_SF_2012.png","contentUrl":"https:\/\/news.save.ch\/wp-content\/uploads\/2022\/06\/Logo_SF_2012.png","width":1100,"height":91,"caption":"Sicherheitsforum"},"image":{"@id":"https:\/\/news.save.ch\/de\/#\/schema\/logo\/image\/"}},{"@type":"Person","@id":"https:\/\/news.save.ch\/de\/#\/schema\/person\/d49e199490bad7c70d64b9ab51142f2b","name":"admin","image":{"@type":"ImageObject","inLanguage":"en-US","@id":"https:\/\/secure.gravatar.com\/avatar\/ae2f4d718e6c49043e314ce431e7e645d646302a24a5ef5a8bc8e3f5a032e319?s=96&d=mm&r=g","url":"https:\/\/secure.gravatar.com\/avatar\/ae2f4d718e6c49043e314ce431e7e645d646302a24a5ef5a8bc8e3f5a032e319?s=96&d=mm&r=g","contentUrl":"https:\/\/secure.gravatar.com\/avatar\/ae2f4d718e6c49043e314ce431e7e645d646302a24a5ef5a8bc8e3f5a032e319?s=96&d=mm&r=g","caption":"admin"},"sameAs":["https:\/\/develop.organisator.galledia.ch"],"url":"https:\/\/news.save.ch\/en\/author\/admin\/"}]}},"_links":{"self":[{"href":"https:\/\/news.save.ch\/en\/wp-json\/wp\/v2\/posts\/14176","targetHints":{"allow":["GET"]}}],"collection":[{"href":"https:\/\/news.save.ch\/en\/wp-json\/wp\/v2\/posts"}],"about":[{"href":"https:\/\/news.save.ch\/en\/wp-json\/wp\/v2\/types\/post"}],"author":[{"embeddable":true,"href":"https:\/\/news.save.ch\/en\/wp-json\/wp\/v2\/users\/1"}],"replies":[{"embeddable":true,"href":"https:\/\/news.save.ch\/en\/wp-json\/wp\/v2\/comments?post=14176"}],"version-history":[{"count":0,"href":"https:\/\/news.save.ch\/en\/wp-json\/wp\/v2\/posts\/14176\/revisions"}],"wp:featuredmedia":[{"embeddable":true,"href":"https:\/\/news.save.ch\/en\/wp-json\/wp\/v2\/media\/13631"}],"wp:attachment":[{"href":"https:\/\/news.save.ch\/en\/wp-json\/wp\/v2\/media?parent=14176"}],"wp:term":[{"taxonomy":"category","embeddable":true,"href":"https:\/\/news.save.ch\/en\/wp-json\/wp\/v2\/categories?post=14176"},{"taxonomy":"post_tag","embeddable":true,"href":"https:\/\/news.save.ch\/en\/wp-json\/wp\/v2\/tags?post=14176"}],"curies":[{"name":"wp","href":"https:\/\/api.w.org\/{rel}","templated":true}]}}