{"id":14177,"date":"2016-11-07T13:09:48","date_gmt":"2016-11-07T12:09:48","guid":{"rendered":"https:\/\/dev.sicherheitsforum.ch\/?p=886"},"modified":"2016-11-07T13:09:48","modified_gmt":"2016-11-07T12:09:48","slug":"neue-fuehrung-fuer-swissi-und-swiss-ts","status":null,"type":"post","link":"https:\/\/news.save.ch\/en\/neue-fuehrung-fuer-swissi-und-swiss-ts\/","title":{"rendered":"New leadership for Swissi and Swiss TS"},"content":{"rendered":"<figure id=\"attachment_887\" aria-describedby=\"caption-attachment-887\" style=\"width: 667px\" class=\"wp-caption alignnone\"><img loading=\"lazy\" decoding=\"async\" class=\"size-medium wp-image-887\" src=\"https:\/\/sicherheitsforum.ch\/wp-content\/uploads\/2016\/12\/Neue-F\u00fchrung-f\u00fcr-Swissi-und-Swiss-TS_sicherheitsforum.jpg\" alt=\"Raphael Schubiger\" width=\"667\" height=\"1000\" \/><figcaption id=\"caption-attachment-887\" class=\"wp-caption-text\">Raphael Schubiger<\/figcaption><\/figure>\n<p>As of January 2017, Raffael Schubiger will take over as the new CEO of the <a href=\"https:\/\/www.swissi.ch\">Swissi AG<\/a> and the <a href=\"https:\/\/www.swissts.ch\" target=\"_blank\" rel=\"noreferrer noopener\" data-cke-saved-href=\"https:\/\/www.swissts.ch\">Swiss TS<\/a> Technical Services AG, two companies of the <a href=\"https:\/\/www.svti-gruppe.ch\" target=\"_blank\" rel=\"noreferrer noopener\" data-cke-saved-href=\"https:\/\/www.svti-gruppe.ch\">SVTI Group<\/a>.<\/p>\n<p>Schubiger, who holds a doctorate in engineering from the Swiss Federal Institute of Technology (ETH), previously worked at Alstom Power in the area of power plant construction and since 2009 has been global head of thermal plants and renewable energies at the consulting firm P\u00f6yry, among other things, SVTI writes.<\/p>\n<p>Herbert Egolf will continue to be available to the SVTI Group as Chairman of the Board of Directors of Swissi AG and as Chairman of the Board of Directors of Swiss TS and will continue to be responsible for the operational management of SVTI Swiss Association for Technical Inspections, according to a final statement.<\/p>","protected":false},"excerpt":{"rendered":"<p>Raffael Schubiger \u00fcbernimmt ab Januar 2017 als CEO neu die Leitung der Swissi AG und der Swiss TS Technical Services AG, zwei Unternehmen der SVTI-Gruppe. Schubiger, promovierter Ingenieur ETH, sei zuvor bei Alstom Power im Bereich Kraftwerksbau t\u00e4tig gewesen und habe seit 2009 beim Beratungsunternehmen P\u00f6yry u.a. global die Bereiche thermische Anlagen und erneuerbare Energien [&hellip;]<\/p>\n","protected":false},"author":1,"featured_media":13633,"comment_status":"open","ping_status":"open","sticky":false,"template":"","format":"standard","meta":{"_acf_changed":false,"pgc_sgb_lightbox_settings":"","footnotes":""},"categories":[1],"tags":[144,65],"class_list":["post-14177","post","type-post","status-publish","format-standard","has-post-thumbnail","hentry","category-allgemein","tag-personalien","tag-unternehmen"],"acf":[],"hkrextid":null,"publication":null,"issue":null,"workflow":null,"startPage":null,"spitzmarke":null,"_posts_by_tag_page_fields":{"widget_title":"","widget_tags":""},"_at_widget":"1","_yoast_wpseo_primary_category":"","_yoast_wpseo_focuskw_text_input":"Swiss TS","_yoast_wpseo_opengraph-image":null,"_yoast_wpseo_opengraph-description":null,"_yoast_wpseo_opengraph-title":null,"enclosure":null,"_yoast_wpseo_twitter-title":null,"_yoast_wpseo_twitter-description":null,"_yoast_wpseo_twitter-image":null,"_wp_old_slug":null,"_yoast_wpseo_title":null,"_yoast_wpseo_canonical":null,"yoast_head":"<!-- This site is optimized with the Yoast SEO plugin v27.5 - https:\/\/yoast.com\/product\/yoast-seo-wordpress\/ -->\n<title>Neue F\u00fchrung f\u00fcr Swissi und Swiss TS - Save<\/title>\n<meta name=\"robots\" content=\"index, follow, max-snippet:-1, max-image-preview:large, max-video-preview:-1\" \/>\n<link rel=\"canonical\" href=\"https:\/\/news.save.ch\/en\/neue-fuehrung-fuer-swissi-und-swiss-ts\/\" \/>\n<meta property=\"og:locale\" content=\"en_US\" \/>\n<meta property=\"og:type\" content=\"article\" \/>\n<meta property=\"og:title\" content=\"Neue F\u00fchrung f\u00fcr Swissi und Swiss TS - Save\" \/>\n<meta property=\"og:description\" content=\"Raffael Schubiger \u00fcbernimmt ab Januar 2017 als CEO neu die Leitung der Swissi AG und der Swiss TS Technical Services AG, zwei Unternehmen der SVTI-Gruppe. Schubiger, promovierter Ingenieur ETH, sei zuvor bei Alstom Power im Bereich Kraftwerksbau t\u00e4tig gewesen und habe seit 2009 beim Beratungsunternehmen P\u00f6yry u.a. global die Bereiche thermische Anlagen und erneuerbare Energien [&hellip;]\" \/>\n<meta property=\"og:url\" content=\"https:\/\/news.save.ch\/en\/neue-fuehrung-fuer-swissi-und-swiss-ts\/\" \/>\n<meta property=\"og:site_name\" content=\"Save\" \/>\n<meta property=\"article:published_time\" content=\"2016-11-07T12:09:48+00:00\" \/>\n<meta property=\"og:image\" content=\"https:\/\/news.save.ch\/wp-content\/uploads\/2016\/12\/Neue-Fuehrung-fuer-Swissi-und-Swiss-TS_sicherheitsforum-scaled.jpg\" \/>\n\t<meta property=\"og:image:width\" content=\"933\" \/>\n\t<meta property=\"og:image:height\" content=\"1400\" \/>\n\t<meta property=\"og:image:type\" content=\"image\/jpeg\" \/>\n<meta name=\"author\" content=\"admin\" \/>\n<meta name=\"twitter:card\" content=\"summary_large_image\" \/>\n<meta name=\"twitter:label1\" content=\"Written by\" \/>\n\t<meta name=\"twitter:data1\" content=\"admin\" \/>\n\t<meta name=\"twitter:label2\" content=\"Est. reading time\" \/>\n\t<meta name=\"twitter:data2\" content=\"1 minute\" \/>\n<script type=\"application\/ld+json\" class=\"yoast-schema-graph\">{\"@context\":\"https:\\\/\\\/schema.org\",\"@graph\":[{\"@type\":\"Article\",\"@id\":\"https:\\\/\\\/news.save.ch\\\/neue-fuehrung-fuer-swissi-und-swiss-ts\\\/#article\",\"isPartOf\":{\"@id\":\"https:\\\/\\\/news.save.ch\\\/neue-fuehrung-fuer-swissi-und-swiss-ts\\\/\"},\"author\":{\"name\":\"admin\",\"@id\":\"https:\\\/\\\/news.save.ch\\\/de\\\/#\\\/schema\\\/person\\\/d49e199490bad7c70d64b9ab51142f2b\"},\"headline\":\"Neue F\u00fchrung f\u00fcr Swissi und Swiss TS\",\"datePublished\":\"2016-11-07T12:09:48+00:00\",\"mainEntityOfPage\":{\"@id\":\"https:\\\/\\\/news.save.ch\\\/neue-fuehrung-fuer-swissi-und-swiss-ts\\\/\"},\"wordCount\":124,\"commentCount\":0,\"publisher\":{\"@id\":\"https:\\\/\\\/news.save.ch\\\/de\\\/#organization\"},\"image\":{\"@id\":\"https:\\\/\\\/news.save.ch\\\/neue-fuehrung-fuer-swissi-und-swiss-ts\\\/#primaryimage\"},\"thumbnailUrl\":\"https:\\\/\\\/news.save.ch\\\/wp-content\\\/uploads\\\/2016\\\/12\\\/Neue-Fuehrung-fuer-Swissi-und-Swiss-TS_sicherheitsforum-scaled.jpg\",\"keywords\":[\"Personalien\",\"Unternehmen\"],\"articleSection\":[\"ALLGEMEIN\"],\"inLanguage\":\"en-US\"},{\"@type\":\"WebPage\",\"@id\":\"https:\\\/\\\/news.save.ch\\\/neue-fuehrung-fuer-swissi-und-swiss-ts\\\/\",\"url\":\"https:\\\/\\\/news.save.ch\\\/neue-fuehrung-fuer-swissi-und-swiss-ts\\\/\",\"name\":\"Neue F\u00fchrung f\u00fcr Swissi und Swiss TS - Save\",\"isPartOf\":{\"@id\":\"https:\\\/\\\/news.save.ch\\\/de\\\/#website\"},\"primaryImageOfPage\":{\"@id\":\"https:\\\/\\\/news.save.ch\\\/neue-fuehrung-fuer-swissi-und-swiss-ts\\\/#primaryimage\"},\"image\":{\"@id\":\"https:\\\/\\\/news.save.ch\\\/neue-fuehrung-fuer-swissi-und-swiss-ts\\\/#primaryimage\"},\"thumbnailUrl\":\"https:\\\/\\\/news.save.ch\\\/wp-content\\\/uploads\\\/2016\\\/12\\\/Neue-Fuehrung-fuer-Swissi-und-Swiss-TS_sicherheitsforum-scaled.jpg\",\"datePublished\":\"2016-11-07T12:09:48+00:00\",\"breadcrumb\":{\"@id\":\"https:\\\/\\\/news.save.ch\\\/neue-fuehrung-fuer-swissi-und-swiss-ts\\\/#breadcrumb\"},\"inLanguage\":\"en-US\",\"potentialAction\":[{\"@type\":\"ReadAction\",\"target\":[\"https:\\\/\\\/news.save.ch\\\/neue-fuehrung-fuer-swissi-und-swiss-ts\\\/\"]}]},{\"@type\":\"ImageObject\",\"inLanguage\":\"en-US\",\"@id\":\"https:\\\/\\\/news.save.ch\\\/neue-fuehrung-fuer-swissi-und-swiss-ts\\\/#primaryimage\",\"url\":\"https:\\\/\\\/news.save.ch\\\/wp-content\\\/uploads\\\/2016\\\/12\\\/Neue-Fuehrung-fuer-Swissi-und-Swiss-TS_sicherheitsforum-scaled.jpg\",\"contentUrl\":\"https:\\\/\\\/news.save.ch\\\/wp-content\\\/uploads\\\/2016\\\/12\\\/Neue-Fuehrung-fuer-Swissi-und-Swiss-TS_sicherheitsforum-scaled.jpg\",\"width\":933,\"height\":1400,\"caption\":\"Raffael Schubiger\"},{\"@type\":\"BreadcrumbList\",\"@id\":\"https:\\\/\\\/news.save.ch\\\/neue-fuehrung-fuer-swissi-und-swiss-ts\\\/#breadcrumb\",\"itemListElement\":[{\"@type\":\"ListItem\",\"position\":1,\"name\":\"Home\",\"item\":\"https:\\\/\\\/news.save.ch\\\/de\\\/\"},{\"@type\":\"ListItem\",\"position\":2,\"name\":\"Neue F\u00fchrung f\u00fcr Swissi und Swiss TS\"}]},{\"@type\":\"WebSite\",\"@id\":\"https:\\\/\\\/news.save.ch\\\/de\\\/#website\",\"url\":\"https:\\\/\\\/news.save.ch\\\/de\\\/\",\"name\":\"Save\",\"description\":\"Schweizer Fachzeitschrift f\u00fcr Sicherheit\",\"publisher\":{\"@id\":\"https:\\\/\\\/news.save.ch\\\/de\\\/#organization\"},\"potentialAction\":[{\"@type\":\"SearchAction\",\"target\":{\"@type\":\"EntryPoint\",\"urlTemplate\":\"https:\\\/\\\/news.save.ch\\\/de\\\/?s={search_term_string}\"},\"query-input\":{\"@type\":\"PropertyValueSpecification\",\"valueRequired\":true,\"valueName\":\"search_term_string\"}}],\"inLanguage\":\"en-US\"},{\"@type\":\"Organization\",\"@id\":\"https:\\\/\\\/news.save.ch\\\/de\\\/#organization\",\"name\":\"Sicherheitsforum\",\"url\":\"https:\\\/\\\/news.save.ch\\\/de\\\/\",\"logo\":{\"@type\":\"ImageObject\",\"inLanguage\":\"en-US\",\"@id\":\"https:\\\/\\\/news.save.ch\\\/de\\\/#\\\/schema\\\/logo\\\/image\\\/\",\"url\":\"https:\\\/\\\/news.save.ch\\\/wp-content\\\/uploads\\\/2022\\\/06\\\/Logo_SF_2012.png\",\"contentUrl\":\"https:\\\/\\\/news.save.ch\\\/wp-content\\\/uploads\\\/2022\\\/06\\\/Logo_SF_2012.png\",\"width\":1100,\"height\":91,\"caption\":\"Sicherheitsforum\"},\"image\":{\"@id\":\"https:\\\/\\\/news.save.ch\\\/de\\\/#\\\/schema\\\/logo\\\/image\\\/\"}},{\"@type\":\"Person\",\"@id\":\"https:\\\/\\\/news.save.ch\\\/de\\\/#\\\/schema\\\/person\\\/d49e199490bad7c70d64b9ab51142f2b\",\"name\":\"admin\",\"image\":{\"@type\":\"ImageObject\",\"inLanguage\":\"en-US\",\"@id\":\"https:\\\/\\\/secure.gravatar.com\\\/avatar\\\/ae2f4d718e6c49043e314ce431e7e645d646302a24a5ef5a8bc8e3f5a032e319?s=96&d=mm&r=g\",\"url\":\"https:\\\/\\\/secure.gravatar.com\\\/avatar\\\/ae2f4d718e6c49043e314ce431e7e645d646302a24a5ef5a8bc8e3f5a032e319?s=96&d=mm&r=g\",\"contentUrl\":\"https:\\\/\\\/secure.gravatar.com\\\/avatar\\\/ae2f4d718e6c49043e314ce431e7e645d646302a24a5ef5a8bc8e3f5a032e319?s=96&d=mm&r=g\",\"caption\":\"admin\"},\"sameAs\":[\"https:\\\/\\\/develop.organisator.galledia.ch\"],\"url\":\"https:\\\/\\\/news.save.ch\\\/en\\\/author\\\/admin\\\/\"}]}<\/script>\n<!-- \/ Yoast SEO plugin. -->","yoast_head_json":{"title":"New leadership for Swissi and Swiss TS - Save","robots":{"index":"index","follow":"follow","max-snippet":"max-snippet:-1","max-image-preview":"max-image-preview:large","max-video-preview":"max-video-preview:-1"},"canonical":"https:\/\/news.save.ch\/en\/neue-fuehrung-fuer-swissi-und-swiss-ts\/","og_locale":"en_US","og_type":"article","og_title":"Neue F\u00fchrung f\u00fcr Swissi und Swiss TS - Save","og_description":"Raffael Schubiger \u00fcbernimmt ab Januar 2017 als CEO neu die Leitung der Swissi AG und der Swiss TS Technical Services AG, zwei Unternehmen der SVTI-Gruppe. Schubiger, promovierter Ingenieur ETH, sei zuvor bei Alstom Power im Bereich Kraftwerksbau t\u00e4tig gewesen und habe seit 2009 beim Beratungsunternehmen P\u00f6yry u.a. global die Bereiche thermische Anlagen und erneuerbare Energien [&hellip;]","og_url":"https:\/\/news.save.ch\/en\/neue-fuehrung-fuer-swissi-und-swiss-ts\/","og_site_name":"Save","article_published_time":"2016-11-07T12:09:48+00:00","og_image":[{"width":933,"height":1400,"url":"https:\/\/news.save.ch\/wp-content\/uploads\/2016\/12\/Neue-Fuehrung-fuer-Swissi-und-Swiss-TS_sicherheitsforum-scaled.jpg","type":"image\/jpeg"}],"author":"admin","twitter_card":"summary_large_image","twitter_misc":{"Written by":"admin","Est. reading time":"1 minute"},"schema":{"@context":"https:\/\/schema.org","@graph":[{"@type":"Article","@id":"https:\/\/news.save.ch\/neue-fuehrung-fuer-swissi-und-swiss-ts\/#article","isPartOf":{"@id":"https:\/\/news.save.ch\/neue-fuehrung-fuer-swissi-und-swiss-ts\/"},"author":{"name":"admin","@id":"https:\/\/news.save.ch\/de\/#\/schema\/person\/d49e199490bad7c70d64b9ab51142f2b"},"headline":"Neue F\u00fchrung f\u00fcr Swissi und Swiss TS","datePublished":"2016-11-07T12:09:48+00:00","mainEntityOfPage":{"@id":"https:\/\/news.save.ch\/neue-fuehrung-fuer-swissi-und-swiss-ts\/"},"wordCount":124,"commentCount":0,"publisher":{"@id":"https:\/\/news.save.ch\/de\/#organization"},"image":{"@id":"https:\/\/news.save.ch\/neue-fuehrung-fuer-swissi-und-swiss-ts\/#primaryimage"},"thumbnailUrl":"https:\/\/news.save.ch\/wp-content\/uploads\/2016\/12\/Neue-Fuehrung-fuer-Swissi-und-Swiss-TS_sicherheitsforum-scaled.jpg","keywords":["Personalien","Unternehmen"],"articleSection":["ALLGEMEIN"],"inLanguage":"en-US"},{"@type":"WebPage","@id":"https:\/\/news.save.ch\/neue-fuehrung-fuer-swissi-und-swiss-ts\/","url":"https:\/\/news.save.ch\/neue-fuehrung-fuer-swissi-und-swiss-ts\/","name":"New leadership for Swissi and Swiss TS - Save","isPartOf":{"@id":"https:\/\/news.save.ch\/de\/#website"},"primaryImageOfPage":{"@id":"https:\/\/news.save.ch\/neue-fuehrung-fuer-swissi-und-swiss-ts\/#primaryimage"},"image":{"@id":"https:\/\/news.save.ch\/neue-fuehrung-fuer-swissi-und-swiss-ts\/#primaryimage"},"thumbnailUrl":"https:\/\/news.save.ch\/wp-content\/uploads\/2016\/12\/Neue-Fuehrung-fuer-Swissi-und-Swiss-TS_sicherheitsforum-scaled.jpg","datePublished":"2016-11-07T12:09:48+00:00","breadcrumb":{"@id":"https:\/\/news.save.ch\/neue-fuehrung-fuer-swissi-und-swiss-ts\/#breadcrumb"},"inLanguage":"en-US","potentialAction":[{"@type":"ReadAction","target":["https:\/\/news.save.ch\/neue-fuehrung-fuer-swissi-und-swiss-ts\/"]}]},{"@type":"ImageObject","inLanguage":"en-US","@id":"https:\/\/news.save.ch\/neue-fuehrung-fuer-swissi-und-swiss-ts\/#primaryimage","url":"https:\/\/news.save.ch\/wp-content\/uploads\/2016\/12\/Neue-Fuehrung-fuer-Swissi-und-Swiss-TS_sicherheitsforum-scaled.jpg","contentUrl":"https:\/\/news.save.ch\/wp-content\/uploads\/2016\/12\/Neue-Fuehrung-fuer-Swissi-und-Swiss-TS_sicherheitsforum-scaled.jpg","width":933,"height":1400,"caption":"Raffael Schubiger"},{"@type":"BreadcrumbList","@id":"https:\/\/news.save.ch\/neue-fuehrung-fuer-swissi-und-swiss-ts\/#breadcrumb","itemListElement":[{"@type":"ListItem","position":1,"name":"Home","item":"https:\/\/news.save.ch\/de\/"},{"@type":"ListItem","position":2,"name":"Neue F\u00fchrung f\u00fcr Swissi und Swiss TS"}]},{"@type":"WebSite","@id":"https:\/\/news.save.ch\/de\/#website","url":"https:\/\/news.save.ch\/de\/","name":"Save","description":"Swiss trade journal for safety","publisher":{"@id":"https:\/\/news.save.ch\/de\/#organization"},"potentialAction":[{"@type":"SearchAction","target":{"@type":"EntryPoint","urlTemplate":"https:\/\/news.save.ch\/de\/?s={search_term_string}"},"query-input":{"@type":"PropertyValueSpecification","valueRequired":true,"valueName":"search_term_string"}}],"inLanguage":"en-US"},{"@type":"Organization","@id":"https:\/\/news.save.ch\/de\/#organization","name":"Security Forum","url":"https:\/\/news.save.ch\/de\/","logo":{"@type":"ImageObject","inLanguage":"en-US","@id":"https:\/\/news.save.ch\/de\/#\/schema\/logo\/image\/","url":"https:\/\/news.save.ch\/wp-content\/uploads\/2022\/06\/Logo_SF_2012.png","contentUrl":"https:\/\/news.save.ch\/wp-content\/uploads\/2022\/06\/Logo_SF_2012.png","width":1100,"height":91,"caption":"Sicherheitsforum"},"image":{"@id":"https:\/\/news.save.ch\/de\/#\/schema\/logo\/image\/"}},{"@type":"Person","@id":"https:\/\/news.save.ch\/de\/#\/schema\/person\/d49e199490bad7c70d64b9ab51142f2b","name":"admin","image":{"@type":"ImageObject","inLanguage":"en-US","@id":"https:\/\/secure.gravatar.com\/avatar\/ae2f4d718e6c49043e314ce431e7e645d646302a24a5ef5a8bc8e3f5a032e319?s=96&d=mm&r=g","url":"https:\/\/secure.gravatar.com\/avatar\/ae2f4d718e6c49043e314ce431e7e645d646302a24a5ef5a8bc8e3f5a032e319?s=96&d=mm&r=g","contentUrl":"https:\/\/secure.gravatar.com\/avatar\/ae2f4d718e6c49043e314ce431e7e645d646302a24a5ef5a8bc8e3f5a032e319?s=96&d=mm&r=g","caption":"admin"},"sameAs":["https:\/\/develop.organisator.galledia.ch"],"url":"https:\/\/news.save.ch\/en\/author\/admin\/"}]}},"_links":{"self":[{"href":"https:\/\/news.save.ch\/en\/wp-json\/wp\/v2\/posts\/14177","targetHints":{"allow":["GET"]}}],"collection":[{"href":"https:\/\/news.save.ch\/en\/wp-json\/wp\/v2\/posts"}],"about":[{"href":"https:\/\/news.save.ch\/en\/wp-json\/wp\/v2\/types\/post"}],"author":[{"embeddable":true,"href":"https:\/\/news.save.ch\/en\/wp-json\/wp\/v2\/users\/1"}],"replies":[{"embeddable":true,"href":"https:\/\/news.save.ch\/en\/wp-json\/wp\/v2\/comments?post=14177"}],"version-history":[{"count":0,"href":"https:\/\/news.save.ch\/en\/wp-json\/wp\/v2\/posts\/14177\/revisions"}],"wp:featuredmedia":[{"embeddable":true,"href":"https:\/\/news.save.ch\/en\/wp-json\/wp\/v2\/media\/13633"}],"wp:attachment":[{"href":"https:\/\/news.save.ch\/en\/wp-json\/wp\/v2\/media?parent=14177"}],"wp:term":[{"taxonomy":"category","embeddable":true,"href":"https:\/\/news.save.ch\/en\/wp-json\/wp\/v2\/categories?post=14177"},{"taxonomy":"post_tag","embeddable":true,"href":"https:\/\/news.save.ch\/en\/wp-json\/wp\/v2\/tags?post=14177"}],"curies":[{"name":"wp","href":"https:\/\/api.w.org\/{rel}","templated":true}]}}