{"id":14219,"date":"2022-05-13T13:29:41","date_gmt":"2022-05-13T11:29:41","guid":{"rendered":"https:\/\/news.save.ch\/?p=14148"},"modified":"2023-06-27T05:35:13","modified_gmt":"2023-06-27T03:35:13","slug":"siemens-in-der-schweiz-auf-kurs","status":null,"type":"post","link":"https:\/\/news.save.ch\/en\/siemens-in-der-schweiz-auf-kurs\/","title":{"rendered":"Siemens Switzerland on course"},"content":{"rendered":"<figure id=\"attachment_12471\" aria-describedby=\"caption-attachment-12471\" style=\"width: 1000px\" class=\"wp-caption alignleft\"><img loading=\"lazy\" decoding=\"async\" class=\"wp-image-12471 size-full\" src=\"https:\/\/news.save.ch\/wp-content\/uploads\/2021\/08\/Novigo_Siemens_teaser.jpg\" alt=\"Billion mark\" width=\"1000\" height=\"563\" srcset=\"https:\/\/news.save.ch\/wp-content\/uploads\/2021\/08\/Novigo_Siemens_teaser.jpg 1000w, https:\/\/news.save.ch\/wp-content\/uploads\/2021\/08\/Novigo_Siemens_teaser-375x211.jpg 375w\" sizes=\"auto, (max-width: 1000px) 100vw, 1000px\" \/><figcaption id=\"caption-attachment-12471\" class=\"wp-caption-text\">Siemens<\/figcaption><\/figure>\n<p>Siemens Switzerland can look back on a solid first half of fiscal 2022. According to a statement, the technology group exceeded the billion mark in the first six months. At 1.079 billion francs, this was slightly above the previous year's figure. As one of the largest employers, Siemens employs 5959 people in Switzerland. Business is stable and demand for its solutions is high, Matthias Rebellius, a member of the Managing Board of Siemens AG, was quoted as saying.<\/p>\n<p>Country Manager Gerd Scheller is also satisfied with the course of business. Above all, solutions that drive decarbonization are seen as a reliable driver. The company wants to set a good example in sustainability in order to be able to increasingly include roof areas for solar energy use at suitable locations. Siemens is already using the solar energy generated at larger locations.<\/p>\n<p>Siemens is present at more than 20 locations in Switzerland and represents market dominance in building technology and energy distribution (Smart Infrastructure) as well as in industrial and drive technology. In addition, Siemens also plays a leading role in rail technology (Siemens Mobility), in the energy sector (Siemens Energy) and in medical technology.  The global activities of Siemens Smart Infrastructure (SI) are managed from the headquarters in Zug.<\/p>","protected":false},"excerpt":{"rendered":"<p>Siemens Schweiz kann auf ein solides Gesch\u00e4ftshalbjahr 2022 zur\u00fcckblicken. Laut einer Mitteilung \u00fcbertraf der Technologie-Konzern in den ersten sechs Monaten die Milliardengrenze. Diese lag mit 1,079 Milliarden Franken leicht \u00fcber dem Wert des Vorjahres. Siemens besch\u00e4ftigt in der Schweiz als einer der gr\u00f6ssten Arbeitgeber 5959 Mitarbeitende. Das Gesch\u00e4ft laufe stabil und die Nachfrage nach den [&hellip;]<\/p>\n","protected":false},"author":9,"featured_media":12471,"comment_status":"closed","ping_status":"closed","sticky":false,"template":"","format":"standard","meta":{"_acf_changed":false,"pgc_sgb_lightbox_settings":"","footnotes":""},"categories":[1],"tags":[1410,506,4525,4526,2582,3368,4527],"class_list":["post-14219","post","type-post","status-publish","format-standard","has-post-thumbnail","hentry","category-allgemein","tag-gebaeude","tag-gebaeudeautomation","tag-geschaeftshalbjahr-2022","tag-milliardengrenze","tag-nachhaltigkeit","tag-siemens-schweiz","tag-solarenergie"],"acf":[],"hkrextid":null,"publication":null,"issue":null,"workflow":null,"startPage":null,"spitzmarke":null,"_posts_by_tag_page_fields":{"widget_title":"","widget_tags":""},"_at_widget":"1","_yoast_wpseo_primary_category":"1","_yoast_wpseo_focuskw_text_input":null,"_yoast_wpseo_opengraph-image":null,"_yoast_wpseo_opengraph-description":null,"_yoast_wpseo_opengraph-title":null,"enclosure":null,"_yoast_wpseo_twitter-title":null,"_yoast_wpseo_twitter-description":null,"_yoast_wpseo_twitter-image":null,"_wp_old_slug":null,"_yoast_wpseo_title":null,"_yoast_wpseo_canonical":null,"yoast_head":"<!-- This site is optimized with the Yoast SEO plugin v27.4 - https:\/\/yoast.com\/product\/yoast-seo-wordpress\/ -->\n<title>Siemens Schweiz auf Kurs - Save<\/title>\n<meta name=\"description\" content=\"Siemens Schweiz verzeichnet im ersten Halbjahr des Gesch\u00e4ftsjahres ein stabiles Ergebnis. Laut einer Hausmitteilung \u00fcbertraf der Konzern in den ersten sechs Monaten die Milliardengrenze und lag sogar leicht \u00fcber Vorjahr.\" \/>\n<meta name=\"robots\" content=\"index, follow, max-snippet:-1, max-image-preview:large, max-video-preview:-1\" \/>\n<link rel=\"canonical\" href=\"https:\/\/news.save.ch\/en\/siemens-in-der-schweiz-auf-kurs\/\" \/>\n<meta property=\"og:locale\" content=\"en_US\" \/>\n<meta property=\"og:type\" content=\"article\" \/>\n<meta property=\"og:title\" content=\"Siemens Schweiz auf Kurs - Save\" \/>\n<meta property=\"og:description\" content=\"Siemens Schweiz verzeichnet im ersten Halbjahr des Gesch\u00e4ftsjahres ein stabiles Ergebnis. Laut einer Hausmitteilung \u00fcbertraf der Konzern in den ersten sechs Monaten die Milliardengrenze und lag sogar leicht \u00fcber Vorjahr.\" \/>\n<meta property=\"og:url\" content=\"https:\/\/news.save.ch\/en\/siemens-in-der-schweiz-auf-kurs\/\" \/>\n<meta property=\"og:site_name\" content=\"Save\" \/>\n<meta property=\"article:published_time\" content=\"2022-05-13T11:29:41+00:00\" \/>\n<meta property=\"article:modified_time\" content=\"2023-06-27T03:35:13+00:00\" \/>\n<meta property=\"og:image\" content=\"https:\/\/news.save.ch\/wp-content\/uploads\/2021\/08\/Novigo_Siemens_teaser.jpg\" \/>\n\t<meta property=\"og:image:width\" content=\"1000\" \/>\n\t<meta property=\"og:image:height\" content=\"563\" \/>\n\t<meta property=\"og:image:type\" content=\"image\/jpeg\" \/>\n<meta name=\"author\" content=\"Simon Gr\u00f6flin\" \/>\n<meta name=\"twitter:card\" content=\"summary_large_image\" \/>\n<meta name=\"twitter:label1\" content=\"Written by\" \/>\n\t<meta name=\"twitter:data1\" content=\"Simon Gr\u00f6flin\" \/>\n\t<meta name=\"twitter:label2\" content=\"Est. reading time\" \/>\n\t<meta name=\"twitter:data2\" content=\"2 minutes\" \/>\n<script type=\"application\/ld+json\" class=\"yoast-schema-graph\">{\"@context\":\"https:\\\/\\\/schema.org\",\"@graph\":[{\"@type\":\"Article\",\"@id\":\"https:\\\/\\\/news.save.ch\\\/siemens-in-der-schweiz-auf-kurs\\\/#article\",\"isPartOf\":{\"@id\":\"https:\\\/\\\/news.save.ch\\\/siemens-in-der-schweiz-auf-kurs\\\/\"},\"author\":{\"name\":\"Simon Gr\u00f6flin\",\"@id\":\"https:\\\/\\\/news.save.ch\\\/de\\\/#\\\/schema\\\/person\\\/ad4ef21102fd6125312409ac57d5296d\"},\"headline\":\"Siemens Schweiz auf Kurs\",\"datePublished\":\"2022-05-13T11:29:41+00:00\",\"dateModified\":\"2023-06-27T03:35:13+00:00\",\"mainEntityOfPage\":{\"@id\":\"https:\\\/\\\/news.save.ch\\\/siemens-in-der-schweiz-auf-kurs\\\/\"},\"wordCount\":209,\"publisher\":{\"@id\":\"https:\\\/\\\/news.save.ch\\\/de\\\/#organization\"},\"image\":{\"@id\":\"https:\\\/\\\/news.save.ch\\\/siemens-in-der-schweiz-auf-kurs\\\/#primaryimage\"},\"thumbnailUrl\":\"https:\\\/\\\/news.save.ch\\\/wp-content\\\/uploads\\\/2021\\\/08\\\/Novigo_Siemens_teaser.jpg\",\"keywords\":[\"Geb\u00e4ude\",\"Geb\u00e4udeautomation\",\"Gesch\u00e4ftshalbjahr 2022\",\"Milliardengrenze\",\"Nachhaltigkeit\",\"Siemens Schweiz\",\"Solarenergie\"],\"articleSection\":[\"ALLGEMEIN\"],\"inLanguage\":\"en-US\"},{\"@type\":\"WebPage\",\"@id\":\"https:\\\/\\\/news.save.ch\\\/siemens-in-der-schweiz-auf-kurs\\\/\",\"url\":\"https:\\\/\\\/news.save.ch\\\/siemens-in-der-schweiz-auf-kurs\\\/\",\"name\":\"Siemens Schweiz auf Kurs - Save\",\"isPartOf\":{\"@id\":\"https:\\\/\\\/news.save.ch\\\/de\\\/#website\"},\"primaryImageOfPage\":{\"@id\":\"https:\\\/\\\/news.save.ch\\\/siemens-in-der-schweiz-auf-kurs\\\/#primaryimage\"},\"image\":{\"@id\":\"https:\\\/\\\/news.save.ch\\\/siemens-in-der-schweiz-auf-kurs\\\/#primaryimage\"},\"thumbnailUrl\":\"https:\\\/\\\/news.save.ch\\\/wp-content\\\/uploads\\\/2021\\\/08\\\/Novigo_Siemens_teaser.jpg\",\"datePublished\":\"2022-05-13T11:29:41+00:00\",\"dateModified\":\"2023-06-27T03:35:13+00:00\",\"description\":\"Siemens Schweiz verzeichnet im ersten Halbjahr des Gesch\u00e4ftsjahres ein stabiles Ergebnis. Laut einer Hausmitteilung \u00fcbertraf der Konzern in den ersten sechs Monaten die Milliardengrenze und lag sogar leicht \u00fcber Vorjahr.\",\"breadcrumb\":{\"@id\":\"https:\\\/\\\/news.save.ch\\\/siemens-in-der-schweiz-auf-kurs\\\/#breadcrumb\"},\"inLanguage\":\"en-US\",\"potentialAction\":[{\"@type\":\"ReadAction\",\"target\":[\"https:\\\/\\\/news.save.ch\\\/siemens-in-der-schweiz-auf-kurs\\\/\"]}]},{\"@type\":\"ImageObject\",\"inLanguage\":\"en-US\",\"@id\":\"https:\\\/\\\/news.save.ch\\\/siemens-in-der-schweiz-auf-kurs\\\/#primaryimage\",\"url\":\"https:\\\/\\\/news.save.ch\\\/wp-content\\\/uploads\\\/2021\\\/08\\\/Novigo_Siemens_teaser.jpg\",\"contentUrl\":\"https:\\\/\\\/news.save.ch\\\/wp-content\\\/uploads\\\/2021\\\/08\\\/Novigo_Siemens_teaser.jpg\",\"width\":1000,\"height\":563,\"caption\":\"Siemens\"},{\"@type\":\"BreadcrumbList\",\"@id\":\"https:\\\/\\\/news.save.ch\\\/siemens-in-der-schweiz-auf-kurs\\\/#breadcrumb\",\"itemListElement\":[{\"@type\":\"ListItem\",\"position\":1,\"name\":\"Home\",\"item\":\"https:\\\/\\\/news.save.ch\\\/de\\\/\"},{\"@type\":\"ListItem\",\"position\":2,\"name\":\"Siemens Schweiz auf Kurs\"}]},{\"@type\":\"WebSite\",\"@id\":\"https:\\\/\\\/news.save.ch\\\/de\\\/#website\",\"url\":\"https:\\\/\\\/news.save.ch\\\/de\\\/\",\"name\":\"Save\",\"description\":\"Schweizer Fachzeitschrift f\u00fcr Sicherheit\",\"publisher\":{\"@id\":\"https:\\\/\\\/news.save.ch\\\/de\\\/#organization\"},\"potentialAction\":[{\"@type\":\"SearchAction\",\"target\":{\"@type\":\"EntryPoint\",\"urlTemplate\":\"https:\\\/\\\/news.save.ch\\\/de\\\/?s={search_term_string}\"},\"query-input\":{\"@type\":\"PropertyValueSpecification\",\"valueRequired\":true,\"valueName\":\"search_term_string\"}}],\"inLanguage\":\"en-US\"},{\"@type\":\"Organization\",\"@id\":\"https:\\\/\\\/news.save.ch\\\/de\\\/#organization\",\"name\":\"Sicherheitsforum\",\"url\":\"https:\\\/\\\/news.save.ch\\\/de\\\/\",\"logo\":{\"@type\":\"ImageObject\",\"inLanguage\":\"en-US\",\"@id\":\"https:\\\/\\\/news.save.ch\\\/de\\\/#\\\/schema\\\/logo\\\/image\\\/\",\"url\":\"https:\\\/\\\/news.save.ch\\\/wp-content\\\/uploads\\\/2022\\\/06\\\/Logo_SF_2012.png\",\"contentUrl\":\"https:\\\/\\\/news.save.ch\\\/wp-content\\\/uploads\\\/2022\\\/06\\\/Logo_SF_2012.png\",\"width\":1100,\"height\":91,\"caption\":\"Sicherheitsforum\"},\"image\":{\"@id\":\"https:\\\/\\\/news.save.ch\\\/de\\\/#\\\/schema\\\/logo\\\/image\\\/\"}},{\"@type\":\"Person\",\"@id\":\"https:\\\/\\\/news.save.ch\\\/de\\\/#\\\/schema\\\/person\\\/ad4ef21102fd6125312409ac57d5296d\",\"name\":\"Simon Gr\u00f6flin\",\"image\":{\"@type\":\"ImageObject\",\"inLanguage\":\"en-US\",\"@id\":\"https:\\\/\\\/secure.gravatar.com\\\/avatar\\\/6ddceb80eb734354635539e0ea5140bb7c41e42de7c45c9a2ab9921b5d5c9a83?s=96&d=mm&r=g\",\"url\":\"https:\\\/\\\/secure.gravatar.com\\\/avatar\\\/6ddceb80eb734354635539e0ea5140bb7c41e42de7c45c9a2ab9921b5d5c9a83?s=96&d=mm&r=g\",\"contentUrl\":\"https:\\\/\\\/secure.gravatar.com\\\/avatar\\\/6ddceb80eb734354635539e0ea5140bb7c41e42de7c45c9a2ab9921b5d5c9a83?s=96&d=mm&r=g\",\"caption\":\"Simon Gr\u00f6flin\"},\"url\":\"https:\\\/\\\/news.save.ch\\\/en\\\/author\\\/simon-groeflin\\\/\"}]}<\/script>\n<!-- \/ Yoast SEO plugin. -->","yoast_head_json":{"title":"Siemens Switzerland on course - Save","description":"Siemens Switzerland reports stable earnings in the first half of the fiscal year. According to an in-house statement, the Group exceeded the billion mark in the first six months and was even slightly above the previous year.","robots":{"index":"index","follow":"follow","max-snippet":"max-snippet:-1","max-image-preview":"max-image-preview:large","max-video-preview":"max-video-preview:-1"},"canonical":"https:\/\/news.save.ch\/en\/siemens-in-der-schweiz-auf-kurs\/","og_locale":"en_US","og_type":"article","og_title":"Siemens Schweiz auf Kurs - Save","og_description":"Siemens Schweiz verzeichnet im ersten Halbjahr des Gesch\u00e4ftsjahres ein stabiles Ergebnis. Laut einer Hausmitteilung \u00fcbertraf der Konzern in den ersten sechs Monaten die Milliardengrenze und lag sogar leicht \u00fcber Vorjahr.","og_url":"https:\/\/news.save.ch\/en\/siemens-in-der-schweiz-auf-kurs\/","og_site_name":"Save","article_published_time":"2022-05-13T11:29:41+00:00","article_modified_time":"2023-06-27T03:35:13+00:00","og_image":[{"width":1000,"height":563,"url":"https:\/\/news.save.ch\/wp-content\/uploads\/2021\/08\/Novigo_Siemens_teaser.jpg","type":"image\/jpeg"}],"author":"Simon Gr\u00f6flin","twitter_card":"summary_large_image","twitter_misc":{"Written by":"Simon Gr\u00f6flin","Est. reading time":"2 minutes"},"schema":{"@context":"https:\/\/schema.org","@graph":[{"@type":"Article","@id":"https:\/\/news.save.ch\/siemens-in-der-schweiz-auf-kurs\/#article","isPartOf":{"@id":"https:\/\/news.save.ch\/siemens-in-der-schweiz-auf-kurs\/"},"author":{"name":"Simon Gr\u00f6flin","@id":"https:\/\/news.save.ch\/de\/#\/schema\/person\/ad4ef21102fd6125312409ac57d5296d"},"headline":"Siemens Schweiz auf Kurs","datePublished":"2022-05-13T11:29:41+00:00","dateModified":"2023-06-27T03:35:13+00:00","mainEntityOfPage":{"@id":"https:\/\/news.save.ch\/siemens-in-der-schweiz-auf-kurs\/"},"wordCount":209,"publisher":{"@id":"https:\/\/news.save.ch\/de\/#organization"},"image":{"@id":"https:\/\/news.save.ch\/siemens-in-der-schweiz-auf-kurs\/#primaryimage"},"thumbnailUrl":"https:\/\/news.save.ch\/wp-content\/uploads\/2021\/08\/Novigo_Siemens_teaser.jpg","keywords":["Geb\u00e4ude","Geb\u00e4udeautomation","Gesch\u00e4ftshalbjahr 2022","Milliardengrenze","Nachhaltigkeit","Siemens Schweiz","Solarenergie"],"articleSection":["ALLGEMEIN"],"inLanguage":"en-US"},{"@type":"WebPage","@id":"https:\/\/news.save.ch\/siemens-in-der-schweiz-auf-kurs\/","url":"https:\/\/news.save.ch\/siemens-in-der-schweiz-auf-kurs\/","name":"Siemens Switzerland on course - Save","isPartOf":{"@id":"https:\/\/news.save.ch\/de\/#website"},"primaryImageOfPage":{"@id":"https:\/\/news.save.ch\/siemens-in-der-schweiz-auf-kurs\/#primaryimage"},"image":{"@id":"https:\/\/news.save.ch\/siemens-in-der-schweiz-auf-kurs\/#primaryimage"},"thumbnailUrl":"https:\/\/news.save.ch\/wp-content\/uploads\/2021\/08\/Novigo_Siemens_teaser.jpg","datePublished":"2022-05-13T11:29:41+00:00","dateModified":"2023-06-27T03:35:13+00:00","description":"Siemens Switzerland reports stable earnings in the first half of the fiscal year. According to an in-house statement, the Group exceeded the billion mark in the first six months and was even slightly above the previous year.","breadcrumb":{"@id":"https:\/\/news.save.ch\/siemens-in-der-schweiz-auf-kurs\/#breadcrumb"},"inLanguage":"en-US","potentialAction":[{"@type":"ReadAction","target":["https:\/\/news.save.ch\/siemens-in-der-schweiz-auf-kurs\/"]}]},{"@type":"ImageObject","inLanguage":"en-US","@id":"https:\/\/news.save.ch\/siemens-in-der-schweiz-auf-kurs\/#primaryimage","url":"https:\/\/news.save.ch\/wp-content\/uploads\/2021\/08\/Novigo_Siemens_teaser.jpg","contentUrl":"https:\/\/news.save.ch\/wp-content\/uploads\/2021\/08\/Novigo_Siemens_teaser.jpg","width":1000,"height":563,"caption":"Siemens"},{"@type":"BreadcrumbList","@id":"https:\/\/news.save.ch\/siemens-in-der-schweiz-auf-kurs\/#breadcrumb","itemListElement":[{"@type":"ListItem","position":1,"name":"Home","item":"https:\/\/news.save.ch\/de\/"},{"@type":"ListItem","position":2,"name":"Siemens Schweiz auf Kurs"}]},{"@type":"WebSite","@id":"https:\/\/news.save.ch\/de\/#website","url":"https:\/\/news.save.ch\/de\/","name":"Save","description":"Swiss trade journal for safety","publisher":{"@id":"https:\/\/news.save.ch\/de\/#organization"},"potentialAction":[{"@type":"SearchAction","target":{"@type":"EntryPoint","urlTemplate":"https:\/\/news.save.ch\/de\/?s={search_term_string}"},"query-input":{"@type":"PropertyValueSpecification","valueRequired":true,"valueName":"search_term_string"}}],"inLanguage":"en-US"},{"@type":"Organization","@id":"https:\/\/news.save.ch\/de\/#organization","name":"Security Forum","url":"https:\/\/news.save.ch\/de\/","logo":{"@type":"ImageObject","inLanguage":"en-US","@id":"https:\/\/news.save.ch\/de\/#\/schema\/logo\/image\/","url":"https:\/\/news.save.ch\/wp-content\/uploads\/2022\/06\/Logo_SF_2012.png","contentUrl":"https:\/\/news.save.ch\/wp-content\/uploads\/2022\/06\/Logo_SF_2012.png","width":1100,"height":91,"caption":"Sicherheitsforum"},"image":{"@id":"https:\/\/news.save.ch\/de\/#\/schema\/logo\/image\/"}},{"@type":"Person","@id":"https:\/\/news.save.ch\/de\/#\/schema\/person\/ad4ef21102fd6125312409ac57d5296d","name":"Simon Gr\u00f6flin","image":{"@type":"ImageObject","inLanguage":"en-US","@id":"https:\/\/secure.gravatar.com\/avatar\/6ddceb80eb734354635539e0ea5140bb7c41e42de7c45c9a2ab9921b5d5c9a83?s=96&d=mm&r=g","url":"https:\/\/secure.gravatar.com\/avatar\/6ddceb80eb734354635539e0ea5140bb7c41e42de7c45c9a2ab9921b5d5c9a83?s=96&d=mm&r=g","contentUrl":"https:\/\/secure.gravatar.com\/avatar\/6ddceb80eb734354635539e0ea5140bb7c41e42de7c45c9a2ab9921b5d5c9a83?s=96&d=mm&r=g","caption":"Simon Gr\u00f6flin"},"url":"https:\/\/news.save.ch\/en\/author\/simon-groeflin\/"}]}},"_links":{"self":[{"href":"https:\/\/news.save.ch\/en\/wp-json\/wp\/v2\/posts\/14219","targetHints":{"allow":["GET"]}}],"collection":[{"href":"https:\/\/news.save.ch\/en\/wp-json\/wp\/v2\/posts"}],"about":[{"href":"https:\/\/news.save.ch\/en\/wp-json\/wp\/v2\/types\/post"}],"author":[{"embeddable":true,"href":"https:\/\/news.save.ch\/en\/wp-json\/wp\/v2\/users\/9"}],"replies":[{"embeddable":true,"href":"https:\/\/news.save.ch\/en\/wp-json\/wp\/v2\/comments?post=14219"}],"version-history":[{"count":3,"href":"https:\/\/news.save.ch\/en\/wp-json\/wp\/v2\/posts\/14219\/revisions"}],"predecessor-version":[{"id":20306,"href":"https:\/\/news.save.ch\/en\/wp-json\/wp\/v2\/posts\/14219\/revisions\/20306"}],"wp:featuredmedia":[{"embeddable":true,"href":"https:\/\/news.save.ch\/en\/wp-json\/wp\/v2\/media\/12471"}],"wp:attachment":[{"href":"https:\/\/news.save.ch\/en\/wp-json\/wp\/v2\/media?parent=14219"}],"wp:term":[{"taxonomy":"category","embeddable":true,"href":"https:\/\/news.save.ch\/en\/wp-json\/wp\/v2\/categories?post=14219"},{"taxonomy":"post_tag","embeddable":true,"href":"https:\/\/news.save.ch\/en\/wp-json\/wp\/v2\/tags?post=14219"}],"curies":[{"name":"wp","href":"https:\/\/api.w.org\/{rel}","templated":true}]}}