{"id":14222,"date":"2022-05-19T08:08:39","date_gmt":"2022-05-19T06:08:39","guid":{"rendered":"https:\/\/news.save.ch\/?p=14167"},"modified":"2023-06-27T06:05:04","modified_gmt":"2023-06-27T04:05:04","slug":"ses-verband-zeichnet-nachwuchskraefte-aus","status":null,"type":"post","link":"https:\/\/news.save.ch\/en\/ses-verband-zeichnet-nachwuchskraefte-aus\/","title":{"rendered":"SES honors junior staff"},"content":{"rendered":"<p>After last year's graduates had to be put off with vouchers due to the pandemic, the Association of Swiss Installers of Security Systems (SES) did not miss the opportunity to welcome this year's graduates at a festive graduation ceremony at the noble Hotel Storchen in Zurich. The part-time course of all six modules lasts 18 months each. 19 graduates now have the diploma in their pockets.<\/p>\n<p><img loading=\"lazy\" decoding=\"async\" class=\"alignleft wp-image-14172 size-medium\" src=\"https:\/\/news.save.ch\/wp-content\/uploads\/2022\/05\/Plenum2-scaled-1.jpg\" alt=\"Security Systems\" width=\"680\" height=\"453\" \/><\/p>\n<p>\"Stay agile and don't just let yourself drift with the changes, but try to shape the changes yourself,\" said President Dr. Peter Nebiker during the diploma presentation to the 19 freshly graduated project managers.<\/p>\n<p>The world of work is changing rapidly - and so are complexity and networking. As a result, there is also an increasing demand on the management side. Nebiker gave the graduates some good advice: building up a good basis of trust with partners and customers takes a lot of time and personal contact.<\/p>\n<p>First place \"Safety\" with a grade point average of 5.0 went to Manuel Waser. Antonio Bova (not present) and Gaetano Gravagno with the grade 4.9 as well as Marc H\u00e4nggi were allowed to climb the second podium place \"Safety\". The first place with focus on \"Fire\" was won by Minh-Viet Huynh.<\/p>\n<h2>The diploma in the pocket<\/h2>\n<p>The president of the SES association went on to say that he believes the future of the security industry is more exciting than ever. Market and technology developments are accelerating rapidly. Up-to-date training would help to master the current developments.<\/p>\n<figure id=\"attachment_14171\" aria-describedby=\"caption-attachment-14171\" style=\"width: 680px\" class=\"wp-caption alignleft\"><img loading=\"lazy\" decoding=\"async\" class=\"wp-image-14171 size-medium\" src=\"https:\/\/news.save.ch\/wp-content\/uploads\/2022\/05\/Plenum-scaled-1.jpg\" alt=\"SES Association honors young professionals\" width=\"680\" height=\"453\" \/><figcaption id=\"caption-attachment-14171\" class=\"wp-caption-text\">Photo: Simon Gr\u00f6flin<\/figcaption><\/figure>\n<p>The further training, which is offered in cooperation with the SES association, provides participants with extensive basic and specialist knowledge in the planning, execution and operation of security systems. After completing the training, course participants can take the federal professional examination to become a project manager for security systems.<\/p>\n<h2>Modular expansion according to focus<\/h2>\n<p>The in-service training course Project Manager Safety Systems with a federal certificate of proficiency enables safety technology specialists to manage entire safety projects, from planning to operation. The course was first offered in 2009 in cooperation with the Winterthur Technical College (SFTW). Since then, up to 20 professionals have completed the additional training each year. To date, the advanced training, which can be completed part-time at the Swiss Technical College Winterthur (STFW), has been offered in the field of safety and fire. In the future, the training course will be offered in other modular specializations in the safety technology sector.<\/p>","protected":false},"excerpt":{"rendered":"<p>Nachdem die Diplomanden letztes Jahr pandemiebedingt mit Gutscheinen vertr\u00f6stet werden mussten, hat es sich der Verband Schweizerischer Errichter von Sicherheitsanlagen (SES) nicht nehmen lassen, die diesj\u00e4hrigen Absolventinnen und Absolventen im Rahmen einer festlichen Abschlussfeier im noblen Hotel Storchen in Z\u00fcrich zu begr\u00fcssen. Der nebenberufliche Lehrgang aller sechs Module dauert jeweils 18 Monate. 19 Absolventen haben [&hellip;]<\/p>\n","protected":false},"author":9,"featured_media":14223,"comment_status":"closed","ping_status":"closed","sticky":false,"template":"","format":"standard","meta":{"_acf_changed":false,"pgc_sgb_lightbox_settings":"","footnotes":""},"categories":[1],"tags":[4515,4513,4514,449,805],"class_list":["post-14222","post","type-post","status-publish","format-standard","has-post-thumbnail","hentry","category-allgemein","tag-abschlussfeier","tag-diplomanden","tag-hotel-storchen-zuerich","tag-projektleiter-sicherheitssysteme","tag-verband-schweizerischer-errichter-von-sicherheitsanlagen"],"acf":[],"hkrextid":null,"publication":null,"issue":null,"workflow":null,"startPage":null,"spitzmarke":null,"_posts_by_tag_page_fields":{"widget_title":"","widget_tags":""},"_at_widget":"1","_yoast_wpseo_primary_category":"","_yoast_wpseo_focuskw_text_input":null,"_yoast_wpseo_opengraph-image":null,"_yoast_wpseo_opengraph-description":null,"_yoast_wpseo_opengraph-title":null,"enclosure":null,"_yoast_wpseo_twitter-title":null,"_yoast_wpseo_twitter-description":null,"_yoast_wpseo_twitter-image":null,"_wp_old_slug":null,"_yoast_wpseo_title":null,"_yoast_wpseo_canonical":null,"yoast_head":"<!-- This site is optimized with the Yoast SEO plugin v27.5 - https:\/\/yoast.com\/product\/yoast-seo-wordpress\/ -->\n<title>SES zeichnet Nachwuchskr\u00e4fte aus - Save<\/title>\n<meta name=\"description\" content=\"Sicherheitsspezialisten sind l\u00f6sungsorientiert und k\u00f6nnen Projektteams leiten. Der Fachverband Schweizerischer Errrichter von Sicherheitsanlagen hat den Nachwuchskr\u00e4ften des Lehrgangs Projektleiter Sicherheitssysteme die Diplome \u00fcberreicht.\" \/>\n<meta name=\"robots\" content=\"index, follow, max-snippet:-1, max-image-preview:large, max-video-preview:-1\" \/>\n<link rel=\"canonical\" href=\"https:\/\/news.save.ch\/en\/ses-verband-zeichnet-nachwuchskraefte-aus\/\" \/>\n<meta property=\"og:locale\" content=\"en_US\" \/>\n<meta property=\"og:type\" content=\"article\" \/>\n<meta property=\"og:title\" content=\"SES zeichnet Nachwuchskr\u00e4fte aus - Save\" \/>\n<meta property=\"og:description\" content=\"Sicherheitsspezialisten sind l\u00f6sungsorientiert und k\u00f6nnen Projektteams leiten. Der Fachverband Schweizerischer Errrichter von Sicherheitsanlagen hat den Nachwuchskr\u00e4ften des Lehrgangs Projektleiter Sicherheitssysteme die Diplome \u00fcberreicht.\" \/>\n<meta property=\"og:url\" content=\"https:\/\/news.save.ch\/en\/ses-verband-zeichnet-nachwuchskraefte-aus\/\" \/>\n<meta property=\"og:site_name\" content=\"Save\" \/>\n<meta property=\"article:published_time\" content=\"2022-05-19T06:08:39+00:00\" \/>\n<meta property=\"article:modified_time\" content=\"2023-06-27T04:05:04+00:00\" \/>\n<meta property=\"og:image\" content=\"https:\/\/news.save.ch\/wp-content\/uploads\/2022\/05\/Plenum-scaled-1.jpg\" \/>\n\t<meta property=\"og:image:width\" content=\"1200\" \/>\n\t<meta property=\"og:image:height\" content=\"800\" \/>\n\t<meta property=\"og:image:type\" content=\"image\/jpeg\" \/>\n<meta name=\"author\" content=\"Simon Gr\u00f6flin\" \/>\n<meta name=\"twitter:card\" content=\"summary_large_image\" \/>\n<meta name=\"twitter:label1\" content=\"Written by\" \/>\n\t<meta name=\"twitter:data1\" content=\"Simon Gr\u00f6flin\" \/>\n\t<meta name=\"twitter:label2\" content=\"Est. reading time\" \/>\n\t<meta name=\"twitter:data2\" content=\"3 minutes\" \/>\n<script type=\"application\/ld+json\" class=\"yoast-schema-graph\">{\"@context\":\"https:\\\/\\\/schema.org\",\"@graph\":[{\"@type\":\"Article\",\"@id\":\"https:\\\/\\\/news.save.ch\\\/ses-verband-zeichnet-nachwuchskraefte-aus\\\/#article\",\"isPartOf\":{\"@id\":\"https:\\\/\\\/news.save.ch\\\/ses-verband-zeichnet-nachwuchskraefte-aus\\\/\"},\"author\":{\"name\":\"Simon Gr\u00f6flin\",\"@id\":\"https:\\\/\\\/news.save.ch\\\/de\\\/#\\\/schema\\\/person\\\/ad4ef21102fd6125312409ac57d5296d\"},\"headline\":\"SES zeichnet Nachwuchskr\u00e4fte aus\",\"datePublished\":\"2022-05-19T06:08:39+00:00\",\"dateModified\":\"2023-06-27T04:05:04+00:00\",\"mainEntityOfPage\":{\"@id\":\"https:\\\/\\\/news.save.ch\\\/ses-verband-zeichnet-nachwuchskraefte-aus\\\/\"},\"wordCount\":382,\"publisher\":{\"@id\":\"https:\\\/\\\/news.save.ch\\\/de\\\/#organization\"},\"image\":{\"@id\":\"https:\\\/\\\/news.save.ch\\\/ses-verband-zeichnet-nachwuchskraefte-aus\\\/#primaryimage\"},\"thumbnailUrl\":\"https:\\\/\\\/news.save.ch\\\/wp-content\\\/uploads\\\/2022\\\/05\\\/Plenum-scaled-1.jpg\",\"keywords\":[\"Abschlussfeier\",\"Diplomanden\",\"Hotel Storchen Z\u00fcrich\",\"Projektleiter Sicherheitssysteme\",\"Verband Schweizerischer Errichter von Sicherheitsanlagen\"],\"articleSection\":[\"ALLGEMEIN\"],\"inLanguage\":\"en-US\"},{\"@type\":\"WebPage\",\"@id\":\"https:\\\/\\\/news.save.ch\\\/ses-verband-zeichnet-nachwuchskraefte-aus\\\/\",\"url\":\"https:\\\/\\\/news.save.ch\\\/ses-verband-zeichnet-nachwuchskraefte-aus\\\/\",\"name\":\"SES zeichnet Nachwuchskr\u00e4fte aus - Save\",\"isPartOf\":{\"@id\":\"https:\\\/\\\/news.save.ch\\\/de\\\/#website\"},\"primaryImageOfPage\":{\"@id\":\"https:\\\/\\\/news.save.ch\\\/ses-verband-zeichnet-nachwuchskraefte-aus\\\/#primaryimage\"},\"image\":{\"@id\":\"https:\\\/\\\/news.save.ch\\\/ses-verband-zeichnet-nachwuchskraefte-aus\\\/#primaryimage\"},\"thumbnailUrl\":\"https:\\\/\\\/news.save.ch\\\/wp-content\\\/uploads\\\/2022\\\/05\\\/Plenum-scaled-1.jpg\",\"datePublished\":\"2022-05-19T06:08:39+00:00\",\"dateModified\":\"2023-06-27T04:05:04+00:00\",\"description\":\"Sicherheitsspezialisten sind l\u00f6sungsorientiert und k\u00f6nnen Projektteams leiten. Der Fachverband Schweizerischer Errrichter von Sicherheitsanlagen hat den Nachwuchskr\u00e4ften des Lehrgangs Projektleiter Sicherheitssysteme die Diplome \u00fcberreicht.\",\"breadcrumb\":{\"@id\":\"https:\\\/\\\/news.save.ch\\\/ses-verband-zeichnet-nachwuchskraefte-aus\\\/#breadcrumb\"},\"inLanguage\":\"en-US\",\"potentialAction\":[{\"@type\":\"ReadAction\",\"target\":[\"https:\\\/\\\/news.save.ch\\\/ses-verband-zeichnet-nachwuchskraefte-aus\\\/\"]}]},{\"@type\":\"ImageObject\",\"inLanguage\":\"en-US\",\"@id\":\"https:\\\/\\\/news.save.ch\\\/ses-verband-zeichnet-nachwuchskraefte-aus\\\/#primaryimage\",\"url\":\"https:\\\/\\\/news.save.ch\\\/wp-content\\\/uploads\\\/2022\\\/05\\\/Plenum-scaled-1.jpg\",\"contentUrl\":\"https:\\\/\\\/news.save.ch\\\/wp-content\\\/uploads\\\/2022\\\/05\\\/Plenum-scaled-1.jpg\",\"width\":1200,\"height\":800,\"caption\":\"Sicherheitsspezialisten, Sicherheitssysteme\"},{\"@type\":\"BreadcrumbList\",\"@id\":\"https:\\\/\\\/news.save.ch\\\/ses-verband-zeichnet-nachwuchskraefte-aus\\\/#breadcrumb\",\"itemListElement\":[{\"@type\":\"ListItem\",\"position\":1,\"name\":\"Home\",\"item\":\"https:\\\/\\\/news.save.ch\\\/de\\\/\"},{\"@type\":\"ListItem\",\"position\":2,\"name\":\"SES zeichnet Nachwuchskr\u00e4fte aus\"}]},{\"@type\":\"WebSite\",\"@id\":\"https:\\\/\\\/news.save.ch\\\/de\\\/#website\",\"url\":\"https:\\\/\\\/news.save.ch\\\/de\\\/\",\"name\":\"Save\",\"description\":\"Schweizer Fachzeitschrift f\u00fcr Sicherheit\",\"publisher\":{\"@id\":\"https:\\\/\\\/news.save.ch\\\/de\\\/#organization\"},\"potentialAction\":[{\"@type\":\"SearchAction\",\"target\":{\"@type\":\"EntryPoint\",\"urlTemplate\":\"https:\\\/\\\/news.save.ch\\\/de\\\/?s={search_term_string}\"},\"query-input\":{\"@type\":\"PropertyValueSpecification\",\"valueRequired\":true,\"valueName\":\"search_term_string\"}}],\"inLanguage\":\"en-US\"},{\"@type\":\"Organization\",\"@id\":\"https:\\\/\\\/news.save.ch\\\/de\\\/#organization\",\"name\":\"Sicherheitsforum\",\"url\":\"https:\\\/\\\/news.save.ch\\\/de\\\/\",\"logo\":{\"@type\":\"ImageObject\",\"inLanguage\":\"en-US\",\"@id\":\"https:\\\/\\\/news.save.ch\\\/de\\\/#\\\/schema\\\/logo\\\/image\\\/\",\"url\":\"https:\\\/\\\/news.save.ch\\\/wp-content\\\/uploads\\\/2022\\\/06\\\/Logo_SF_2012.png\",\"contentUrl\":\"https:\\\/\\\/news.save.ch\\\/wp-content\\\/uploads\\\/2022\\\/06\\\/Logo_SF_2012.png\",\"width\":1100,\"height\":91,\"caption\":\"Sicherheitsforum\"},\"image\":{\"@id\":\"https:\\\/\\\/news.save.ch\\\/de\\\/#\\\/schema\\\/logo\\\/image\\\/\"}},{\"@type\":\"Person\",\"@id\":\"https:\\\/\\\/news.save.ch\\\/de\\\/#\\\/schema\\\/person\\\/ad4ef21102fd6125312409ac57d5296d\",\"name\":\"Simon Gr\u00f6flin\",\"image\":{\"@type\":\"ImageObject\",\"inLanguage\":\"en-US\",\"@id\":\"https:\\\/\\\/secure.gravatar.com\\\/avatar\\\/6ddceb80eb734354635539e0ea5140bb7c41e42de7c45c9a2ab9921b5d5c9a83?s=96&d=mm&r=g\",\"url\":\"https:\\\/\\\/secure.gravatar.com\\\/avatar\\\/6ddceb80eb734354635539e0ea5140bb7c41e42de7c45c9a2ab9921b5d5c9a83?s=96&d=mm&r=g\",\"contentUrl\":\"https:\\\/\\\/secure.gravatar.com\\\/avatar\\\/6ddceb80eb734354635539e0ea5140bb7c41e42de7c45c9a2ab9921b5d5c9a83?s=96&d=mm&r=g\",\"caption\":\"Simon Gr\u00f6flin\"},\"url\":\"https:\\\/\\\/news.save.ch\\\/en\\\/author\\\/simon-groeflin\\\/\"}]}<\/script>\n<!-- \/ Yoast SEO plugin. -->","yoast_head_json":{"title":"SES honors young talent - Save","description":"Security specialists are solution-oriented and can lead project teams. The Swiss Association of Security Systems Installers has presented the diplomas to the young professionals of the Security Systems Project Manager course.","robots":{"index":"index","follow":"follow","max-snippet":"max-snippet:-1","max-image-preview":"max-image-preview:large","max-video-preview":"max-video-preview:-1"},"canonical":"https:\/\/news.save.ch\/en\/ses-verband-zeichnet-nachwuchskraefte-aus\/","og_locale":"en_US","og_type":"article","og_title":"SES zeichnet Nachwuchskr\u00e4fte aus - Save","og_description":"Sicherheitsspezialisten sind l\u00f6sungsorientiert und k\u00f6nnen Projektteams leiten. Der Fachverband Schweizerischer Errrichter von Sicherheitsanlagen hat den Nachwuchskr\u00e4ften des Lehrgangs Projektleiter Sicherheitssysteme die Diplome \u00fcberreicht.","og_url":"https:\/\/news.save.ch\/en\/ses-verband-zeichnet-nachwuchskraefte-aus\/","og_site_name":"Save","article_published_time":"2022-05-19T06:08:39+00:00","article_modified_time":"2023-06-27T04:05:04+00:00","og_image":[{"width":1200,"height":800,"url":"https:\/\/news.save.ch\/wp-content\/uploads\/2022\/05\/Plenum-scaled-1.jpg","type":"image\/jpeg"}],"author":"Simon Gr\u00f6flin","twitter_card":"summary_large_image","twitter_misc":{"Written by":"Simon Gr\u00f6flin","Est. reading time":"3 minutes"},"schema":{"@context":"https:\/\/schema.org","@graph":[{"@type":"Article","@id":"https:\/\/news.save.ch\/ses-verband-zeichnet-nachwuchskraefte-aus\/#article","isPartOf":{"@id":"https:\/\/news.save.ch\/ses-verband-zeichnet-nachwuchskraefte-aus\/"},"author":{"name":"Simon Gr\u00f6flin","@id":"https:\/\/news.save.ch\/de\/#\/schema\/person\/ad4ef21102fd6125312409ac57d5296d"},"headline":"SES zeichnet Nachwuchskr\u00e4fte aus","datePublished":"2022-05-19T06:08:39+00:00","dateModified":"2023-06-27T04:05:04+00:00","mainEntityOfPage":{"@id":"https:\/\/news.save.ch\/ses-verband-zeichnet-nachwuchskraefte-aus\/"},"wordCount":382,"publisher":{"@id":"https:\/\/news.save.ch\/de\/#organization"},"image":{"@id":"https:\/\/news.save.ch\/ses-verband-zeichnet-nachwuchskraefte-aus\/#primaryimage"},"thumbnailUrl":"https:\/\/news.save.ch\/wp-content\/uploads\/2022\/05\/Plenum-scaled-1.jpg","keywords":["Abschlussfeier","Diplomanden","Hotel Storchen Z\u00fcrich","Projektleiter Sicherheitssysteme","Verband Schweizerischer Errichter von Sicherheitsanlagen"],"articleSection":["ALLGEMEIN"],"inLanguage":"en-US"},{"@type":"WebPage","@id":"https:\/\/news.save.ch\/ses-verband-zeichnet-nachwuchskraefte-aus\/","url":"https:\/\/news.save.ch\/ses-verband-zeichnet-nachwuchskraefte-aus\/","name":"SES honors young talent - Save","isPartOf":{"@id":"https:\/\/news.save.ch\/de\/#website"},"primaryImageOfPage":{"@id":"https:\/\/news.save.ch\/ses-verband-zeichnet-nachwuchskraefte-aus\/#primaryimage"},"image":{"@id":"https:\/\/news.save.ch\/ses-verband-zeichnet-nachwuchskraefte-aus\/#primaryimage"},"thumbnailUrl":"https:\/\/news.save.ch\/wp-content\/uploads\/2022\/05\/Plenum-scaled-1.jpg","datePublished":"2022-05-19T06:08:39+00:00","dateModified":"2023-06-27T04:05:04+00:00","description":"Security specialists are solution-oriented and can lead project teams. The Swiss Association of Security Systems Installers has presented the diplomas to the young professionals of the Security Systems Project Manager course.","breadcrumb":{"@id":"https:\/\/news.save.ch\/ses-verband-zeichnet-nachwuchskraefte-aus\/#breadcrumb"},"inLanguage":"en-US","potentialAction":[{"@type":"ReadAction","target":["https:\/\/news.save.ch\/ses-verband-zeichnet-nachwuchskraefte-aus\/"]}]},{"@type":"ImageObject","inLanguage":"en-US","@id":"https:\/\/news.save.ch\/ses-verband-zeichnet-nachwuchskraefte-aus\/#primaryimage","url":"https:\/\/news.save.ch\/wp-content\/uploads\/2022\/05\/Plenum-scaled-1.jpg","contentUrl":"https:\/\/news.save.ch\/wp-content\/uploads\/2022\/05\/Plenum-scaled-1.jpg","width":1200,"height":800,"caption":"Sicherheitsspezialisten, Sicherheitssysteme"},{"@type":"BreadcrumbList","@id":"https:\/\/news.save.ch\/ses-verband-zeichnet-nachwuchskraefte-aus\/#breadcrumb","itemListElement":[{"@type":"ListItem","position":1,"name":"Home","item":"https:\/\/news.save.ch\/de\/"},{"@type":"ListItem","position":2,"name":"SES zeichnet Nachwuchskr\u00e4fte aus"}]},{"@type":"WebSite","@id":"https:\/\/news.save.ch\/de\/#website","url":"https:\/\/news.save.ch\/de\/","name":"Save","description":"Swiss trade journal for safety","publisher":{"@id":"https:\/\/news.save.ch\/de\/#organization"},"potentialAction":[{"@type":"SearchAction","target":{"@type":"EntryPoint","urlTemplate":"https:\/\/news.save.ch\/de\/?s={search_term_string}"},"query-input":{"@type":"PropertyValueSpecification","valueRequired":true,"valueName":"search_term_string"}}],"inLanguage":"en-US"},{"@type":"Organization","@id":"https:\/\/news.save.ch\/de\/#organization","name":"Security Forum","url":"https:\/\/news.save.ch\/de\/","logo":{"@type":"ImageObject","inLanguage":"en-US","@id":"https:\/\/news.save.ch\/de\/#\/schema\/logo\/image\/","url":"https:\/\/news.save.ch\/wp-content\/uploads\/2022\/06\/Logo_SF_2012.png","contentUrl":"https:\/\/news.save.ch\/wp-content\/uploads\/2022\/06\/Logo_SF_2012.png","width":1100,"height":91,"caption":"Sicherheitsforum"},"image":{"@id":"https:\/\/news.save.ch\/de\/#\/schema\/logo\/image\/"}},{"@type":"Person","@id":"https:\/\/news.save.ch\/de\/#\/schema\/person\/ad4ef21102fd6125312409ac57d5296d","name":"Simon Gr\u00f6flin","image":{"@type":"ImageObject","inLanguage":"en-US","@id":"https:\/\/secure.gravatar.com\/avatar\/6ddceb80eb734354635539e0ea5140bb7c41e42de7c45c9a2ab9921b5d5c9a83?s=96&d=mm&r=g","url":"https:\/\/secure.gravatar.com\/avatar\/6ddceb80eb734354635539e0ea5140bb7c41e42de7c45c9a2ab9921b5d5c9a83?s=96&d=mm&r=g","contentUrl":"https:\/\/secure.gravatar.com\/avatar\/6ddceb80eb734354635539e0ea5140bb7c41e42de7c45c9a2ab9921b5d5c9a83?s=96&d=mm&r=g","caption":"Simon Gr\u00f6flin"},"url":"https:\/\/news.save.ch\/en\/author\/simon-groeflin\/"}]}},"_links":{"self":[{"href":"https:\/\/news.save.ch\/en\/wp-json\/wp\/v2\/posts\/14222","targetHints":{"allow":["GET"]}}],"collection":[{"href":"https:\/\/news.save.ch\/en\/wp-json\/wp\/v2\/posts"}],"about":[{"href":"https:\/\/news.save.ch\/en\/wp-json\/wp\/v2\/types\/post"}],"author":[{"embeddable":true,"href":"https:\/\/news.save.ch\/en\/wp-json\/wp\/v2\/users\/9"}],"replies":[{"embeddable":true,"href":"https:\/\/news.save.ch\/en\/wp-json\/wp\/v2\/comments?post=14222"}],"version-history":[{"count":3,"href":"https:\/\/news.save.ch\/en\/wp-json\/wp\/v2\/posts\/14222\/revisions"}],"predecessor-version":[{"id":20315,"href":"https:\/\/news.save.ch\/en\/wp-json\/wp\/v2\/posts\/14222\/revisions\/20315"}],"wp:featuredmedia":[{"embeddable":true,"href":"https:\/\/news.save.ch\/en\/wp-json\/wp\/v2\/media\/14223"}],"wp:attachment":[{"href":"https:\/\/news.save.ch\/en\/wp-json\/wp\/v2\/media?parent=14222"}],"wp:term":[{"taxonomy":"category","embeddable":true,"href":"https:\/\/news.save.ch\/en\/wp-json\/wp\/v2\/categories?post=14222"},{"taxonomy":"post_tag","embeddable":true,"href":"https:\/\/news.save.ch\/en\/wp-json\/wp\/v2\/tags?post=14222"}],"curies":[{"name":"wp","href":"https:\/\/api.w.org\/{rel}","templated":true}]}}