{"id":1431,"date":"2016-06-23T09:23:50","date_gmt":"2016-06-23T07:23:50","guid":{"rendered":"https:\/\/dev.sicherheitsforum.ch\/?p=1431"},"modified":"2023-03-14T08:57:18","modified_gmt":"2023-03-14T07:57:18","slug":"ict-aktion-366-neue-lehrstellen","status":null,"type":"post","link":"https:\/\/news.save.ch\/en\/ict-aktion-366-neue-lehrstellen\/","title":{"rendered":"ICT: Action 366 new apprenticeships"},"content":{"rendered":"<p><img loading=\"lazy\" decoding=\"async\" class=\"alignnone wp-image-1432 size-medium\" src=\"https:\/\/news.save.ch\/wp-content\/uploads\/2016\/12\/ICT-Aktion-366-neue-Lehrstellen-it-security.jpg\" width=\"680\" height=\"454\" srcset=\"https:\/\/news.save.ch\/wp-content\/uploads\/2016\/12\/ICT-Aktion-366-neue-Lehrstellen-it-security.jpg 1000w, https:\/\/news.save.ch\/wp-content\/uploads\/2016\/12\/ICT-Aktion-366-neue-Lehrstellen-it-security-375x250.jpg 375w\" sizes=\"auto, (max-width: 680px) 100vw, 680px\" \/><\/p>\n<p>&nbsp;<\/p>\n<p>Hans Werner, Head of Human Resources at Swisscom, says that the shortage of skilled workers in the information and communications technology (ICT) sector can only be solved in the long term with additional commitment to the training of IT apprentices. In the past eight years, 37% new apprenticeships have been created in the fields of IT and mediamatics. No other occupational field has such a high growth rate in apprenticeships as ICT. The apprenticeship as an IT specialist is currently the sixth most frequently chosen vocational training. Almost 9,000 young people are currently undergoing ICT apprenticeships in Switzerland.<\/p>\n<p><strong>Sought after professionals<\/strong><\/p>\n<p>Digitization is affecting all areas of work and life. The need for ICT specialists is growing rapidly. In the last two years alone, the number of people employed in information and communications technology has increased by almost 10,000 to 205,000. Despite an above-average increase in the number of apprenticeships, there is still not enough young talent.<\/p>\n<p>\"Unfortunately, too many decision makers have not yet understood that there are only enough computer scientists available if there are enough apprenticeships,\" says J\u00f6rg Aebischer, managing director of <a href=\"https:\/\/www.ict-berufsbildung.ch\" target=\"_blank\" data-cke-saved-href=\"https:\/\/www.ict-berufsbildung.ch\" rel=\"noopener\">ICT Vocational Training Switzerland<\/a>. Of around 4,500 training degrees per year, around 2,500 come from apprenticeships and 1,000 each from higher vocational education (federal certificates and diplomas) and universities of applied sciences. According to ICT-Berufsbildung Schweiz, the universities and technical colleges (ETH) only produce around 300 IT master's degrees each year.<\/p>\n<p><em>With the campaign #366ICTlehrstellen, ICT-Berufsbildung Schweiz is focusing on the critical success factor of IT apprenticeships. Companies can tweet with the hashtag #366ICTlehrstellen to show their commitment to promoting apprenticeships and thus benefit from the marketing efforts of the national association, as it writes.\u00a0<\/em><\/p>","protected":false},"excerpt":{"rendered":"<p>&nbsp; Nur mit zus\u00e4tzlichem Engagement bei der Ausbildung von Informatiklernenden lasse sich der Fachkr\u00e4ftemangel in der Informations- und Kommunikationstechnologie(ICT)-Branche nachhaltig l\u00f6sen, sagt etwa Hans Werner, Leiter Human Ressources bei Swisscom. In den vergangen acht Jahren habe man in den Bereichen Informatik und Mediamatik 37% neue Lehrstellen geschaffen. Kein anderes Berufsfeld weise eine dermassen hohe Wachstumsquote [&hellip;]<\/p>\n","protected":false},"author":1,"featured_media":1432,"comment_status":"open","ping_status":"open","sticky":false,"template":"","format":"standard","meta":{"_acf_changed":false,"pgc_sgb_lightbox_settings":"","footnotes":""},"categories":[3313],"tags":[142,63,65,66,143],"class_list":["post-1431","post","type-post","status-publish","format-standard","has-post-thumbnail","hentry","category-digitalisierung","tag-institutionen","tag-it-security","tag-unternehmen","tag-verbaende","tag-vereine"],"acf":[],"hkrextid":null,"publication":null,"issue":null,"workflow":null,"startPage":null,"spitzmarke":null,"_posts_by_tag_page_fields":{"widget_title":"","widget_tags":""},"_at_widget":"1","_yoast_wpseo_primary_category":"2","_yoast_wpseo_focuskw_text_input":"ICT","_yoast_wpseo_opengraph-image":"https:\/\/news.save.ch\/wp-content\/uploads\/2016\/12\/ICT-Aktion-366-neue-Lehrstellen-it-security.jpg","_yoast_wpseo_opengraph-description":"Die Aktion #366ICTlehrstellen soll innert einem Jahr 366 zus\u00e4tzliche Lehrstellen f\u00fcr Informatik und Mediamatik bringen. Das Ziel von ICT-Berufsbildung Schweiz ist, dass die Unternehmen und Verwaltungen in der Schweiz im Durchschnitt jeden Tag eine neue Lehrstelle im Umfeld der Informations- und Kommunikationstechnologie schaffen.","_yoast_wpseo_opengraph-title":"ICT: Aktion 366 neue Lehrstellen","enclosure":null,"_yoast_wpseo_twitter-title":null,"_yoast_wpseo_twitter-description":null,"_yoast_wpseo_twitter-image":null,"_wp_old_slug":null,"_yoast_wpseo_title":null,"_yoast_wpseo_canonical":null,"yoast_head":"<!-- This site is optimized with the Yoast SEO plugin v27.5 - https:\/\/yoast.com\/product\/yoast-seo-wordpress\/ -->\n<title>ICT: Aktion 366 neue Lehrstellen - Save<\/title>\n<meta name=\"description\" content=\"Ziel von ICT: Die Aktion #366ICTlehrstellen soll innert einem Jahr 366 zus\u00e4tzliche Lehrstellen f\u00fcr Informatik und Mediamatik bringen.\" \/>\n<meta name=\"robots\" content=\"index, follow, max-snippet:-1, max-image-preview:large, max-video-preview:-1\" \/>\n<link rel=\"canonical\" href=\"https:\/\/news.save.ch\/en\/ict-aktion-366-neue-lehrstellen\/\" \/>\n<meta property=\"og:locale\" content=\"en_US\" \/>\n<meta property=\"og:type\" content=\"article\" \/>\n<meta property=\"og:title\" content=\"ICT: Aktion 366 neue Lehrstellen\" \/>\n<meta property=\"og:description\" content=\"Die Aktion #366ICTlehrstellen soll innert einem Jahr 366 zus\u00e4tzliche Lehrstellen f\u00fcr Informatik und Mediamatik bringen. Das Ziel von ICT-Berufsbildung Schweiz ist, dass die Unternehmen und Verwaltungen in der Schweiz im Durchschnitt jeden Tag eine neue Lehrstelle im Umfeld der Informations- und Kommunikationstechnologie schaffen.\" \/>\n<meta property=\"og:url\" content=\"https:\/\/news.save.ch\/en\/ict-aktion-366-neue-lehrstellen\/\" \/>\n<meta property=\"og:site_name\" content=\"Save\" \/>\n<meta property=\"article:published_time\" content=\"2016-06-23T07:23:50+00:00\" \/>\n<meta property=\"article:modified_time\" content=\"2023-03-14T07:57:18+00:00\" \/>\n<meta property=\"og:image\" content=\"https:\/\/news.save.ch\/wp-content\/uploads\/2016\/12\/ICT-Aktion-366-neue-Lehrstellen-it-security.jpg\" \/>\n<meta name=\"author\" content=\"admin\" \/>\n<meta name=\"twitter:card\" content=\"summary_large_image\" \/>\n<meta name=\"twitter:label1\" content=\"Written by\" \/>\n\t<meta name=\"twitter:data1\" content=\"admin\" \/>\n\t<meta name=\"twitter:label2\" content=\"Est. reading time\" \/>\n\t<meta name=\"twitter:data2\" content=\"1 minute\" \/>\n<script type=\"application\/ld+json\" class=\"yoast-schema-graph\">{\"@context\":\"https:\\\/\\\/schema.org\",\"@graph\":[{\"@type\":\"Article\",\"@id\":\"https:\\\/\\\/news.save.ch\\\/ict-aktion-366-neue-lehrstellen\\\/#article\",\"isPartOf\":{\"@id\":\"https:\\\/\\\/news.save.ch\\\/ict-aktion-366-neue-lehrstellen\\\/\"},\"author\":{\"name\":\"admin\",\"@id\":\"https:\\\/\\\/news.save.ch\\\/de\\\/#\\\/schema\\\/person\\\/d49e199490bad7c70d64b9ab51142f2b\"},\"headline\":\"ICT: Aktion 366 neue Lehrstellen\",\"datePublished\":\"2016-06-23T07:23:50+00:00\",\"dateModified\":\"2023-03-14T07:57:18+00:00\",\"mainEntityOfPage\":{\"@id\":\"https:\\\/\\\/news.save.ch\\\/ict-aktion-366-neue-lehrstellen\\\/\"},\"wordCount\":272,\"commentCount\":0,\"publisher\":{\"@id\":\"https:\\\/\\\/news.save.ch\\\/de\\\/#organization\"},\"image\":{\"@id\":\"https:\\\/\\\/news.save.ch\\\/ict-aktion-366-neue-lehrstellen\\\/#primaryimage\"},\"thumbnailUrl\":\"https:\\\/\\\/news.save.ch\\\/wp-content\\\/uploads\\\/2016\\\/12\\\/ICT-Aktion-366-neue-Lehrstellen-it-security.jpg\",\"keywords\":[\"Institutionen\",\"IT-SECURITY\",\"Unternehmen\",\"Verb\u00e4nde\",\"Vereine\"],\"articleSection\":[\"DIGITALISIERUNG\"],\"inLanguage\":\"en-US\"},{\"@type\":\"WebPage\",\"@id\":\"https:\\\/\\\/news.save.ch\\\/ict-aktion-366-neue-lehrstellen\\\/\",\"url\":\"https:\\\/\\\/news.save.ch\\\/ict-aktion-366-neue-lehrstellen\\\/\",\"name\":\"ICT: Aktion 366 neue Lehrstellen - Save\",\"isPartOf\":{\"@id\":\"https:\\\/\\\/news.save.ch\\\/de\\\/#website\"},\"primaryImageOfPage\":{\"@id\":\"https:\\\/\\\/news.save.ch\\\/ict-aktion-366-neue-lehrstellen\\\/#primaryimage\"},\"image\":{\"@id\":\"https:\\\/\\\/news.save.ch\\\/ict-aktion-366-neue-lehrstellen\\\/#primaryimage\"},\"thumbnailUrl\":\"https:\\\/\\\/news.save.ch\\\/wp-content\\\/uploads\\\/2016\\\/12\\\/ICT-Aktion-366-neue-Lehrstellen-it-security.jpg\",\"datePublished\":\"2016-06-23T07:23:50+00:00\",\"dateModified\":\"2023-03-14T07:57:18+00:00\",\"description\":\"Ziel von ICT: Die Aktion #366ICTlehrstellen soll innert einem Jahr 366 zus\u00e4tzliche Lehrstellen f\u00fcr Informatik und Mediamatik bringen.\",\"breadcrumb\":{\"@id\":\"https:\\\/\\\/news.save.ch\\\/ict-aktion-366-neue-lehrstellen\\\/#breadcrumb\"},\"inLanguage\":\"en-US\",\"potentialAction\":[{\"@type\":\"ReadAction\",\"target\":[\"https:\\\/\\\/news.save.ch\\\/ict-aktion-366-neue-lehrstellen\\\/\"]}]},{\"@type\":\"ImageObject\",\"inLanguage\":\"en-US\",\"@id\":\"https:\\\/\\\/news.save.ch\\\/ict-aktion-366-neue-lehrstellen\\\/#primaryimage\",\"url\":\"https:\\\/\\\/news.save.ch\\\/wp-content\\\/uploads\\\/2016\\\/12\\\/ICT-Aktion-366-neue-Lehrstellen-it-security.jpg\",\"contentUrl\":\"https:\\\/\\\/news.save.ch\\\/wp-content\\\/uploads\\\/2016\\\/12\\\/ICT-Aktion-366-neue-Lehrstellen-it-security.jpg\",\"width\":1000,\"height\":667},{\"@type\":\"BreadcrumbList\",\"@id\":\"https:\\\/\\\/news.save.ch\\\/ict-aktion-366-neue-lehrstellen\\\/#breadcrumb\",\"itemListElement\":[{\"@type\":\"ListItem\",\"position\":1,\"name\":\"Home\",\"item\":\"https:\\\/\\\/news.save.ch\\\/de\\\/\"},{\"@type\":\"ListItem\",\"position\":2,\"name\":\"ICT: Aktion 366 neue Lehrstellen\"}]},{\"@type\":\"WebSite\",\"@id\":\"https:\\\/\\\/news.save.ch\\\/de\\\/#website\",\"url\":\"https:\\\/\\\/news.save.ch\\\/de\\\/\",\"name\":\"Save\",\"description\":\"Schweizer Fachzeitschrift f\u00fcr Sicherheit\",\"publisher\":{\"@id\":\"https:\\\/\\\/news.save.ch\\\/de\\\/#organization\"},\"potentialAction\":[{\"@type\":\"SearchAction\",\"target\":{\"@type\":\"EntryPoint\",\"urlTemplate\":\"https:\\\/\\\/news.save.ch\\\/de\\\/?s={search_term_string}\"},\"query-input\":{\"@type\":\"PropertyValueSpecification\",\"valueRequired\":true,\"valueName\":\"search_term_string\"}}],\"inLanguage\":\"en-US\"},{\"@type\":\"Organization\",\"@id\":\"https:\\\/\\\/news.save.ch\\\/de\\\/#organization\",\"name\":\"Sicherheitsforum\",\"url\":\"https:\\\/\\\/news.save.ch\\\/de\\\/\",\"logo\":{\"@type\":\"ImageObject\",\"inLanguage\":\"en-US\",\"@id\":\"https:\\\/\\\/news.save.ch\\\/de\\\/#\\\/schema\\\/logo\\\/image\\\/\",\"url\":\"https:\\\/\\\/news.save.ch\\\/wp-content\\\/uploads\\\/2022\\\/06\\\/Logo_SF_2012.png\",\"contentUrl\":\"https:\\\/\\\/news.save.ch\\\/wp-content\\\/uploads\\\/2022\\\/06\\\/Logo_SF_2012.png\",\"width\":1100,\"height\":91,\"caption\":\"Sicherheitsforum\"},\"image\":{\"@id\":\"https:\\\/\\\/news.save.ch\\\/de\\\/#\\\/schema\\\/logo\\\/image\\\/\"}},{\"@type\":\"Person\",\"@id\":\"https:\\\/\\\/news.save.ch\\\/de\\\/#\\\/schema\\\/person\\\/d49e199490bad7c70d64b9ab51142f2b\",\"name\":\"admin\",\"image\":{\"@type\":\"ImageObject\",\"inLanguage\":\"en-US\",\"@id\":\"https:\\\/\\\/secure.gravatar.com\\\/avatar\\\/ae2f4d718e6c49043e314ce431e7e645d646302a24a5ef5a8bc8e3f5a032e319?s=96&d=mm&r=g\",\"url\":\"https:\\\/\\\/secure.gravatar.com\\\/avatar\\\/ae2f4d718e6c49043e314ce431e7e645d646302a24a5ef5a8bc8e3f5a032e319?s=96&d=mm&r=g\",\"contentUrl\":\"https:\\\/\\\/secure.gravatar.com\\\/avatar\\\/ae2f4d718e6c49043e314ce431e7e645d646302a24a5ef5a8bc8e3f5a032e319?s=96&d=mm&r=g\",\"caption\":\"admin\"},\"sameAs\":[\"https:\\\/\\\/develop.organisator.galledia.ch\"],\"url\":\"https:\\\/\\\/news.save.ch\\\/en\\\/author\\\/admin\\\/\"}]}<\/script>\n<!-- \/ Yoast SEO plugin. -->","yoast_head_json":{"title":"ICT: Action 366 new apprenticeships - Save","description":"ICT's goal: The #366ICTapprenticeships campaign aims to create 366 additional apprenticeships for IT and mediamatics within one year.","robots":{"index":"index","follow":"follow","max-snippet":"max-snippet:-1","max-image-preview":"max-image-preview:large","max-video-preview":"max-video-preview:-1"},"canonical":"https:\/\/news.save.ch\/en\/ict-aktion-366-neue-lehrstellen\/","og_locale":"en_US","og_type":"article","og_title":"ICT: Aktion 366 neue Lehrstellen","og_description":"Die Aktion #366ICTlehrstellen soll innert einem Jahr 366 zus\u00e4tzliche Lehrstellen f\u00fcr Informatik und Mediamatik bringen. Das Ziel von ICT-Berufsbildung Schweiz ist, dass die Unternehmen und Verwaltungen in der Schweiz im Durchschnitt jeden Tag eine neue Lehrstelle im Umfeld der Informations- und Kommunikationstechnologie schaffen.","og_url":"https:\/\/news.save.ch\/en\/ict-aktion-366-neue-lehrstellen\/","og_site_name":"Save","article_published_time":"2016-06-23T07:23:50+00:00","article_modified_time":"2023-03-14T07:57:18+00:00","og_image":[{"url":"https:\/\/news.save.ch\/wp-content\/uploads\/2016\/12\/ICT-Aktion-366-neue-Lehrstellen-it-security.jpg","type":"","width":"","height":""}],"author":"admin","twitter_card":"summary_large_image","twitter_misc":{"Written by":"admin","Est. reading time":"1 minute"},"schema":{"@context":"https:\/\/schema.org","@graph":[{"@type":"Article","@id":"https:\/\/news.save.ch\/ict-aktion-366-neue-lehrstellen\/#article","isPartOf":{"@id":"https:\/\/news.save.ch\/ict-aktion-366-neue-lehrstellen\/"},"author":{"name":"admin","@id":"https:\/\/news.save.ch\/de\/#\/schema\/person\/d49e199490bad7c70d64b9ab51142f2b"},"headline":"ICT: Aktion 366 neue Lehrstellen","datePublished":"2016-06-23T07:23:50+00:00","dateModified":"2023-03-14T07:57:18+00:00","mainEntityOfPage":{"@id":"https:\/\/news.save.ch\/ict-aktion-366-neue-lehrstellen\/"},"wordCount":272,"commentCount":0,"publisher":{"@id":"https:\/\/news.save.ch\/de\/#organization"},"image":{"@id":"https:\/\/news.save.ch\/ict-aktion-366-neue-lehrstellen\/#primaryimage"},"thumbnailUrl":"https:\/\/news.save.ch\/wp-content\/uploads\/2016\/12\/ICT-Aktion-366-neue-Lehrstellen-it-security.jpg","keywords":["Institutionen","IT-SECURITY","Unternehmen","Verb\u00e4nde","Vereine"],"articleSection":["DIGITALISIERUNG"],"inLanguage":"en-US"},{"@type":"WebPage","@id":"https:\/\/news.save.ch\/ict-aktion-366-neue-lehrstellen\/","url":"https:\/\/news.save.ch\/ict-aktion-366-neue-lehrstellen\/","name":"ICT: Action 366 new apprenticeships - Save","isPartOf":{"@id":"https:\/\/news.save.ch\/de\/#website"},"primaryImageOfPage":{"@id":"https:\/\/news.save.ch\/ict-aktion-366-neue-lehrstellen\/#primaryimage"},"image":{"@id":"https:\/\/news.save.ch\/ict-aktion-366-neue-lehrstellen\/#primaryimage"},"thumbnailUrl":"https:\/\/news.save.ch\/wp-content\/uploads\/2016\/12\/ICT-Aktion-366-neue-Lehrstellen-it-security.jpg","datePublished":"2016-06-23T07:23:50+00:00","dateModified":"2023-03-14T07:57:18+00:00","description":"ICT's goal: The #366ICTapprenticeships campaign aims to create 366 additional apprenticeships for IT and mediamatics within one year.","breadcrumb":{"@id":"https:\/\/news.save.ch\/ict-aktion-366-neue-lehrstellen\/#breadcrumb"},"inLanguage":"en-US","potentialAction":[{"@type":"ReadAction","target":["https:\/\/news.save.ch\/ict-aktion-366-neue-lehrstellen\/"]}]},{"@type":"ImageObject","inLanguage":"en-US","@id":"https:\/\/news.save.ch\/ict-aktion-366-neue-lehrstellen\/#primaryimage","url":"https:\/\/news.save.ch\/wp-content\/uploads\/2016\/12\/ICT-Aktion-366-neue-Lehrstellen-it-security.jpg","contentUrl":"https:\/\/news.save.ch\/wp-content\/uploads\/2016\/12\/ICT-Aktion-366-neue-Lehrstellen-it-security.jpg","width":1000,"height":667},{"@type":"BreadcrumbList","@id":"https:\/\/news.save.ch\/ict-aktion-366-neue-lehrstellen\/#breadcrumb","itemListElement":[{"@type":"ListItem","position":1,"name":"Home","item":"https:\/\/news.save.ch\/de\/"},{"@type":"ListItem","position":2,"name":"ICT: Aktion 366 neue Lehrstellen"}]},{"@type":"WebSite","@id":"https:\/\/news.save.ch\/de\/#website","url":"https:\/\/news.save.ch\/de\/","name":"Save","description":"Swiss trade journal for safety","publisher":{"@id":"https:\/\/news.save.ch\/de\/#organization"},"potentialAction":[{"@type":"SearchAction","target":{"@type":"EntryPoint","urlTemplate":"https:\/\/news.save.ch\/de\/?s={search_term_string}"},"query-input":{"@type":"PropertyValueSpecification","valueRequired":true,"valueName":"search_term_string"}}],"inLanguage":"en-US"},{"@type":"Organization","@id":"https:\/\/news.save.ch\/de\/#organization","name":"Security Forum","url":"https:\/\/news.save.ch\/de\/","logo":{"@type":"ImageObject","inLanguage":"en-US","@id":"https:\/\/news.save.ch\/de\/#\/schema\/logo\/image\/","url":"https:\/\/news.save.ch\/wp-content\/uploads\/2022\/06\/Logo_SF_2012.png","contentUrl":"https:\/\/news.save.ch\/wp-content\/uploads\/2022\/06\/Logo_SF_2012.png","width":1100,"height":91,"caption":"Sicherheitsforum"},"image":{"@id":"https:\/\/news.save.ch\/de\/#\/schema\/logo\/image\/"}},{"@type":"Person","@id":"https:\/\/news.save.ch\/de\/#\/schema\/person\/d49e199490bad7c70d64b9ab51142f2b","name":"admin","image":{"@type":"ImageObject","inLanguage":"en-US","@id":"https:\/\/secure.gravatar.com\/avatar\/ae2f4d718e6c49043e314ce431e7e645d646302a24a5ef5a8bc8e3f5a032e319?s=96&d=mm&r=g","url":"https:\/\/secure.gravatar.com\/avatar\/ae2f4d718e6c49043e314ce431e7e645d646302a24a5ef5a8bc8e3f5a032e319?s=96&d=mm&r=g","contentUrl":"https:\/\/secure.gravatar.com\/avatar\/ae2f4d718e6c49043e314ce431e7e645d646302a24a5ef5a8bc8e3f5a032e319?s=96&d=mm&r=g","caption":"admin"},"sameAs":["https:\/\/develop.organisator.galledia.ch"],"url":"https:\/\/news.save.ch\/en\/author\/admin\/"}]}},"_links":{"self":[{"href":"https:\/\/news.save.ch\/en\/wp-json\/wp\/v2\/posts\/1431","targetHints":{"allow":["GET"]}}],"collection":[{"href":"https:\/\/news.save.ch\/en\/wp-json\/wp\/v2\/posts"}],"about":[{"href":"https:\/\/news.save.ch\/en\/wp-json\/wp\/v2\/types\/post"}],"author":[{"embeddable":true,"href":"https:\/\/news.save.ch\/en\/wp-json\/wp\/v2\/users\/1"}],"replies":[{"embeddable":true,"href":"https:\/\/news.save.ch\/en\/wp-json\/wp\/v2\/comments?post=1431"}],"version-history":[{"count":1,"href":"https:\/\/news.save.ch\/en\/wp-json\/wp\/v2\/posts\/1431\/revisions"}],"predecessor-version":[{"id":17611,"href":"https:\/\/news.save.ch\/en\/wp-json\/wp\/v2\/posts\/1431\/revisions\/17611"}],"wp:featuredmedia":[{"embeddable":true,"href":"https:\/\/news.save.ch\/en\/wp-json\/wp\/v2\/media\/1432"}],"wp:attachment":[{"href":"https:\/\/news.save.ch\/en\/wp-json\/wp\/v2\/media?parent=1431"}],"wp:term":[{"taxonomy":"category","embeddable":true,"href":"https:\/\/news.save.ch\/en\/wp-json\/wp\/v2\/categories?post=1431"},{"taxonomy":"post_tag","embeddable":true,"href":"https:\/\/news.save.ch\/en\/wp-json\/wp\/v2\/tags?post=1431"}],"curies":[{"name":"wp","href":"https:\/\/api.w.org\/{rel}","templated":true}]}}