{"id":14330,"date":"2022-06-14T09:11:35","date_gmt":"2022-06-14T07:11:35","guid":{"rendered":"https:\/\/news.save.ch\/?p=14330"},"modified":"2023-06-27T07:02:11","modified_gmt":"2023-06-27T05:02:11","slug":"security-erp-und-new-work-als-zentrale-herausforderungen","status":null,"type":"post","link":"https:\/\/news.save.ch\/en\/security-erp-und-new-work-als-zentrale-herausforderungen\/","title":{"rendered":"Security, ERP and New Work as key challenges"},"content":{"rendered":"<figure id=\"attachment_14332\" aria-describedby=\"caption-attachment-14332\" style=\"width: 1000px\" class=\"wp-caption alignleft\"><img loading=\"lazy\" decoding=\"async\" class=\"wp-image-14332 size-full\" src=\"https:\/\/news.save.ch\/wp-content\/uploads\/2022\/06\/Depositphotos_171315188_S.jpg\" alt=\"IT market\" width=\"1000\" height=\"492\" srcset=\"https:\/\/news.save.ch\/wp-content\/uploads\/2022\/06\/Depositphotos_171315188_S.jpg 1000w, https:\/\/news.save.ch\/wp-content\/uploads\/2022\/06\/Depositphotos_171315188_S-375x185.jpg 375w\" sizes=\"auto, (max-width: 1000px) 100vw, 1000px\" \/><figcaption id=\"caption-attachment-14332\" class=\"wp-caption-text\">Image: depositphotos<\/figcaption><\/figure>\n<p>IT decision-makers and business managers are increasingly faced with the task of adapting their area of responsibility to the very dynamic economic situation. From the point of view of the market research institute IDC, every CIO and IT boss should intensively follow the technological developments of the next few years. The recommendations are based on a <a href=\"https:\/\/www.swisscom.ch\/de\/business\/enterprise\/downloads\/digitalisierung\/idc-study-swiss-it-2022.html\" target=\"_blank\" rel=\"noopener\">Survey<\/a> of a total of 295 Swiss companies from all industries, conducted by \"Computerworld\" and IDC between November 2021 and February 2022.<\/p>\n<p>The study shows that the majority (57 percent) are already implementing limited measures in more digitization projects or are in the pilot phase. However, since development is increasing rapidly, companies should by no means rest on their laurels, according to IDC.<\/p>\n<p>The trend toward resilience reveals a surprising range. Only three percent of the companies consider themselves to be not very resilient. However, 60 percent see themselves as resilient (48 percent) or very resilient (12 percent).<\/p>\n<h2>Promoting trust through autonomy<\/h2>\n<p>IDC advises the following recommendations in this context: Create a true \"IT ecosystem\" in which all IT services and capabilities can be managed. At the management level, resilient individuals and cultures should be characterized by a high degree of trust and focus on decentralized management and autonomy.<\/p>\n<p>According to the market researchers, these cultures prove to be curious, capable of learning and problem-solving. More joint successes in teams also lead to trust.<\/p>\n<p>IT roles, responsibilities and resources must also be broadly distributed to increase agility and to localize and mitigate outages, according to IDC.<\/p>\n<p>Companies in Switzerland are also planning a large number of IT projects in 2022. According to IDC, the \"Top 5\" include modernization of infrastructure and the workplace (New Work), disaster recovery, business continuity, IT security and business software.<\/p>\n<p><em>Source: IDC\/Swisscom<\/em><\/p>","protected":false},"excerpt":{"rendered":"<p>IT-Entscheider und Business-Verantwortliche stehen vermehrt vor der Aufgabe, ihren Verantwortungsbereich an die sehr dynamische wirtschaftliche Lage anzupassen. Aus Sicht des Marktforschungsinstituts IDC sollte jeder CIO und Informatik-Chef die technologischen Entwicklungen der n\u00e4chsten Jahre intensiv verfolgen. Die Empfehlungen basieren auf einer Befragung von insgesamt 295 Schweizer Firmen aus allen Branchen, die von der \u00abComputerworld\u00bb und IDC [&hellip;]<\/p>\n","protected":false},"author":9,"featured_media":14332,"comment_status":"closed","ping_status":"closed","sticky":false,"template":"","format":"standard","meta":{"_acf_changed":false,"pgc_sgb_lightbox_settings":"","footnotes":""},"categories":[1],"tags":[4437,779,1139,4435,4438,4436,1430],"class_list":["post-14330","post","type-post","status-publish","format-standard","has-post-thumbnail","hentry","category-allgemein","tag-digitalisierungsprojekte","tag-disaster-recovery","tag-idc","tag-it-entscheider","tag-it-oekosystem","tag-marktforschungsinstitut-idc","tag-resilienz"],"acf":[],"hkrextid":null,"publication":null,"issue":null,"workflow":null,"startPage":null,"spitzmarke":null,"_posts_by_tag_page_fields":{"widget_title":"","widget_tags":""},"_at_widget":"1","_yoast_wpseo_primary_category":"","_yoast_wpseo_focuskw_text_input":null,"_yoast_wpseo_opengraph-image":null,"_yoast_wpseo_opengraph-description":null,"_yoast_wpseo_opengraph-title":null,"enclosure":null,"_yoast_wpseo_twitter-title":null,"_yoast_wpseo_twitter-description":null,"_yoast_wpseo_twitter-image":null,"_wp_old_slug":null,"_yoast_wpseo_title":null,"_yoast_wpseo_canonical":null,"yoast_head":"<!-- This site is optimized with the Yoast SEO plugin v27.5 - https:\/\/yoast.com\/product\/yoast-seo-wordpress\/ -->\n<title>Security, ERP und New Work als zentrale Herausforderungen - Save<\/title>\n<meta name=\"description\" content=\"Die Schweizer Firmen sehen sich auch im Jahr mit vielen Herausforderungen konfrontiert: Zwar schw\u00e4cht sich nun die Corona-Pandemie ab, jedoch pr\u00e4gen geopolitische Unsicherheiten, Energiepreise und der dauernde Fachkr\u00e4ftemangel den Wirtschaftsmarkt. Das Marktforschungsinstitut IDC hat den Schweizer IT-Markt zu den Anforderungen der digitalen Bed\u00fcrfnisse befragt.\" \/>\n<meta name=\"robots\" content=\"index, follow, max-snippet:-1, max-image-preview:large, max-video-preview:-1\" \/>\n<link rel=\"canonical\" href=\"https:\/\/news.save.ch\/en\/security-erp-und-new-work-als-zentrale-herausforderungen\/\" \/>\n<meta property=\"og:locale\" content=\"en_US\" \/>\n<meta property=\"og:type\" content=\"article\" \/>\n<meta property=\"og:title\" content=\"Security, ERP und New Work als zentrale Herausforderungen - Save\" \/>\n<meta property=\"og:description\" content=\"Die Schweizer Firmen sehen sich auch im Jahr mit vielen Herausforderungen konfrontiert: Zwar schw\u00e4cht sich nun die Corona-Pandemie ab, jedoch pr\u00e4gen geopolitische Unsicherheiten, Energiepreise und der dauernde Fachkr\u00e4ftemangel den Wirtschaftsmarkt. Das Marktforschungsinstitut IDC hat den Schweizer IT-Markt zu den Anforderungen der digitalen Bed\u00fcrfnisse befragt.\" \/>\n<meta property=\"og:url\" content=\"https:\/\/news.save.ch\/en\/security-erp-und-new-work-als-zentrale-herausforderungen\/\" \/>\n<meta property=\"og:site_name\" content=\"Save\" \/>\n<meta property=\"article:published_time\" content=\"2022-06-14T07:11:35+00:00\" \/>\n<meta property=\"article:modified_time\" content=\"2023-06-27T05:02:11+00:00\" \/>\n<meta property=\"og:image\" content=\"https:\/\/news.save.ch\/wp-content\/uploads\/2022\/06\/Depositphotos_171315188_S.jpg\" \/>\n\t<meta property=\"og:image:width\" content=\"1000\" \/>\n\t<meta property=\"og:image:height\" content=\"492\" \/>\n\t<meta property=\"og:image:type\" content=\"image\/jpeg\" \/>\n<meta name=\"author\" content=\"Simon Gr\u00f6flin\" \/>\n<meta name=\"twitter:card\" content=\"summary_large_image\" \/>\n<meta name=\"twitter:label1\" content=\"Written by\" \/>\n\t<meta name=\"twitter:data1\" content=\"Simon Gr\u00f6flin\" \/>\n\t<meta name=\"twitter:label2\" content=\"Est. reading time\" \/>\n\t<meta name=\"twitter:data2\" content=\"2 minutes\" \/>\n<script type=\"application\/ld+json\" class=\"yoast-schema-graph\">{\"@context\":\"https:\\\/\\\/schema.org\",\"@graph\":[{\"@type\":\"Article\",\"@id\":\"https:\\\/\\\/news.save.ch\\\/security-erp-und-new-work-als-zentrale-herausforderungen\\\/#article\",\"isPartOf\":{\"@id\":\"https:\\\/\\\/news.save.ch\\\/security-erp-und-new-work-als-zentrale-herausforderungen\\\/\"},\"author\":{\"name\":\"Simon Gr\u00f6flin\",\"@id\":\"https:\\\/\\\/news.save.ch\\\/de\\\/#\\\/schema\\\/person\\\/ad4ef21102fd6125312409ac57d5296d\"},\"headline\":\"Security, ERP und New Work als zentrale Herausforderungen\",\"datePublished\":\"2022-06-14T07:11:35+00:00\",\"dateModified\":\"2023-06-27T05:02:11+00:00\",\"mainEntityOfPage\":{\"@id\":\"https:\\\/\\\/news.save.ch\\\/security-erp-und-new-work-als-zentrale-herausforderungen\\\/\"},\"wordCount\":294,\"publisher\":{\"@id\":\"https:\\\/\\\/news.save.ch\\\/de\\\/#organization\"},\"image\":{\"@id\":\"https:\\\/\\\/news.save.ch\\\/security-erp-und-new-work-als-zentrale-herausforderungen\\\/#primaryimage\"},\"thumbnailUrl\":\"https:\\\/\\\/news.save.ch\\\/wp-content\\\/uploads\\\/2022\\\/06\\\/Depositphotos_171315188_S.jpg\",\"keywords\":[\"Digitalisierungsprojekte\",\"Disaster Recovery\",\"IDC\",\"IT-Entscheider\",\"IT-\u00d6kosystem\",\"Marktforschungsinstitut IDC\",\"Resilienz\"],\"articleSection\":[\"ALLGEMEIN\"],\"inLanguage\":\"en-US\"},{\"@type\":\"WebPage\",\"@id\":\"https:\\\/\\\/news.save.ch\\\/security-erp-und-new-work-als-zentrale-herausforderungen\\\/\",\"url\":\"https:\\\/\\\/news.save.ch\\\/security-erp-und-new-work-als-zentrale-herausforderungen\\\/\",\"name\":\"Security, ERP und New Work als zentrale Herausforderungen - Save\",\"isPartOf\":{\"@id\":\"https:\\\/\\\/news.save.ch\\\/de\\\/#website\"},\"primaryImageOfPage\":{\"@id\":\"https:\\\/\\\/news.save.ch\\\/security-erp-und-new-work-als-zentrale-herausforderungen\\\/#primaryimage\"},\"image\":{\"@id\":\"https:\\\/\\\/news.save.ch\\\/security-erp-und-new-work-als-zentrale-herausforderungen\\\/#primaryimage\"},\"thumbnailUrl\":\"https:\\\/\\\/news.save.ch\\\/wp-content\\\/uploads\\\/2022\\\/06\\\/Depositphotos_171315188_S.jpg\",\"datePublished\":\"2022-06-14T07:11:35+00:00\",\"dateModified\":\"2023-06-27T05:02:11+00:00\",\"description\":\"Die Schweizer Firmen sehen sich auch im Jahr mit vielen Herausforderungen konfrontiert: Zwar schw\u00e4cht sich nun die Corona-Pandemie ab, jedoch pr\u00e4gen geopolitische Unsicherheiten, Energiepreise und der dauernde Fachkr\u00e4ftemangel den Wirtschaftsmarkt. Das Marktforschungsinstitut IDC hat den Schweizer IT-Markt zu den Anforderungen der digitalen Bed\u00fcrfnisse befragt.\",\"breadcrumb\":{\"@id\":\"https:\\\/\\\/news.save.ch\\\/security-erp-und-new-work-als-zentrale-herausforderungen\\\/#breadcrumb\"},\"inLanguage\":\"en-US\",\"potentialAction\":[{\"@type\":\"ReadAction\",\"target\":[\"https:\\\/\\\/news.save.ch\\\/security-erp-und-new-work-als-zentrale-herausforderungen\\\/\"]}]},{\"@type\":\"ImageObject\",\"inLanguage\":\"en-US\",\"@id\":\"https:\\\/\\\/news.save.ch\\\/security-erp-und-new-work-als-zentrale-herausforderungen\\\/#primaryimage\",\"url\":\"https:\\\/\\\/news.save.ch\\\/wp-content\\\/uploads\\\/2022\\\/06\\\/Depositphotos_171315188_S.jpg\",\"contentUrl\":\"https:\\\/\\\/news.save.ch\\\/wp-content\\\/uploads\\\/2022\\\/06\\\/Depositphotos_171315188_S.jpg\",\"width\":1000,\"height\":492,\"caption\":\"Finger pressing a digital button with the text digital transformation. Concept of digitalization of business processes. Composite between a photography and a 3D background. Horizontal image\"},{\"@type\":\"BreadcrumbList\",\"@id\":\"https:\\\/\\\/news.save.ch\\\/security-erp-und-new-work-als-zentrale-herausforderungen\\\/#breadcrumb\",\"itemListElement\":[{\"@type\":\"ListItem\",\"position\":1,\"name\":\"Home\",\"item\":\"https:\\\/\\\/news.save.ch\\\/de\\\/\"},{\"@type\":\"ListItem\",\"position\":2,\"name\":\"Security, ERP und New Work als zentrale Herausforderungen\"}]},{\"@type\":\"WebSite\",\"@id\":\"https:\\\/\\\/news.save.ch\\\/de\\\/#website\",\"url\":\"https:\\\/\\\/news.save.ch\\\/de\\\/\",\"name\":\"Save\",\"description\":\"Schweizer Fachzeitschrift f\u00fcr Sicherheit\",\"publisher\":{\"@id\":\"https:\\\/\\\/news.save.ch\\\/de\\\/#organization\"},\"potentialAction\":[{\"@type\":\"SearchAction\",\"target\":{\"@type\":\"EntryPoint\",\"urlTemplate\":\"https:\\\/\\\/news.save.ch\\\/de\\\/?s={search_term_string}\"},\"query-input\":{\"@type\":\"PropertyValueSpecification\",\"valueRequired\":true,\"valueName\":\"search_term_string\"}}],\"inLanguage\":\"en-US\"},{\"@type\":\"Organization\",\"@id\":\"https:\\\/\\\/news.save.ch\\\/de\\\/#organization\",\"name\":\"Sicherheitsforum\",\"url\":\"https:\\\/\\\/news.save.ch\\\/de\\\/\",\"logo\":{\"@type\":\"ImageObject\",\"inLanguage\":\"en-US\",\"@id\":\"https:\\\/\\\/news.save.ch\\\/de\\\/#\\\/schema\\\/logo\\\/image\\\/\",\"url\":\"https:\\\/\\\/news.save.ch\\\/wp-content\\\/uploads\\\/2022\\\/06\\\/Logo_SF_2012.png\",\"contentUrl\":\"https:\\\/\\\/news.save.ch\\\/wp-content\\\/uploads\\\/2022\\\/06\\\/Logo_SF_2012.png\",\"width\":1100,\"height\":91,\"caption\":\"Sicherheitsforum\"},\"image\":{\"@id\":\"https:\\\/\\\/news.save.ch\\\/de\\\/#\\\/schema\\\/logo\\\/image\\\/\"}},{\"@type\":\"Person\",\"@id\":\"https:\\\/\\\/news.save.ch\\\/de\\\/#\\\/schema\\\/person\\\/ad4ef21102fd6125312409ac57d5296d\",\"name\":\"Simon Gr\u00f6flin\",\"image\":{\"@type\":\"ImageObject\",\"inLanguage\":\"en-US\",\"@id\":\"https:\\\/\\\/secure.gravatar.com\\\/avatar\\\/6ddceb80eb734354635539e0ea5140bb7c41e42de7c45c9a2ab9921b5d5c9a83?s=96&d=mm&r=g\",\"url\":\"https:\\\/\\\/secure.gravatar.com\\\/avatar\\\/6ddceb80eb734354635539e0ea5140bb7c41e42de7c45c9a2ab9921b5d5c9a83?s=96&d=mm&r=g\",\"contentUrl\":\"https:\\\/\\\/secure.gravatar.com\\\/avatar\\\/6ddceb80eb734354635539e0ea5140bb7c41e42de7c45c9a2ab9921b5d5c9a83?s=96&d=mm&r=g\",\"caption\":\"Simon Gr\u00f6flin\"},\"url\":\"https:\\\/\\\/news.save.ch\\\/en\\\/author\\\/simon-groeflin\\\/\"}]}<\/script>\n<!-- \/ Yoast SEO plugin. -->","yoast_head_json":{"title":"Security, ERP and New Work as key challenges - Save","description":"Swiss companies continue to face many challenges this year: Although the Corona pandemic is now weakening, geopolitical uncertainties, energy prices and the ongoing shortage of skilled workers are shaping the business market. The market research institute IDC has surveyed the Swiss IT market on the requirements of digital needs.","robots":{"index":"index","follow":"follow","max-snippet":"max-snippet:-1","max-image-preview":"max-image-preview:large","max-video-preview":"max-video-preview:-1"},"canonical":"https:\/\/news.save.ch\/en\/security-erp-und-new-work-als-zentrale-herausforderungen\/","og_locale":"en_US","og_type":"article","og_title":"Security, ERP und New Work als zentrale Herausforderungen - Save","og_description":"Die Schweizer Firmen sehen sich auch im Jahr mit vielen Herausforderungen konfrontiert: Zwar schw\u00e4cht sich nun die Corona-Pandemie ab, jedoch pr\u00e4gen geopolitische Unsicherheiten, Energiepreise und der dauernde Fachkr\u00e4ftemangel den Wirtschaftsmarkt. Das Marktforschungsinstitut IDC hat den Schweizer IT-Markt zu den Anforderungen der digitalen Bed\u00fcrfnisse befragt.","og_url":"https:\/\/news.save.ch\/en\/security-erp-und-new-work-als-zentrale-herausforderungen\/","og_site_name":"Save","article_published_time":"2022-06-14T07:11:35+00:00","article_modified_time":"2023-06-27T05:02:11+00:00","og_image":[{"width":1000,"height":492,"url":"https:\/\/news.save.ch\/wp-content\/uploads\/2022\/06\/Depositphotos_171315188_S.jpg","type":"image\/jpeg"}],"author":"Simon Gr\u00f6flin","twitter_card":"summary_large_image","twitter_misc":{"Written by":"Simon Gr\u00f6flin","Est. reading time":"2 minutes"},"schema":{"@context":"https:\/\/schema.org","@graph":[{"@type":"Article","@id":"https:\/\/news.save.ch\/security-erp-und-new-work-als-zentrale-herausforderungen\/#article","isPartOf":{"@id":"https:\/\/news.save.ch\/security-erp-und-new-work-als-zentrale-herausforderungen\/"},"author":{"name":"Simon Gr\u00f6flin","@id":"https:\/\/news.save.ch\/de\/#\/schema\/person\/ad4ef21102fd6125312409ac57d5296d"},"headline":"Security, ERP und New Work als zentrale Herausforderungen","datePublished":"2022-06-14T07:11:35+00:00","dateModified":"2023-06-27T05:02:11+00:00","mainEntityOfPage":{"@id":"https:\/\/news.save.ch\/security-erp-und-new-work-als-zentrale-herausforderungen\/"},"wordCount":294,"publisher":{"@id":"https:\/\/news.save.ch\/de\/#organization"},"image":{"@id":"https:\/\/news.save.ch\/security-erp-und-new-work-als-zentrale-herausforderungen\/#primaryimage"},"thumbnailUrl":"https:\/\/news.save.ch\/wp-content\/uploads\/2022\/06\/Depositphotos_171315188_S.jpg","keywords":["Digitalisierungsprojekte","Disaster Recovery","IDC","IT-Entscheider","IT-\u00d6kosystem","Marktforschungsinstitut IDC","Resilienz"],"articleSection":["ALLGEMEIN"],"inLanguage":"en-US"},{"@type":"WebPage","@id":"https:\/\/news.save.ch\/security-erp-und-new-work-als-zentrale-herausforderungen\/","url":"https:\/\/news.save.ch\/security-erp-und-new-work-als-zentrale-herausforderungen\/","name":"Security, ERP and New Work as key challenges - Save","isPartOf":{"@id":"https:\/\/news.save.ch\/de\/#website"},"primaryImageOfPage":{"@id":"https:\/\/news.save.ch\/security-erp-und-new-work-als-zentrale-herausforderungen\/#primaryimage"},"image":{"@id":"https:\/\/news.save.ch\/security-erp-und-new-work-als-zentrale-herausforderungen\/#primaryimage"},"thumbnailUrl":"https:\/\/news.save.ch\/wp-content\/uploads\/2022\/06\/Depositphotos_171315188_S.jpg","datePublished":"2022-06-14T07:11:35+00:00","dateModified":"2023-06-27T05:02:11+00:00","description":"Swiss companies continue to face many challenges this year: Although the Corona pandemic is now weakening, geopolitical uncertainties, energy prices and the ongoing shortage of skilled workers are shaping the business market. The market research institute IDC has surveyed the Swiss IT market on the requirements of digital needs.","breadcrumb":{"@id":"https:\/\/news.save.ch\/security-erp-und-new-work-als-zentrale-herausforderungen\/#breadcrumb"},"inLanguage":"en-US","potentialAction":[{"@type":"ReadAction","target":["https:\/\/news.save.ch\/security-erp-und-new-work-als-zentrale-herausforderungen\/"]}]},{"@type":"ImageObject","inLanguage":"en-US","@id":"https:\/\/news.save.ch\/security-erp-und-new-work-als-zentrale-herausforderungen\/#primaryimage","url":"https:\/\/news.save.ch\/wp-content\/uploads\/2022\/06\/Depositphotos_171315188_S.jpg","contentUrl":"https:\/\/news.save.ch\/wp-content\/uploads\/2022\/06\/Depositphotos_171315188_S.jpg","width":1000,"height":492,"caption":"Finger pressing a digital button with the text digital transformation. Concept of digitalization of business processes. Composite between a photography and a 3D background. Horizontal image"},{"@type":"BreadcrumbList","@id":"https:\/\/news.save.ch\/security-erp-und-new-work-als-zentrale-herausforderungen\/#breadcrumb","itemListElement":[{"@type":"ListItem","position":1,"name":"Home","item":"https:\/\/news.save.ch\/de\/"},{"@type":"ListItem","position":2,"name":"Security, ERP und New Work als zentrale Herausforderungen"}]},{"@type":"WebSite","@id":"https:\/\/news.save.ch\/de\/#website","url":"https:\/\/news.save.ch\/de\/","name":"Save","description":"Swiss trade journal for safety","publisher":{"@id":"https:\/\/news.save.ch\/de\/#organization"},"potentialAction":[{"@type":"SearchAction","target":{"@type":"EntryPoint","urlTemplate":"https:\/\/news.save.ch\/de\/?s={search_term_string}"},"query-input":{"@type":"PropertyValueSpecification","valueRequired":true,"valueName":"search_term_string"}}],"inLanguage":"en-US"},{"@type":"Organization","@id":"https:\/\/news.save.ch\/de\/#organization","name":"Security Forum","url":"https:\/\/news.save.ch\/de\/","logo":{"@type":"ImageObject","inLanguage":"en-US","@id":"https:\/\/news.save.ch\/de\/#\/schema\/logo\/image\/","url":"https:\/\/news.save.ch\/wp-content\/uploads\/2022\/06\/Logo_SF_2012.png","contentUrl":"https:\/\/news.save.ch\/wp-content\/uploads\/2022\/06\/Logo_SF_2012.png","width":1100,"height":91,"caption":"Sicherheitsforum"},"image":{"@id":"https:\/\/news.save.ch\/de\/#\/schema\/logo\/image\/"}},{"@type":"Person","@id":"https:\/\/news.save.ch\/de\/#\/schema\/person\/ad4ef21102fd6125312409ac57d5296d","name":"Simon Gr\u00f6flin","image":{"@type":"ImageObject","inLanguage":"en-US","@id":"https:\/\/secure.gravatar.com\/avatar\/6ddceb80eb734354635539e0ea5140bb7c41e42de7c45c9a2ab9921b5d5c9a83?s=96&d=mm&r=g","url":"https:\/\/secure.gravatar.com\/avatar\/6ddceb80eb734354635539e0ea5140bb7c41e42de7c45c9a2ab9921b5d5c9a83?s=96&d=mm&r=g","contentUrl":"https:\/\/secure.gravatar.com\/avatar\/6ddceb80eb734354635539e0ea5140bb7c41e42de7c45c9a2ab9921b5d5c9a83?s=96&d=mm&r=g","caption":"Simon Gr\u00f6flin"},"url":"https:\/\/news.save.ch\/en\/author\/simon-groeflin\/"}]}},"_links":{"self":[{"href":"https:\/\/news.save.ch\/en\/wp-json\/wp\/v2\/posts\/14330","targetHints":{"allow":["GET"]}}],"collection":[{"href":"https:\/\/news.save.ch\/en\/wp-json\/wp\/v2\/posts"}],"about":[{"href":"https:\/\/news.save.ch\/en\/wp-json\/wp\/v2\/types\/post"}],"author":[{"embeddable":true,"href":"https:\/\/news.save.ch\/en\/wp-json\/wp\/v2\/users\/9"}],"replies":[{"embeddable":true,"href":"https:\/\/news.save.ch\/en\/wp-json\/wp\/v2\/comments?post=14330"}],"version-history":[{"count":3,"href":"https:\/\/news.save.ch\/en\/wp-json\/wp\/v2\/posts\/14330\/revisions"}],"predecessor-version":[{"id":20351,"href":"https:\/\/news.save.ch\/en\/wp-json\/wp\/v2\/posts\/14330\/revisions\/20351"}],"wp:featuredmedia":[{"embeddable":true,"href":"https:\/\/news.save.ch\/en\/wp-json\/wp\/v2\/media\/14332"}],"wp:attachment":[{"href":"https:\/\/news.save.ch\/en\/wp-json\/wp\/v2\/media?parent=14330"}],"wp:term":[{"taxonomy":"category","embeddable":true,"href":"https:\/\/news.save.ch\/en\/wp-json\/wp\/v2\/categories?post=14330"},{"taxonomy":"post_tag","embeddable":true,"href":"https:\/\/news.save.ch\/en\/wp-json\/wp\/v2\/tags?post=14330"}],"curies":[{"name":"wp","href":"https:\/\/api.w.org\/{rel}","templated":true}]}}