{"id":1442,"date":"2016-07-05T15:47:29","date_gmt":"2016-07-05T13:47:29","guid":{"rendered":"http:\/\/dev.safety-plus.ch\/?p=939"},"modified":"2023-03-14T09:05:36","modified_gmt":"2023-03-14T08:05:36","slug":"sind-sie-arbeitssuechtig","status":null,"type":"post","link":"https:\/\/news.save.ch\/en\/sind-sie-arbeitssuechtig\/","title":{"rendered":"Are you a workaholic?"},"content":{"rendered":"<figure id=\"attachment_940\" aria-describedby=\"caption-attachment-940\" style=\"width: 680px\" class=\"wp-caption alignnone\"><img loading=\"lazy\" decoding=\"async\" class=\"wp-image-940 size-medium\" src=\"http:\/\/develop.safety-plus.ch\/wp-content\/uploads\/2016\/12\/Sind-Sie-Arbeitssuechtig_safety-plus.jpg\" width=\"680\" height=\"454\" \/><figcaption id=\"caption-attachment-940\" class=\"wp-caption-text\">Workaholics often can't switch off even on vacation.<\/figcaption><\/figure>\n<p>Highly motivated employees please every employer - but excessive working can make you ill. Those who are exclusively occupied with their work can suffer psychological and physical damage. Thanks to cell phones, tablets and laptops, work is increasingly intruding into the private sphere - those who do not consciously protect themselves may be tempted to continue working in their free time, on weekends and even during vacations.<\/p>\n<p>This can have serious consequences: The social life disintegrates, depression, burn-out and cardiovascular disorders threaten.<\/p>\n<p>But what distinguishes someone who works with enthusiasm from a workaholic? Norwegian researchers from the <a href=\"http:\/\/www.uib.no\/en\/news\/80026\/workaholism-addiction-century\" target=\"_blank\" data-cke-saved-href=\"http:\/\/www.uib.no\/en\/news\/80026\/workaholism-addiction-century\" rel=\"noopener\">University of Bergen<\/a> have defined specific symptoms and created a scale in which those affected can assess their degree of work addiction. Seven criteria are decisive here:<\/p>\n<ol>\n<li>Are you constantly thinking about how to create more time for work?<\/li>\n<li>Are you spending more time working than planned?<\/li>\n<li>Do you work to repress negative feelings such as anxiety, guilt, or depression?<\/li>\n<li>Are you being asked by colleagues, friends or family to work less - but not listening?<\/li>\n<li>Do you feel stressed when you are kept from working?<\/li>\n<li>Do you prioritize work over hobbies, leisure activities, socializing, and physical activity?<\/li>\n<li>Do you work so much that it negatively affects your health?<\/li>\n<\/ol>\n<p>Anyone who answers four or more criteria with \"frequently\" or \"always\" is at risk of being affected by work addiction. High time to pull the emergency brake!<\/p>\n<p>In therapy, sufferers can learn to detach themselves from work and rediscover their work-life balance.<\/p>","protected":false},"excerpt":{"rendered":"<p>Hochmotivierte Mitarbeiter erfreuen jeden Arbeitgeber &#8211; doch exzessives Arbeiten kann krank machen. Wer sich ausschliesslich mit seiner Arbeit befasst, kann psychische und physische Sch\u00e4den davontragen. Dank\u00a0Handy, Tablet und Laptop dringt die Arbeit zunehmend auch in den privaten Bereich ein &#8211; wer sich nicht bewusst sch\u00fctzt, ist etwa versucht, auch in der Freizeit, am Wochenende und [&hellip;]<\/p>\n","protected":false},"author":1,"featured_media":16113,"comment_status":"open","ping_status":"open","sticky":false,"template":"","format":"standard","meta":{"_acf_changed":false,"pgc_sgb_lightbox_settings":"","footnotes":""},"categories":[1,3314],"tags":[1678,2729],"class_list":["post-1442","post","type-post","status-publish","format-standard","has-post-thumbnail","hentry","category-allgemein","category-health-safety","tag-arbeitszeit","tag-psychische-gesundheit"],"acf":[],"hkrextid":null,"publication":null,"issue":null,"workflow":null,"startPage":null,"spitzmarke":null,"_posts_by_tag_page_fields":{"widget_title":"","widget_tags":""},"_at_widget":"1","_yoast_wpseo_primary_category":"3303","_yoast_wpseo_focuskw_text_input":"Arbeitss\u00fcchtig","_yoast_wpseo_opengraph-image":null,"_yoast_wpseo_opengraph-description":null,"_yoast_wpseo_opengraph-title":null,"enclosure":null,"_yoast_wpseo_twitter-title":null,"_yoast_wpseo_twitter-description":null,"_yoast_wpseo_twitter-image":null,"_wp_old_slug":null,"_yoast_wpseo_title":null,"_yoast_wpseo_canonical":null,"yoast_head":"<!-- This site is optimized with the Yoast SEO plugin v27.5 - https:\/\/yoast.com\/product\/yoast-seo-wordpress\/ -->\n<title>Sind Sie Arbeitss\u00fcchtig? - Save<\/title>\n<meta name=\"description\" content=\"Arbeitss\u00fcchtig: Wo h\u00f6rt die Freude am Job auf und wo f\u00e4ngt die Arbeitssucht an? Eine \u00dcbersicht zum heutigen internationalen Tag der Workaholics.\" \/>\n<meta name=\"robots\" content=\"index, follow, max-snippet:-1, max-image-preview:large, max-video-preview:-1\" \/>\n<link rel=\"canonical\" href=\"https:\/\/news.save.ch\/en\/sind-sie-arbeitssuechtig\/\" \/>\n<meta property=\"og:locale\" content=\"en_US\" \/>\n<meta property=\"og:type\" content=\"article\" \/>\n<meta property=\"og:title\" content=\"Sind Sie Arbeitss\u00fcchtig? - Save\" \/>\n<meta property=\"og:description\" content=\"Arbeitss\u00fcchtig: Wo h\u00f6rt die Freude am Job auf und wo f\u00e4ngt die Arbeitssucht an? Eine \u00dcbersicht zum heutigen internationalen Tag der Workaholics.\" \/>\n<meta property=\"og:url\" content=\"https:\/\/news.save.ch\/en\/sind-sie-arbeitssuechtig\/\" \/>\n<meta property=\"og:site_name\" content=\"Save\" \/>\n<meta property=\"article:published_time\" content=\"2016-07-05T13:47:29+00:00\" \/>\n<meta property=\"article:modified_time\" content=\"2023-03-14T08:05:36+00:00\" \/>\n<meta property=\"og:image\" content=\"https:\/\/news.save.ch\/wp-content\/uploads\/2016\/12\/Sind-Sie-Arbeitssuechtig_safety-plus.jpg\" \/>\n\t<meta property=\"og:image:width\" content=\"1000\" \/>\n\t<meta property=\"og:image:height\" content=\"667\" \/>\n\t<meta property=\"og:image:type\" content=\"image\/jpeg\" \/>\n<meta name=\"author\" content=\"admin\" \/>\n<meta name=\"twitter:card\" content=\"summary_large_image\" \/>\n<meta name=\"twitter:label1\" content=\"Written by\" \/>\n\t<meta name=\"twitter:data1\" content=\"admin\" \/>\n\t<meta name=\"twitter:label2\" content=\"Est. reading time\" \/>\n\t<meta name=\"twitter:data2\" content=\"1 minute\" \/>\n<script type=\"application\/ld+json\" class=\"yoast-schema-graph\">{\"@context\":\"https:\\\/\\\/schema.org\",\"@graph\":[{\"@type\":\"Article\",\"@id\":\"https:\\\/\\\/news.save.ch\\\/sind-sie-arbeitssuechtig\\\/#article\",\"isPartOf\":{\"@id\":\"https:\\\/\\\/news.save.ch\\\/sind-sie-arbeitssuechtig\\\/\"},\"author\":{\"name\":\"admin\",\"@id\":\"https:\\\/\\\/news.save.ch\\\/de\\\/#\\\/schema\\\/person\\\/d49e199490bad7c70d64b9ab51142f2b\"},\"headline\":\"Sind Sie Arbeitss\u00fcchtig?\",\"datePublished\":\"2016-07-05T13:47:29+00:00\",\"dateModified\":\"2023-03-14T08:05:36+00:00\",\"mainEntityOfPage\":{\"@id\":\"https:\\\/\\\/news.save.ch\\\/sind-sie-arbeitssuechtig\\\/\"},\"wordCount\":282,\"commentCount\":0,\"publisher\":{\"@id\":\"https:\\\/\\\/news.save.ch\\\/de\\\/#organization\"},\"image\":{\"@id\":\"https:\\\/\\\/news.save.ch\\\/sind-sie-arbeitssuechtig\\\/#primaryimage\"},\"thumbnailUrl\":\"https:\\\/\\\/news.save.ch\\\/wp-content\\\/uploads\\\/2016\\\/12\\\/Sind-Sie-Arbeitssuechtig_safety-plus.jpg\",\"keywords\":[\"Arbeitszeit\",\"Psychische Gesundheit\"],\"articleSection\":[\"ALLGEMEIN\",\"HEALTH &amp; SAFETY\"],\"inLanguage\":\"en-US\"},{\"@type\":\"WebPage\",\"@id\":\"https:\\\/\\\/news.save.ch\\\/sind-sie-arbeitssuechtig\\\/\",\"url\":\"https:\\\/\\\/news.save.ch\\\/sind-sie-arbeitssuechtig\\\/\",\"name\":\"Sind Sie Arbeitss\u00fcchtig? - Save\",\"isPartOf\":{\"@id\":\"https:\\\/\\\/news.save.ch\\\/de\\\/#website\"},\"primaryImageOfPage\":{\"@id\":\"https:\\\/\\\/news.save.ch\\\/sind-sie-arbeitssuechtig\\\/#primaryimage\"},\"image\":{\"@id\":\"https:\\\/\\\/news.save.ch\\\/sind-sie-arbeitssuechtig\\\/#primaryimage\"},\"thumbnailUrl\":\"https:\\\/\\\/news.save.ch\\\/wp-content\\\/uploads\\\/2016\\\/12\\\/Sind-Sie-Arbeitssuechtig_safety-plus.jpg\",\"datePublished\":\"2016-07-05T13:47:29+00:00\",\"dateModified\":\"2023-03-14T08:05:36+00:00\",\"description\":\"Arbeitss\u00fcchtig: Wo h\u00f6rt die Freude am Job auf und wo f\u00e4ngt die Arbeitssucht an? Eine \u00dcbersicht zum heutigen internationalen Tag der Workaholics.\",\"breadcrumb\":{\"@id\":\"https:\\\/\\\/news.save.ch\\\/sind-sie-arbeitssuechtig\\\/#breadcrumb\"},\"inLanguage\":\"en-US\",\"potentialAction\":[{\"@type\":\"ReadAction\",\"target\":[\"https:\\\/\\\/news.save.ch\\\/sind-sie-arbeitssuechtig\\\/\"]}]},{\"@type\":\"ImageObject\",\"inLanguage\":\"en-US\",\"@id\":\"https:\\\/\\\/news.save.ch\\\/sind-sie-arbeitssuechtig\\\/#primaryimage\",\"url\":\"https:\\\/\\\/news.save.ch\\\/wp-content\\\/uploads\\\/2016\\\/12\\\/Sind-Sie-Arbeitssuechtig_safety-plus.jpg\",\"contentUrl\":\"https:\\\/\\\/news.save.ch\\\/wp-content\\\/uploads\\\/2016\\\/12\\\/Sind-Sie-Arbeitssuechtig_safety-plus.jpg\",\"width\":1000,\"height\":667,\"caption\":\"Arbeitss\u00fcchtige k\u00f6nnen oft selbst in den Ferien nicht mehr abschalten.\"},{\"@type\":\"BreadcrumbList\",\"@id\":\"https:\\\/\\\/news.save.ch\\\/sind-sie-arbeitssuechtig\\\/#breadcrumb\",\"itemListElement\":[{\"@type\":\"ListItem\",\"position\":1,\"name\":\"Home\",\"item\":\"https:\\\/\\\/news.save.ch\\\/de\\\/\"},{\"@type\":\"ListItem\",\"position\":2,\"name\":\"Sind Sie Arbeitss\u00fcchtig?\"}]},{\"@type\":\"WebSite\",\"@id\":\"https:\\\/\\\/news.save.ch\\\/de\\\/#website\",\"url\":\"https:\\\/\\\/news.save.ch\\\/de\\\/\",\"name\":\"Save\",\"description\":\"Schweizer Fachzeitschrift f\u00fcr Sicherheit\",\"publisher\":{\"@id\":\"https:\\\/\\\/news.save.ch\\\/de\\\/#organization\"},\"potentialAction\":[{\"@type\":\"SearchAction\",\"target\":{\"@type\":\"EntryPoint\",\"urlTemplate\":\"https:\\\/\\\/news.save.ch\\\/de\\\/?s={search_term_string}\"},\"query-input\":{\"@type\":\"PropertyValueSpecification\",\"valueRequired\":true,\"valueName\":\"search_term_string\"}}],\"inLanguage\":\"en-US\"},{\"@type\":\"Organization\",\"@id\":\"https:\\\/\\\/news.save.ch\\\/de\\\/#organization\",\"name\":\"Sicherheitsforum\",\"url\":\"https:\\\/\\\/news.save.ch\\\/de\\\/\",\"logo\":{\"@type\":\"ImageObject\",\"inLanguage\":\"en-US\",\"@id\":\"https:\\\/\\\/news.save.ch\\\/de\\\/#\\\/schema\\\/logo\\\/image\\\/\",\"url\":\"https:\\\/\\\/news.save.ch\\\/wp-content\\\/uploads\\\/2022\\\/06\\\/Logo_SF_2012.png\",\"contentUrl\":\"https:\\\/\\\/news.save.ch\\\/wp-content\\\/uploads\\\/2022\\\/06\\\/Logo_SF_2012.png\",\"width\":1100,\"height\":91,\"caption\":\"Sicherheitsforum\"},\"image\":{\"@id\":\"https:\\\/\\\/news.save.ch\\\/de\\\/#\\\/schema\\\/logo\\\/image\\\/\"}},{\"@type\":\"Person\",\"@id\":\"https:\\\/\\\/news.save.ch\\\/de\\\/#\\\/schema\\\/person\\\/d49e199490bad7c70d64b9ab51142f2b\",\"name\":\"admin\",\"image\":{\"@type\":\"ImageObject\",\"inLanguage\":\"en-US\",\"@id\":\"https:\\\/\\\/secure.gravatar.com\\\/avatar\\\/ae2f4d718e6c49043e314ce431e7e645d646302a24a5ef5a8bc8e3f5a032e319?s=96&d=mm&r=g\",\"url\":\"https:\\\/\\\/secure.gravatar.com\\\/avatar\\\/ae2f4d718e6c49043e314ce431e7e645d646302a24a5ef5a8bc8e3f5a032e319?s=96&d=mm&r=g\",\"contentUrl\":\"https:\\\/\\\/secure.gravatar.com\\\/avatar\\\/ae2f4d718e6c49043e314ce431e7e645d646302a24a5ef5a8bc8e3f5a032e319?s=96&d=mm&r=g\",\"caption\":\"admin\"},\"sameAs\":[\"https:\\\/\\\/develop.organisator.galledia.ch\"],\"url\":\"https:\\\/\\\/news.save.ch\\\/en\\\/author\\\/admin\\\/\"}]}<\/script>\n<!-- \/ Yoast SEO plugin. -->","yoast_head_json":{"title":"Are you a workaholic? - Save","description":"Workaholics: Where does job enjoyment end and work addiction begin? An overview on today's International Workaholics Day.","robots":{"index":"index","follow":"follow","max-snippet":"max-snippet:-1","max-image-preview":"max-image-preview:large","max-video-preview":"max-video-preview:-1"},"canonical":"https:\/\/news.save.ch\/en\/sind-sie-arbeitssuechtig\/","og_locale":"en_US","og_type":"article","og_title":"Sind Sie Arbeitss\u00fcchtig? - Save","og_description":"Arbeitss\u00fcchtig: Wo h\u00f6rt die Freude am Job auf und wo f\u00e4ngt die Arbeitssucht an? Eine \u00dcbersicht zum heutigen internationalen Tag der Workaholics.","og_url":"https:\/\/news.save.ch\/en\/sind-sie-arbeitssuechtig\/","og_site_name":"Save","article_published_time":"2016-07-05T13:47:29+00:00","article_modified_time":"2023-03-14T08:05:36+00:00","og_image":[{"width":1000,"height":667,"url":"https:\/\/news.save.ch\/wp-content\/uploads\/2016\/12\/Sind-Sie-Arbeitssuechtig_safety-plus.jpg","type":"image\/jpeg"}],"author":"admin","twitter_card":"summary_large_image","twitter_misc":{"Written by":"admin","Est. reading time":"1 minute"},"schema":{"@context":"https:\/\/schema.org","@graph":[{"@type":"Article","@id":"https:\/\/news.save.ch\/sind-sie-arbeitssuechtig\/#article","isPartOf":{"@id":"https:\/\/news.save.ch\/sind-sie-arbeitssuechtig\/"},"author":{"name":"admin","@id":"https:\/\/news.save.ch\/de\/#\/schema\/person\/d49e199490bad7c70d64b9ab51142f2b"},"headline":"Sind Sie Arbeitss\u00fcchtig?","datePublished":"2016-07-05T13:47:29+00:00","dateModified":"2023-03-14T08:05:36+00:00","mainEntityOfPage":{"@id":"https:\/\/news.save.ch\/sind-sie-arbeitssuechtig\/"},"wordCount":282,"commentCount":0,"publisher":{"@id":"https:\/\/news.save.ch\/de\/#organization"},"image":{"@id":"https:\/\/news.save.ch\/sind-sie-arbeitssuechtig\/#primaryimage"},"thumbnailUrl":"https:\/\/news.save.ch\/wp-content\/uploads\/2016\/12\/Sind-Sie-Arbeitssuechtig_safety-plus.jpg","keywords":["Arbeitszeit","Psychische Gesundheit"],"articleSection":["ALLGEMEIN","HEALTH &amp; SAFETY"],"inLanguage":"en-US"},{"@type":"WebPage","@id":"https:\/\/news.save.ch\/sind-sie-arbeitssuechtig\/","url":"https:\/\/news.save.ch\/sind-sie-arbeitssuechtig\/","name":"Are you a workaholic? - Save","isPartOf":{"@id":"https:\/\/news.save.ch\/de\/#website"},"primaryImageOfPage":{"@id":"https:\/\/news.save.ch\/sind-sie-arbeitssuechtig\/#primaryimage"},"image":{"@id":"https:\/\/news.save.ch\/sind-sie-arbeitssuechtig\/#primaryimage"},"thumbnailUrl":"https:\/\/news.save.ch\/wp-content\/uploads\/2016\/12\/Sind-Sie-Arbeitssuechtig_safety-plus.jpg","datePublished":"2016-07-05T13:47:29+00:00","dateModified":"2023-03-14T08:05:36+00:00","description":"Workaholics: Where does job enjoyment end and work addiction begin? An overview on today's International Workaholics Day.","breadcrumb":{"@id":"https:\/\/news.save.ch\/sind-sie-arbeitssuechtig\/#breadcrumb"},"inLanguage":"en-US","potentialAction":[{"@type":"ReadAction","target":["https:\/\/news.save.ch\/sind-sie-arbeitssuechtig\/"]}]},{"@type":"ImageObject","inLanguage":"en-US","@id":"https:\/\/news.save.ch\/sind-sie-arbeitssuechtig\/#primaryimage","url":"https:\/\/news.save.ch\/wp-content\/uploads\/2016\/12\/Sind-Sie-Arbeitssuechtig_safety-plus.jpg","contentUrl":"https:\/\/news.save.ch\/wp-content\/uploads\/2016\/12\/Sind-Sie-Arbeitssuechtig_safety-plus.jpg","width":1000,"height":667,"caption":"Arbeitss\u00fcchtige k\u00f6nnen oft selbst in den Ferien nicht mehr abschalten."},{"@type":"BreadcrumbList","@id":"https:\/\/news.save.ch\/sind-sie-arbeitssuechtig\/#breadcrumb","itemListElement":[{"@type":"ListItem","position":1,"name":"Home","item":"https:\/\/news.save.ch\/de\/"},{"@type":"ListItem","position":2,"name":"Sind Sie Arbeitss\u00fcchtig?"}]},{"@type":"WebSite","@id":"https:\/\/news.save.ch\/de\/#website","url":"https:\/\/news.save.ch\/de\/","name":"Save","description":"Swiss trade journal for safety","publisher":{"@id":"https:\/\/news.save.ch\/de\/#organization"},"potentialAction":[{"@type":"SearchAction","target":{"@type":"EntryPoint","urlTemplate":"https:\/\/news.save.ch\/de\/?s={search_term_string}"},"query-input":{"@type":"PropertyValueSpecification","valueRequired":true,"valueName":"search_term_string"}}],"inLanguage":"en-US"},{"@type":"Organization","@id":"https:\/\/news.save.ch\/de\/#organization","name":"Security Forum","url":"https:\/\/news.save.ch\/de\/","logo":{"@type":"ImageObject","inLanguage":"en-US","@id":"https:\/\/news.save.ch\/de\/#\/schema\/logo\/image\/","url":"https:\/\/news.save.ch\/wp-content\/uploads\/2022\/06\/Logo_SF_2012.png","contentUrl":"https:\/\/news.save.ch\/wp-content\/uploads\/2022\/06\/Logo_SF_2012.png","width":1100,"height":91,"caption":"Sicherheitsforum"},"image":{"@id":"https:\/\/news.save.ch\/de\/#\/schema\/logo\/image\/"}},{"@type":"Person","@id":"https:\/\/news.save.ch\/de\/#\/schema\/person\/d49e199490bad7c70d64b9ab51142f2b","name":"admin","image":{"@type":"ImageObject","inLanguage":"en-US","@id":"https:\/\/secure.gravatar.com\/avatar\/ae2f4d718e6c49043e314ce431e7e645d646302a24a5ef5a8bc8e3f5a032e319?s=96&d=mm&r=g","url":"https:\/\/secure.gravatar.com\/avatar\/ae2f4d718e6c49043e314ce431e7e645d646302a24a5ef5a8bc8e3f5a032e319?s=96&d=mm&r=g","contentUrl":"https:\/\/secure.gravatar.com\/avatar\/ae2f4d718e6c49043e314ce431e7e645d646302a24a5ef5a8bc8e3f5a032e319?s=96&d=mm&r=g","caption":"admin"},"sameAs":["https:\/\/develop.organisator.galledia.ch"],"url":"https:\/\/news.save.ch\/en\/author\/admin\/"}]}},"_links":{"self":[{"href":"https:\/\/news.save.ch\/en\/wp-json\/wp\/v2\/posts\/1442","targetHints":{"allow":["GET"]}}],"collection":[{"href":"https:\/\/news.save.ch\/en\/wp-json\/wp\/v2\/posts"}],"about":[{"href":"https:\/\/news.save.ch\/en\/wp-json\/wp\/v2\/types\/post"}],"author":[{"embeddable":true,"href":"https:\/\/news.save.ch\/en\/wp-json\/wp\/v2\/users\/1"}],"replies":[{"embeddable":true,"href":"https:\/\/news.save.ch\/en\/wp-json\/wp\/v2\/comments?post=1442"}],"version-history":[{"count":1,"href":"https:\/\/news.save.ch\/en\/wp-json\/wp\/v2\/posts\/1442\/revisions"}],"predecessor-version":[{"id":19022,"href":"https:\/\/news.save.ch\/en\/wp-json\/wp\/v2\/posts\/1442\/revisions\/19022"}],"wp:featuredmedia":[{"embeddable":true,"href":"https:\/\/news.save.ch\/en\/wp-json\/wp\/v2\/media\/16113"}],"wp:attachment":[{"href":"https:\/\/news.save.ch\/en\/wp-json\/wp\/v2\/media?parent=1442"}],"wp:term":[{"taxonomy":"category","embeddable":true,"href":"https:\/\/news.save.ch\/en\/wp-json\/wp\/v2\/categories?post=1442"},{"taxonomy":"post_tag","embeddable":true,"href":"https:\/\/news.save.ch\/en\/wp-json\/wp\/v2\/tags?post=1442"}],"curies":[{"name":"wp","href":"https:\/\/api.w.org\/{rel}","templated":true}]}}