{"id":1444,"date":"2016-07-06T15:49:41","date_gmt":"2016-07-06T13:49:41","guid":{"rendered":"http:\/\/dev.safety-plus.ch\/?p=943"},"modified":"2023-03-14T09:01:08","modified_gmt":"2023-03-14T08:01:08","slug":"lohneinbussen-bei-krankheit-werden-unterschaetzt","status":null,"type":"post","link":"https:\/\/news.save.ch\/en\/lohneinbussen-bei-krankheit-werden-unterschaetzt\/","title":{"rendered":"Wage losses due to illness are underestimated"},"content":{"rendered":"<figure id=\"attachment_945\" aria-describedby=\"caption-attachment-945\" style=\"width: 680px\" class=\"wp-caption alignnone\"><img loading=\"lazy\" decoding=\"async\" class=\"wp-image-945 size-medium\" src=\"http:\/\/develop.safety-plus.ch\/wp-content\/uploads\/2016\/12\/Lohneinbussen-bei-Krankheit-werden-unterschaetzt_safety-plus.jpg\" width=\"680\" height=\"454\" \/><figcaption id=\"caption-attachment-945\" class=\"wp-caption-text\">In the event of a long-term illness, the pension often amounts to just 60% of the previous income.<\/figcaption><\/figure>\n<p>Many people in Switzerland are ill-equipped to cope with a loss of income due to illness or accident. One in four people do not have enough savings to cover a loss of income for a single month. Another quarter of the population only has enough money to cover a loss of income for one to three months. This results in a <a href=\"https:\/\/www.zurich.com\/en\/knowledge\/articles\/2016\/06\/income-protection-gaps-executive-summary\" target=\"_blank\" data-cke-saved-href=\"https:\/\/www.zurich.com\/en\/knowledge\/articles\/2016\/06\/income-protection-gaps-executive-summary\" rel=\"noopener\">representative survey by Zurich Insurance Group<\/a> in eleven countries in collaboration with the University of Oxford. In Switzerland, 1000 people between the ages of 25 and 60 were surveyed.<\/p>\n<p>The probability of losing income due to illness or accident is considerable. 40 percent of those surveyed stated that they had already lost all or part of their income. For one in five of those affected, the loss lasts a year or longer. 4 percent of those affected have to permanently forgo part of their previous income because they become unable to work. Many companies reduce income if employees are unable to work for more than three weeks. If a company has not taken out daily sickness benefits insurance, sick employees lose their entire income after the statutory continued payment of wages has expired, until the disability insurance (IV) awards a pension after lengthy investigations.<\/p>\n<p><strong>Many more sick people than accidents<\/strong><br \/>\nIn addition to the amount of savings, the decisive factor is whether someone is unable to work due to illness or an accident. If a person falls ill for a longer period of time and becomes unable to work as a result, they can often only expect a pension of 60% of their previous income from the IV and the second pillar. After an accident with permanent disability, the pension is significantly higher at around 90 percent. Among people in Switzerland who are unable to work, the proportion of accident victims is around 10 percent, while the proportion of sick people is around 90 percent. This means that many people have to make do with low pensions.<\/p>\n<p>Although a loss of income due to illness is high, very few people in Switzerland are specifically insured against disability. While one in three people has death insurance, only one in four has specific insurance against disability.<\/p>\n<p>Financial protection is possible<br \/>\nWith disability insurance, you can secure an additional income in the event that you become unable to work due to a serious illness or accident. This is not only interesting for working parents who want to secure their family's standard of living. Young professionals and students are particularly affected by the financial consequences of disability, as they only receive low disability benefits from the first and second pillars.<\/p>\n<p>Source: Zurich<\/p>","protected":false},"excerpt":{"rendered":"<p>Viele Menschen in der Schweiz sind schlecht ger\u00fcstet f\u00fcr eine Einbusse beim Einkommen wegen Krankheit oder Unfall. Jede vierte Person verf\u00fcgt nicht \u00fcber genug Ersparnisse, um w\u00e4hrend eines einzigen Monats einen Ausfall des Einkommens auszugleichen. Ein weiteres Viertel der Bev\u00f6lkerung hat lediglich so viel Geld auf der Seite, um w\u00e4hrend ein bis drei Monaten einen [&hellip;]<\/p>\n","protected":false},"author":1,"featured_media":16114,"comment_status":"open","ping_status":"open","sticky":false,"template":"","format":"standard","meta":{"_acf_changed":false,"pgc_sgb_lightbox_settings":"","footnotes":""},"categories":[1,3314],"tags":[172,181],"class_list":["post-1444","post","type-post","status-publish","format-standard","has-post-thumbnail","hentry","category-allgemein","category-health-safety","tag-arbeitssicherheit","tag-versicherung"],"acf":[],"hkrextid":null,"publication":null,"issue":null,"workflow":null,"startPage":null,"spitzmarke":null,"_posts_by_tag_page_fields":{"widget_title":"","widget_tags":""},"_at_widget":"1","_yoast_wpseo_primary_category":"5","_yoast_wpseo_focuskw_text_input":"Lohneinbussen","_yoast_wpseo_opengraph-image":null,"_yoast_wpseo_opengraph-description":null,"_yoast_wpseo_opengraph-title":null,"enclosure":null,"_yoast_wpseo_twitter-title":null,"_yoast_wpseo_twitter-description":null,"_yoast_wpseo_twitter-image":null,"_wp_old_slug":null,"_yoast_wpseo_title":null,"_yoast_wpseo_canonical":null,"yoast_head":"<!-- This site is optimized with the Yoast SEO plugin v27.5 - https:\/\/yoast.com\/product\/yoast-seo-wordpress\/ -->\n<title>Lohneinbussen bei Krankheit werden untersch\u00e4tzt - Save<\/title>\n<meta name=\"description\" content=\"Lohneinbussen: Bei Krankheit oder nach Unf\u00e4llen droht auch ein Einkommensverlust. Viele Schweizer sind daf\u00fcr schlecht ger\u00fcstet.\" \/>\n<meta name=\"robots\" content=\"index, follow, max-snippet:-1, max-image-preview:large, max-video-preview:-1\" \/>\n<link rel=\"canonical\" href=\"https:\/\/news.save.ch\/en\/lohneinbussen-bei-krankheit-werden-unterschaetzt\/\" \/>\n<meta property=\"og:locale\" content=\"en_US\" \/>\n<meta property=\"og:type\" content=\"article\" \/>\n<meta property=\"og:title\" content=\"Lohneinbussen bei Krankheit werden untersch\u00e4tzt - Save\" \/>\n<meta property=\"og:description\" content=\"Lohneinbussen: Bei Krankheit oder nach Unf\u00e4llen droht auch ein Einkommensverlust. Viele Schweizer sind daf\u00fcr schlecht ger\u00fcstet.\" \/>\n<meta property=\"og:url\" content=\"https:\/\/news.save.ch\/en\/lohneinbussen-bei-krankheit-werden-unterschaetzt\/\" \/>\n<meta property=\"og:site_name\" content=\"Save\" \/>\n<meta property=\"article:published_time\" content=\"2016-07-06T13:49:41+00:00\" \/>\n<meta property=\"article:modified_time\" content=\"2023-03-14T08:01:08+00:00\" \/>\n<meta property=\"og:image\" content=\"https:\/\/news.save.ch\/wp-content\/uploads\/2016\/12\/Lohneinbussen-bei-Krankheit-werden-unterschaetzt_safety-plus.jpg\" \/>\n\t<meta property=\"og:image:width\" content=\"1000\" \/>\n\t<meta property=\"og:image:height\" content=\"667\" \/>\n\t<meta property=\"og:image:type\" content=\"image\/jpeg\" \/>\n<meta name=\"author\" content=\"admin\" \/>\n<meta name=\"twitter:card\" content=\"summary_large_image\" \/>\n<meta name=\"twitter:label1\" content=\"Written by\" \/>\n\t<meta name=\"twitter:data1\" content=\"admin\" \/>\n\t<meta name=\"twitter:label2\" content=\"Est. reading time\" \/>\n\t<meta name=\"twitter:data2\" content=\"2 minutes\" \/>\n<script type=\"application\/ld+json\" class=\"yoast-schema-graph\">{\"@context\":\"https:\\\/\\\/schema.org\",\"@graph\":[{\"@type\":\"Article\",\"@id\":\"https:\\\/\\\/news.save.ch\\\/lohneinbussen-bei-krankheit-werden-unterschaetzt\\\/#article\",\"isPartOf\":{\"@id\":\"https:\\\/\\\/news.save.ch\\\/lohneinbussen-bei-krankheit-werden-unterschaetzt\\\/\"},\"author\":{\"name\":\"admin\",\"@id\":\"https:\\\/\\\/news.save.ch\\\/de\\\/#\\\/schema\\\/person\\\/d49e199490bad7c70d64b9ab51142f2b\"},\"headline\":\"Lohneinbussen bei Krankheit werden untersch\u00e4tzt\",\"datePublished\":\"2016-07-06T13:49:41+00:00\",\"dateModified\":\"2023-03-14T08:01:08+00:00\",\"mainEntityOfPage\":{\"@id\":\"https:\\\/\\\/news.save.ch\\\/lohneinbussen-bei-krankheit-werden-unterschaetzt\\\/\"},\"wordCount\":449,\"commentCount\":0,\"publisher\":{\"@id\":\"https:\\\/\\\/news.save.ch\\\/de\\\/#organization\"},\"image\":{\"@id\":\"https:\\\/\\\/news.save.ch\\\/lohneinbussen-bei-krankheit-werden-unterschaetzt\\\/#primaryimage\"},\"thumbnailUrl\":\"https:\\\/\\\/news.save.ch\\\/wp-content\\\/uploads\\\/2016\\\/12\\\/Lohneinbussen-bei-Krankheit-werden-unterschaetzt_safety-plus.jpg\",\"keywords\":[\"Arbeitssicherheit\",\"Versicherung\"],\"articleSection\":[\"ALLGEMEIN\",\"HEALTH &amp; SAFETY\"],\"inLanguage\":\"en-US\"},{\"@type\":\"WebPage\",\"@id\":\"https:\\\/\\\/news.save.ch\\\/lohneinbussen-bei-krankheit-werden-unterschaetzt\\\/\",\"url\":\"https:\\\/\\\/news.save.ch\\\/lohneinbussen-bei-krankheit-werden-unterschaetzt\\\/\",\"name\":\"Lohneinbussen bei Krankheit werden untersch\u00e4tzt - Save\",\"isPartOf\":{\"@id\":\"https:\\\/\\\/news.save.ch\\\/de\\\/#website\"},\"primaryImageOfPage\":{\"@id\":\"https:\\\/\\\/news.save.ch\\\/lohneinbussen-bei-krankheit-werden-unterschaetzt\\\/#primaryimage\"},\"image\":{\"@id\":\"https:\\\/\\\/news.save.ch\\\/lohneinbussen-bei-krankheit-werden-unterschaetzt\\\/#primaryimage\"},\"thumbnailUrl\":\"https:\\\/\\\/news.save.ch\\\/wp-content\\\/uploads\\\/2016\\\/12\\\/Lohneinbussen-bei-Krankheit-werden-unterschaetzt_safety-plus.jpg\",\"datePublished\":\"2016-07-06T13:49:41+00:00\",\"dateModified\":\"2023-03-14T08:01:08+00:00\",\"description\":\"Lohneinbussen: Bei Krankheit oder nach Unf\u00e4llen droht auch ein Einkommensverlust. Viele Schweizer sind daf\u00fcr schlecht ger\u00fcstet.\",\"breadcrumb\":{\"@id\":\"https:\\\/\\\/news.save.ch\\\/lohneinbussen-bei-krankheit-werden-unterschaetzt\\\/#breadcrumb\"},\"inLanguage\":\"en-US\",\"potentialAction\":[{\"@type\":\"ReadAction\",\"target\":[\"https:\\\/\\\/news.save.ch\\\/lohneinbussen-bei-krankheit-werden-unterschaetzt\\\/\"]}]},{\"@type\":\"ImageObject\",\"inLanguage\":\"en-US\",\"@id\":\"https:\\\/\\\/news.save.ch\\\/lohneinbussen-bei-krankheit-werden-unterschaetzt\\\/#primaryimage\",\"url\":\"https:\\\/\\\/news.save.ch\\\/wp-content\\\/uploads\\\/2016\\\/12\\\/Lohneinbussen-bei-Krankheit-werden-unterschaetzt_safety-plus.jpg\",\"contentUrl\":\"https:\\\/\\\/news.save.ch\\\/wp-content\\\/uploads\\\/2016\\\/12\\\/Lohneinbussen-bei-Krankheit-werden-unterschaetzt_safety-plus.jpg\",\"width\":1000,\"height\":667,\"caption\":\"Bei einer l\u00e4ngerfristigen Erkrankung betr\u00e4gt die Rente oft nur gerade 60% des fr\u00fcheren Einkommens.\"},{\"@type\":\"BreadcrumbList\",\"@id\":\"https:\\\/\\\/news.save.ch\\\/lohneinbussen-bei-krankheit-werden-unterschaetzt\\\/#breadcrumb\",\"itemListElement\":[{\"@type\":\"ListItem\",\"position\":1,\"name\":\"Home\",\"item\":\"https:\\\/\\\/news.save.ch\\\/de\\\/\"},{\"@type\":\"ListItem\",\"position\":2,\"name\":\"Lohneinbussen bei Krankheit werden untersch\u00e4tzt\"}]},{\"@type\":\"WebSite\",\"@id\":\"https:\\\/\\\/news.save.ch\\\/de\\\/#website\",\"url\":\"https:\\\/\\\/news.save.ch\\\/de\\\/\",\"name\":\"Save\",\"description\":\"Schweizer Fachzeitschrift f\u00fcr Sicherheit\",\"publisher\":{\"@id\":\"https:\\\/\\\/news.save.ch\\\/de\\\/#organization\"},\"potentialAction\":[{\"@type\":\"SearchAction\",\"target\":{\"@type\":\"EntryPoint\",\"urlTemplate\":\"https:\\\/\\\/news.save.ch\\\/de\\\/?s={search_term_string}\"},\"query-input\":{\"@type\":\"PropertyValueSpecification\",\"valueRequired\":true,\"valueName\":\"search_term_string\"}}],\"inLanguage\":\"en-US\"},{\"@type\":\"Organization\",\"@id\":\"https:\\\/\\\/news.save.ch\\\/de\\\/#organization\",\"name\":\"Sicherheitsforum\",\"url\":\"https:\\\/\\\/news.save.ch\\\/de\\\/\",\"logo\":{\"@type\":\"ImageObject\",\"inLanguage\":\"en-US\",\"@id\":\"https:\\\/\\\/news.save.ch\\\/de\\\/#\\\/schema\\\/logo\\\/image\\\/\",\"url\":\"https:\\\/\\\/news.save.ch\\\/wp-content\\\/uploads\\\/2022\\\/06\\\/Logo_SF_2012.png\",\"contentUrl\":\"https:\\\/\\\/news.save.ch\\\/wp-content\\\/uploads\\\/2022\\\/06\\\/Logo_SF_2012.png\",\"width\":1100,\"height\":91,\"caption\":\"Sicherheitsforum\"},\"image\":{\"@id\":\"https:\\\/\\\/news.save.ch\\\/de\\\/#\\\/schema\\\/logo\\\/image\\\/\"}},{\"@type\":\"Person\",\"@id\":\"https:\\\/\\\/news.save.ch\\\/de\\\/#\\\/schema\\\/person\\\/d49e199490bad7c70d64b9ab51142f2b\",\"name\":\"admin\",\"image\":{\"@type\":\"ImageObject\",\"inLanguage\":\"en-US\",\"@id\":\"https:\\\/\\\/secure.gravatar.com\\\/avatar\\\/ae2f4d718e6c49043e314ce431e7e645d646302a24a5ef5a8bc8e3f5a032e319?s=96&d=mm&r=g\",\"url\":\"https:\\\/\\\/secure.gravatar.com\\\/avatar\\\/ae2f4d718e6c49043e314ce431e7e645d646302a24a5ef5a8bc8e3f5a032e319?s=96&d=mm&r=g\",\"contentUrl\":\"https:\\\/\\\/secure.gravatar.com\\\/avatar\\\/ae2f4d718e6c49043e314ce431e7e645d646302a24a5ef5a8bc8e3f5a032e319?s=96&d=mm&r=g\",\"caption\":\"admin\"},\"sameAs\":[\"https:\\\/\\\/develop.organisator.galledia.ch\"],\"url\":\"https:\\\/\\\/news.save.ch\\\/en\\\/author\\\/admin\\\/\"}]}<\/script>\n<!-- \/ Yoast SEO plugin. -->","yoast_head_json":{"title":"Wage losses due to illness are underestimated - Save","description":"Loss of salary: Sickness or accidents can also result in a loss of income. Many Swiss people are ill-equipped for this.","robots":{"index":"index","follow":"follow","max-snippet":"max-snippet:-1","max-image-preview":"max-image-preview:large","max-video-preview":"max-video-preview:-1"},"canonical":"https:\/\/news.save.ch\/en\/lohneinbussen-bei-krankheit-werden-unterschaetzt\/","og_locale":"en_US","og_type":"article","og_title":"Lohneinbussen bei Krankheit werden untersch\u00e4tzt - Save","og_description":"Lohneinbussen: Bei Krankheit oder nach Unf\u00e4llen droht auch ein Einkommensverlust. Viele Schweizer sind daf\u00fcr schlecht ger\u00fcstet.","og_url":"https:\/\/news.save.ch\/en\/lohneinbussen-bei-krankheit-werden-unterschaetzt\/","og_site_name":"Save","article_published_time":"2016-07-06T13:49:41+00:00","article_modified_time":"2023-03-14T08:01:08+00:00","og_image":[{"width":1000,"height":667,"url":"https:\/\/news.save.ch\/wp-content\/uploads\/2016\/12\/Lohneinbussen-bei-Krankheit-werden-unterschaetzt_safety-plus.jpg","type":"image\/jpeg"}],"author":"admin","twitter_card":"summary_large_image","twitter_misc":{"Written by":"admin","Est. reading time":"2 minutes"},"schema":{"@context":"https:\/\/schema.org","@graph":[{"@type":"Article","@id":"https:\/\/news.save.ch\/lohneinbussen-bei-krankheit-werden-unterschaetzt\/#article","isPartOf":{"@id":"https:\/\/news.save.ch\/lohneinbussen-bei-krankheit-werden-unterschaetzt\/"},"author":{"name":"admin","@id":"https:\/\/news.save.ch\/de\/#\/schema\/person\/d49e199490bad7c70d64b9ab51142f2b"},"headline":"Lohneinbussen bei Krankheit werden untersch\u00e4tzt","datePublished":"2016-07-06T13:49:41+00:00","dateModified":"2023-03-14T08:01:08+00:00","mainEntityOfPage":{"@id":"https:\/\/news.save.ch\/lohneinbussen-bei-krankheit-werden-unterschaetzt\/"},"wordCount":449,"commentCount":0,"publisher":{"@id":"https:\/\/news.save.ch\/de\/#organization"},"image":{"@id":"https:\/\/news.save.ch\/lohneinbussen-bei-krankheit-werden-unterschaetzt\/#primaryimage"},"thumbnailUrl":"https:\/\/news.save.ch\/wp-content\/uploads\/2016\/12\/Lohneinbussen-bei-Krankheit-werden-unterschaetzt_safety-plus.jpg","keywords":["Arbeitssicherheit","Versicherung"],"articleSection":["ALLGEMEIN","HEALTH &amp; SAFETY"],"inLanguage":"en-US"},{"@type":"WebPage","@id":"https:\/\/news.save.ch\/lohneinbussen-bei-krankheit-werden-unterschaetzt\/","url":"https:\/\/news.save.ch\/lohneinbussen-bei-krankheit-werden-unterschaetzt\/","name":"Wage losses due to illness are underestimated - Save","isPartOf":{"@id":"https:\/\/news.save.ch\/de\/#website"},"primaryImageOfPage":{"@id":"https:\/\/news.save.ch\/lohneinbussen-bei-krankheit-werden-unterschaetzt\/#primaryimage"},"image":{"@id":"https:\/\/news.save.ch\/lohneinbussen-bei-krankheit-werden-unterschaetzt\/#primaryimage"},"thumbnailUrl":"https:\/\/news.save.ch\/wp-content\/uploads\/2016\/12\/Lohneinbussen-bei-Krankheit-werden-unterschaetzt_safety-plus.jpg","datePublished":"2016-07-06T13:49:41+00:00","dateModified":"2023-03-14T08:01:08+00:00","description":"Loss of salary: Sickness or accidents can also result in a loss of income. Many Swiss people are ill-equipped for this.","breadcrumb":{"@id":"https:\/\/news.save.ch\/lohneinbussen-bei-krankheit-werden-unterschaetzt\/#breadcrumb"},"inLanguage":"en-US","potentialAction":[{"@type":"ReadAction","target":["https:\/\/news.save.ch\/lohneinbussen-bei-krankheit-werden-unterschaetzt\/"]}]},{"@type":"ImageObject","inLanguage":"en-US","@id":"https:\/\/news.save.ch\/lohneinbussen-bei-krankheit-werden-unterschaetzt\/#primaryimage","url":"https:\/\/news.save.ch\/wp-content\/uploads\/2016\/12\/Lohneinbussen-bei-Krankheit-werden-unterschaetzt_safety-plus.jpg","contentUrl":"https:\/\/news.save.ch\/wp-content\/uploads\/2016\/12\/Lohneinbussen-bei-Krankheit-werden-unterschaetzt_safety-plus.jpg","width":1000,"height":667,"caption":"Bei einer l\u00e4ngerfristigen Erkrankung betr\u00e4gt die Rente oft nur gerade 60% des fr\u00fcheren Einkommens."},{"@type":"BreadcrumbList","@id":"https:\/\/news.save.ch\/lohneinbussen-bei-krankheit-werden-unterschaetzt\/#breadcrumb","itemListElement":[{"@type":"ListItem","position":1,"name":"Home","item":"https:\/\/news.save.ch\/de\/"},{"@type":"ListItem","position":2,"name":"Lohneinbussen bei Krankheit werden untersch\u00e4tzt"}]},{"@type":"WebSite","@id":"https:\/\/news.save.ch\/de\/#website","url":"https:\/\/news.save.ch\/de\/","name":"Save","description":"Swiss trade journal for safety","publisher":{"@id":"https:\/\/news.save.ch\/de\/#organization"},"potentialAction":[{"@type":"SearchAction","target":{"@type":"EntryPoint","urlTemplate":"https:\/\/news.save.ch\/de\/?s={search_term_string}"},"query-input":{"@type":"PropertyValueSpecification","valueRequired":true,"valueName":"search_term_string"}}],"inLanguage":"en-US"},{"@type":"Organization","@id":"https:\/\/news.save.ch\/de\/#organization","name":"Security Forum","url":"https:\/\/news.save.ch\/de\/","logo":{"@type":"ImageObject","inLanguage":"en-US","@id":"https:\/\/news.save.ch\/de\/#\/schema\/logo\/image\/","url":"https:\/\/news.save.ch\/wp-content\/uploads\/2022\/06\/Logo_SF_2012.png","contentUrl":"https:\/\/news.save.ch\/wp-content\/uploads\/2022\/06\/Logo_SF_2012.png","width":1100,"height":91,"caption":"Sicherheitsforum"},"image":{"@id":"https:\/\/news.save.ch\/de\/#\/schema\/logo\/image\/"}},{"@type":"Person","@id":"https:\/\/news.save.ch\/de\/#\/schema\/person\/d49e199490bad7c70d64b9ab51142f2b","name":"admin","image":{"@type":"ImageObject","inLanguage":"en-US","@id":"https:\/\/secure.gravatar.com\/avatar\/ae2f4d718e6c49043e314ce431e7e645d646302a24a5ef5a8bc8e3f5a032e319?s=96&d=mm&r=g","url":"https:\/\/secure.gravatar.com\/avatar\/ae2f4d718e6c49043e314ce431e7e645d646302a24a5ef5a8bc8e3f5a032e319?s=96&d=mm&r=g","contentUrl":"https:\/\/secure.gravatar.com\/avatar\/ae2f4d718e6c49043e314ce431e7e645d646302a24a5ef5a8bc8e3f5a032e319?s=96&d=mm&r=g","caption":"admin"},"sameAs":["https:\/\/develop.organisator.galledia.ch"],"url":"https:\/\/news.save.ch\/en\/author\/admin\/"}]}},"_links":{"self":[{"href":"https:\/\/news.save.ch\/en\/wp-json\/wp\/v2\/posts\/1444","targetHints":{"allow":["GET"]}}],"collection":[{"href":"https:\/\/news.save.ch\/en\/wp-json\/wp\/v2\/posts"}],"about":[{"href":"https:\/\/news.save.ch\/en\/wp-json\/wp\/v2\/types\/post"}],"author":[{"embeddable":true,"href":"https:\/\/news.save.ch\/en\/wp-json\/wp\/v2\/users\/1"}],"replies":[{"embeddable":true,"href":"https:\/\/news.save.ch\/en\/wp-json\/wp\/v2\/comments?post=1444"}],"version-history":[{"count":1,"href":"https:\/\/news.save.ch\/en\/wp-json\/wp\/v2\/posts\/1444\/revisions"}],"predecessor-version":[{"id":18366,"href":"https:\/\/news.save.ch\/en\/wp-json\/wp\/v2\/posts\/1444\/revisions\/18366"}],"wp:featuredmedia":[{"embeddable":true,"href":"https:\/\/news.save.ch\/en\/wp-json\/wp\/v2\/media\/16114"}],"wp:attachment":[{"href":"https:\/\/news.save.ch\/en\/wp-json\/wp\/v2\/media?parent=1444"}],"wp:term":[{"taxonomy":"category","embeddable":true,"href":"https:\/\/news.save.ch\/en\/wp-json\/wp\/v2\/categories?post=1444"},{"taxonomy":"post_tag","embeddable":true,"href":"https:\/\/news.save.ch\/en\/wp-json\/wp\/v2\/tags?post=1444"}],"curies":[{"name":"wp","href":"https:\/\/api.w.org\/{rel}","templated":true}]}}