{"id":1450,"date":"2016-07-12T16:01:51","date_gmt":"2016-07-12T14:01:51","guid":{"rendered":"http:\/\/dev.safety-plus.ch\/?p=964"},"modified":"2023-03-14T09:05:13","modified_gmt":"2023-03-14T08:05:13","slug":"velohelm-tragquote-steigt","status":null,"type":"post","link":"https:\/\/news.save.ch\/en\/velohelm-tragquote-steigt\/","title":{"rendered":"Bike helmet wearing rate increases"},"content":{"rendered":"<figure id=\"attachment_965\" aria-describedby=\"caption-attachment-965\" style=\"width: 680px\" class=\"wp-caption alignnone\"><img loading=\"lazy\" decoding=\"async\" class=\"wp-image-965 size-medium\" src=\"http:\/\/develop.safety-plus.ch\/wp-content\/uploads\/2016\/12\/Velohelm-Tragquote-steigt_safety-plus.jpg\" width=\"680\" height=\"454\" \/><figcaption id=\"caption-attachment-965\" class=\"wp-caption-text\">Positive development: Half of all cyclists now wear a bicycle helmet.<\/figcaption><\/figure>\n<p>At 49 %, the helmet-wearing rate among cyclists is slightly higher than in the previous year, when 47 % were recorded (2014: 43 %). Both genders contributed to this increase, with the wearing rate for men (52 %) still significantly higher than for women (46 %).<\/p>\n<p>This is shown by this year's 2016 count by the BFU accident prevention advisory office. More than 7,000 cyclists were recorded at 67 counting points and helmet use, purpose of riding, bicycle type, age and gender were recorded.<\/p>\n<p>Particularly pleasing: while only 14% of cyclists wore a helmet in the first count in 1998, today almost half do.<\/p>\n<figure id=\"attachment_966\" aria-describedby=\"caption-attachment-966\" style=\"width: 680px\" class=\"wp-caption alignnone\"><img loading=\"lazy\" decoding=\"async\" class=\"wp-image-966 size-medium\" src=\"http:\/\/develop.safety-plus.ch\/wp-content\/uploads\/2016\/12\/Velohelm-Tragquote-steigt_safety-plus-2.jpg\" width=\"680\" height=\"448\" \/><figcaption id=\"caption-attachment-966\" class=\"wp-caption-text\">A success story: the wear rate has multiplied since 1998 from around 15% to almost 50%. (Graphic: BFU)<\/figcaption><\/figure>\n<p>For children up to 14 years of age, the carrying rate increased to 69 % in 2016. This means that after an unpleasant decline - especially in 2013 and 2014 - the rate is back at the level of 2010. Children are exposed to a higher risk of accidents when riding a bicycle because their cognitive and motor skills are not yet fully developed and they are still inexperienced in traffic. Therefore, it is especially important for them to protect their heads. The BFU will continue to promote specific awareness-raising measures for the benefit of parents, schools and clubs. In addition, local authorities can make it compulsory to wear a bicycle helmet on the way to school.<\/p>\n<p>Since July 1, 2012, it has been mandatory to wear a bicycle helmet when riding fast e-bikes (with a pedal assistance of 25 to 45 km\/h). Today, the observed wearing rate for this vehicle category is an unsatisfactory 86 %. For slower e-bikes, which are becoming increasingly popular, not least among older people, the carrying rate is 60 % (2015: 67 %). Here, the Federal Council, in agreement with the BFU, also recommends always wearing a bicycle helmet in accordance with the EN 1078 standard for safety reasons.<\/p>\n<p>Since the safety benefits of the bicycle helmet have been scientifically proven, the BFU will continue to conduct prevention campaigns to promote the voluntary and proper wearing of helmets. Only when the bicycle helmet fits correctly does it reduce the risk of serious head injury: Two finger widths above the root of the nose, side straps equally full, space for a finger between the chin and the strap.<\/p>","protected":false},"excerpt":{"rendered":"<p>Mit 49 % f\u00e4llt die Helmtragquote der Radfahrenden etwas h\u00f6her aus als im Vorjahr, in dem 47 % verzeichnet wurden (2014: 43 %). Zu diesem Anstieg haben beide Geschlechter beigetragen, wobei die Tragquote bei den M\u00e4nnern (52 %) immer noch deutlich h\u00f6her liegt als bei den Frauen (46 %). Dies zeigt die diesj\u00e4hrige\u00a0Z\u00e4hlung 2016 der [&hellip;]<\/p>\n","protected":false},"author":1,"featured_media":16117,"comment_status":"open","ping_status":"open","sticky":false,"template":"","format":"standard","meta":{"_acf_changed":false,"pgc_sgb_lightbox_settings":"","footnotes":""},"categories":[1,3314],"tags":[175,2669,176],"class_list":["post-1450","post","type-post","status-publish","format-standard","has-post-thumbnail","hentry","category-allgemein","category-health-safety","tag-nichtberufsunfaelle","tag-persoenliche-schutzausruestung-psa","tag-sportunfaelle"],"acf":[],"hkrextid":null,"publication":null,"issue":null,"workflow":null,"startPage":null,"spitzmarke":null,"_posts_by_tag_page_fields":{"widget_title":"","widget_tags":""},"_at_widget":"1","_yoast_wpseo_primary_category":"529","_yoast_wpseo_focuskw_text_input":"Velohelm","_yoast_wpseo_opengraph-image":null,"_yoast_wpseo_opengraph-description":null,"_yoast_wpseo_opengraph-title":null,"enclosure":null,"_yoast_wpseo_twitter-title":null,"_yoast_wpseo_twitter-description":null,"_yoast_wpseo_twitter-image":null,"_wp_old_slug":null,"_yoast_wpseo_title":null,"_yoast_wpseo_canonical":null,"yoast_head":"<!-- This site is optimized with the Yoast SEO plugin v27.5 - https:\/\/yoast.com\/product\/yoast-seo-wordpress\/ -->\n<title>Velohelm-Tragquote steigt - Save<\/title>\n<meta name=\"description\" content=\"Velohelm: Knapp die H\u00e4lfte der Velofahrer tr\u00e4gt heute einen Helm. Bei den Kindern sind es sogar \u00fcber zwei Drittel.\" \/>\n<meta name=\"robots\" content=\"index, follow, max-snippet:-1, max-image-preview:large, max-video-preview:-1\" \/>\n<link rel=\"canonical\" href=\"https:\/\/news.save.ch\/en\/velohelm-tragquote-steigt\/\" \/>\n<meta property=\"og:locale\" content=\"en_US\" \/>\n<meta property=\"og:type\" content=\"article\" \/>\n<meta property=\"og:title\" content=\"Velohelm-Tragquote steigt - Save\" \/>\n<meta property=\"og:description\" content=\"Velohelm: Knapp die H\u00e4lfte der Velofahrer tr\u00e4gt heute einen Helm. Bei den Kindern sind es sogar \u00fcber zwei Drittel.\" \/>\n<meta property=\"og:url\" content=\"https:\/\/news.save.ch\/en\/velohelm-tragquote-steigt\/\" \/>\n<meta property=\"og:site_name\" content=\"Save\" \/>\n<meta property=\"article:published_time\" content=\"2016-07-12T14:01:51+00:00\" \/>\n<meta property=\"article:modified_time\" content=\"2023-03-14T08:05:13+00:00\" \/>\n<meta property=\"og:image\" content=\"https:\/\/news.save.ch\/wp-content\/uploads\/2016\/12\/Velohelm-Tragquote-steigt_safety-plus.jpg\" \/>\n\t<meta property=\"og:image:width\" content=\"1000\" \/>\n\t<meta property=\"og:image:height\" content=\"667\" \/>\n\t<meta property=\"og:image:type\" content=\"image\/jpeg\" \/>\n<meta name=\"author\" content=\"admin\" \/>\n<meta name=\"twitter:card\" content=\"summary_large_image\" \/>\n<meta name=\"twitter:label1\" content=\"Written by\" \/>\n\t<meta name=\"twitter:data1\" content=\"admin\" \/>\n\t<meta name=\"twitter:label2\" content=\"Est. reading time\" \/>\n\t<meta name=\"twitter:data2\" content=\"2 minutes\" \/>\n<script type=\"application\/ld+json\" class=\"yoast-schema-graph\">{\"@context\":\"https:\\\/\\\/schema.org\",\"@graph\":[{\"@type\":\"Article\",\"@id\":\"https:\\\/\\\/news.save.ch\\\/velohelm-tragquote-steigt\\\/#article\",\"isPartOf\":{\"@id\":\"https:\\\/\\\/news.save.ch\\\/velohelm-tragquote-steigt\\\/\"},\"author\":{\"name\":\"admin\",\"@id\":\"https:\\\/\\\/news.save.ch\\\/de\\\/#\\\/schema\\\/person\\\/d49e199490bad7c70d64b9ab51142f2b\"},\"headline\":\"Velohelm-Tragquote steigt\",\"datePublished\":\"2016-07-12T14:01:51+00:00\",\"dateModified\":\"2023-03-14T08:05:13+00:00\",\"mainEntityOfPage\":{\"@id\":\"https:\\\/\\\/news.save.ch\\\/velohelm-tragquote-steigt\\\/\"},\"wordCount\":374,\"commentCount\":0,\"publisher\":{\"@id\":\"https:\\\/\\\/news.save.ch\\\/de\\\/#organization\"},\"image\":{\"@id\":\"https:\\\/\\\/news.save.ch\\\/velohelm-tragquote-steigt\\\/#primaryimage\"},\"thumbnailUrl\":\"https:\\\/\\\/news.save.ch\\\/wp-content\\\/uploads\\\/2016\\\/12\\\/Velohelm-Tragquote-steigt_safety-plus.jpg\",\"keywords\":[\"Nichtberufsunf\u00e4lle\",\"Pers\u00f6nliche Schutzausr\u00fcstung (PSA)\",\"Sportunf\u00e4lle\"],\"articleSection\":[\"ALLGEMEIN\",\"HEALTH &amp; SAFETY\"],\"inLanguage\":\"en-US\"},{\"@type\":\"WebPage\",\"@id\":\"https:\\\/\\\/news.save.ch\\\/velohelm-tragquote-steigt\\\/\",\"url\":\"https:\\\/\\\/news.save.ch\\\/velohelm-tragquote-steigt\\\/\",\"name\":\"Velohelm-Tragquote steigt - Save\",\"isPartOf\":{\"@id\":\"https:\\\/\\\/news.save.ch\\\/de\\\/#website\"},\"primaryImageOfPage\":{\"@id\":\"https:\\\/\\\/news.save.ch\\\/velohelm-tragquote-steigt\\\/#primaryimage\"},\"image\":{\"@id\":\"https:\\\/\\\/news.save.ch\\\/velohelm-tragquote-steigt\\\/#primaryimage\"},\"thumbnailUrl\":\"https:\\\/\\\/news.save.ch\\\/wp-content\\\/uploads\\\/2016\\\/12\\\/Velohelm-Tragquote-steigt_safety-plus.jpg\",\"datePublished\":\"2016-07-12T14:01:51+00:00\",\"dateModified\":\"2023-03-14T08:05:13+00:00\",\"description\":\"Velohelm: Knapp die H\u00e4lfte der Velofahrer tr\u00e4gt heute einen Helm. Bei den Kindern sind es sogar \u00fcber zwei Drittel.\",\"breadcrumb\":{\"@id\":\"https:\\\/\\\/news.save.ch\\\/velohelm-tragquote-steigt\\\/#breadcrumb\"},\"inLanguage\":\"en-US\",\"potentialAction\":[{\"@type\":\"ReadAction\",\"target\":[\"https:\\\/\\\/news.save.ch\\\/velohelm-tragquote-steigt\\\/\"]}]},{\"@type\":\"ImageObject\",\"inLanguage\":\"en-US\",\"@id\":\"https:\\\/\\\/news.save.ch\\\/velohelm-tragquote-steigt\\\/#primaryimage\",\"url\":\"https:\\\/\\\/news.save.ch\\\/wp-content\\\/uploads\\\/2016\\\/12\\\/Velohelm-Tragquote-steigt_safety-plus.jpg\",\"contentUrl\":\"https:\\\/\\\/news.save.ch\\\/wp-content\\\/uploads\\\/2016\\\/12\\\/Velohelm-Tragquote-steigt_safety-plus.jpg\",\"width\":1000,\"height\":667,\"caption\":\"Positive Entwicklung: Bei der H\u00e4lfte der Velofahrer ist heute der Velohelm mit dabei.\"},{\"@type\":\"BreadcrumbList\",\"@id\":\"https:\\\/\\\/news.save.ch\\\/velohelm-tragquote-steigt\\\/#breadcrumb\",\"itemListElement\":[{\"@type\":\"ListItem\",\"position\":1,\"name\":\"Home\",\"item\":\"https:\\\/\\\/news.save.ch\\\/de\\\/\"},{\"@type\":\"ListItem\",\"position\":2,\"name\":\"Velohelm-Tragquote steigt\"}]},{\"@type\":\"WebSite\",\"@id\":\"https:\\\/\\\/news.save.ch\\\/de\\\/#website\",\"url\":\"https:\\\/\\\/news.save.ch\\\/de\\\/\",\"name\":\"Save\",\"description\":\"Schweizer Fachzeitschrift f\u00fcr Sicherheit\",\"publisher\":{\"@id\":\"https:\\\/\\\/news.save.ch\\\/de\\\/#organization\"},\"potentialAction\":[{\"@type\":\"SearchAction\",\"target\":{\"@type\":\"EntryPoint\",\"urlTemplate\":\"https:\\\/\\\/news.save.ch\\\/de\\\/?s={search_term_string}\"},\"query-input\":{\"@type\":\"PropertyValueSpecification\",\"valueRequired\":true,\"valueName\":\"search_term_string\"}}],\"inLanguage\":\"en-US\"},{\"@type\":\"Organization\",\"@id\":\"https:\\\/\\\/news.save.ch\\\/de\\\/#organization\",\"name\":\"Sicherheitsforum\",\"url\":\"https:\\\/\\\/news.save.ch\\\/de\\\/\",\"logo\":{\"@type\":\"ImageObject\",\"inLanguage\":\"en-US\",\"@id\":\"https:\\\/\\\/news.save.ch\\\/de\\\/#\\\/schema\\\/logo\\\/image\\\/\",\"url\":\"https:\\\/\\\/news.save.ch\\\/wp-content\\\/uploads\\\/2022\\\/06\\\/Logo_SF_2012.png\",\"contentUrl\":\"https:\\\/\\\/news.save.ch\\\/wp-content\\\/uploads\\\/2022\\\/06\\\/Logo_SF_2012.png\",\"width\":1100,\"height\":91,\"caption\":\"Sicherheitsforum\"},\"image\":{\"@id\":\"https:\\\/\\\/news.save.ch\\\/de\\\/#\\\/schema\\\/logo\\\/image\\\/\"}},{\"@type\":\"Person\",\"@id\":\"https:\\\/\\\/news.save.ch\\\/de\\\/#\\\/schema\\\/person\\\/d49e199490bad7c70d64b9ab51142f2b\",\"name\":\"admin\",\"image\":{\"@type\":\"ImageObject\",\"inLanguage\":\"en-US\",\"@id\":\"https:\\\/\\\/secure.gravatar.com\\\/avatar\\\/ae2f4d718e6c49043e314ce431e7e645d646302a24a5ef5a8bc8e3f5a032e319?s=96&d=mm&r=g\",\"url\":\"https:\\\/\\\/secure.gravatar.com\\\/avatar\\\/ae2f4d718e6c49043e314ce431e7e645d646302a24a5ef5a8bc8e3f5a032e319?s=96&d=mm&r=g\",\"contentUrl\":\"https:\\\/\\\/secure.gravatar.com\\\/avatar\\\/ae2f4d718e6c49043e314ce431e7e645d646302a24a5ef5a8bc8e3f5a032e319?s=96&d=mm&r=g\",\"caption\":\"admin\"},\"sameAs\":[\"https:\\\/\\\/develop.organisator.galledia.ch\"],\"url\":\"https:\\\/\\\/news.save.ch\\\/en\\\/author\\\/admin\\\/\"}]}<\/script>\n<!-- \/ Yoast SEO plugin. -->","yoast_head_json":{"title":"Bike helmet wearing rate increases - Save","description":"Bicycle helmet: Almost half of all cyclists wear a helmet today. Among children, the figure is over two-thirds.","robots":{"index":"index","follow":"follow","max-snippet":"max-snippet:-1","max-image-preview":"max-image-preview:large","max-video-preview":"max-video-preview:-1"},"canonical":"https:\/\/news.save.ch\/en\/velohelm-tragquote-steigt\/","og_locale":"en_US","og_type":"article","og_title":"Velohelm-Tragquote steigt - Save","og_description":"Velohelm: Knapp die H\u00e4lfte der Velofahrer tr\u00e4gt heute einen Helm. Bei den Kindern sind es sogar \u00fcber zwei Drittel.","og_url":"https:\/\/news.save.ch\/en\/velohelm-tragquote-steigt\/","og_site_name":"Save","article_published_time":"2016-07-12T14:01:51+00:00","article_modified_time":"2023-03-14T08:05:13+00:00","og_image":[{"width":1000,"height":667,"url":"https:\/\/news.save.ch\/wp-content\/uploads\/2016\/12\/Velohelm-Tragquote-steigt_safety-plus.jpg","type":"image\/jpeg"}],"author":"admin","twitter_card":"summary_large_image","twitter_misc":{"Written by":"admin","Est. reading time":"2 minutes"},"schema":{"@context":"https:\/\/schema.org","@graph":[{"@type":"Article","@id":"https:\/\/news.save.ch\/velohelm-tragquote-steigt\/#article","isPartOf":{"@id":"https:\/\/news.save.ch\/velohelm-tragquote-steigt\/"},"author":{"name":"admin","@id":"https:\/\/news.save.ch\/de\/#\/schema\/person\/d49e199490bad7c70d64b9ab51142f2b"},"headline":"Velohelm-Tragquote steigt","datePublished":"2016-07-12T14:01:51+00:00","dateModified":"2023-03-14T08:05:13+00:00","mainEntityOfPage":{"@id":"https:\/\/news.save.ch\/velohelm-tragquote-steigt\/"},"wordCount":374,"commentCount":0,"publisher":{"@id":"https:\/\/news.save.ch\/de\/#organization"},"image":{"@id":"https:\/\/news.save.ch\/velohelm-tragquote-steigt\/#primaryimage"},"thumbnailUrl":"https:\/\/news.save.ch\/wp-content\/uploads\/2016\/12\/Velohelm-Tragquote-steigt_safety-plus.jpg","keywords":["Nichtberufsunf\u00e4lle","Pers\u00f6nliche Schutzausr\u00fcstung (PSA)","Sportunf\u00e4lle"],"articleSection":["ALLGEMEIN","HEALTH &amp; SAFETY"],"inLanguage":"en-US"},{"@type":"WebPage","@id":"https:\/\/news.save.ch\/velohelm-tragquote-steigt\/","url":"https:\/\/news.save.ch\/velohelm-tragquote-steigt\/","name":"Bike helmet wearing rate increases - Save","isPartOf":{"@id":"https:\/\/news.save.ch\/de\/#website"},"primaryImageOfPage":{"@id":"https:\/\/news.save.ch\/velohelm-tragquote-steigt\/#primaryimage"},"image":{"@id":"https:\/\/news.save.ch\/velohelm-tragquote-steigt\/#primaryimage"},"thumbnailUrl":"https:\/\/news.save.ch\/wp-content\/uploads\/2016\/12\/Velohelm-Tragquote-steigt_safety-plus.jpg","datePublished":"2016-07-12T14:01:51+00:00","dateModified":"2023-03-14T08:05:13+00:00","description":"Bicycle helmet: Almost half of all cyclists wear a helmet today. Among children, the figure is over two-thirds.","breadcrumb":{"@id":"https:\/\/news.save.ch\/velohelm-tragquote-steigt\/#breadcrumb"},"inLanguage":"en-US","potentialAction":[{"@type":"ReadAction","target":["https:\/\/news.save.ch\/velohelm-tragquote-steigt\/"]}]},{"@type":"ImageObject","inLanguage":"en-US","@id":"https:\/\/news.save.ch\/velohelm-tragquote-steigt\/#primaryimage","url":"https:\/\/news.save.ch\/wp-content\/uploads\/2016\/12\/Velohelm-Tragquote-steigt_safety-plus.jpg","contentUrl":"https:\/\/news.save.ch\/wp-content\/uploads\/2016\/12\/Velohelm-Tragquote-steigt_safety-plus.jpg","width":1000,"height":667,"caption":"Positive Entwicklung: Bei der H\u00e4lfte der Velofahrer ist heute der Velohelm mit dabei."},{"@type":"BreadcrumbList","@id":"https:\/\/news.save.ch\/velohelm-tragquote-steigt\/#breadcrumb","itemListElement":[{"@type":"ListItem","position":1,"name":"Home","item":"https:\/\/news.save.ch\/de\/"},{"@type":"ListItem","position":2,"name":"Velohelm-Tragquote steigt"}]},{"@type":"WebSite","@id":"https:\/\/news.save.ch\/de\/#website","url":"https:\/\/news.save.ch\/de\/","name":"Save","description":"Swiss trade journal for safety","publisher":{"@id":"https:\/\/news.save.ch\/de\/#organization"},"potentialAction":[{"@type":"SearchAction","target":{"@type":"EntryPoint","urlTemplate":"https:\/\/news.save.ch\/de\/?s={search_term_string}"},"query-input":{"@type":"PropertyValueSpecification","valueRequired":true,"valueName":"search_term_string"}}],"inLanguage":"en-US"},{"@type":"Organization","@id":"https:\/\/news.save.ch\/de\/#organization","name":"Security Forum","url":"https:\/\/news.save.ch\/de\/","logo":{"@type":"ImageObject","inLanguage":"en-US","@id":"https:\/\/news.save.ch\/de\/#\/schema\/logo\/image\/","url":"https:\/\/news.save.ch\/wp-content\/uploads\/2022\/06\/Logo_SF_2012.png","contentUrl":"https:\/\/news.save.ch\/wp-content\/uploads\/2022\/06\/Logo_SF_2012.png","width":1100,"height":91,"caption":"Sicherheitsforum"},"image":{"@id":"https:\/\/news.save.ch\/de\/#\/schema\/logo\/image\/"}},{"@type":"Person","@id":"https:\/\/news.save.ch\/de\/#\/schema\/person\/d49e199490bad7c70d64b9ab51142f2b","name":"admin","image":{"@type":"ImageObject","inLanguage":"en-US","@id":"https:\/\/secure.gravatar.com\/avatar\/ae2f4d718e6c49043e314ce431e7e645d646302a24a5ef5a8bc8e3f5a032e319?s=96&d=mm&r=g","url":"https:\/\/secure.gravatar.com\/avatar\/ae2f4d718e6c49043e314ce431e7e645d646302a24a5ef5a8bc8e3f5a032e319?s=96&d=mm&r=g","contentUrl":"https:\/\/secure.gravatar.com\/avatar\/ae2f4d718e6c49043e314ce431e7e645d646302a24a5ef5a8bc8e3f5a032e319?s=96&d=mm&r=g","caption":"admin"},"sameAs":["https:\/\/develop.organisator.galledia.ch"],"url":"https:\/\/news.save.ch\/en\/author\/admin\/"}]}},"_links":{"self":[{"href":"https:\/\/news.save.ch\/en\/wp-json\/wp\/v2\/posts\/1450","targetHints":{"allow":["GET"]}}],"collection":[{"href":"https:\/\/news.save.ch\/en\/wp-json\/wp\/v2\/posts"}],"about":[{"href":"https:\/\/news.save.ch\/en\/wp-json\/wp\/v2\/types\/post"}],"author":[{"embeddable":true,"href":"https:\/\/news.save.ch\/en\/wp-json\/wp\/v2\/users\/1"}],"replies":[{"embeddable":true,"href":"https:\/\/news.save.ch\/en\/wp-json\/wp\/v2\/comments?post=1450"}],"version-history":[{"count":1,"href":"https:\/\/news.save.ch\/en\/wp-json\/wp\/v2\/posts\/1450\/revisions"}],"predecessor-version":[{"id":19009,"href":"https:\/\/news.save.ch\/en\/wp-json\/wp\/v2\/posts\/1450\/revisions\/19009"}],"wp:featuredmedia":[{"embeddable":true,"href":"https:\/\/news.save.ch\/en\/wp-json\/wp\/v2\/media\/16117"}],"wp:attachment":[{"href":"https:\/\/news.save.ch\/en\/wp-json\/wp\/v2\/media?parent=1450"}],"wp:term":[{"taxonomy":"category","embeddable":true,"href":"https:\/\/news.save.ch\/en\/wp-json\/wp\/v2\/categories?post=1450"},{"taxonomy":"post_tag","embeddable":true,"href":"https:\/\/news.save.ch\/en\/wp-json\/wp\/v2\/tags?post=1450"}],"curies":[{"name":"wp","href":"https:\/\/api.w.org\/{rel}","templated":true}]}}