{"id":1451,"date":"2016-07-19T09:33:27","date_gmt":"2016-07-19T07:33:27","guid":{"rendered":"https:\/\/dev.sicherheitsforum.ch\/?p=1451"},"modified":"2023-03-14T08:57:16","modified_gmt":"2023-03-14T07:57:16","slug":"united-security-providers-verwaltungsrat-verstaerkt","status":null,"type":"post","link":"https:\/\/news.save.ch\/en\/united-security-providers-verwaltungsrat-verstaerkt\/","title":{"rendered":"United Security Providers: Board of Directors strengthened"},"content":{"rendered":"<figure id=\"attachment_1452\" aria-describedby=\"caption-attachment-1452\" style=\"width: 680px\" class=\"wp-caption alignnone\"><img loading=\"lazy\" decoding=\"async\" class=\"size-medium wp-image-1452\" src=\"https:\/\/sicherheitsforum.ch\/wp-content\/uploads\/2016\/12\/United-Security-Providers-Verwaltungsrat-verst\u00e4rkt-it-security.jpg\" alt=\"\" width=\"680\" height=\"453\" \/><figcaption id=\"caption-attachment-1452\" class=\"wp-caption-text\">Hannes Lubich<\/figcaption><\/figure>\n<figure id=\"attachment_1453\" aria-describedby=\"caption-attachment-1453\" style=\"width: 680px\" class=\"wp-caption alignnone\"><img loading=\"lazy\" decoding=\"async\" class=\"size-medium wp-image-1453\" src=\"https:\/\/sicherheitsforum.ch\/wp-content\/uploads\/2016\/12\/United-Security-Providers-Verwaltungsrat-verst\u00e4rkt2-it-security.jpg\" alt=\"\" width=\"680\" height=\"453\" \/><figcaption id=\"caption-attachment-1453\" class=\"wp-caption-text\">Pyrros Koussios<\/figcaption><\/figure>\n<p>The two experts Hannes Lubich and Pyrros Koussios will be <a href=\"https:\/\/www.united-security-providers.com\" target=\"_blank\" rel=\"noreferrer noopener\" data-cke-saved-href=\"https:\/\/www.united-security-providers.com\">United Security Providers<\/a> in the further development of the corporate strategy, the optimal alignment of the portfolio with market needs and in the further internationalization of the company, as the IT company writes.<\/p>\n<p>\"United Security Providers has in-depth competencies both in product development and in the monitoring and maintenance of security-critical ICT environments. This mix of products and services as well as the focus on the relevant core competencies and the extensive partner network makes United Security Providers a relevant and attractive player in the security market,\" Hannes Lubich explains his commitment to the Board of Directors of United Security Providers.<\/p>\n<p>Lubich is a professor of computer science at the School of Engineering at the University of Applied Sciences Northwestern Switzerland FHNW. Pyrros Koussios is an internationally experienced investor and entrepreneur in the field of information technology and security, according to United Security Providers. He currently manages his own investment fund.<\/p>\n<p>&nbsp;<\/p>","protected":false},"excerpt":{"rendered":"<p>Die beiden Experten Hannes Lubich und Pyrros Koussios werden United Security Providers in der Weiterentwicklung der Unternehmensstrategie, der optimalen Ausrichtung des Portfolios auf die Marktbed\u00fcrfnisse und bei der weiteren Internationalisierung des Unternehmens unterst\u00fctzen, wie das IT-Unternehmen schreibt. \u00abUnited Security Providers verf\u00fcgt \u00fcber vertiefte Kompetenzen sowohl in der Produktentwicklung als auch in der \u00dcberwachung und Wartung [&hellip;]<\/p>\n","protected":false},"author":1,"featured_media":1452,"comment_status":"open","ping_status":"open","sticky":false,"template":"","format":"standard","meta":{"_acf_changed":false,"pgc_sgb_lightbox_settings":"","footnotes":""},"categories":[3313],"tags":[62,63,65],"class_list":["post-1451","post","type-post","status-publish","format-standard","has-post-thumbnail","hentry","category-digitalisierung","tag-ict-sicherheit","tag-it-security","tag-unternehmen"],"acf":[],"hkrextid":null,"publication":null,"issue":null,"workflow":null,"startPage":null,"spitzmarke":null,"_posts_by_tag_page_fields":{"widget_title":"","widget_tags":""},"_at_widget":"1","_yoast_wpseo_primary_category":"2","_yoast_wpseo_focuskw_text_input":"Verwaltungsrat","_yoast_wpseo_opengraph-image":"https:\/\/news.save.ch\/wp-content\/uploads\/2016\/12\/United-Security-Providers-Verwaltungsrat-verst\u00e4rkt-it-security.jpg","_yoast_wpseo_opengraph-description":"United Security Providers hat zwei neue Mitglieder in den Veraltungsrat gew\u00e4hlt. Hannes Lubich und Pyrros Koussios werden Mitglied des Verwaltungsrats des Schweizer IT-Sicherheitsspezialisten.","_yoast_wpseo_opengraph-title":"United Security Providers: Verwaltungsrat verst\u00e4rkt","enclosure":null,"_yoast_wpseo_twitter-title":null,"_yoast_wpseo_twitter-description":null,"_yoast_wpseo_twitter-image":null,"_wp_old_slug":null,"_yoast_wpseo_title":null,"_yoast_wpseo_canonical":null,"yoast_head":"<!-- This site is optimized with the Yoast SEO plugin v27.5 - https:\/\/yoast.com\/product\/yoast-seo-wordpress\/ -->\n<title>United Security Providers: Verwaltungsrat verst\u00e4rkt - Save<\/title>\n<meta name=\"description\" content=\"United Security Providers hat zwei neue Mitglieder in den Verwaltungsrat gew\u00e4hlt.\" \/>\n<meta name=\"robots\" content=\"index, follow, max-snippet:-1, max-image-preview:large, max-video-preview:-1\" \/>\n<link rel=\"canonical\" href=\"https:\/\/news.save.ch\/en\/united-security-providers-verwaltungsrat-verstaerkt\/\" \/>\n<meta property=\"og:locale\" content=\"en_US\" \/>\n<meta property=\"og:type\" content=\"article\" \/>\n<meta property=\"og:title\" content=\"United Security Providers: Verwaltungsrat verst\u00e4rkt\" \/>\n<meta property=\"og:description\" content=\"United Security Providers hat zwei neue Mitglieder in den Veraltungsrat gew\u00e4hlt. Hannes Lubich und Pyrros Koussios werden Mitglied des Verwaltungsrats des Schweizer IT-Sicherheitsspezialisten.\" \/>\n<meta property=\"og:url\" content=\"https:\/\/news.save.ch\/en\/united-security-providers-verwaltungsrat-verstaerkt\/\" \/>\n<meta property=\"og:site_name\" content=\"Save\" \/>\n<meta property=\"article:published_time\" content=\"2016-07-19T07:33:27+00:00\" \/>\n<meta property=\"article:modified_time\" content=\"2023-03-14T07:57:16+00:00\" \/>\n<meta property=\"og:image\" content=\"https:\/\/news.save.ch\/wp-content\/uploads\/2016\/12\/United-Security-Providers-Verwaltungsrat-verst\u00e4rkt-it-security.jpg\" \/>\n<meta name=\"author\" content=\"admin\" \/>\n<meta name=\"twitter:card\" content=\"summary_large_image\" \/>\n<meta name=\"twitter:label1\" content=\"Written by\" \/>\n\t<meta name=\"twitter:data1\" content=\"admin\" \/>\n\t<meta name=\"twitter:label2\" content=\"Est. reading time\" \/>\n\t<meta name=\"twitter:data2\" content=\"1 minute\" \/>\n<script type=\"application\/ld+json\" class=\"yoast-schema-graph\">{\"@context\":\"https:\\\/\\\/schema.org\",\"@graph\":[{\"@type\":\"Article\",\"@id\":\"https:\\\/\\\/news.save.ch\\\/united-security-providers-verwaltungsrat-verstaerkt\\\/#article\",\"isPartOf\":{\"@id\":\"https:\\\/\\\/news.save.ch\\\/united-security-providers-verwaltungsrat-verstaerkt\\\/\"},\"author\":{\"name\":\"admin\",\"@id\":\"https:\\\/\\\/news.save.ch\\\/de\\\/#\\\/schema\\\/person\\\/d49e199490bad7c70d64b9ab51142f2b\"},\"headline\":\"United Security Providers: Verwaltungsrat verst\u00e4rkt\",\"datePublished\":\"2016-07-19T07:33:27+00:00\",\"dateModified\":\"2023-03-14T07:57:16+00:00\",\"mainEntityOfPage\":{\"@id\":\"https:\\\/\\\/news.save.ch\\\/united-security-providers-verwaltungsrat-verstaerkt\\\/\"},\"wordCount\":168,\"commentCount\":0,\"publisher\":{\"@id\":\"https:\\\/\\\/news.save.ch\\\/de\\\/#organization\"},\"image\":{\"@id\":\"https:\\\/\\\/news.save.ch\\\/united-security-providers-verwaltungsrat-verstaerkt\\\/#primaryimage\"},\"thumbnailUrl\":\"https:\\\/\\\/news.save.ch\\\/wp-content\\\/uploads\\\/2016\\\/12\\\/United-Security-Providers-Verwaltungsrat-verstaerkt-it-security-scaled-1-scaled.jpg\",\"keywords\":[\"ICT-Sicherheit\",\"IT-SECURITY\",\"Unternehmen\"],\"articleSection\":[\"DIGITALISIERUNG\"],\"inLanguage\":\"en-US\"},{\"@type\":\"WebPage\",\"@id\":\"https:\\\/\\\/news.save.ch\\\/united-security-providers-verwaltungsrat-verstaerkt\\\/\",\"url\":\"https:\\\/\\\/news.save.ch\\\/united-security-providers-verwaltungsrat-verstaerkt\\\/\",\"name\":\"United Security Providers: Verwaltungsrat verst\u00e4rkt - Save\",\"isPartOf\":{\"@id\":\"https:\\\/\\\/news.save.ch\\\/de\\\/#website\"},\"primaryImageOfPage\":{\"@id\":\"https:\\\/\\\/news.save.ch\\\/united-security-providers-verwaltungsrat-verstaerkt\\\/#primaryimage\"},\"image\":{\"@id\":\"https:\\\/\\\/news.save.ch\\\/united-security-providers-verwaltungsrat-verstaerkt\\\/#primaryimage\"},\"thumbnailUrl\":\"https:\\\/\\\/news.save.ch\\\/wp-content\\\/uploads\\\/2016\\\/12\\\/United-Security-Providers-Verwaltungsrat-verstaerkt-it-security-scaled-1-scaled.jpg\",\"datePublished\":\"2016-07-19T07:33:27+00:00\",\"dateModified\":\"2023-03-14T07:57:16+00:00\",\"description\":\"United Security Providers hat zwei neue Mitglieder in den Verwaltungsrat gew\u00e4hlt.\",\"breadcrumb\":{\"@id\":\"https:\\\/\\\/news.save.ch\\\/united-security-providers-verwaltungsrat-verstaerkt\\\/#breadcrumb\"},\"inLanguage\":\"en-US\",\"potentialAction\":[{\"@type\":\"ReadAction\",\"target\":[\"https:\\\/\\\/news.save.ch\\\/united-security-providers-verwaltungsrat-verstaerkt\\\/\"]}]},{\"@type\":\"ImageObject\",\"inLanguage\":\"en-US\",\"@id\":\"https:\\\/\\\/news.save.ch\\\/united-security-providers-verwaltungsrat-verstaerkt\\\/#primaryimage\",\"url\":\"https:\\\/\\\/news.save.ch\\\/wp-content\\\/uploads\\\/2016\\\/12\\\/United-Security-Providers-Verwaltungsrat-verstaerkt-it-security-scaled-1-scaled.jpg\",\"contentUrl\":\"https:\\\/\\\/news.save.ch\\\/wp-content\\\/uploads\\\/2016\\\/12\\\/United-Security-Providers-Verwaltungsrat-verstaerkt-it-security-scaled-1-scaled.jpg\",\"width\":1400,\"height\":934,\"caption\":\"Hannes Lubich\"},{\"@type\":\"BreadcrumbList\",\"@id\":\"https:\\\/\\\/news.save.ch\\\/united-security-providers-verwaltungsrat-verstaerkt\\\/#breadcrumb\",\"itemListElement\":[{\"@type\":\"ListItem\",\"position\":1,\"name\":\"Home\",\"item\":\"https:\\\/\\\/news.save.ch\\\/de\\\/\"},{\"@type\":\"ListItem\",\"position\":2,\"name\":\"United Security Providers: Verwaltungsrat verst\u00e4rkt\"}]},{\"@type\":\"WebSite\",\"@id\":\"https:\\\/\\\/news.save.ch\\\/de\\\/#website\",\"url\":\"https:\\\/\\\/news.save.ch\\\/de\\\/\",\"name\":\"Save\",\"description\":\"Schweizer Fachzeitschrift f\u00fcr Sicherheit\",\"publisher\":{\"@id\":\"https:\\\/\\\/news.save.ch\\\/de\\\/#organization\"},\"potentialAction\":[{\"@type\":\"SearchAction\",\"target\":{\"@type\":\"EntryPoint\",\"urlTemplate\":\"https:\\\/\\\/news.save.ch\\\/de\\\/?s={search_term_string}\"},\"query-input\":{\"@type\":\"PropertyValueSpecification\",\"valueRequired\":true,\"valueName\":\"search_term_string\"}}],\"inLanguage\":\"en-US\"},{\"@type\":\"Organization\",\"@id\":\"https:\\\/\\\/news.save.ch\\\/de\\\/#organization\",\"name\":\"Sicherheitsforum\",\"url\":\"https:\\\/\\\/news.save.ch\\\/de\\\/\",\"logo\":{\"@type\":\"ImageObject\",\"inLanguage\":\"en-US\",\"@id\":\"https:\\\/\\\/news.save.ch\\\/de\\\/#\\\/schema\\\/logo\\\/image\\\/\",\"url\":\"https:\\\/\\\/news.save.ch\\\/wp-content\\\/uploads\\\/2022\\\/06\\\/Logo_SF_2012.png\",\"contentUrl\":\"https:\\\/\\\/news.save.ch\\\/wp-content\\\/uploads\\\/2022\\\/06\\\/Logo_SF_2012.png\",\"width\":1100,\"height\":91,\"caption\":\"Sicherheitsforum\"},\"image\":{\"@id\":\"https:\\\/\\\/news.save.ch\\\/de\\\/#\\\/schema\\\/logo\\\/image\\\/\"}},{\"@type\":\"Person\",\"@id\":\"https:\\\/\\\/news.save.ch\\\/de\\\/#\\\/schema\\\/person\\\/d49e199490bad7c70d64b9ab51142f2b\",\"name\":\"admin\",\"image\":{\"@type\":\"ImageObject\",\"inLanguage\":\"en-US\",\"@id\":\"https:\\\/\\\/secure.gravatar.com\\\/avatar\\\/ae2f4d718e6c49043e314ce431e7e645d646302a24a5ef5a8bc8e3f5a032e319?s=96&d=mm&r=g\",\"url\":\"https:\\\/\\\/secure.gravatar.com\\\/avatar\\\/ae2f4d718e6c49043e314ce431e7e645d646302a24a5ef5a8bc8e3f5a032e319?s=96&d=mm&r=g\",\"contentUrl\":\"https:\\\/\\\/secure.gravatar.com\\\/avatar\\\/ae2f4d718e6c49043e314ce431e7e645d646302a24a5ef5a8bc8e3f5a032e319?s=96&d=mm&r=g\",\"caption\":\"admin\"},\"sameAs\":[\"https:\\\/\\\/develop.organisator.galledia.ch\"],\"url\":\"https:\\\/\\\/news.save.ch\\\/en\\\/author\\\/admin\\\/\"}]}<\/script>\n<!-- \/ Yoast SEO plugin. -->","yoast_head_json":{"title":"United Security Providers: Board of Directors strengthened - Save","description":"United Security Providers has elected two new members to its board of directors.","robots":{"index":"index","follow":"follow","max-snippet":"max-snippet:-1","max-image-preview":"max-image-preview:large","max-video-preview":"max-video-preview:-1"},"canonical":"https:\/\/news.save.ch\/en\/united-security-providers-verwaltungsrat-verstaerkt\/","og_locale":"en_US","og_type":"article","og_title":"United Security Providers: Verwaltungsrat verst\u00e4rkt","og_description":"United Security Providers hat zwei neue Mitglieder in den Veraltungsrat gew\u00e4hlt. Hannes Lubich und Pyrros Koussios werden Mitglied des Verwaltungsrats des Schweizer IT-Sicherheitsspezialisten.","og_url":"https:\/\/news.save.ch\/en\/united-security-providers-verwaltungsrat-verstaerkt\/","og_site_name":"Save","article_published_time":"2016-07-19T07:33:27+00:00","article_modified_time":"2023-03-14T07:57:16+00:00","og_image":[{"url":"https:\/\/news.save.ch\/wp-content\/uploads\/2016\/12\/United-Security-Providers-Verwaltungsrat-verst\u00e4rkt-it-security.jpg","type":"","width":"","height":""}],"author":"admin","twitter_card":"summary_large_image","twitter_misc":{"Written by":"admin","Est. reading time":"1 minute"},"schema":{"@context":"https:\/\/schema.org","@graph":[{"@type":"Article","@id":"https:\/\/news.save.ch\/united-security-providers-verwaltungsrat-verstaerkt\/#article","isPartOf":{"@id":"https:\/\/news.save.ch\/united-security-providers-verwaltungsrat-verstaerkt\/"},"author":{"name":"admin","@id":"https:\/\/news.save.ch\/de\/#\/schema\/person\/d49e199490bad7c70d64b9ab51142f2b"},"headline":"United Security Providers: Verwaltungsrat verst\u00e4rkt","datePublished":"2016-07-19T07:33:27+00:00","dateModified":"2023-03-14T07:57:16+00:00","mainEntityOfPage":{"@id":"https:\/\/news.save.ch\/united-security-providers-verwaltungsrat-verstaerkt\/"},"wordCount":168,"commentCount":0,"publisher":{"@id":"https:\/\/news.save.ch\/de\/#organization"},"image":{"@id":"https:\/\/news.save.ch\/united-security-providers-verwaltungsrat-verstaerkt\/#primaryimage"},"thumbnailUrl":"https:\/\/news.save.ch\/wp-content\/uploads\/2016\/12\/United-Security-Providers-Verwaltungsrat-verstaerkt-it-security-scaled-1-scaled.jpg","keywords":["ICT-Sicherheit","IT-SECURITY","Unternehmen"],"articleSection":["DIGITALISIERUNG"],"inLanguage":"en-US"},{"@type":"WebPage","@id":"https:\/\/news.save.ch\/united-security-providers-verwaltungsrat-verstaerkt\/","url":"https:\/\/news.save.ch\/united-security-providers-verwaltungsrat-verstaerkt\/","name":"United Security Providers: Board of Directors strengthened - Save","isPartOf":{"@id":"https:\/\/news.save.ch\/de\/#website"},"primaryImageOfPage":{"@id":"https:\/\/news.save.ch\/united-security-providers-verwaltungsrat-verstaerkt\/#primaryimage"},"image":{"@id":"https:\/\/news.save.ch\/united-security-providers-verwaltungsrat-verstaerkt\/#primaryimage"},"thumbnailUrl":"https:\/\/news.save.ch\/wp-content\/uploads\/2016\/12\/United-Security-Providers-Verwaltungsrat-verstaerkt-it-security-scaled-1-scaled.jpg","datePublished":"2016-07-19T07:33:27+00:00","dateModified":"2023-03-14T07:57:16+00:00","description":"United Security Providers has elected two new members to its board of directors.","breadcrumb":{"@id":"https:\/\/news.save.ch\/united-security-providers-verwaltungsrat-verstaerkt\/#breadcrumb"},"inLanguage":"en-US","potentialAction":[{"@type":"ReadAction","target":["https:\/\/news.save.ch\/united-security-providers-verwaltungsrat-verstaerkt\/"]}]},{"@type":"ImageObject","inLanguage":"en-US","@id":"https:\/\/news.save.ch\/united-security-providers-verwaltungsrat-verstaerkt\/#primaryimage","url":"https:\/\/news.save.ch\/wp-content\/uploads\/2016\/12\/United-Security-Providers-Verwaltungsrat-verstaerkt-it-security-scaled-1-scaled.jpg","contentUrl":"https:\/\/news.save.ch\/wp-content\/uploads\/2016\/12\/United-Security-Providers-Verwaltungsrat-verstaerkt-it-security-scaled-1-scaled.jpg","width":1400,"height":934,"caption":"Hannes Lubich"},{"@type":"BreadcrumbList","@id":"https:\/\/news.save.ch\/united-security-providers-verwaltungsrat-verstaerkt\/#breadcrumb","itemListElement":[{"@type":"ListItem","position":1,"name":"Home","item":"https:\/\/news.save.ch\/de\/"},{"@type":"ListItem","position":2,"name":"United Security Providers: Verwaltungsrat verst\u00e4rkt"}]},{"@type":"WebSite","@id":"https:\/\/news.save.ch\/de\/#website","url":"https:\/\/news.save.ch\/de\/","name":"Save","description":"Swiss trade journal for safety","publisher":{"@id":"https:\/\/news.save.ch\/de\/#organization"},"potentialAction":[{"@type":"SearchAction","target":{"@type":"EntryPoint","urlTemplate":"https:\/\/news.save.ch\/de\/?s={search_term_string}"},"query-input":{"@type":"PropertyValueSpecification","valueRequired":true,"valueName":"search_term_string"}}],"inLanguage":"en-US"},{"@type":"Organization","@id":"https:\/\/news.save.ch\/de\/#organization","name":"Security Forum","url":"https:\/\/news.save.ch\/de\/","logo":{"@type":"ImageObject","inLanguage":"en-US","@id":"https:\/\/news.save.ch\/de\/#\/schema\/logo\/image\/","url":"https:\/\/news.save.ch\/wp-content\/uploads\/2022\/06\/Logo_SF_2012.png","contentUrl":"https:\/\/news.save.ch\/wp-content\/uploads\/2022\/06\/Logo_SF_2012.png","width":1100,"height":91,"caption":"Sicherheitsforum"},"image":{"@id":"https:\/\/news.save.ch\/de\/#\/schema\/logo\/image\/"}},{"@type":"Person","@id":"https:\/\/news.save.ch\/de\/#\/schema\/person\/d49e199490bad7c70d64b9ab51142f2b","name":"admin","image":{"@type":"ImageObject","inLanguage":"en-US","@id":"https:\/\/secure.gravatar.com\/avatar\/ae2f4d718e6c49043e314ce431e7e645d646302a24a5ef5a8bc8e3f5a032e319?s=96&d=mm&r=g","url":"https:\/\/secure.gravatar.com\/avatar\/ae2f4d718e6c49043e314ce431e7e645d646302a24a5ef5a8bc8e3f5a032e319?s=96&d=mm&r=g","contentUrl":"https:\/\/secure.gravatar.com\/avatar\/ae2f4d718e6c49043e314ce431e7e645d646302a24a5ef5a8bc8e3f5a032e319?s=96&d=mm&r=g","caption":"admin"},"sameAs":["https:\/\/develop.organisator.galledia.ch"],"url":"https:\/\/news.save.ch\/en\/author\/admin\/"}]}},"_links":{"self":[{"href":"https:\/\/news.save.ch\/en\/wp-json\/wp\/v2\/posts\/1451","targetHints":{"allow":["GET"]}}],"collection":[{"href":"https:\/\/news.save.ch\/en\/wp-json\/wp\/v2\/posts"}],"about":[{"href":"https:\/\/news.save.ch\/en\/wp-json\/wp\/v2\/types\/post"}],"author":[{"embeddable":true,"href":"https:\/\/news.save.ch\/en\/wp-json\/wp\/v2\/users\/1"}],"replies":[{"embeddable":true,"href":"https:\/\/news.save.ch\/en\/wp-json\/wp\/v2\/comments?post=1451"}],"version-history":[{"count":1,"href":"https:\/\/news.save.ch\/en\/wp-json\/wp\/v2\/posts\/1451\/revisions"}],"predecessor-version":[{"id":17599,"href":"https:\/\/news.save.ch\/en\/wp-json\/wp\/v2\/posts\/1451\/revisions\/17599"}],"wp:featuredmedia":[{"embeddable":true,"href":"https:\/\/news.save.ch\/en\/wp-json\/wp\/v2\/media\/1452"}],"wp:attachment":[{"href":"https:\/\/news.save.ch\/en\/wp-json\/wp\/v2\/media?parent=1451"}],"wp:term":[{"taxonomy":"category","embeddable":true,"href":"https:\/\/news.save.ch\/en\/wp-json\/wp\/v2\/categories?post=1451"},{"taxonomy":"post_tag","embeddable":true,"href":"https:\/\/news.save.ch\/en\/wp-json\/wp\/v2\/tags?post=1451"}],"curies":[{"name":"wp","href":"https:\/\/api.w.org\/{rel}","templated":true}]}}