{"id":14582,"date":"2022-07-15T08:22:46","date_gmt":"2022-07-15T06:22:46","guid":{"rendered":"https:\/\/news.save.ch\/?p=14582"},"modified":"2023-06-22T10:22:45","modified_gmt":"2023-06-22T08:22:45","slug":"sicherheit-2022-armee-wird-staerker-befuerwortet","status":null,"type":"post","link":"https:\/\/news.save.ch\/en\/sicherheit-2022-armee-wird-staerker-befuerwortet\/","title":{"rendered":"Security 2022: Army receives stronger support"},"content":{"rendered":"<figure id=\"attachment_14584\" aria-describedby=\"caption-attachment-14584\" style=\"width: 680px\" class=\"wp-caption alignleft\"><img loading=\"lazy\" decoding=\"async\" class=\"wp-image-14584 size-medium\" src=\"https:\/\/news.save.ch\/wp-content\/uploads\/2022\/07\/Swiss_Army_Depositphotos_172469892_S.jpg\" alt=\"Security 2022: Army receives stronger support\" width=\"680\" height=\"588\" srcset=\"https:\/\/news.save.ch\/wp-content\/uploads\/2022\/07\/Swiss_Army_Depositphotos_172469892_S.jpg 1000w, https:\/\/news.save.ch\/wp-content\/uploads\/2022\/07\/Swiss_Army_Depositphotos_172469892_S-347x300.jpg 347w\" sizes=\"auto, (max-width: 680px) 100vw, 680px\" \/><figcaption id=\"caption-attachment-14584\" class=\"wp-caption-text\">Image: depositphotos<\/figcaption><\/figure>\n<p>Due to the war in Ukraine, the study \"Security 2022\" (SicherheitsForum <a href=\"https:\/\/news.save.ch\/en\/sicherheit-schweiz-2022-neuer-lagebericht-des-bundes-erschienen\/\" target=\"_blank\" rel=\"noopener\">reported<\/a>) between May 30 and June 17, 2022, a follow-up survey was conducted by the Link opinion research institute. The study by the Military Academy (MILAK) at ETH Zurich and the Center for Security Studies (CSS) initially took into account the Swiss population's perception of security up to the outbreak of the war.<\/p>\n<h2>Neutrality vs. international conflicts<\/h2>\n<p>In general, according to the follow-up survey, neutrality is viewed as significantly more critical than in recent years. Only 58 percent instead of 68 percent of the Swiss are convinced that neutrality protects Switzerland from international conflicts. For many citizens, one obstacle to upholding the principles of neutrality is Switzerland's international integration.<\/p>\n<h2>European defense alliance instead of joining NATO<\/h2>\n<p>A clear majority (52 percent, up 7 percentage points) of the Swiss still do not want to join NATO. There is significantly more support than before the war in Ukraine for the view that membership of a European defense alliance would bring more security than maintaining neutrality. This perception has increased slightly since January 2021 by twelve points (35 percent).<\/p>\n<p>The need for a secure army has gained further importance in the survey and has even increased by five points (80 percent), specifically the demand for a fully equipped army. Major changes due to the war in Ukraine can be seen in the survey on army spending. Whereas previously 42 percent were of the opinion that the army spends too much on defense, this opinion is now only supported by 30 percent of the participants surveyed (1003 eligible voters from all over Switzerland).<\/p>\n<p><em>Source: Federal Government, Defense Group\u00a0<\/em><\/p>","protected":false},"excerpt":{"rendered":"<p>Aufgrund des Krieges in der Ukraine fand zur Studie \u00abSicherheit 2022\u00bb (SicherheitsForum berichtete) zwischen dem 30. Mai und dem 17. Juni 2022 nun eine Nachbefragung durch das Meinungsforschungsinstitut Link statt. In der Studie der Milit\u00e4rakademie (MILAK) an der ETH Z\u00fcrich und dem Center for Security Studies (CSS) war zun\u00e4chst das Sicherheitsempfinden der Schweizer Bev\u00f6lkerung bis [&hellip;]<\/p>\n","protected":false},"author":9,"featured_media":14584,"comment_status":"closed","ping_status":"closed","sticky":false,"template":"","format":"standard","meta":{"_acf_changed":false,"pgc_sgb_lightbox_settings":"","footnotes":""},"categories":[1],"tags":[4351,4350,1387,4348,1454,1455,4349,1079,4347,1389],"class_list":["post-14582","post","type-post","status-publish","format-standard","has-post-thumbnail","hentry","category-allgemein","tag-armeeausgaben","tag-europaeisches-verteidigungsbuendnis","tag-krieg","tag-krieg-in-der-ukraine","tag-nato","tag-neutralitaet","tag-neutralitaet-vs-internationale-konflikte","tag-schweiz","tag-sicherheit-2022","tag-ukraine"],"acf":[],"hkrextid":null,"publication":null,"issue":null,"workflow":null,"startPage":null,"spitzmarke":null,"_posts_by_tag_page_fields":{"widget_title":"","widget_tags":""},"_at_widget":"1","_yoast_wpseo_primary_category":"","_yoast_wpseo_focuskw_text_input":null,"_yoast_wpseo_opengraph-image":null,"_yoast_wpseo_opengraph-description":null,"_yoast_wpseo_opengraph-title":null,"enclosure":null,"_yoast_wpseo_twitter-title":null,"_yoast_wpseo_twitter-description":null,"_yoast_wpseo_twitter-image":null,"_wp_old_slug":null,"_yoast_wpseo_title":null,"_yoast_wpseo_canonical":null,"yoast_head":"<!-- This site is optimized with the Yoast SEO plugin v27.5 - https:\/\/yoast.com\/product\/yoast-seo-wordpress\/ -->\n<title>Sicherheit 2022: Armee wird st\u00e4rker bef\u00fcrwortet - Save<\/title>\n<meta name=\"description\" content=\"Der Krieg in der Ukraine f\u00fchrt zu einer kritischeren Sicht auf die Schweizer Neutralit\u00e4t. Sicherheitspolitische Kooperationen mit der Nato oder der EU werden ausserdem beliebter. Eine gute Ausbildung und Ausr\u00fcstung der Armee ist nach wie vor gefordert. Dies zeigen Ergebnisse einer Nachbefragung der ETH-Studie \u00abSicherheit 2022\u00bb.\u00a0\" \/>\n<meta name=\"robots\" content=\"index, follow, max-snippet:-1, max-image-preview:large, max-video-preview:-1\" \/>\n<link rel=\"canonical\" href=\"https:\/\/news.save.ch\/en\/sicherheit-2022-armee-wird-staerker-befuerwortet\/\" \/>\n<meta property=\"og:locale\" content=\"en_US\" \/>\n<meta property=\"og:type\" content=\"article\" \/>\n<meta property=\"og:title\" content=\"Sicherheit 2022: Armee wird st\u00e4rker bef\u00fcrwortet - Save\" \/>\n<meta property=\"og:description\" content=\"Der Krieg in der Ukraine f\u00fchrt zu einer kritischeren Sicht auf die Schweizer Neutralit\u00e4t. Sicherheitspolitische Kooperationen mit der Nato oder der EU werden ausserdem beliebter. Eine gute Ausbildung und Ausr\u00fcstung der Armee ist nach wie vor gefordert. Dies zeigen Ergebnisse einer Nachbefragung der ETH-Studie \u00abSicherheit 2022\u00bb.\u00a0\" \/>\n<meta property=\"og:url\" content=\"https:\/\/news.save.ch\/en\/sicherheit-2022-armee-wird-staerker-befuerwortet\/\" \/>\n<meta property=\"og:site_name\" content=\"Save\" \/>\n<meta property=\"article:published_time\" content=\"2022-07-15T06:22:46+00:00\" \/>\n<meta property=\"article:modified_time\" content=\"2023-06-22T08:22:45+00:00\" \/>\n<meta property=\"og:image\" content=\"https:\/\/news.save.ch\/wp-content\/uploads\/2022\/07\/Swiss_Army_Depositphotos_172469892_S.jpg\" \/>\n\t<meta property=\"og:image:width\" content=\"1000\" \/>\n\t<meta property=\"og:image:height\" content=\"865\" \/>\n\t<meta property=\"og:image:type\" content=\"image\/jpeg\" \/>\n<meta name=\"author\" content=\"Simon Gr\u00f6flin\" \/>\n<meta name=\"twitter:card\" content=\"summary_large_image\" \/>\n<meta name=\"twitter:label1\" content=\"Written by\" \/>\n\t<meta name=\"twitter:data1\" content=\"Simon Gr\u00f6flin\" \/>\n\t<meta name=\"twitter:label2\" content=\"Est. reading time\" \/>\n\t<meta name=\"twitter:data2\" content=\"2 minutes\" \/>\n<script type=\"application\/ld+json\" class=\"yoast-schema-graph\">{\"@context\":\"https:\\\/\\\/schema.org\",\"@graph\":[{\"@type\":\"Article\",\"@id\":\"https:\\\/\\\/news.save.ch\\\/sicherheit-2022-armee-wird-staerker-befuerwortet\\\/#article\",\"isPartOf\":{\"@id\":\"https:\\\/\\\/news.save.ch\\\/sicherheit-2022-armee-wird-staerker-befuerwortet\\\/\"},\"author\":{\"name\":\"Simon Gr\u00f6flin\",\"@id\":\"https:\\\/\\\/news.save.ch\\\/de\\\/#\\\/schema\\\/person\\\/ad4ef21102fd6125312409ac57d5296d\"},\"headline\":\"Sicherheit 2022: Armee wird st\u00e4rker bef\u00fcrwortet\",\"datePublished\":\"2022-07-15T06:22:46+00:00\",\"dateModified\":\"2023-06-22T08:22:45+00:00\",\"mainEntityOfPage\":{\"@id\":\"https:\\\/\\\/news.save.ch\\\/sicherheit-2022-armee-wird-staerker-befuerwortet\\\/\"},\"wordCount\":302,\"publisher\":{\"@id\":\"https:\\\/\\\/news.save.ch\\\/de\\\/#organization\"},\"image\":{\"@id\":\"https:\\\/\\\/news.save.ch\\\/sicherheit-2022-armee-wird-staerker-befuerwortet\\\/#primaryimage\"},\"thumbnailUrl\":\"https:\\\/\\\/news.save.ch\\\/wp-content\\\/uploads\\\/2022\\\/07\\\/Swiss_Army_Depositphotos_172469892_S.jpg\",\"keywords\":[\"Armeeausgaben\",\"Europ\u00e4isches Verteidigungsb\u00fcndnis\",\"Krieg\",\"Krieg in der Ukraine\",\"Nato\",\"Neutralit\u00e4t\",\"Neutralit\u00e4t vs. internationale Konflikte\",\"Schweiz\",\"Sicherheit 2022\",\"Ukraine\"],\"articleSection\":[\"ALLGEMEIN\"],\"inLanguage\":\"en-US\"},{\"@type\":\"WebPage\",\"@id\":\"https:\\\/\\\/news.save.ch\\\/sicherheit-2022-armee-wird-staerker-befuerwortet\\\/\",\"url\":\"https:\\\/\\\/news.save.ch\\\/sicherheit-2022-armee-wird-staerker-befuerwortet\\\/\",\"name\":\"Sicherheit 2022: Armee wird st\u00e4rker bef\u00fcrwortet - Save\",\"isPartOf\":{\"@id\":\"https:\\\/\\\/news.save.ch\\\/de\\\/#website\"},\"primaryImageOfPage\":{\"@id\":\"https:\\\/\\\/news.save.ch\\\/sicherheit-2022-armee-wird-staerker-befuerwortet\\\/#primaryimage\"},\"image\":{\"@id\":\"https:\\\/\\\/news.save.ch\\\/sicherheit-2022-armee-wird-staerker-befuerwortet\\\/#primaryimage\"},\"thumbnailUrl\":\"https:\\\/\\\/news.save.ch\\\/wp-content\\\/uploads\\\/2022\\\/07\\\/Swiss_Army_Depositphotos_172469892_S.jpg\",\"datePublished\":\"2022-07-15T06:22:46+00:00\",\"dateModified\":\"2023-06-22T08:22:45+00:00\",\"description\":\"Der Krieg in der Ukraine f\u00fchrt zu einer kritischeren Sicht auf die Schweizer Neutralit\u00e4t. Sicherheitspolitische Kooperationen mit der Nato oder der EU werden ausserdem beliebter. Eine gute Ausbildung und Ausr\u00fcstung der Armee ist nach wie vor gefordert. Dies zeigen Ergebnisse einer Nachbefragung der ETH-Studie \u00abSicherheit 2022\u00bb.\u00a0\",\"breadcrumb\":{\"@id\":\"https:\\\/\\\/news.save.ch\\\/sicherheit-2022-armee-wird-staerker-befuerwortet\\\/#breadcrumb\"},\"inLanguage\":\"en-US\",\"potentialAction\":[{\"@type\":\"ReadAction\",\"target\":[\"https:\\\/\\\/news.save.ch\\\/sicherheit-2022-armee-wird-staerker-befuerwortet\\\/\"]}]},{\"@type\":\"ImageObject\",\"inLanguage\":\"en-US\",\"@id\":\"https:\\\/\\\/news.save.ch\\\/sicherheit-2022-armee-wird-staerker-befuerwortet\\\/#primaryimage\",\"url\":\"https:\\\/\\\/news.save.ch\\\/wp-content\\\/uploads\\\/2022\\\/07\\\/Swiss_Army_Depositphotos_172469892_S.jpg\",\"contentUrl\":\"https:\\\/\\\/news.save.ch\\\/wp-content\\\/uploads\\\/2022\\\/07\\\/Swiss_Army_Depositphotos_172469892_S.jpg\",\"width\":1000,\"height\":865,\"caption\":\"ZURICH - AUGUST 1: Swiss National Day parade on August 1, 2016 in Zurich, Switzerland. Representative of swiss army in a historical costumes.\"},{\"@type\":\"BreadcrumbList\",\"@id\":\"https:\\\/\\\/news.save.ch\\\/sicherheit-2022-armee-wird-staerker-befuerwortet\\\/#breadcrumb\",\"itemListElement\":[{\"@type\":\"ListItem\",\"position\":1,\"name\":\"Home\",\"item\":\"https:\\\/\\\/news.save.ch\\\/de\\\/\"},{\"@type\":\"ListItem\",\"position\":2,\"name\":\"Sicherheit 2022: Armee wird st\u00e4rker bef\u00fcrwortet\"}]},{\"@type\":\"WebSite\",\"@id\":\"https:\\\/\\\/news.save.ch\\\/de\\\/#website\",\"url\":\"https:\\\/\\\/news.save.ch\\\/de\\\/\",\"name\":\"Save\",\"description\":\"Schweizer Fachzeitschrift f\u00fcr Sicherheit\",\"publisher\":{\"@id\":\"https:\\\/\\\/news.save.ch\\\/de\\\/#organization\"},\"potentialAction\":[{\"@type\":\"SearchAction\",\"target\":{\"@type\":\"EntryPoint\",\"urlTemplate\":\"https:\\\/\\\/news.save.ch\\\/de\\\/?s={search_term_string}\"},\"query-input\":{\"@type\":\"PropertyValueSpecification\",\"valueRequired\":true,\"valueName\":\"search_term_string\"}}],\"inLanguage\":\"en-US\"},{\"@type\":\"Organization\",\"@id\":\"https:\\\/\\\/news.save.ch\\\/de\\\/#organization\",\"name\":\"Sicherheitsforum\",\"url\":\"https:\\\/\\\/news.save.ch\\\/de\\\/\",\"logo\":{\"@type\":\"ImageObject\",\"inLanguage\":\"en-US\",\"@id\":\"https:\\\/\\\/news.save.ch\\\/de\\\/#\\\/schema\\\/logo\\\/image\\\/\",\"url\":\"https:\\\/\\\/news.save.ch\\\/wp-content\\\/uploads\\\/2022\\\/06\\\/Logo_SF_2012.png\",\"contentUrl\":\"https:\\\/\\\/news.save.ch\\\/wp-content\\\/uploads\\\/2022\\\/06\\\/Logo_SF_2012.png\",\"width\":1100,\"height\":91,\"caption\":\"Sicherheitsforum\"},\"image\":{\"@id\":\"https:\\\/\\\/news.save.ch\\\/de\\\/#\\\/schema\\\/logo\\\/image\\\/\"}},{\"@type\":\"Person\",\"@id\":\"https:\\\/\\\/news.save.ch\\\/de\\\/#\\\/schema\\\/person\\\/ad4ef21102fd6125312409ac57d5296d\",\"name\":\"Simon Gr\u00f6flin\",\"image\":{\"@type\":\"ImageObject\",\"inLanguage\":\"en-US\",\"@id\":\"https:\\\/\\\/secure.gravatar.com\\\/avatar\\\/6ddceb80eb734354635539e0ea5140bb7c41e42de7c45c9a2ab9921b5d5c9a83?s=96&d=mm&r=g\",\"url\":\"https:\\\/\\\/secure.gravatar.com\\\/avatar\\\/6ddceb80eb734354635539e0ea5140bb7c41e42de7c45c9a2ab9921b5d5c9a83?s=96&d=mm&r=g\",\"contentUrl\":\"https:\\\/\\\/secure.gravatar.com\\\/avatar\\\/6ddceb80eb734354635539e0ea5140bb7c41e42de7c45c9a2ab9921b5d5c9a83?s=96&d=mm&r=g\",\"caption\":\"Simon Gr\u00f6flin\"},\"url\":\"https:\\\/\\\/news.save.ch\\\/en\\\/author\\\/simon-groeflin\\\/\"}]}<\/script>\n<!-- \/ Yoast SEO plugin. -->","yoast_head_json":{"title":"Security 2022: Army is more strongly supported - Save","description":"The war in Ukraine is leading to a more critical view of Swiss neutrality. Security policy cooperation with NATO or the EU is also becoming more popular. Good training and equipment of the army is still required. This is shown by the results of a follow-up survey of the ETH study \"Security 2022\".\u00a0","robots":{"index":"index","follow":"follow","max-snippet":"max-snippet:-1","max-image-preview":"max-image-preview:large","max-video-preview":"max-video-preview:-1"},"canonical":"https:\/\/news.save.ch\/en\/sicherheit-2022-armee-wird-staerker-befuerwortet\/","og_locale":"en_US","og_type":"article","og_title":"Sicherheit 2022: Armee wird st\u00e4rker bef\u00fcrwortet - Save","og_description":"Der Krieg in der Ukraine f\u00fchrt zu einer kritischeren Sicht auf die Schweizer Neutralit\u00e4t. Sicherheitspolitische Kooperationen mit der Nato oder der EU werden ausserdem beliebter. Eine gute Ausbildung und Ausr\u00fcstung der Armee ist nach wie vor gefordert. Dies zeigen Ergebnisse einer Nachbefragung der ETH-Studie \u00abSicherheit 2022\u00bb.\u00a0","og_url":"https:\/\/news.save.ch\/en\/sicherheit-2022-armee-wird-staerker-befuerwortet\/","og_site_name":"Save","article_published_time":"2022-07-15T06:22:46+00:00","article_modified_time":"2023-06-22T08:22:45+00:00","og_image":[{"width":1000,"height":865,"url":"https:\/\/news.save.ch\/wp-content\/uploads\/2022\/07\/Swiss_Army_Depositphotos_172469892_S.jpg","type":"image\/jpeg"}],"author":"Simon Gr\u00f6flin","twitter_card":"summary_large_image","twitter_misc":{"Written by":"Simon Gr\u00f6flin","Est. reading time":"2 minutes"},"schema":{"@context":"https:\/\/schema.org","@graph":[{"@type":"Article","@id":"https:\/\/news.save.ch\/sicherheit-2022-armee-wird-staerker-befuerwortet\/#article","isPartOf":{"@id":"https:\/\/news.save.ch\/sicherheit-2022-armee-wird-staerker-befuerwortet\/"},"author":{"name":"Simon Gr\u00f6flin","@id":"https:\/\/news.save.ch\/de\/#\/schema\/person\/ad4ef21102fd6125312409ac57d5296d"},"headline":"Sicherheit 2022: Armee wird st\u00e4rker bef\u00fcrwortet","datePublished":"2022-07-15T06:22:46+00:00","dateModified":"2023-06-22T08:22:45+00:00","mainEntityOfPage":{"@id":"https:\/\/news.save.ch\/sicherheit-2022-armee-wird-staerker-befuerwortet\/"},"wordCount":302,"publisher":{"@id":"https:\/\/news.save.ch\/de\/#organization"},"image":{"@id":"https:\/\/news.save.ch\/sicherheit-2022-armee-wird-staerker-befuerwortet\/#primaryimage"},"thumbnailUrl":"https:\/\/news.save.ch\/wp-content\/uploads\/2022\/07\/Swiss_Army_Depositphotos_172469892_S.jpg","keywords":["Armeeausgaben","Europ\u00e4isches Verteidigungsb\u00fcndnis","Krieg","Krieg in der Ukraine","Nato","Neutralit\u00e4t","Neutralit\u00e4t vs. internationale Konflikte","Schweiz","Sicherheit 2022","Ukraine"],"articleSection":["ALLGEMEIN"],"inLanguage":"en-US"},{"@type":"WebPage","@id":"https:\/\/news.save.ch\/sicherheit-2022-armee-wird-staerker-befuerwortet\/","url":"https:\/\/news.save.ch\/sicherheit-2022-armee-wird-staerker-befuerwortet\/","name":"Security 2022: Army is more strongly supported - Save","isPartOf":{"@id":"https:\/\/news.save.ch\/de\/#website"},"primaryImageOfPage":{"@id":"https:\/\/news.save.ch\/sicherheit-2022-armee-wird-staerker-befuerwortet\/#primaryimage"},"image":{"@id":"https:\/\/news.save.ch\/sicherheit-2022-armee-wird-staerker-befuerwortet\/#primaryimage"},"thumbnailUrl":"https:\/\/news.save.ch\/wp-content\/uploads\/2022\/07\/Swiss_Army_Depositphotos_172469892_S.jpg","datePublished":"2022-07-15T06:22:46+00:00","dateModified":"2023-06-22T08:22:45+00:00","description":"The war in Ukraine is leading to a more critical view of Swiss neutrality. Security policy cooperation with NATO or the EU is also becoming more popular. Good training and equipment of the army is still required. This is shown by the results of a follow-up survey of the ETH study \"Security 2022\".\u00a0","breadcrumb":{"@id":"https:\/\/news.save.ch\/sicherheit-2022-armee-wird-staerker-befuerwortet\/#breadcrumb"},"inLanguage":"en-US","potentialAction":[{"@type":"ReadAction","target":["https:\/\/news.save.ch\/sicherheit-2022-armee-wird-staerker-befuerwortet\/"]}]},{"@type":"ImageObject","inLanguage":"en-US","@id":"https:\/\/news.save.ch\/sicherheit-2022-armee-wird-staerker-befuerwortet\/#primaryimage","url":"https:\/\/news.save.ch\/wp-content\/uploads\/2022\/07\/Swiss_Army_Depositphotos_172469892_S.jpg","contentUrl":"https:\/\/news.save.ch\/wp-content\/uploads\/2022\/07\/Swiss_Army_Depositphotos_172469892_S.jpg","width":1000,"height":865,"caption":"ZURICH - AUGUST 1: Swiss National Day parade on August 1, 2016 in Zurich, Switzerland. Representative of swiss army in a historical costumes."},{"@type":"BreadcrumbList","@id":"https:\/\/news.save.ch\/sicherheit-2022-armee-wird-staerker-befuerwortet\/#breadcrumb","itemListElement":[{"@type":"ListItem","position":1,"name":"Home","item":"https:\/\/news.save.ch\/de\/"},{"@type":"ListItem","position":2,"name":"Sicherheit 2022: Armee wird st\u00e4rker bef\u00fcrwortet"}]},{"@type":"WebSite","@id":"https:\/\/news.save.ch\/de\/#website","url":"https:\/\/news.save.ch\/de\/","name":"Save","description":"Swiss trade journal for safety","publisher":{"@id":"https:\/\/news.save.ch\/de\/#organization"},"potentialAction":[{"@type":"SearchAction","target":{"@type":"EntryPoint","urlTemplate":"https:\/\/news.save.ch\/de\/?s={search_term_string}"},"query-input":{"@type":"PropertyValueSpecification","valueRequired":true,"valueName":"search_term_string"}}],"inLanguage":"en-US"},{"@type":"Organization","@id":"https:\/\/news.save.ch\/de\/#organization","name":"Security Forum","url":"https:\/\/news.save.ch\/de\/","logo":{"@type":"ImageObject","inLanguage":"en-US","@id":"https:\/\/news.save.ch\/de\/#\/schema\/logo\/image\/","url":"https:\/\/news.save.ch\/wp-content\/uploads\/2022\/06\/Logo_SF_2012.png","contentUrl":"https:\/\/news.save.ch\/wp-content\/uploads\/2022\/06\/Logo_SF_2012.png","width":1100,"height":91,"caption":"Sicherheitsforum"},"image":{"@id":"https:\/\/news.save.ch\/de\/#\/schema\/logo\/image\/"}},{"@type":"Person","@id":"https:\/\/news.save.ch\/de\/#\/schema\/person\/ad4ef21102fd6125312409ac57d5296d","name":"Simon Gr\u00f6flin","image":{"@type":"ImageObject","inLanguage":"en-US","@id":"https:\/\/secure.gravatar.com\/avatar\/6ddceb80eb734354635539e0ea5140bb7c41e42de7c45c9a2ab9921b5d5c9a83?s=96&d=mm&r=g","url":"https:\/\/secure.gravatar.com\/avatar\/6ddceb80eb734354635539e0ea5140bb7c41e42de7c45c9a2ab9921b5d5c9a83?s=96&d=mm&r=g","contentUrl":"https:\/\/secure.gravatar.com\/avatar\/6ddceb80eb734354635539e0ea5140bb7c41e42de7c45c9a2ab9921b5d5c9a83?s=96&d=mm&r=g","caption":"Simon Gr\u00f6flin"},"url":"https:\/\/news.save.ch\/en\/author\/simon-groeflin\/"}]}},"_links":{"self":[{"href":"https:\/\/news.save.ch\/en\/wp-json\/wp\/v2\/posts\/14582","targetHints":{"allow":["GET"]}}],"collection":[{"href":"https:\/\/news.save.ch\/en\/wp-json\/wp\/v2\/posts"}],"about":[{"href":"https:\/\/news.save.ch\/en\/wp-json\/wp\/v2\/types\/post"}],"author":[{"embeddable":true,"href":"https:\/\/news.save.ch\/en\/wp-json\/wp\/v2\/users\/9"}],"replies":[{"embeddable":true,"href":"https:\/\/news.save.ch\/en\/wp-json\/wp\/v2\/comments?post=14582"}],"version-history":[{"count":1,"href":"https:\/\/news.save.ch\/en\/wp-json\/wp\/v2\/posts\/14582\/revisions"}],"predecessor-version":[{"id":20136,"href":"https:\/\/news.save.ch\/en\/wp-json\/wp\/v2\/posts\/14582\/revisions\/20136"}],"wp:featuredmedia":[{"embeddable":true,"href":"https:\/\/news.save.ch\/en\/wp-json\/wp\/v2\/media\/14584"}],"wp:attachment":[{"href":"https:\/\/news.save.ch\/en\/wp-json\/wp\/v2\/media?parent=14582"}],"wp:term":[{"taxonomy":"category","embeddable":true,"href":"https:\/\/news.save.ch\/en\/wp-json\/wp\/v2\/categories?post=14582"},{"taxonomy":"post_tag","embeddable":true,"href":"https:\/\/news.save.ch\/en\/wp-json\/wp\/v2\/tags?post=14582"}],"curies":[{"name":"wp","href":"https:\/\/api.w.org\/{rel}","templated":true}]}}