{"id":146,"date":"2015-04-27T14:44:59","date_gmt":"2015-04-27T12:44:59","guid":{"rendered":"https:\/\/dev.sicherheitsforum.ch\/?p=146"},"modified":"2015-04-27T14:44:59","modified_gmt":"2015-04-27T12:44:59","slug":"es-spricht-der-verfassungsschutz","status":null,"type":"post","link":"https:\/\/news.save.ch\/en\/es-spricht-der-verfassungsschutz\/","title":{"rendered":"It speaks the constitutional protection"},"content":{"rendered":"<p><img loading=\"lazy\" decoding=\"async\" class=\"alignnone size-medium wp-image-147\" src=\"https:\/\/sicherheitsforum.ch\/wp-content\/uploads\/2016\/12\/Es-spricht-der-Verfassungsschutz_sicherheitsforum.jpg\" alt=\"NSA Hiding in the Dark Web\" width=\"680\" height=\"523\" \/><\/p>\n<p>Since the NSA surveillance affair and in the wake of various terrorist attacks around the world, there has been repeated controversy about whether intelligence surveillance should be expanded or rather restricted from a data protection point of view. Therefore, the lecture by Dr. Hans-Georg Maa\u00dfen at the annual <a href=\"https:\/\/www.computas.de\" target=\"_blank\" data-cke-saved-href=\"https:\/\/www.computas.de\" rel=\"noopener\">Computas<\/a>-The \"DuD 2015\" data protection congress, which will be held in Berlin on June 15 and 16, 2015, is eagerly awaited.<\/p>\n<p>In addition, European data protection law continues to face realignment, and the draft German IT security law is being discussed, so conference participants are sure to learn a lot of new things.<\/p>\n<p>This year, the problem of balancing national security interests and data protection will be addressed in particular depth, but the topic of cloud computing will also be dealt with intensively. In addition, many other topics will be discussed that may arise in the participants' everyday professional lives, such as app use, video surveillance or when employers use personality tests. Prominent experts, including Andrea Vosshoff, the Federal Commissioner for Data Protection and Freedom of Information, and Ulrich Kelber, Parliamentary State Secretary at the Federal Ministry of Justice and Consumer Protection, will be present to comment on current issues. In addition, data privacy and IT security officers from Deutsche Bahn, Daimler and the German Federal Employment Agency, among others, will report on their professional backgrounds.<\/p>","protected":false},"excerpt":{"rendered":"<p>Seit der NSA-\u00dcberwachungsaff\u00e4re und nach diversen terroristischen Anschl\u00e4gen in der ganzen Welt wird immer wieder kontrovers diskutiert, ob die nachrichtendienstliche \u00dcberwachung ausgebaut oder unter Datenschutzgesichtspunkten eher eingeschr\u00e4nkt werden soll. Daher wird der Vortrag von Dr. Hans-Georg Maa\u00dfen auf dem j\u00e4hrlichen Computas-Datenschutzkongress\u00a0 \u201eDuD 2015\u201c, der am 15. und 16. Juni 2015 in Berlin stattfinden wird, mit [&hellip;]<\/p>\n","protected":false},"author":1,"featured_media":147,"comment_status":"open","ping_status":"open","sticky":false,"template":"","format":"standard","meta":{"_acf_changed":false,"pgc_sgb_lightbox_settings":"","footnotes":""},"categories":[1],"tags":[118,62,119],"class_list":["post-146","post","type-post","status-publish","format-standard","has-post-thumbnail","hentry","category-allgemein","tag-datenschutz","tag-ict-sicherheit","tag-verfahssungsschutz"],"acf":[],"hkrextid":null,"publication":null,"issue":null,"workflow":null,"startPage":null,"spitzmarke":null,"_posts_by_tag_page_fields":{"widget_title":"","widget_tags":""},"_at_widget":"1","_yoast_wpseo_primary_category":"1","_yoast_wpseo_focuskw_text_input":"Verfassungsschutz","_yoast_wpseo_opengraph-image":"https:\/\/sicherheitsforum.ch\/wp-content\/uploads\/2016\/12\/Es-spricht-der-Verfassungsschutz_sicherheitsforum.jpg","_yoast_wpseo_opengraph-description":"Am 15. und 16. Juni findet in Berlin die Konferenz \u201eDuD 2015 \u2013 Datenschutz und Datensicherheit\u201c statt. Unter anderem wird dort der Pr\u00e4sident des Bundesamtes f\u00fcr Verfassungsschutz, Dr. Hans-Georg Maa\u00dfen, zum Thema Datenschutz und nachrichtendienstliche Aufkl\u00e4rung sprechen.","_yoast_wpseo_opengraph-title":"Es spricht der Verfassungsschutz","enclosure":null,"_yoast_wpseo_twitter-title":null,"_yoast_wpseo_twitter-description":null,"_yoast_wpseo_twitter-image":null,"_wp_old_slug":null,"_yoast_wpseo_title":null,"_yoast_wpseo_canonical":null,"yoast_head":"<!-- This site is optimized with the Yoast SEO plugin v27.4 - https:\/\/yoast.com\/product\/yoast-seo-wordpress\/ -->\n<title>Es spricht der Verfassungsschutz - Save<\/title>\n<meta name=\"description\" content=\"\u201eDuD 2015 \u2013 Datenschutz und Datensicherheit\u201c statt. Dr. Hans-Georg Maa\u00dfen wird zum Thema Datenschutz und nachrichtendienstliche Aufkl\u00e4rung sprechen.\" \/>\n<meta name=\"robots\" content=\"index, follow, max-snippet:-1, max-image-preview:large, max-video-preview:-1\" \/>\n<link rel=\"canonical\" href=\"https:\/\/news.save.ch\/en\/es-spricht-der-verfassungsschutz\/\" \/>\n<meta property=\"og:locale\" content=\"en_US\" \/>\n<meta property=\"og:type\" content=\"article\" \/>\n<meta property=\"og:title\" content=\"Es spricht der Verfassungsschutz\" \/>\n<meta property=\"og:description\" content=\"Am 15. und 16. Juni findet in Berlin die Konferenz \u201eDuD 2015 \u2013 Datenschutz und Datensicherheit\u201c statt. Unter anderem wird dort der Pr\u00e4sident des Bundesamtes f\u00fcr Verfassungsschutz, Dr. Hans-Georg Maa\u00dfen, zum Thema Datenschutz und nachrichtendienstliche Aufkl\u00e4rung sprechen.\" \/>\n<meta property=\"og:url\" content=\"https:\/\/news.save.ch\/en\/es-spricht-der-verfassungsschutz\/\" \/>\n<meta property=\"og:site_name\" content=\"Save\" \/>\n<meta property=\"article:published_time\" content=\"2015-04-27T12:44:59+00:00\" \/>\n<meta property=\"og:image\" content=\"https:\/\/sicherheitsforum.ch\/wp-content\/uploads\/2016\/12\/Es-spricht-der-Verfassungsschutz_sicherheitsforum.jpg\" \/>\n<meta name=\"author\" content=\"admin\" \/>\n<meta name=\"twitter:card\" content=\"summary_large_image\" \/>\n<meta name=\"twitter:label1\" content=\"Written by\" \/>\n\t<meta name=\"twitter:data1\" content=\"admin\" \/>\n\t<meta name=\"twitter:label2\" content=\"Est. reading time\" \/>\n\t<meta name=\"twitter:data2\" content=\"1 minute\" \/>\n<script type=\"application\/ld+json\" class=\"yoast-schema-graph\">{\"@context\":\"https:\\\/\\\/schema.org\",\"@graph\":[{\"@type\":\"Article\",\"@id\":\"https:\\\/\\\/news.save.ch\\\/es-spricht-der-verfassungsschutz\\\/#article\",\"isPartOf\":{\"@id\":\"https:\\\/\\\/news.save.ch\\\/es-spricht-der-verfassungsschutz\\\/\"},\"author\":{\"name\":\"admin\",\"@id\":\"https:\\\/\\\/news.save.ch\\\/de\\\/#\\\/schema\\\/person\\\/d49e199490bad7c70d64b9ab51142f2b\"},\"headline\":\"Es spricht der Verfassungsschutz\",\"datePublished\":\"2015-04-27T12:44:59+00:00\",\"mainEntityOfPage\":{\"@id\":\"https:\\\/\\\/news.save.ch\\\/es-spricht-der-verfassungsschutz\\\/\"},\"wordCount\":211,\"commentCount\":0,\"publisher\":{\"@id\":\"https:\\\/\\\/news.save.ch\\\/de\\\/#organization\"},\"image\":{\"@id\":\"https:\\\/\\\/news.save.ch\\\/es-spricht-der-verfassungsschutz\\\/#primaryimage\"},\"thumbnailUrl\":\"https:\\\/\\\/news.save.ch\\\/wp-content\\\/uploads\\\/2016\\\/12\\\/Es-spricht-der-Verfassungsschutz_sicherheitsforum-scaled.jpg\",\"keywords\":[\"Datenschutz\",\"ICT-Sicherheit\",\"Verfahssungsschutz\"],\"articleSection\":[\"ALLGEMEIN\"],\"inLanguage\":\"en-US\"},{\"@type\":\"WebPage\",\"@id\":\"https:\\\/\\\/news.save.ch\\\/es-spricht-der-verfassungsschutz\\\/\",\"url\":\"https:\\\/\\\/news.save.ch\\\/es-spricht-der-verfassungsschutz\\\/\",\"name\":\"Es spricht der Verfassungsschutz - Save\",\"isPartOf\":{\"@id\":\"https:\\\/\\\/news.save.ch\\\/de\\\/#website\"},\"primaryImageOfPage\":{\"@id\":\"https:\\\/\\\/news.save.ch\\\/es-spricht-der-verfassungsschutz\\\/#primaryimage\"},\"image\":{\"@id\":\"https:\\\/\\\/news.save.ch\\\/es-spricht-der-verfassungsschutz\\\/#primaryimage\"},\"thumbnailUrl\":\"https:\\\/\\\/news.save.ch\\\/wp-content\\\/uploads\\\/2016\\\/12\\\/Es-spricht-der-Verfassungsschutz_sicherheitsforum-scaled.jpg\",\"datePublished\":\"2015-04-27T12:44:59+00:00\",\"description\":\"\u201eDuD 2015 \u2013 Datenschutz und Datensicherheit\u201c statt. Dr. Hans-Georg Maa\u00dfen wird zum Thema Datenschutz und nachrichtendienstliche Aufkl\u00e4rung sprechen.\",\"breadcrumb\":{\"@id\":\"https:\\\/\\\/news.save.ch\\\/es-spricht-der-verfassungsschutz\\\/#breadcrumb\"},\"inLanguage\":\"en-US\",\"potentialAction\":[{\"@type\":\"ReadAction\",\"target\":[\"https:\\\/\\\/news.save.ch\\\/es-spricht-der-verfassungsschutz\\\/\"]}]},{\"@type\":\"ImageObject\",\"inLanguage\":\"en-US\",\"@id\":\"https:\\\/\\\/news.save.ch\\\/es-spricht-der-verfassungsschutz\\\/#primaryimage\",\"url\":\"https:\\\/\\\/news.save.ch\\\/wp-content\\\/uploads\\\/2016\\\/12\\\/Es-spricht-der-Verfassungsschutz_sicherheitsforum-scaled.jpg\",\"contentUrl\":\"https:\\\/\\\/news.save.ch\\\/wp-content\\\/uploads\\\/2016\\\/12\\\/Es-spricht-der-Verfassungsschutz_sicherheitsforum-scaled.jpg\",\"width\":1400,\"height\":1077},{\"@type\":\"BreadcrumbList\",\"@id\":\"https:\\\/\\\/news.save.ch\\\/es-spricht-der-verfassungsschutz\\\/#breadcrumb\",\"itemListElement\":[{\"@type\":\"ListItem\",\"position\":1,\"name\":\"Home\",\"item\":\"https:\\\/\\\/news.save.ch\\\/de\\\/\"},{\"@type\":\"ListItem\",\"position\":2,\"name\":\"Es spricht der Verfassungsschutz\"}]},{\"@type\":\"WebSite\",\"@id\":\"https:\\\/\\\/news.save.ch\\\/de\\\/#website\",\"url\":\"https:\\\/\\\/news.save.ch\\\/de\\\/\",\"name\":\"Save\",\"description\":\"Schweizer Fachzeitschrift f\u00fcr Sicherheit\",\"publisher\":{\"@id\":\"https:\\\/\\\/news.save.ch\\\/de\\\/#organization\"},\"potentialAction\":[{\"@type\":\"SearchAction\",\"target\":{\"@type\":\"EntryPoint\",\"urlTemplate\":\"https:\\\/\\\/news.save.ch\\\/de\\\/?s={search_term_string}\"},\"query-input\":{\"@type\":\"PropertyValueSpecification\",\"valueRequired\":true,\"valueName\":\"search_term_string\"}}],\"inLanguage\":\"en-US\"},{\"@type\":\"Organization\",\"@id\":\"https:\\\/\\\/news.save.ch\\\/de\\\/#organization\",\"name\":\"Sicherheitsforum\",\"url\":\"https:\\\/\\\/news.save.ch\\\/de\\\/\",\"logo\":{\"@type\":\"ImageObject\",\"inLanguage\":\"en-US\",\"@id\":\"https:\\\/\\\/news.save.ch\\\/de\\\/#\\\/schema\\\/logo\\\/image\\\/\",\"url\":\"https:\\\/\\\/news.save.ch\\\/wp-content\\\/uploads\\\/2022\\\/06\\\/Logo_SF_2012.png\",\"contentUrl\":\"https:\\\/\\\/news.save.ch\\\/wp-content\\\/uploads\\\/2022\\\/06\\\/Logo_SF_2012.png\",\"width\":1100,\"height\":91,\"caption\":\"Sicherheitsforum\"},\"image\":{\"@id\":\"https:\\\/\\\/news.save.ch\\\/de\\\/#\\\/schema\\\/logo\\\/image\\\/\"}},{\"@type\":\"Person\",\"@id\":\"https:\\\/\\\/news.save.ch\\\/de\\\/#\\\/schema\\\/person\\\/d49e199490bad7c70d64b9ab51142f2b\",\"name\":\"admin\",\"image\":{\"@type\":\"ImageObject\",\"inLanguage\":\"en-US\",\"@id\":\"https:\\\/\\\/secure.gravatar.com\\\/avatar\\\/ae2f4d718e6c49043e314ce431e7e645d646302a24a5ef5a8bc8e3f5a032e319?s=96&d=mm&r=g\",\"url\":\"https:\\\/\\\/secure.gravatar.com\\\/avatar\\\/ae2f4d718e6c49043e314ce431e7e645d646302a24a5ef5a8bc8e3f5a032e319?s=96&d=mm&r=g\",\"contentUrl\":\"https:\\\/\\\/secure.gravatar.com\\\/avatar\\\/ae2f4d718e6c49043e314ce431e7e645d646302a24a5ef5a8bc8e3f5a032e319?s=96&d=mm&r=g\",\"caption\":\"admin\"},\"sameAs\":[\"https:\\\/\\\/develop.organisator.galledia.ch\"],\"url\":\"https:\\\/\\\/news.save.ch\\\/en\\\/author\\\/admin\\\/\"}]}<\/script>\n<!-- \/ Yoast SEO plugin. -->","yoast_head_json":{"title":"It speaks the constitutional protection - Save","description":"\"DuD 2015 - Data Protection and Data Security\" will take place. Dr. Hans-Georg Maa\u00dfen will speak on the topic of data protection and intelligence gathering.","robots":{"index":"index","follow":"follow","max-snippet":"max-snippet:-1","max-image-preview":"max-image-preview:large","max-video-preview":"max-video-preview:-1"},"canonical":"https:\/\/news.save.ch\/en\/es-spricht-der-verfassungsschutz\/","og_locale":"en_US","og_type":"article","og_title":"Es spricht der Verfassungsschutz","og_description":"Am 15. und 16. Juni findet in Berlin die Konferenz \u201eDuD 2015 \u2013 Datenschutz und Datensicherheit\u201c statt. Unter anderem wird dort der Pr\u00e4sident des Bundesamtes f\u00fcr Verfassungsschutz, Dr. Hans-Georg Maa\u00dfen, zum Thema Datenschutz und nachrichtendienstliche Aufkl\u00e4rung sprechen.","og_url":"https:\/\/news.save.ch\/en\/es-spricht-der-verfassungsschutz\/","og_site_name":"Save","article_published_time":"2015-04-27T12:44:59+00:00","og_image":[{"url":"https:\/\/sicherheitsforum.ch\/wp-content\/uploads\/2016\/12\/Es-spricht-der-Verfassungsschutz_sicherheitsforum.jpg","type":"","width":"","height":""}],"author":"admin","twitter_card":"summary_large_image","twitter_misc":{"Written by":"admin","Est. reading time":"1 minute"},"schema":{"@context":"https:\/\/schema.org","@graph":[{"@type":"Article","@id":"https:\/\/news.save.ch\/es-spricht-der-verfassungsschutz\/#article","isPartOf":{"@id":"https:\/\/news.save.ch\/es-spricht-der-verfassungsschutz\/"},"author":{"name":"admin","@id":"https:\/\/news.save.ch\/de\/#\/schema\/person\/d49e199490bad7c70d64b9ab51142f2b"},"headline":"Es spricht der Verfassungsschutz","datePublished":"2015-04-27T12:44:59+00:00","mainEntityOfPage":{"@id":"https:\/\/news.save.ch\/es-spricht-der-verfassungsschutz\/"},"wordCount":211,"commentCount":0,"publisher":{"@id":"https:\/\/news.save.ch\/de\/#organization"},"image":{"@id":"https:\/\/news.save.ch\/es-spricht-der-verfassungsschutz\/#primaryimage"},"thumbnailUrl":"https:\/\/news.save.ch\/wp-content\/uploads\/2016\/12\/Es-spricht-der-Verfassungsschutz_sicherheitsforum-scaled.jpg","keywords":["Datenschutz","ICT-Sicherheit","Verfahssungsschutz"],"articleSection":["ALLGEMEIN"],"inLanguage":"en-US"},{"@type":"WebPage","@id":"https:\/\/news.save.ch\/es-spricht-der-verfassungsschutz\/","url":"https:\/\/news.save.ch\/es-spricht-der-verfassungsschutz\/","name":"It speaks the constitutional protection - Save","isPartOf":{"@id":"https:\/\/news.save.ch\/de\/#website"},"primaryImageOfPage":{"@id":"https:\/\/news.save.ch\/es-spricht-der-verfassungsschutz\/#primaryimage"},"image":{"@id":"https:\/\/news.save.ch\/es-spricht-der-verfassungsschutz\/#primaryimage"},"thumbnailUrl":"https:\/\/news.save.ch\/wp-content\/uploads\/2016\/12\/Es-spricht-der-Verfassungsschutz_sicherheitsforum-scaled.jpg","datePublished":"2015-04-27T12:44:59+00:00","description":"\"DuD 2015 - Data Protection and Data Security\" will take place. Dr. Hans-Georg Maa\u00dfen will speak on the topic of data protection and intelligence gathering.","breadcrumb":{"@id":"https:\/\/news.save.ch\/es-spricht-der-verfassungsschutz\/#breadcrumb"},"inLanguage":"en-US","potentialAction":[{"@type":"ReadAction","target":["https:\/\/news.save.ch\/es-spricht-der-verfassungsschutz\/"]}]},{"@type":"ImageObject","inLanguage":"en-US","@id":"https:\/\/news.save.ch\/es-spricht-der-verfassungsschutz\/#primaryimage","url":"https:\/\/news.save.ch\/wp-content\/uploads\/2016\/12\/Es-spricht-der-Verfassungsschutz_sicherheitsforum-scaled.jpg","contentUrl":"https:\/\/news.save.ch\/wp-content\/uploads\/2016\/12\/Es-spricht-der-Verfassungsschutz_sicherheitsforum-scaled.jpg","width":1400,"height":1077},{"@type":"BreadcrumbList","@id":"https:\/\/news.save.ch\/es-spricht-der-verfassungsschutz\/#breadcrumb","itemListElement":[{"@type":"ListItem","position":1,"name":"Home","item":"https:\/\/news.save.ch\/de\/"},{"@type":"ListItem","position":2,"name":"Es spricht der Verfassungsschutz"}]},{"@type":"WebSite","@id":"https:\/\/news.save.ch\/de\/#website","url":"https:\/\/news.save.ch\/de\/","name":"Save","description":"Swiss trade journal for safety","publisher":{"@id":"https:\/\/news.save.ch\/de\/#organization"},"potentialAction":[{"@type":"SearchAction","target":{"@type":"EntryPoint","urlTemplate":"https:\/\/news.save.ch\/de\/?s={search_term_string}"},"query-input":{"@type":"PropertyValueSpecification","valueRequired":true,"valueName":"search_term_string"}}],"inLanguage":"en-US"},{"@type":"Organization","@id":"https:\/\/news.save.ch\/de\/#organization","name":"Security Forum","url":"https:\/\/news.save.ch\/de\/","logo":{"@type":"ImageObject","inLanguage":"en-US","@id":"https:\/\/news.save.ch\/de\/#\/schema\/logo\/image\/","url":"https:\/\/news.save.ch\/wp-content\/uploads\/2022\/06\/Logo_SF_2012.png","contentUrl":"https:\/\/news.save.ch\/wp-content\/uploads\/2022\/06\/Logo_SF_2012.png","width":1100,"height":91,"caption":"Sicherheitsforum"},"image":{"@id":"https:\/\/news.save.ch\/de\/#\/schema\/logo\/image\/"}},{"@type":"Person","@id":"https:\/\/news.save.ch\/de\/#\/schema\/person\/d49e199490bad7c70d64b9ab51142f2b","name":"admin","image":{"@type":"ImageObject","inLanguage":"en-US","@id":"https:\/\/secure.gravatar.com\/avatar\/ae2f4d718e6c49043e314ce431e7e645d646302a24a5ef5a8bc8e3f5a032e319?s=96&d=mm&r=g","url":"https:\/\/secure.gravatar.com\/avatar\/ae2f4d718e6c49043e314ce431e7e645d646302a24a5ef5a8bc8e3f5a032e319?s=96&d=mm&r=g","contentUrl":"https:\/\/secure.gravatar.com\/avatar\/ae2f4d718e6c49043e314ce431e7e645d646302a24a5ef5a8bc8e3f5a032e319?s=96&d=mm&r=g","caption":"admin"},"sameAs":["https:\/\/develop.organisator.galledia.ch"],"url":"https:\/\/news.save.ch\/en\/author\/admin\/"}]}},"_links":{"self":[{"href":"https:\/\/news.save.ch\/en\/wp-json\/wp\/v2\/posts\/146","targetHints":{"allow":["GET"]}}],"collection":[{"href":"https:\/\/news.save.ch\/en\/wp-json\/wp\/v2\/posts"}],"about":[{"href":"https:\/\/news.save.ch\/en\/wp-json\/wp\/v2\/types\/post"}],"author":[{"embeddable":true,"href":"https:\/\/news.save.ch\/en\/wp-json\/wp\/v2\/users\/1"}],"replies":[{"embeddable":true,"href":"https:\/\/news.save.ch\/en\/wp-json\/wp\/v2\/comments?post=146"}],"version-history":[{"count":0,"href":"https:\/\/news.save.ch\/en\/wp-json\/wp\/v2\/posts\/146\/revisions"}],"wp:featuredmedia":[{"embeddable":true,"href":"https:\/\/news.save.ch\/en\/wp-json\/wp\/v2\/media\/147"}],"wp:attachment":[{"href":"https:\/\/news.save.ch\/en\/wp-json\/wp\/v2\/media?parent=146"}],"wp:term":[{"taxonomy":"category","embeddable":true,"href":"https:\/\/news.save.ch\/en\/wp-json\/wp\/v2\/categories?post=146"},{"taxonomy":"post_tag","embeddable":true,"href":"https:\/\/news.save.ch\/en\/wp-json\/wp\/v2\/tags?post=146"}],"curies":[{"name":"wp","href":"https:\/\/api.w.org\/{rel}","templated":true}]}}