{"id":14652,"date":"2022-07-26T15:08:19","date_gmt":"2022-07-26T13:08:19","guid":{"rendered":"https:\/\/news.save.ch\/?p=14652"},"modified":"2023-06-20T16:05:21","modified_gmt":"2023-06-20T14:05:21","slug":"im-ausland-erbrachte-private-sicherheitsdienstleistungen","status":null,"type":"post","link":"https:\/\/news.save.ch\/en\/im-ausland-erbrachte-private-sicherheitsdienstleistungen\/","title":{"rendered":"Private security services provided abroad"},"content":{"rendered":"<figure id=\"attachment_9390\" aria-describedby=\"caption-attachment-9390\" style=\"width: 640px\" class=\"wp-caption alignnone\"><img loading=\"lazy\" decoding=\"async\" class=\"wp-image-9390 size-full\" src=\"https:\/\/news.save.ch\/wp-content\/uploads\/2022\/07\/security-department-g4e2dbbe86_640.png\" alt=\"private security services \" width=\"640\" height=\"424\" \/><figcaption id=\"caption-attachment-9390\" class=\"wp-caption-text\">Image: Pixabay<\/figcaption><\/figure>\n<p>Private security services provided abroad declined sharply last year. Numerous activities fulfilled <a href=\"https:\/\/www.newsd.admin.ch\/newsd\/message\/attachments\/72070.pdf\" target=\"_blank\" rel=\"noopener\">According to the current activity report<\/a> of the Federal Department of Foreign Affairs (FDFA) does not provide a new and more precise definition of private security services.<\/p>\n<p>The impact of the revised regulation mainly concerned services for armed or security forces. For this group, the number of notifications in 2021 was still about one-tenth of the number submitted in the previous year.<\/p>\n<p>A total of 157 reports were received. These mainly concerned three groups of activities: personal protection and the guarding of goods or properties, as well as support for armed and security forces and, most recently, private intelligence activities. The Export Control and Private Security Services Section (SEPS) initiated three investigation procedures but did not issue a ban.<\/p>\n<h2>Market observation<\/h2>\n<p>At the international level, the FDFA SEPS Section participated in the dialogue on standards for private security companies and on measures to control their activities, for example when new technologies are increasingly offered and operated by specialized private companies for the benefit of states.<\/p>\n<p>Private military and security companies (PMSCs), for example, have also been the focus of public interest. Last year, for example, the presence of the Russian Wagner Group in sub-Saharan Africa regularly made headlines. The FDFA is following these developments closely as a matter of respect for international law, as it stated in its press release. <a href=\"https:\/\/www.admin.ch\/gov\/de\/start\/dokumentation\/medienmitteilungen.msg-id-89371.html\" target=\"_blank\" rel=\"noopener\">writes<\/a>.<\/p>\n<p>The activity report was taken note of by the Federal Council at the end of June.<\/p>\n<p><em>Source: DFA\/Editorial Office\u00a0<\/em><\/p>","protected":false},"excerpt":{"rendered":"<p>Die im Ausland erbrachten privaten Sicherheitsdienstleistungen gingen im letzten Jahr stark zur\u00fcck. Zahlreiche T\u00e4tigkeiten erf\u00fcllten gem\u00e4ss des aktuellen T\u00e4tigkeitsberichts des Eidgen\u00f6ssischen Departements f\u00fcr ausw\u00e4rtige Angelegenheiten (EDA) eine neue und pr\u00e4zisere Definition der privaten Sicherheitsdienstleistungen nicht. Die Auswirkungen der revisionierten Verordnung betrafen vorwiegend Dienstleistungen f\u00fcr Streit- oder Sicherheitskr\u00e4fte. Bei dieser Gruppe betrug die Anzahl der Meldungen [&hellip;]<\/p>\n","protected":false},"author":9,"featured_media":14653,"comment_status":"closed","ping_status":"closed","sticky":false,"template":"","format":"standard","meta":{"_acf_changed":false,"pgc_sgb_lightbox_settings":"","footnotes":""},"categories":[1],"tags":[1217,4299,4300,4297,4298,310,522],"class_list":["post-14652","post","type-post","status-publish","format-standard","has-post-thumbnail","hentry","category-allgemein","tag-eda","tag-meldungen","tag-pmscs","tag-private-sicherheitsdienstleistungen","tag-seps","tag-sicherheit","tag-sicherheitsdienstleistungen"],"acf":[],"hkrextid":null,"publication":null,"issue":null,"workflow":null,"startPage":null,"spitzmarke":null,"_posts_by_tag_page_fields":{"widget_title":"","widget_tags":""},"_at_widget":"1","_yoast_wpseo_primary_category":"1","_yoast_wpseo_focuskw_text_input":null,"_yoast_wpseo_opengraph-image":null,"_yoast_wpseo_opengraph-description":null,"_yoast_wpseo_opengraph-title":null,"enclosure":null,"_yoast_wpseo_twitter-title":null,"_yoast_wpseo_twitter-description":null,"_yoast_wpseo_twitter-image":null,"_wp_old_slug":null,"_yoast_wpseo_title":null,"_yoast_wpseo_canonical":null,"yoast_head":"<!-- This site is optimized with the Yoast SEO plugin v27.5 - https:\/\/yoast.com\/product\/yoast-seo-wordpress\/ -->\n<title>Im Ausland erbrachte private Sicherheitsdienstleistungen - Save<\/title>\n<meta name=\"description\" content=\"2021 gingen beim Eidgen\u00f6ssischen Departements f\u00fcr ausw\u00e4rtige Angelegenheiten (EDA) 157 Meldungen von Firmen ein, die von der Schweiz aus private Sicherheitsdienstleistungen im Ausland erbringen wollten. Es wurden insgesamt drei Pr\u00fcfverfahren eingeleitet, jedoch kein Verbot ausgesprochen.\" \/>\n<meta name=\"robots\" content=\"index, follow, max-snippet:-1, max-image-preview:large, max-video-preview:-1\" \/>\n<link rel=\"canonical\" href=\"https:\/\/news.save.ch\/en\/im-ausland-erbrachte-private-sicherheitsdienstleistungen\/\" \/>\n<meta property=\"og:locale\" content=\"en_US\" \/>\n<meta property=\"og:type\" content=\"article\" \/>\n<meta property=\"og:title\" content=\"Im Ausland erbrachte private Sicherheitsdienstleistungen - Save\" \/>\n<meta property=\"og:description\" content=\"2021 gingen beim Eidgen\u00f6ssischen Departements f\u00fcr ausw\u00e4rtige Angelegenheiten (EDA) 157 Meldungen von Firmen ein, die von der Schweiz aus private Sicherheitsdienstleistungen im Ausland erbringen wollten. Es wurden insgesamt drei Pr\u00fcfverfahren eingeleitet, jedoch kein Verbot ausgesprochen.\" \/>\n<meta property=\"og:url\" content=\"https:\/\/news.save.ch\/en\/im-ausland-erbrachte-private-sicherheitsdienstleistungen\/\" \/>\n<meta property=\"og:site_name\" content=\"Save\" \/>\n<meta property=\"article:published_time\" content=\"2022-07-26T13:08:19+00:00\" \/>\n<meta property=\"article:modified_time\" content=\"2023-06-20T14:05:21+00:00\" \/>\n<meta property=\"og:image\" content=\"https:\/\/news.save.ch\/wp-content\/uploads\/2022\/07\/security-department-g4e2dbbe86_640.png\" \/>\n\t<meta property=\"og:image:width\" content=\"640\" \/>\n\t<meta property=\"og:image:height\" content=\"424\" \/>\n\t<meta property=\"og:image:type\" content=\"image\/png\" \/>\n<meta name=\"author\" content=\"Simon Gr\u00f6flin\" \/>\n<meta name=\"twitter:card\" content=\"summary_large_image\" \/>\n<meta name=\"twitter:label1\" content=\"Written by\" \/>\n\t<meta name=\"twitter:data1\" content=\"Simon Gr\u00f6flin\" \/>\n\t<meta name=\"twitter:label2\" content=\"Est. reading time\" \/>\n\t<meta name=\"twitter:data2\" content=\"2 minutes\" \/>\n<script type=\"application\/ld+json\" class=\"yoast-schema-graph\">{\"@context\":\"https:\\\/\\\/schema.org\",\"@graph\":[{\"@type\":\"Article\",\"@id\":\"https:\\\/\\\/news.save.ch\\\/im-ausland-erbrachte-private-sicherheitsdienstleistungen\\\/#article\",\"isPartOf\":{\"@id\":\"https:\\\/\\\/news.save.ch\\\/im-ausland-erbrachte-private-sicherheitsdienstleistungen\\\/\"},\"author\":{\"name\":\"Simon Gr\u00f6flin\",\"@id\":\"https:\\\/\\\/news.save.ch\\\/de\\\/#\\\/schema\\\/person\\\/ad4ef21102fd6125312409ac57d5296d\"},\"headline\":\"Im Ausland erbrachte private Sicherheitsdienstleistungen\",\"datePublished\":\"2022-07-26T13:08:19+00:00\",\"dateModified\":\"2023-06-20T14:05:21+00:00\",\"mainEntityOfPage\":{\"@id\":\"https:\\\/\\\/news.save.ch\\\/im-ausland-erbrachte-private-sicherheitsdienstleistungen\\\/\"},\"wordCount\":256,\"publisher\":{\"@id\":\"https:\\\/\\\/news.save.ch\\\/de\\\/#organization\"},\"image\":{\"@id\":\"https:\\\/\\\/news.save.ch\\\/im-ausland-erbrachte-private-sicherheitsdienstleistungen\\\/#primaryimage\"},\"thumbnailUrl\":\"https:\\\/\\\/news.save.ch\\\/wp-content\\\/uploads\\\/2022\\\/07\\\/security-department-g4e2dbbe86_640.png\",\"keywords\":[\"EDA\",\"Meldungen\",\"PMSCs\",\"private Sicherheitsdienstleistungen\",\"SEPS\",\"Sicherheit\",\"Sicherheitsdienstleistungen\"],\"articleSection\":[\"ALLGEMEIN\"],\"inLanguage\":\"en-US\"},{\"@type\":\"WebPage\",\"@id\":\"https:\\\/\\\/news.save.ch\\\/im-ausland-erbrachte-private-sicherheitsdienstleistungen\\\/\",\"url\":\"https:\\\/\\\/news.save.ch\\\/im-ausland-erbrachte-private-sicherheitsdienstleistungen\\\/\",\"name\":\"Im Ausland erbrachte private Sicherheitsdienstleistungen - Save\",\"isPartOf\":{\"@id\":\"https:\\\/\\\/news.save.ch\\\/de\\\/#website\"},\"primaryImageOfPage\":{\"@id\":\"https:\\\/\\\/news.save.ch\\\/im-ausland-erbrachte-private-sicherheitsdienstleistungen\\\/#primaryimage\"},\"image\":{\"@id\":\"https:\\\/\\\/news.save.ch\\\/im-ausland-erbrachte-private-sicherheitsdienstleistungen\\\/#primaryimage\"},\"thumbnailUrl\":\"https:\\\/\\\/news.save.ch\\\/wp-content\\\/uploads\\\/2022\\\/07\\\/security-department-g4e2dbbe86_640.png\",\"datePublished\":\"2022-07-26T13:08:19+00:00\",\"dateModified\":\"2023-06-20T14:05:21+00:00\",\"description\":\"2021 gingen beim Eidgen\u00f6ssischen Departements f\u00fcr ausw\u00e4rtige Angelegenheiten (EDA) 157 Meldungen von Firmen ein, die von der Schweiz aus private Sicherheitsdienstleistungen im Ausland erbringen wollten. Es wurden insgesamt drei Pr\u00fcfverfahren eingeleitet, jedoch kein Verbot ausgesprochen.\",\"breadcrumb\":{\"@id\":\"https:\\\/\\\/news.save.ch\\\/im-ausland-erbrachte-private-sicherheitsdienstleistungen\\\/#breadcrumb\"},\"inLanguage\":\"en-US\",\"potentialAction\":[{\"@type\":\"ReadAction\",\"target\":[\"https:\\\/\\\/news.save.ch\\\/im-ausland-erbrachte-private-sicherheitsdienstleistungen\\\/\"]}]},{\"@type\":\"ImageObject\",\"inLanguage\":\"en-US\",\"@id\":\"https:\\\/\\\/news.save.ch\\\/im-ausland-erbrachte-private-sicherheitsdienstleistungen\\\/#primaryimage\",\"url\":\"https:\\\/\\\/news.save.ch\\\/wp-content\\\/uploads\\\/2022\\\/07\\\/security-department-g4e2dbbe86_640.png\",\"contentUrl\":\"https:\\\/\\\/news.save.ch\\\/wp-content\\\/uploads\\\/2022\\\/07\\\/security-department-g4e2dbbe86_640.png\",\"width\":640,\"height\":424},{\"@type\":\"BreadcrumbList\",\"@id\":\"https:\\\/\\\/news.save.ch\\\/im-ausland-erbrachte-private-sicherheitsdienstleistungen\\\/#breadcrumb\",\"itemListElement\":[{\"@type\":\"ListItem\",\"position\":1,\"name\":\"Home\",\"item\":\"https:\\\/\\\/news.save.ch\\\/de\\\/\"},{\"@type\":\"ListItem\",\"position\":2,\"name\":\"Im Ausland erbrachte private Sicherheitsdienstleistungen\"}]},{\"@type\":\"WebSite\",\"@id\":\"https:\\\/\\\/news.save.ch\\\/de\\\/#website\",\"url\":\"https:\\\/\\\/news.save.ch\\\/de\\\/\",\"name\":\"Save\",\"description\":\"Schweizer Fachzeitschrift f\u00fcr Sicherheit\",\"publisher\":{\"@id\":\"https:\\\/\\\/news.save.ch\\\/de\\\/#organization\"},\"potentialAction\":[{\"@type\":\"SearchAction\",\"target\":{\"@type\":\"EntryPoint\",\"urlTemplate\":\"https:\\\/\\\/news.save.ch\\\/de\\\/?s={search_term_string}\"},\"query-input\":{\"@type\":\"PropertyValueSpecification\",\"valueRequired\":true,\"valueName\":\"search_term_string\"}}],\"inLanguage\":\"en-US\"},{\"@type\":\"Organization\",\"@id\":\"https:\\\/\\\/news.save.ch\\\/de\\\/#organization\",\"name\":\"Sicherheitsforum\",\"url\":\"https:\\\/\\\/news.save.ch\\\/de\\\/\",\"logo\":{\"@type\":\"ImageObject\",\"inLanguage\":\"en-US\",\"@id\":\"https:\\\/\\\/news.save.ch\\\/de\\\/#\\\/schema\\\/logo\\\/image\\\/\",\"url\":\"https:\\\/\\\/news.save.ch\\\/wp-content\\\/uploads\\\/2022\\\/06\\\/Logo_SF_2012.png\",\"contentUrl\":\"https:\\\/\\\/news.save.ch\\\/wp-content\\\/uploads\\\/2022\\\/06\\\/Logo_SF_2012.png\",\"width\":1100,\"height\":91,\"caption\":\"Sicherheitsforum\"},\"image\":{\"@id\":\"https:\\\/\\\/news.save.ch\\\/de\\\/#\\\/schema\\\/logo\\\/image\\\/\"}},{\"@type\":\"Person\",\"@id\":\"https:\\\/\\\/news.save.ch\\\/de\\\/#\\\/schema\\\/person\\\/ad4ef21102fd6125312409ac57d5296d\",\"name\":\"Simon Gr\u00f6flin\",\"image\":{\"@type\":\"ImageObject\",\"inLanguage\":\"en-US\",\"@id\":\"https:\\\/\\\/secure.gravatar.com\\\/avatar\\\/6ddceb80eb734354635539e0ea5140bb7c41e42de7c45c9a2ab9921b5d5c9a83?s=96&d=mm&r=g\",\"url\":\"https:\\\/\\\/secure.gravatar.com\\\/avatar\\\/6ddceb80eb734354635539e0ea5140bb7c41e42de7c45c9a2ab9921b5d5c9a83?s=96&d=mm&r=g\",\"contentUrl\":\"https:\\\/\\\/secure.gravatar.com\\\/avatar\\\/6ddceb80eb734354635539e0ea5140bb7c41e42de7c45c9a2ab9921b5d5c9a83?s=96&d=mm&r=g\",\"caption\":\"Simon Gr\u00f6flin\"},\"url\":\"https:\\\/\\\/news.save.ch\\\/en\\\/author\\\/simon-groeflin\\\/\"}]}<\/script>\n<!-- \/ Yoast SEO plugin. -->","yoast_head_json":{"title":"Private security services provided abroad - Save","description":"In 2021, the Federal Department of Foreign Affairs (FDFA) received 157 notifications from companies wishing to provide private security services abroad from Switzerland. A total of three investigation procedures were initiated, but no ban was imposed.","robots":{"index":"index","follow":"follow","max-snippet":"max-snippet:-1","max-image-preview":"max-image-preview:large","max-video-preview":"max-video-preview:-1"},"canonical":"https:\/\/news.save.ch\/en\/im-ausland-erbrachte-private-sicherheitsdienstleistungen\/","og_locale":"en_US","og_type":"article","og_title":"Im Ausland erbrachte private Sicherheitsdienstleistungen - Save","og_description":"2021 gingen beim Eidgen\u00f6ssischen Departements f\u00fcr ausw\u00e4rtige Angelegenheiten (EDA) 157 Meldungen von Firmen ein, die von der Schweiz aus private Sicherheitsdienstleistungen im Ausland erbringen wollten. Es wurden insgesamt drei Pr\u00fcfverfahren eingeleitet, jedoch kein Verbot ausgesprochen.","og_url":"https:\/\/news.save.ch\/en\/im-ausland-erbrachte-private-sicherheitsdienstleistungen\/","og_site_name":"Save","article_published_time":"2022-07-26T13:08:19+00:00","article_modified_time":"2023-06-20T14:05:21+00:00","og_image":[{"width":640,"height":424,"url":"https:\/\/news.save.ch\/wp-content\/uploads\/2022\/07\/security-department-g4e2dbbe86_640.png","type":"image\/png"}],"author":"Simon Gr\u00f6flin","twitter_card":"summary_large_image","twitter_misc":{"Written by":"Simon Gr\u00f6flin","Est. reading time":"2 minutes"},"schema":{"@context":"https:\/\/schema.org","@graph":[{"@type":"Article","@id":"https:\/\/news.save.ch\/im-ausland-erbrachte-private-sicherheitsdienstleistungen\/#article","isPartOf":{"@id":"https:\/\/news.save.ch\/im-ausland-erbrachte-private-sicherheitsdienstleistungen\/"},"author":{"name":"Simon Gr\u00f6flin","@id":"https:\/\/news.save.ch\/de\/#\/schema\/person\/ad4ef21102fd6125312409ac57d5296d"},"headline":"Im Ausland erbrachte private Sicherheitsdienstleistungen","datePublished":"2022-07-26T13:08:19+00:00","dateModified":"2023-06-20T14:05:21+00:00","mainEntityOfPage":{"@id":"https:\/\/news.save.ch\/im-ausland-erbrachte-private-sicherheitsdienstleistungen\/"},"wordCount":256,"publisher":{"@id":"https:\/\/news.save.ch\/de\/#organization"},"image":{"@id":"https:\/\/news.save.ch\/im-ausland-erbrachte-private-sicherheitsdienstleistungen\/#primaryimage"},"thumbnailUrl":"https:\/\/news.save.ch\/wp-content\/uploads\/2022\/07\/security-department-g4e2dbbe86_640.png","keywords":["EDA","Meldungen","PMSCs","private Sicherheitsdienstleistungen","SEPS","Sicherheit","Sicherheitsdienstleistungen"],"articleSection":["ALLGEMEIN"],"inLanguage":"en-US"},{"@type":"WebPage","@id":"https:\/\/news.save.ch\/im-ausland-erbrachte-private-sicherheitsdienstleistungen\/","url":"https:\/\/news.save.ch\/im-ausland-erbrachte-private-sicherheitsdienstleistungen\/","name":"Private security services provided abroad - Save","isPartOf":{"@id":"https:\/\/news.save.ch\/de\/#website"},"primaryImageOfPage":{"@id":"https:\/\/news.save.ch\/im-ausland-erbrachte-private-sicherheitsdienstleistungen\/#primaryimage"},"image":{"@id":"https:\/\/news.save.ch\/im-ausland-erbrachte-private-sicherheitsdienstleistungen\/#primaryimage"},"thumbnailUrl":"https:\/\/news.save.ch\/wp-content\/uploads\/2022\/07\/security-department-g4e2dbbe86_640.png","datePublished":"2022-07-26T13:08:19+00:00","dateModified":"2023-06-20T14:05:21+00:00","description":"In 2021, the Federal Department of Foreign Affairs (FDFA) received 157 notifications from companies wishing to provide private security services abroad from Switzerland. A total of three investigation procedures were initiated, but no ban was imposed.","breadcrumb":{"@id":"https:\/\/news.save.ch\/im-ausland-erbrachte-private-sicherheitsdienstleistungen\/#breadcrumb"},"inLanguage":"en-US","potentialAction":[{"@type":"ReadAction","target":["https:\/\/news.save.ch\/im-ausland-erbrachte-private-sicherheitsdienstleistungen\/"]}]},{"@type":"ImageObject","inLanguage":"en-US","@id":"https:\/\/news.save.ch\/im-ausland-erbrachte-private-sicherheitsdienstleistungen\/#primaryimage","url":"https:\/\/news.save.ch\/wp-content\/uploads\/2022\/07\/security-department-g4e2dbbe86_640.png","contentUrl":"https:\/\/news.save.ch\/wp-content\/uploads\/2022\/07\/security-department-g4e2dbbe86_640.png","width":640,"height":424},{"@type":"BreadcrumbList","@id":"https:\/\/news.save.ch\/im-ausland-erbrachte-private-sicherheitsdienstleistungen\/#breadcrumb","itemListElement":[{"@type":"ListItem","position":1,"name":"Home","item":"https:\/\/news.save.ch\/de\/"},{"@type":"ListItem","position":2,"name":"Im Ausland erbrachte private Sicherheitsdienstleistungen"}]},{"@type":"WebSite","@id":"https:\/\/news.save.ch\/de\/#website","url":"https:\/\/news.save.ch\/de\/","name":"Save","description":"Swiss trade journal for safety","publisher":{"@id":"https:\/\/news.save.ch\/de\/#organization"},"potentialAction":[{"@type":"SearchAction","target":{"@type":"EntryPoint","urlTemplate":"https:\/\/news.save.ch\/de\/?s={search_term_string}"},"query-input":{"@type":"PropertyValueSpecification","valueRequired":true,"valueName":"search_term_string"}}],"inLanguage":"en-US"},{"@type":"Organization","@id":"https:\/\/news.save.ch\/de\/#organization","name":"Security Forum","url":"https:\/\/news.save.ch\/de\/","logo":{"@type":"ImageObject","inLanguage":"en-US","@id":"https:\/\/news.save.ch\/de\/#\/schema\/logo\/image\/","url":"https:\/\/news.save.ch\/wp-content\/uploads\/2022\/06\/Logo_SF_2012.png","contentUrl":"https:\/\/news.save.ch\/wp-content\/uploads\/2022\/06\/Logo_SF_2012.png","width":1100,"height":91,"caption":"Sicherheitsforum"},"image":{"@id":"https:\/\/news.save.ch\/de\/#\/schema\/logo\/image\/"}},{"@type":"Person","@id":"https:\/\/news.save.ch\/de\/#\/schema\/person\/ad4ef21102fd6125312409ac57d5296d","name":"Simon Gr\u00f6flin","image":{"@type":"ImageObject","inLanguage":"en-US","@id":"https:\/\/secure.gravatar.com\/avatar\/6ddceb80eb734354635539e0ea5140bb7c41e42de7c45c9a2ab9921b5d5c9a83?s=96&d=mm&r=g","url":"https:\/\/secure.gravatar.com\/avatar\/6ddceb80eb734354635539e0ea5140bb7c41e42de7c45c9a2ab9921b5d5c9a83?s=96&d=mm&r=g","contentUrl":"https:\/\/secure.gravatar.com\/avatar\/6ddceb80eb734354635539e0ea5140bb7c41e42de7c45c9a2ab9921b5d5c9a83?s=96&d=mm&r=g","caption":"Simon Gr\u00f6flin"},"url":"https:\/\/news.save.ch\/en\/author\/simon-groeflin\/"}]}},"_links":{"self":[{"href":"https:\/\/news.save.ch\/en\/wp-json\/wp\/v2\/posts\/14652","targetHints":{"allow":["GET"]}}],"collection":[{"href":"https:\/\/news.save.ch\/en\/wp-json\/wp\/v2\/posts"}],"about":[{"href":"https:\/\/news.save.ch\/en\/wp-json\/wp\/v2\/types\/post"}],"author":[{"embeddable":true,"href":"https:\/\/news.save.ch\/en\/wp-json\/wp\/v2\/users\/9"}],"replies":[{"embeddable":true,"href":"https:\/\/news.save.ch\/en\/wp-json\/wp\/v2\/comments?post=14652"}],"version-history":[{"count":2,"href":"https:\/\/news.save.ch\/en\/wp-json\/wp\/v2\/posts\/14652\/revisions"}],"predecessor-version":[{"id":20098,"href":"https:\/\/news.save.ch\/en\/wp-json\/wp\/v2\/posts\/14652\/revisions\/20098"}],"wp:featuredmedia":[{"embeddable":true,"href":"https:\/\/news.save.ch\/en\/wp-json\/wp\/v2\/media\/14653"}],"wp:attachment":[{"href":"https:\/\/news.save.ch\/en\/wp-json\/wp\/v2\/media?parent=14652"}],"wp:term":[{"taxonomy":"category","embeddable":true,"href":"https:\/\/news.save.ch\/en\/wp-json\/wp\/v2\/categories?post=14652"},{"taxonomy":"post_tag","embeddable":true,"href":"https:\/\/news.save.ch\/en\/wp-json\/wp\/v2\/tags?post=14652"}],"curies":[{"name":"wp","href":"https:\/\/api.w.org\/{rel}","templated":true}]}}