{"id":1469,"date":"2016-07-08T09:50:09","date_gmt":"2016-07-08T07:50:09","guid":{"rendered":"https:\/\/dev.sicherheitsforum.ch\/?p=1469"},"modified":"2023-03-14T08:57:17","modified_gmt":"2023-03-14T07:57:17","slug":"gescheitert-nicht-vom-tisch","status":null,"type":"post","link":"https:\/\/news.save.ch\/en\/gescheitert-nicht-vom-tisch\/","title":{"rendered":"Failed, but not off the table"},"content":{"rendered":"<figure id=\"attachment_1470\" aria-describedby=\"caption-attachment-1470\" style=\"width: 398px\" class=\"wp-caption alignnone\"><img loading=\"lazy\" decoding=\"async\" class=\"wp-image-1470 size-full\" src=\"https:\/\/news.save.ch\/wp-content\/uploads\/2016\/12\/Gescheitert-aber-nicht-vom-Tisch-it-security.jpg\" width=\"398\" height=\"271\" srcset=\"https:\/\/news.save.ch\/wp-content\/uploads\/2016\/12\/Gescheitert-aber-nicht-vom-Tisch-it-security.jpg 398w, https:\/\/news.save.ch\/wp-content\/uploads\/2016\/12\/Gescheitert-aber-nicht-vom-Tisch-it-security-375x255.jpg 375w\" sizes=\"auto, (max-width: 398px) 100vw, 398px\" \/><figcaption id=\"caption-attachment-1470\" class=\"wp-caption-text\">The B\u00fcpf referendum failed, but ...<\/figcaption><\/figure>\n<p>The <a href=\"https:\/\/stopbuepf.ch\/\" target=\"_blank\" data-cke-saved-href=\"https:\/\/stopbuepf.ch\/\" rel=\"noopener\">Stop-B\u00fcpf Committee<\/a> had to announce yesterday that \"only\" 45,240 certified signatures could be submitted to the Federal Chancellery. This means that 4760 votes against the surveillance of postal and telecommunications traffic (B\u00fcpf) are missing.<\/p>\n<p><strong>Politically explosive topics are on the agenda<\/strong><\/p>\n<p>Despite the failed referendum, the \"surveillance\" issue is not off the table. In September, the electorate must vote on the <a href=\"https:\/\/www.admin.ch\/opc\/de\/federal-gazette\/2015\/7211.pdf\" target=\"_blank\" data-cke-saved-href=\"https:\/\/www.admin.ch\/opc\/de\/federal-gazette\/2015\/7211.pdf\" rel=\"noopener\">Intelligence Act\u00a0<\/a>decide. In addition, the consultation process for the <a href=\"https:\/\/www.ejpd.admin.ch\/ejpd\/de\/home\/aktuell\/news\/2015\/2015-04-010.html\" target=\"_blank\" data-cke-saved-href=\"https:\/\/www.ejpd.admin.ch\/ejpd\/de\/home\/aktuell\/news\/2015\/2015-04-010.html\" rel=\"noopener\">Revision of the Data Protection Act<\/a>\u00a0(FADP). With the FADP revision, the Federal Council wants to create the conditions for Switzerland to ratify the modernized Council of Europe Convention for the Protection of Individuals with regard to Automatic Processing of Personal Data and, to the extent necessary in the context of the further development of the Schengen\/Dublin acquis, to adopt the EU data protection decrees.<\/p>\n<p>Furthermore, according to <a href=\"https:\/\/www.swico.ch\" target=\"_blank\" data-cke-saved-href=\"https:\/\/www.swico.ch\" rel=\"noopener\">Swico<\/a>which supported the B\u00fcpf referendum, a case against data retention is still pending before the Federal Administrative Court. Throughout Europe, but also in the United States, the constant tightening of surveillance of innocent citizens is increasingly viewed critically and resistance to it is spreading from civil society, the association emphasizes. <em>(rs)<\/em><\/p>\n<p>&nbsp;<\/p>","protected":false},"excerpt":{"rendered":"<p>Das Stop-B\u00fcpf-Komitee musste gestern mitteilen, dass \u201enur\u201c 45\u2018240 beglaubigte Unterschriften bei der Bundeskanzlei eingereicht werden konnten. Damit fehlen 4760 Stimmen gegen die \u00dcberwachung des Post- und Fernmeldeverkehrs (B\u00fcpf) Politisch brisante Themen stehen an Trotz gescheitertem\u00a0Referendums ist\u00a0die &#8222;\u00dcberwachungs&#8220;-Thematik nicht\u00a0vom Tisch. Im September muss das Stimmvolk \u00fcber das Nachrichtendienstgesetz\u00a0entscheiden. Zudem beginnt auch die Vernehmlassung zur Revision des [&hellip;]<\/p>\n","protected":false},"author":1,"featured_media":1470,"comment_status":"open","ping_status":"open","sticky":false,"template":"","format":"standard","meta":{"_acf_changed":false,"pgc_sgb_lightbox_settings":"","footnotes":""},"categories":[3313],"tags":[63,165],"class_list":["post-1469","post","type-post","status-publish","format-standard","has-post-thumbnail","hentry","category-digitalisierung","tag-it-security","tag-nachrichtendienst"],"acf":[],"hkrextid":null,"publication":null,"issue":null,"workflow":null,"startPage":null,"spitzmarke":null,"_posts_by_tag_page_fields":{"widget_title":"","widget_tags":""},"_at_widget":"1","_yoast_wpseo_primary_category":"2","_yoast_wpseo_focuskw_text_input":"Gescheitert","_yoast_wpseo_opengraph-image":"https:\/\/news.save.ch\/wp-content\/uploads\/2016\/12\/Gescheitert-aber-nicht-vom-Tisch-it-security.jpg","_yoast_wpseo_opengraph-description":"Das Referendum gegen das Bundesgesetz betreffend der \u00dcberwachung des Post- und Fernmeldeverkehrs, kurz B\u00fcpf, kommt nicht zustande. Doch die \"\u00dcberwachungs\"-Thematik ist nicht vom Tisch.","_yoast_wpseo_opengraph-title":"Gescheitert, aber nicht vom Tisch","enclosure":null,"_yoast_wpseo_twitter-title":null,"_yoast_wpseo_twitter-description":null,"_yoast_wpseo_twitter-image":null,"_wp_old_slug":null,"_yoast_wpseo_title":null,"_yoast_wpseo_canonical":null,"yoast_head":"<!-- This site is optimized with the Yoast SEO plugin v27.5 - https:\/\/yoast.com\/product\/yoast-seo-wordpress\/ -->\n<title>Gescheitert, aber nicht vom Tisch - Save<\/title>\n<meta name=\"description\" content=\"Das Referendum gegen das Bundesgesetz betreffend der \u00dcberwachung des Post- und Fernmeldeverkehrs, kurz B\u00fcpf, kommt nicht zustande.\" \/>\n<meta name=\"robots\" content=\"index, follow, max-snippet:-1, max-image-preview:large, max-video-preview:-1\" \/>\n<link rel=\"canonical\" href=\"https:\/\/news.save.ch\/en\/gescheitert-nicht-vom-tisch\/\" \/>\n<meta property=\"og:locale\" content=\"en_US\" \/>\n<meta property=\"og:type\" content=\"article\" \/>\n<meta property=\"og:title\" content=\"Gescheitert, aber nicht vom Tisch\" \/>\n<meta property=\"og:description\" content=\"Das Referendum gegen das Bundesgesetz betreffend der \u00dcberwachung des Post- und Fernmeldeverkehrs, kurz B\u00fcpf, kommt nicht zustande. Doch die &quot;\u00dcberwachungs&quot;-Thematik ist nicht vom Tisch.\" \/>\n<meta property=\"og:url\" content=\"https:\/\/news.save.ch\/en\/gescheitert-nicht-vom-tisch\/\" \/>\n<meta property=\"og:site_name\" content=\"Save\" \/>\n<meta property=\"article:published_time\" content=\"2016-07-08T07:50:09+00:00\" \/>\n<meta property=\"article:modified_time\" content=\"2023-03-14T07:57:17+00:00\" \/>\n<meta property=\"og:image\" content=\"https:\/\/news.save.ch\/wp-content\/uploads\/2016\/12\/Gescheitert-aber-nicht-vom-Tisch-it-security.jpg\" \/>\n<meta name=\"author\" content=\"admin\" \/>\n<meta name=\"twitter:card\" content=\"summary_large_image\" \/>\n<meta name=\"twitter:label1\" content=\"Written by\" \/>\n\t<meta name=\"twitter:data1\" content=\"admin\" \/>\n\t<meta name=\"twitter:label2\" content=\"Est. reading time\" \/>\n\t<meta name=\"twitter:data2\" content=\"1 minute\" \/>\n<script type=\"application\/ld+json\" class=\"yoast-schema-graph\">{\"@context\":\"https:\\\/\\\/schema.org\",\"@graph\":[{\"@type\":\"Article\",\"@id\":\"https:\\\/\\\/news.save.ch\\\/gescheitert-nicht-vom-tisch\\\/#article\",\"isPartOf\":{\"@id\":\"https:\\\/\\\/news.save.ch\\\/gescheitert-nicht-vom-tisch\\\/\"},\"author\":{\"name\":\"admin\",\"@id\":\"https:\\\/\\\/news.save.ch\\\/de\\\/#\\\/schema\\\/person\\\/d49e199490bad7c70d64b9ab51142f2b\"},\"headline\":\"Gescheitert, aber nicht vom Tisch\",\"datePublished\":\"2016-07-08T07:50:09+00:00\",\"dateModified\":\"2023-03-14T07:57:17+00:00\",\"mainEntityOfPage\":{\"@id\":\"https:\\\/\\\/news.save.ch\\\/gescheitert-nicht-vom-tisch\\\/\"},\"wordCount\":186,\"commentCount\":0,\"publisher\":{\"@id\":\"https:\\\/\\\/news.save.ch\\\/de\\\/#organization\"},\"image\":{\"@id\":\"https:\\\/\\\/news.save.ch\\\/gescheitert-nicht-vom-tisch\\\/#primaryimage\"},\"thumbnailUrl\":\"https:\\\/\\\/news.save.ch\\\/wp-content\\\/uploads\\\/2016\\\/12\\\/Gescheitert-aber-nicht-vom-Tisch-it-security.jpg\",\"keywords\":[\"IT-SECURITY\",\"Nachrichtendienst\"],\"articleSection\":[\"DIGITALISIERUNG\"],\"inLanguage\":\"en-US\"},{\"@type\":\"WebPage\",\"@id\":\"https:\\\/\\\/news.save.ch\\\/gescheitert-nicht-vom-tisch\\\/\",\"url\":\"https:\\\/\\\/news.save.ch\\\/gescheitert-nicht-vom-tisch\\\/\",\"name\":\"Gescheitert, aber nicht vom Tisch - Save\",\"isPartOf\":{\"@id\":\"https:\\\/\\\/news.save.ch\\\/de\\\/#website\"},\"primaryImageOfPage\":{\"@id\":\"https:\\\/\\\/news.save.ch\\\/gescheitert-nicht-vom-tisch\\\/#primaryimage\"},\"image\":{\"@id\":\"https:\\\/\\\/news.save.ch\\\/gescheitert-nicht-vom-tisch\\\/#primaryimage\"},\"thumbnailUrl\":\"https:\\\/\\\/news.save.ch\\\/wp-content\\\/uploads\\\/2016\\\/12\\\/Gescheitert-aber-nicht-vom-Tisch-it-security.jpg\",\"datePublished\":\"2016-07-08T07:50:09+00:00\",\"dateModified\":\"2023-03-14T07:57:17+00:00\",\"description\":\"Das Referendum gegen das Bundesgesetz betreffend der \u00dcberwachung des Post- und Fernmeldeverkehrs, kurz B\u00fcpf, kommt nicht zustande.\",\"breadcrumb\":{\"@id\":\"https:\\\/\\\/news.save.ch\\\/gescheitert-nicht-vom-tisch\\\/#breadcrumb\"},\"inLanguage\":\"en-US\",\"potentialAction\":[{\"@type\":\"ReadAction\",\"target\":[\"https:\\\/\\\/news.save.ch\\\/gescheitert-nicht-vom-tisch\\\/\"]}]},{\"@type\":\"ImageObject\",\"inLanguage\":\"en-US\",\"@id\":\"https:\\\/\\\/news.save.ch\\\/gescheitert-nicht-vom-tisch\\\/#primaryimage\",\"url\":\"https:\\\/\\\/news.save.ch\\\/wp-content\\\/uploads\\\/2016\\\/12\\\/Gescheitert-aber-nicht-vom-Tisch-it-security.jpg\",\"contentUrl\":\"https:\\\/\\\/news.save.ch\\\/wp-content\\\/uploads\\\/2016\\\/12\\\/Gescheitert-aber-nicht-vom-Tisch-it-security.jpg\",\"width\":398,\"height\":271,\"caption\":\"Das B\u00fcpf-Referendum ist gescheitert, aber ...\"},{\"@type\":\"BreadcrumbList\",\"@id\":\"https:\\\/\\\/news.save.ch\\\/gescheitert-nicht-vom-tisch\\\/#breadcrumb\",\"itemListElement\":[{\"@type\":\"ListItem\",\"position\":1,\"name\":\"Home\",\"item\":\"https:\\\/\\\/news.save.ch\\\/de\\\/\"},{\"@type\":\"ListItem\",\"position\":2,\"name\":\"Gescheitert, aber nicht vom Tisch\"}]},{\"@type\":\"WebSite\",\"@id\":\"https:\\\/\\\/news.save.ch\\\/de\\\/#website\",\"url\":\"https:\\\/\\\/news.save.ch\\\/de\\\/\",\"name\":\"Save\",\"description\":\"Schweizer Fachzeitschrift f\u00fcr Sicherheit\",\"publisher\":{\"@id\":\"https:\\\/\\\/news.save.ch\\\/de\\\/#organization\"},\"potentialAction\":[{\"@type\":\"SearchAction\",\"target\":{\"@type\":\"EntryPoint\",\"urlTemplate\":\"https:\\\/\\\/news.save.ch\\\/de\\\/?s={search_term_string}\"},\"query-input\":{\"@type\":\"PropertyValueSpecification\",\"valueRequired\":true,\"valueName\":\"search_term_string\"}}],\"inLanguage\":\"en-US\"},{\"@type\":\"Organization\",\"@id\":\"https:\\\/\\\/news.save.ch\\\/de\\\/#organization\",\"name\":\"Sicherheitsforum\",\"url\":\"https:\\\/\\\/news.save.ch\\\/de\\\/\",\"logo\":{\"@type\":\"ImageObject\",\"inLanguage\":\"en-US\",\"@id\":\"https:\\\/\\\/news.save.ch\\\/de\\\/#\\\/schema\\\/logo\\\/image\\\/\",\"url\":\"https:\\\/\\\/news.save.ch\\\/wp-content\\\/uploads\\\/2022\\\/06\\\/Logo_SF_2012.png\",\"contentUrl\":\"https:\\\/\\\/news.save.ch\\\/wp-content\\\/uploads\\\/2022\\\/06\\\/Logo_SF_2012.png\",\"width\":1100,\"height\":91,\"caption\":\"Sicherheitsforum\"},\"image\":{\"@id\":\"https:\\\/\\\/news.save.ch\\\/de\\\/#\\\/schema\\\/logo\\\/image\\\/\"}},{\"@type\":\"Person\",\"@id\":\"https:\\\/\\\/news.save.ch\\\/de\\\/#\\\/schema\\\/person\\\/d49e199490bad7c70d64b9ab51142f2b\",\"name\":\"admin\",\"image\":{\"@type\":\"ImageObject\",\"inLanguage\":\"en-US\",\"@id\":\"https:\\\/\\\/secure.gravatar.com\\\/avatar\\\/ae2f4d718e6c49043e314ce431e7e645d646302a24a5ef5a8bc8e3f5a032e319?s=96&d=mm&r=g\",\"url\":\"https:\\\/\\\/secure.gravatar.com\\\/avatar\\\/ae2f4d718e6c49043e314ce431e7e645d646302a24a5ef5a8bc8e3f5a032e319?s=96&d=mm&r=g\",\"contentUrl\":\"https:\\\/\\\/secure.gravatar.com\\\/avatar\\\/ae2f4d718e6c49043e314ce431e7e645d646302a24a5ef5a8bc8e3f5a032e319?s=96&d=mm&r=g\",\"caption\":\"admin\"},\"sameAs\":[\"https:\\\/\\\/develop.organisator.galledia.ch\"],\"url\":\"https:\\\/\\\/news.save.ch\\\/en\\\/author\\\/admin\\\/\"}]}<\/script>\n<!-- \/ Yoast SEO plugin. -->","yoast_head_json":{"title":"Failed, but not off the table - Save","description":"The referendum against the Federal Act on the Surveillance of Postal and Telecommunications Traffic, B\u00fcpf for short, will not be held.","robots":{"index":"index","follow":"follow","max-snippet":"max-snippet:-1","max-image-preview":"max-image-preview:large","max-video-preview":"max-video-preview:-1"},"canonical":"https:\/\/news.save.ch\/en\/gescheitert-nicht-vom-tisch\/","og_locale":"en_US","og_type":"article","og_title":"Gescheitert, aber nicht vom Tisch","og_description":"Das Referendum gegen das Bundesgesetz betreffend der \u00dcberwachung des Post- und Fernmeldeverkehrs, kurz B\u00fcpf, kommt nicht zustande. Doch die \"\u00dcberwachungs\"-Thematik ist nicht vom Tisch.","og_url":"https:\/\/news.save.ch\/en\/gescheitert-nicht-vom-tisch\/","og_site_name":"Save","article_published_time":"2016-07-08T07:50:09+00:00","article_modified_time":"2023-03-14T07:57:17+00:00","og_image":[{"url":"https:\/\/news.save.ch\/wp-content\/uploads\/2016\/12\/Gescheitert-aber-nicht-vom-Tisch-it-security.jpg","type":"","width":"","height":""}],"author":"admin","twitter_card":"summary_large_image","twitter_misc":{"Written by":"admin","Est. reading time":"1 minute"},"schema":{"@context":"https:\/\/schema.org","@graph":[{"@type":"Article","@id":"https:\/\/news.save.ch\/gescheitert-nicht-vom-tisch\/#article","isPartOf":{"@id":"https:\/\/news.save.ch\/gescheitert-nicht-vom-tisch\/"},"author":{"name":"admin","@id":"https:\/\/news.save.ch\/de\/#\/schema\/person\/d49e199490bad7c70d64b9ab51142f2b"},"headline":"Gescheitert, aber nicht vom Tisch","datePublished":"2016-07-08T07:50:09+00:00","dateModified":"2023-03-14T07:57:17+00:00","mainEntityOfPage":{"@id":"https:\/\/news.save.ch\/gescheitert-nicht-vom-tisch\/"},"wordCount":186,"commentCount":0,"publisher":{"@id":"https:\/\/news.save.ch\/de\/#organization"},"image":{"@id":"https:\/\/news.save.ch\/gescheitert-nicht-vom-tisch\/#primaryimage"},"thumbnailUrl":"https:\/\/news.save.ch\/wp-content\/uploads\/2016\/12\/Gescheitert-aber-nicht-vom-Tisch-it-security.jpg","keywords":["IT-SECURITY","Nachrichtendienst"],"articleSection":["DIGITALISIERUNG"],"inLanguage":"en-US"},{"@type":"WebPage","@id":"https:\/\/news.save.ch\/gescheitert-nicht-vom-tisch\/","url":"https:\/\/news.save.ch\/gescheitert-nicht-vom-tisch\/","name":"Failed, but not off the table - Save","isPartOf":{"@id":"https:\/\/news.save.ch\/de\/#website"},"primaryImageOfPage":{"@id":"https:\/\/news.save.ch\/gescheitert-nicht-vom-tisch\/#primaryimage"},"image":{"@id":"https:\/\/news.save.ch\/gescheitert-nicht-vom-tisch\/#primaryimage"},"thumbnailUrl":"https:\/\/news.save.ch\/wp-content\/uploads\/2016\/12\/Gescheitert-aber-nicht-vom-Tisch-it-security.jpg","datePublished":"2016-07-08T07:50:09+00:00","dateModified":"2023-03-14T07:57:17+00:00","description":"The referendum against the Federal Act on the Surveillance of Postal and Telecommunications Traffic, B\u00fcpf for short, will not be held.","breadcrumb":{"@id":"https:\/\/news.save.ch\/gescheitert-nicht-vom-tisch\/#breadcrumb"},"inLanguage":"en-US","potentialAction":[{"@type":"ReadAction","target":["https:\/\/news.save.ch\/gescheitert-nicht-vom-tisch\/"]}]},{"@type":"ImageObject","inLanguage":"en-US","@id":"https:\/\/news.save.ch\/gescheitert-nicht-vom-tisch\/#primaryimage","url":"https:\/\/news.save.ch\/wp-content\/uploads\/2016\/12\/Gescheitert-aber-nicht-vom-Tisch-it-security.jpg","contentUrl":"https:\/\/news.save.ch\/wp-content\/uploads\/2016\/12\/Gescheitert-aber-nicht-vom-Tisch-it-security.jpg","width":398,"height":271,"caption":"Das B\u00fcpf-Referendum ist gescheitert, aber ..."},{"@type":"BreadcrumbList","@id":"https:\/\/news.save.ch\/gescheitert-nicht-vom-tisch\/#breadcrumb","itemListElement":[{"@type":"ListItem","position":1,"name":"Home","item":"https:\/\/news.save.ch\/de\/"},{"@type":"ListItem","position":2,"name":"Gescheitert, aber nicht vom Tisch"}]},{"@type":"WebSite","@id":"https:\/\/news.save.ch\/de\/#website","url":"https:\/\/news.save.ch\/de\/","name":"Save","description":"Swiss trade journal for safety","publisher":{"@id":"https:\/\/news.save.ch\/de\/#organization"},"potentialAction":[{"@type":"SearchAction","target":{"@type":"EntryPoint","urlTemplate":"https:\/\/news.save.ch\/de\/?s={search_term_string}"},"query-input":{"@type":"PropertyValueSpecification","valueRequired":true,"valueName":"search_term_string"}}],"inLanguage":"en-US"},{"@type":"Organization","@id":"https:\/\/news.save.ch\/de\/#organization","name":"Security Forum","url":"https:\/\/news.save.ch\/de\/","logo":{"@type":"ImageObject","inLanguage":"en-US","@id":"https:\/\/news.save.ch\/de\/#\/schema\/logo\/image\/","url":"https:\/\/news.save.ch\/wp-content\/uploads\/2022\/06\/Logo_SF_2012.png","contentUrl":"https:\/\/news.save.ch\/wp-content\/uploads\/2022\/06\/Logo_SF_2012.png","width":1100,"height":91,"caption":"Sicherheitsforum"},"image":{"@id":"https:\/\/news.save.ch\/de\/#\/schema\/logo\/image\/"}},{"@type":"Person","@id":"https:\/\/news.save.ch\/de\/#\/schema\/person\/d49e199490bad7c70d64b9ab51142f2b","name":"admin","image":{"@type":"ImageObject","inLanguage":"en-US","@id":"https:\/\/secure.gravatar.com\/avatar\/ae2f4d718e6c49043e314ce431e7e645d646302a24a5ef5a8bc8e3f5a032e319?s=96&d=mm&r=g","url":"https:\/\/secure.gravatar.com\/avatar\/ae2f4d718e6c49043e314ce431e7e645d646302a24a5ef5a8bc8e3f5a032e319?s=96&d=mm&r=g","contentUrl":"https:\/\/secure.gravatar.com\/avatar\/ae2f4d718e6c49043e314ce431e7e645d646302a24a5ef5a8bc8e3f5a032e319?s=96&d=mm&r=g","caption":"admin"},"sameAs":["https:\/\/develop.organisator.galledia.ch"],"url":"https:\/\/news.save.ch\/en\/author\/admin\/"}]}},"_links":{"self":[{"href":"https:\/\/news.save.ch\/en\/wp-json\/wp\/v2\/posts\/1469","targetHints":{"allow":["GET"]}}],"collection":[{"href":"https:\/\/news.save.ch\/en\/wp-json\/wp\/v2\/posts"}],"about":[{"href":"https:\/\/news.save.ch\/en\/wp-json\/wp\/v2\/types\/post"}],"author":[{"embeddable":true,"href":"https:\/\/news.save.ch\/en\/wp-json\/wp\/v2\/users\/1"}],"replies":[{"embeddable":true,"href":"https:\/\/news.save.ch\/en\/wp-json\/wp\/v2\/comments?post=1469"}],"version-history":[{"count":1,"href":"https:\/\/news.save.ch\/en\/wp-json\/wp\/v2\/posts\/1469\/revisions"}],"predecessor-version":[{"id":17606,"href":"https:\/\/news.save.ch\/en\/wp-json\/wp\/v2\/posts\/1469\/revisions\/17606"}],"wp:featuredmedia":[{"embeddable":true,"href":"https:\/\/news.save.ch\/en\/wp-json\/wp\/v2\/media\/1470"}],"wp:attachment":[{"href":"https:\/\/news.save.ch\/en\/wp-json\/wp\/v2\/media?parent=1469"}],"wp:term":[{"taxonomy":"category","embeddable":true,"href":"https:\/\/news.save.ch\/en\/wp-json\/wp\/v2\/categories?post=1469"},{"taxonomy":"post_tag","embeddable":true,"href":"https:\/\/news.save.ch\/en\/wp-json\/wp\/v2\/tags?post=1469"}],"curies":[{"name":"wp","href":"https:\/\/api.w.org\/{rel}","templated":true}]}}