{"id":1485,"date":"2016-08-17T16:49:01","date_gmt":"2016-08-17T14:49:01","guid":{"rendered":"http:\/\/dev.safety-plus.ch\/?p=1015"},"modified":"2023-03-14T09:03:02","modified_gmt":"2023-03-14T08:03:02","slug":"arbeitssicherheit-bei-der-forstarbeit-wird-verstaerkt","status":null,"type":"post","link":"https:\/\/news.save.ch\/en\/arbeitssicherheit-bei-der-forstarbeit-wird-verstaerkt\/","title":{"rendered":"Occupational safety in forestry work is strengthened"},"content":{"rendered":"<figure id=\"attachment_1016\" aria-describedby=\"caption-attachment-1016\" style=\"width: 680px\" class=\"wp-caption alignnone\"><img loading=\"lazy\" decoding=\"async\" class=\"wp-image-1016 size-medium\" src=\"http:\/\/develop.safety-plus.ch\/wp-content\/uploads\/2016\/12\/Arbeitssicherheit-bei-der-Forstarbeit-wird-verstaerkt_safety-plus.jpg\" width=\"680\" height=\"622\" \/><figcaption id=\"caption-attachment-1016\" class=\"wp-caption-text\">For timber harvesting, work safety courses will become mandatory from 2017.<\/figcaption><\/figure>\n<p>The Federal Council has approved the revision of the Forest Ordinance. On the one hand, this is intended to better protect Swiss forests, but also to improve occupational safety in timber harvesting.<\/p>\n<p>For example, contractors for timber harvesting work in the forest must now prove that their workers have completed a federally recognized course on occupational safety.<\/p>\n<p>Timber harvesting work in the forest includes felling, limbing, cutting and moving trees and tree trunks. Other work in the forest, such as young forest maintenance (with tree diameters up to 20 cm measured at 1.3 m above ground) or maintenance work on forest roads are not affected.<\/p>\n<p>Similarly, the training obligation does not cover timber harvesting work that is carried out outside of direct contractor and employer relationships, such as timber harvesting work in one's own private forest. A transitional regulation allows contractors a period of 5 years after the WaG comes into force until the course certificate must be provided.<\/p>\n<p><strong>Occupational safety and health protection<\/strong><\/p>\n<p>The courses should cover general occupational safety topics such as emergency plans, protective equipment, duties of employers and employees or health protection (e.g. ergonomics, lifting and carrying), as well as demonstrating the safe execution of specific timber harvesting techniques and procedures in a practice-oriented manner. Normally, a total duration of 10 days is sufficient, which can also be attended in sections of e.g. two times five days.<\/p>\n<p>The amendments to the Forest Ordinance and the revised Forest Act will enter into force on January 1, 2017.<\/p>","protected":false},"excerpt":{"rendered":"<p>Der Bundesrat hat die Revision der Waldverordnung genehmigt. Damit sollen zum einen die Schweizer W\u00e4lder besser gesch\u00fctzt werden, aber auch die Arbeitssicherheit bei der Holzernte verbessert werden. So m\u00fcssen Auftragnehmer f\u00fcr Holzerntearbeiten im Wald neu nachweisen, dass ihre Arbeitskr\u00e4fte einen vom Bund anerkannten Kurs zum Thema Arbeitssicherheit absolviert haben. Holzerntearbeiten im Wald beinhalten das F\u00e4llen, [&hellip;]<\/p>\n","protected":false},"author":1,"featured_media":16130,"comment_status":"open","ping_status":"open","sticky":false,"template":"","format":"standard","meta":{"_acf_changed":false,"pgc_sgb_lightbox_settings":"","footnotes":""},"categories":[3314],"tags":[172,168,149,2263,3220],"class_list":["post-1485","post","type-post","status-publish","format-standard","has-post-thumbnail","hentry","category-health-safety","tag-arbeitssicherheit","tag-bundesrat","tag-gesundheitsschutz","tag-holz","tag-wald"],"acf":[],"hkrextid":null,"publication":null,"issue":null,"workflow":null,"startPage":null,"spitzmarke":null,"_posts_by_tag_page_fields":{"widget_title":"","widget_tags":""},"_at_widget":"1","_yoast_wpseo_primary_category":"5","_yoast_wpseo_focuskw_text_input":"Forstarbeit","_yoast_wpseo_opengraph-image":null,"_yoast_wpseo_opengraph-description":null,"_yoast_wpseo_opengraph-title":null,"enclosure":null,"_yoast_wpseo_twitter-title":null,"_yoast_wpseo_twitter-description":null,"_yoast_wpseo_twitter-image":null,"_wp_old_slug":null,"_yoast_wpseo_title":null,"_yoast_wpseo_canonical":null,"yoast_head":"<!-- This site is optimized with the Yoast SEO plugin v27.4 - https:\/\/yoast.com\/product\/yoast-seo-wordpress\/ -->\n<title>Arbeitssicherheit bei der Forstarbeit wird verst\u00e4rkt - Save<\/title>\n<meta name=\"description\" content=\"Forstarbeit: Mit der Revision des Waldgesetzes werden f\u00fcr Arbeiter in der Holzernte Arbeitssicherheitskurse obligatorisch.\" \/>\n<meta name=\"robots\" content=\"index, follow, max-snippet:-1, max-image-preview:large, max-video-preview:-1\" \/>\n<link rel=\"canonical\" href=\"https:\/\/news.save.ch\/en\/arbeitssicherheit-bei-der-forstarbeit-wird-verstaerkt\/\" \/>\n<meta property=\"og:locale\" content=\"en_US\" \/>\n<meta property=\"og:type\" content=\"article\" \/>\n<meta property=\"og:title\" content=\"Arbeitssicherheit bei der Forstarbeit wird verst\u00e4rkt - Save\" \/>\n<meta property=\"og:description\" content=\"Forstarbeit: Mit der Revision des Waldgesetzes werden f\u00fcr Arbeiter in der Holzernte Arbeitssicherheitskurse obligatorisch.\" \/>\n<meta property=\"og:url\" content=\"https:\/\/news.save.ch\/en\/arbeitssicherheit-bei-der-forstarbeit-wird-verstaerkt\/\" \/>\n<meta property=\"og:site_name\" content=\"Save\" \/>\n<meta property=\"article:published_time\" content=\"2016-08-17T14:49:01+00:00\" \/>\n<meta property=\"article:modified_time\" content=\"2023-03-14T08:03:02+00:00\" \/>\n<meta property=\"og:image\" content=\"https:\/\/news.save.ch\/wp-content\/uploads\/2016\/12\/Arbeitssicherheit-bei-der-Forstarbeit-wird-verstaerkt_safety-plus-scaled-1.jpg\" \/>\n\t<meta property=\"og:image:width\" content=\"1200\" \/>\n\t<meta property=\"og:image:height\" content=\"1097\" \/>\n\t<meta property=\"og:image:type\" content=\"image\/jpeg\" \/>\n<meta name=\"author\" content=\"admin\" \/>\n<meta name=\"twitter:card\" content=\"summary_large_image\" \/>\n<meta name=\"twitter:label1\" content=\"Written by\" \/>\n\t<meta name=\"twitter:data1\" content=\"admin\" \/>\n\t<meta name=\"twitter:label2\" content=\"Est. reading time\" \/>\n\t<meta name=\"twitter:data2\" content=\"1 minute\" \/>\n<script type=\"application\/ld+json\" class=\"yoast-schema-graph\">{\"@context\":\"https:\\\/\\\/schema.org\",\"@graph\":[{\"@type\":\"Article\",\"@id\":\"https:\\\/\\\/news.save.ch\\\/arbeitssicherheit-bei-der-forstarbeit-wird-verstaerkt\\\/#article\",\"isPartOf\":{\"@id\":\"https:\\\/\\\/news.save.ch\\\/arbeitssicherheit-bei-der-forstarbeit-wird-verstaerkt\\\/\"},\"author\":{\"name\":\"admin\",\"@id\":\"https:\\\/\\\/news.save.ch\\\/de\\\/#\\\/schema\\\/person\\\/d49e199490bad7c70d64b9ab51142f2b\"},\"headline\":\"Arbeitssicherheit bei der Forstarbeit wird verst\u00e4rkt\",\"datePublished\":\"2016-08-17T14:49:01+00:00\",\"dateModified\":\"2023-03-14T08:03:02+00:00\",\"mainEntityOfPage\":{\"@id\":\"https:\\\/\\\/news.save.ch\\\/arbeitssicherheit-bei-der-forstarbeit-wird-verstaerkt\\\/\"},\"wordCount\":241,\"commentCount\":1,\"publisher\":{\"@id\":\"https:\\\/\\\/news.save.ch\\\/de\\\/#organization\"},\"image\":{\"@id\":\"https:\\\/\\\/news.save.ch\\\/arbeitssicherheit-bei-der-forstarbeit-wird-verstaerkt\\\/#primaryimage\"},\"thumbnailUrl\":\"https:\\\/\\\/news.save.ch\\\/wp-content\\\/uploads\\\/2016\\\/12\\\/Arbeitssicherheit-bei-der-Forstarbeit-wird-verstaerkt_safety-plus-scaled-1.jpg\",\"keywords\":[\"Arbeitssicherheit\",\"Bundesrat\",\"Gesundheitsschutz\",\"Holz\",\"Wald\"],\"articleSection\":[\"HEALTH &amp; SAFETY\"],\"inLanguage\":\"en-US\"},{\"@type\":\"WebPage\",\"@id\":\"https:\\\/\\\/news.save.ch\\\/arbeitssicherheit-bei-der-forstarbeit-wird-verstaerkt\\\/\",\"url\":\"https:\\\/\\\/news.save.ch\\\/arbeitssicherheit-bei-der-forstarbeit-wird-verstaerkt\\\/\",\"name\":\"Arbeitssicherheit bei der Forstarbeit wird verst\u00e4rkt - Save\",\"isPartOf\":{\"@id\":\"https:\\\/\\\/news.save.ch\\\/de\\\/#website\"},\"primaryImageOfPage\":{\"@id\":\"https:\\\/\\\/news.save.ch\\\/arbeitssicherheit-bei-der-forstarbeit-wird-verstaerkt\\\/#primaryimage\"},\"image\":{\"@id\":\"https:\\\/\\\/news.save.ch\\\/arbeitssicherheit-bei-der-forstarbeit-wird-verstaerkt\\\/#primaryimage\"},\"thumbnailUrl\":\"https:\\\/\\\/news.save.ch\\\/wp-content\\\/uploads\\\/2016\\\/12\\\/Arbeitssicherheit-bei-der-Forstarbeit-wird-verstaerkt_safety-plus-scaled-1.jpg\",\"datePublished\":\"2016-08-17T14:49:01+00:00\",\"dateModified\":\"2023-03-14T08:03:02+00:00\",\"description\":\"Forstarbeit: Mit der Revision des Waldgesetzes werden f\u00fcr Arbeiter in der Holzernte Arbeitssicherheitskurse obligatorisch.\",\"breadcrumb\":{\"@id\":\"https:\\\/\\\/news.save.ch\\\/arbeitssicherheit-bei-der-forstarbeit-wird-verstaerkt\\\/#breadcrumb\"},\"inLanguage\":\"en-US\",\"potentialAction\":[{\"@type\":\"ReadAction\",\"target\":[\"https:\\\/\\\/news.save.ch\\\/arbeitssicherheit-bei-der-forstarbeit-wird-verstaerkt\\\/\"]}]},{\"@type\":\"ImageObject\",\"inLanguage\":\"en-US\",\"@id\":\"https:\\\/\\\/news.save.ch\\\/arbeitssicherheit-bei-der-forstarbeit-wird-verstaerkt\\\/#primaryimage\",\"url\":\"https:\\\/\\\/news.save.ch\\\/wp-content\\\/uploads\\\/2016\\\/12\\\/Arbeitssicherheit-bei-der-Forstarbeit-wird-verstaerkt_safety-plus-scaled-1.jpg\",\"contentUrl\":\"https:\\\/\\\/news.save.ch\\\/wp-content\\\/uploads\\\/2016\\\/12\\\/Arbeitssicherheit-bei-der-Forstarbeit-wird-verstaerkt_safety-plus-scaled-1.jpg\",\"width\":1200,\"height\":1097,\"caption\":\"F\u00fcr die Holzernte werden ab 2017 Arbeitssicherheitskurse obligatorisch.\"},{\"@type\":\"BreadcrumbList\",\"@id\":\"https:\\\/\\\/news.save.ch\\\/arbeitssicherheit-bei-der-forstarbeit-wird-verstaerkt\\\/#breadcrumb\",\"itemListElement\":[{\"@type\":\"ListItem\",\"position\":1,\"name\":\"Home\",\"item\":\"https:\\\/\\\/news.save.ch\\\/de\\\/\"},{\"@type\":\"ListItem\",\"position\":2,\"name\":\"Arbeitssicherheit bei der Forstarbeit wird verst\u00e4rkt\"}]},{\"@type\":\"WebSite\",\"@id\":\"https:\\\/\\\/news.save.ch\\\/de\\\/#website\",\"url\":\"https:\\\/\\\/news.save.ch\\\/de\\\/\",\"name\":\"Save\",\"description\":\"Schweizer Fachzeitschrift f\u00fcr Sicherheit\",\"publisher\":{\"@id\":\"https:\\\/\\\/news.save.ch\\\/de\\\/#organization\"},\"potentialAction\":[{\"@type\":\"SearchAction\",\"target\":{\"@type\":\"EntryPoint\",\"urlTemplate\":\"https:\\\/\\\/news.save.ch\\\/de\\\/?s={search_term_string}\"},\"query-input\":{\"@type\":\"PropertyValueSpecification\",\"valueRequired\":true,\"valueName\":\"search_term_string\"}}],\"inLanguage\":\"en-US\"},{\"@type\":\"Organization\",\"@id\":\"https:\\\/\\\/news.save.ch\\\/de\\\/#organization\",\"name\":\"Sicherheitsforum\",\"url\":\"https:\\\/\\\/news.save.ch\\\/de\\\/\",\"logo\":{\"@type\":\"ImageObject\",\"inLanguage\":\"en-US\",\"@id\":\"https:\\\/\\\/news.save.ch\\\/de\\\/#\\\/schema\\\/logo\\\/image\\\/\",\"url\":\"https:\\\/\\\/news.save.ch\\\/wp-content\\\/uploads\\\/2022\\\/06\\\/Logo_SF_2012.png\",\"contentUrl\":\"https:\\\/\\\/news.save.ch\\\/wp-content\\\/uploads\\\/2022\\\/06\\\/Logo_SF_2012.png\",\"width\":1100,\"height\":91,\"caption\":\"Sicherheitsforum\"},\"image\":{\"@id\":\"https:\\\/\\\/news.save.ch\\\/de\\\/#\\\/schema\\\/logo\\\/image\\\/\"}},{\"@type\":\"Person\",\"@id\":\"https:\\\/\\\/news.save.ch\\\/de\\\/#\\\/schema\\\/person\\\/d49e199490bad7c70d64b9ab51142f2b\",\"name\":\"admin\",\"image\":{\"@type\":\"ImageObject\",\"inLanguage\":\"en-US\",\"@id\":\"https:\\\/\\\/secure.gravatar.com\\\/avatar\\\/ae2f4d718e6c49043e314ce431e7e645d646302a24a5ef5a8bc8e3f5a032e319?s=96&d=mm&r=g\",\"url\":\"https:\\\/\\\/secure.gravatar.com\\\/avatar\\\/ae2f4d718e6c49043e314ce431e7e645d646302a24a5ef5a8bc8e3f5a032e319?s=96&d=mm&r=g\",\"contentUrl\":\"https:\\\/\\\/secure.gravatar.com\\\/avatar\\\/ae2f4d718e6c49043e314ce431e7e645d646302a24a5ef5a8bc8e3f5a032e319?s=96&d=mm&r=g\",\"caption\":\"admin\"},\"sameAs\":[\"https:\\\/\\\/develop.organisator.galledia.ch\"],\"url\":\"https:\\\/\\\/news.save.ch\\\/en\\\/author\\\/admin\\\/\"}]}<\/script>\n<!-- \/ Yoast SEO plugin. -->","yoast_head_json":{"title":"Occupational safety in forestry work is strengthened - Save","description":"Forestry work: With the revision of the Forestry Act, occupational safety courses will become mandatory for workers in timber harvesting.","robots":{"index":"index","follow":"follow","max-snippet":"max-snippet:-1","max-image-preview":"max-image-preview:large","max-video-preview":"max-video-preview:-1"},"canonical":"https:\/\/news.save.ch\/en\/arbeitssicherheit-bei-der-forstarbeit-wird-verstaerkt\/","og_locale":"en_US","og_type":"article","og_title":"Arbeitssicherheit bei der Forstarbeit wird verst\u00e4rkt - Save","og_description":"Forstarbeit: Mit der Revision des Waldgesetzes werden f\u00fcr Arbeiter in der Holzernte Arbeitssicherheitskurse obligatorisch.","og_url":"https:\/\/news.save.ch\/en\/arbeitssicherheit-bei-der-forstarbeit-wird-verstaerkt\/","og_site_name":"Save","article_published_time":"2016-08-17T14:49:01+00:00","article_modified_time":"2023-03-14T08:03:02+00:00","og_image":[{"width":1200,"height":1097,"url":"https:\/\/news.save.ch\/wp-content\/uploads\/2016\/12\/Arbeitssicherheit-bei-der-Forstarbeit-wird-verstaerkt_safety-plus-scaled-1.jpg","type":"image\/jpeg"}],"author":"admin","twitter_card":"summary_large_image","twitter_misc":{"Written by":"admin","Est. reading time":"1 minute"},"schema":{"@context":"https:\/\/schema.org","@graph":[{"@type":"Article","@id":"https:\/\/news.save.ch\/arbeitssicherheit-bei-der-forstarbeit-wird-verstaerkt\/#article","isPartOf":{"@id":"https:\/\/news.save.ch\/arbeitssicherheit-bei-der-forstarbeit-wird-verstaerkt\/"},"author":{"name":"admin","@id":"https:\/\/news.save.ch\/de\/#\/schema\/person\/d49e199490bad7c70d64b9ab51142f2b"},"headline":"Arbeitssicherheit bei der Forstarbeit wird verst\u00e4rkt","datePublished":"2016-08-17T14:49:01+00:00","dateModified":"2023-03-14T08:03:02+00:00","mainEntityOfPage":{"@id":"https:\/\/news.save.ch\/arbeitssicherheit-bei-der-forstarbeit-wird-verstaerkt\/"},"wordCount":241,"commentCount":1,"publisher":{"@id":"https:\/\/news.save.ch\/de\/#organization"},"image":{"@id":"https:\/\/news.save.ch\/arbeitssicherheit-bei-der-forstarbeit-wird-verstaerkt\/#primaryimage"},"thumbnailUrl":"https:\/\/news.save.ch\/wp-content\/uploads\/2016\/12\/Arbeitssicherheit-bei-der-Forstarbeit-wird-verstaerkt_safety-plus-scaled-1.jpg","keywords":["Arbeitssicherheit","Bundesrat","Gesundheitsschutz","Holz","Wald"],"articleSection":["HEALTH &amp; SAFETY"],"inLanguage":"en-US"},{"@type":"WebPage","@id":"https:\/\/news.save.ch\/arbeitssicherheit-bei-der-forstarbeit-wird-verstaerkt\/","url":"https:\/\/news.save.ch\/arbeitssicherheit-bei-der-forstarbeit-wird-verstaerkt\/","name":"Occupational safety in forestry work is strengthened - Save","isPartOf":{"@id":"https:\/\/news.save.ch\/de\/#website"},"primaryImageOfPage":{"@id":"https:\/\/news.save.ch\/arbeitssicherheit-bei-der-forstarbeit-wird-verstaerkt\/#primaryimage"},"image":{"@id":"https:\/\/news.save.ch\/arbeitssicherheit-bei-der-forstarbeit-wird-verstaerkt\/#primaryimage"},"thumbnailUrl":"https:\/\/news.save.ch\/wp-content\/uploads\/2016\/12\/Arbeitssicherheit-bei-der-Forstarbeit-wird-verstaerkt_safety-plus-scaled-1.jpg","datePublished":"2016-08-17T14:49:01+00:00","dateModified":"2023-03-14T08:03:02+00:00","description":"Forestry work: With the revision of the Forestry Act, occupational safety courses will become mandatory for workers in timber harvesting.","breadcrumb":{"@id":"https:\/\/news.save.ch\/arbeitssicherheit-bei-der-forstarbeit-wird-verstaerkt\/#breadcrumb"},"inLanguage":"en-US","potentialAction":[{"@type":"ReadAction","target":["https:\/\/news.save.ch\/arbeitssicherheit-bei-der-forstarbeit-wird-verstaerkt\/"]}]},{"@type":"ImageObject","inLanguage":"en-US","@id":"https:\/\/news.save.ch\/arbeitssicherheit-bei-der-forstarbeit-wird-verstaerkt\/#primaryimage","url":"https:\/\/news.save.ch\/wp-content\/uploads\/2016\/12\/Arbeitssicherheit-bei-der-Forstarbeit-wird-verstaerkt_safety-plus-scaled-1.jpg","contentUrl":"https:\/\/news.save.ch\/wp-content\/uploads\/2016\/12\/Arbeitssicherheit-bei-der-Forstarbeit-wird-verstaerkt_safety-plus-scaled-1.jpg","width":1200,"height":1097,"caption":"F\u00fcr die Holzernte werden ab 2017 Arbeitssicherheitskurse obligatorisch."},{"@type":"BreadcrumbList","@id":"https:\/\/news.save.ch\/arbeitssicherheit-bei-der-forstarbeit-wird-verstaerkt\/#breadcrumb","itemListElement":[{"@type":"ListItem","position":1,"name":"Home","item":"https:\/\/news.save.ch\/de\/"},{"@type":"ListItem","position":2,"name":"Arbeitssicherheit bei der Forstarbeit wird verst\u00e4rkt"}]},{"@type":"WebSite","@id":"https:\/\/news.save.ch\/de\/#website","url":"https:\/\/news.save.ch\/de\/","name":"Save","description":"Swiss trade journal for safety","publisher":{"@id":"https:\/\/news.save.ch\/de\/#organization"},"potentialAction":[{"@type":"SearchAction","target":{"@type":"EntryPoint","urlTemplate":"https:\/\/news.save.ch\/de\/?s={search_term_string}"},"query-input":{"@type":"PropertyValueSpecification","valueRequired":true,"valueName":"search_term_string"}}],"inLanguage":"en-US"},{"@type":"Organization","@id":"https:\/\/news.save.ch\/de\/#organization","name":"Security Forum","url":"https:\/\/news.save.ch\/de\/","logo":{"@type":"ImageObject","inLanguage":"en-US","@id":"https:\/\/news.save.ch\/de\/#\/schema\/logo\/image\/","url":"https:\/\/news.save.ch\/wp-content\/uploads\/2022\/06\/Logo_SF_2012.png","contentUrl":"https:\/\/news.save.ch\/wp-content\/uploads\/2022\/06\/Logo_SF_2012.png","width":1100,"height":91,"caption":"Sicherheitsforum"},"image":{"@id":"https:\/\/news.save.ch\/de\/#\/schema\/logo\/image\/"}},{"@type":"Person","@id":"https:\/\/news.save.ch\/de\/#\/schema\/person\/d49e199490bad7c70d64b9ab51142f2b","name":"admin","image":{"@type":"ImageObject","inLanguage":"en-US","@id":"https:\/\/secure.gravatar.com\/avatar\/ae2f4d718e6c49043e314ce431e7e645d646302a24a5ef5a8bc8e3f5a032e319?s=96&d=mm&r=g","url":"https:\/\/secure.gravatar.com\/avatar\/ae2f4d718e6c49043e314ce431e7e645d646302a24a5ef5a8bc8e3f5a032e319?s=96&d=mm&r=g","contentUrl":"https:\/\/secure.gravatar.com\/avatar\/ae2f4d718e6c49043e314ce431e7e645d646302a24a5ef5a8bc8e3f5a032e319?s=96&d=mm&r=g","caption":"admin"},"sameAs":["https:\/\/develop.organisator.galledia.ch"],"url":"https:\/\/news.save.ch\/en\/author\/admin\/"}]}},"_links":{"self":[{"href":"https:\/\/news.save.ch\/en\/wp-json\/wp\/v2\/posts\/1485","targetHints":{"allow":["GET"]}}],"collection":[{"href":"https:\/\/news.save.ch\/en\/wp-json\/wp\/v2\/posts"}],"about":[{"href":"https:\/\/news.save.ch\/en\/wp-json\/wp\/v2\/types\/post"}],"author":[{"embeddable":true,"href":"https:\/\/news.save.ch\/en\/wp-json\/wp\/v2\/users\/1"}],"replies":[{"embeddable":true,"href":"https:\/\/news.save.ch\/en\/wp-json\/wp\/v2\/comments?post=1485"}],"version-history":[{"count":1,"href":"https:\/\/news.save.ch\/en\/wp-json\/wp\/v2\/posts\/1485\/revisions"}],"predecessor-version":[{"id":18359,"href":"https:\/\/news.save.ch\/en\/wp-json\/wp\/v2\/posts\/1485\/revisions\/18359"}],"wp:featuredmedia":[{"embeddable":true,"href":"https:\/\/news.save.ch\/en\/wp-json\/wp\/v2\/media\/16130"}],"wp:attachment":[{"href":"https:\/\/news.save.ch\/en\/wp-json\/wp\/v2\/media?parent=1485"}],"wp:term":[{"taxonomy":"category","embeddable":true,"href":"https:\/\/news.save.ch\/en\/wp-json\/wp\/v2\/categories?post=1485"},{"taxonomy":"post_tag","embeddable":true,"href":"https:\/\/news.save.ch\/en\/wp-json\/wp\/v2\/tags?post=1485"}],"curies":[{"name":"wp","href":"https:\/\/api.w.org\/{rel}","templated":true}]}}