{"id":1486,"date":"2016-07-05T09:58:29","date_gmt":"2016-07-05T07:58:29","guid":{"rendered":"https:\/\/dev.sicherheitsforum.ch\/?p=1486"},"modified":"2023-03-14T08:57:17","modified_gmt":"2023-03-14T07:57:17","slug":"ip-umstellung-auch-fuer-die-alarmierung-wichtig","status":null,"type":"post","link":"https:\/\/news.save.ch\/en\/ip-umstellung-auch-fuer-die-alarmierung-wichtig\/","title":{"rendered":"IP conversion: also important for alarming"},"content":{"rendered":"<p><img loading=\"lazy\" decoding=\"async\" class=\"alignnone size-medium wp-image-1487\" src=\"https:\/\/sicherheitsforum.ch\/wp-content\/uploads\/2016\/12\/IP-Umstellung-Auch-f\u00fcr-die-Alarmierung-wichtig-it-security.jpg\" alt=\"\" width=\"680\" height=\"454\" \/><\/p>\n<p>The switch to the Internet Protocol (IP) is taking place worldwide. Separate telephone and Internet lines are therefore no longer necessary. Pictures, films, music and voice are transmitted on one network. This is why Swisscom also refers to <a href=\"https:\/\/www.swisscom.ch\/ip\" target=\"_blank\" data-cke-saved-href=\"https:\/\/www.swisscom.ch\/ip\" rel=\"noopener\">All IP<\/a>which is the basis for digitization (M2M, IoT, cloud). Swisscom promises that All IP will not only reduce the number of technologies, but also allow the development of new services.<\/p>\n<p><strong>Alarm transmission: better change over today than tomorrow<\/strong><\/p>\n<p>The IP switchover process has been underway for some time. As Swisscom announced at its press conference in Zurich today, it aims to have replaced analog and ISDN systems with All IP by the end of 2017. \"The plan is ambitious, but we are on track,\" said Beat D\u00f6\u00f6s, Head of All IP Transformation. Already today, more than half of customers are using IP technology, he adds. The telecom provider expects around three quarters of customers to be on IP by the end of 2016. IP solutions are available for all areas, whether in everyday business or private life. This also applies to special applications such as alarm systems, home automation and elevator telephones.<\/p>\n<p>TUS, which specializes in alerting, wants all of its customers' 11,000 analog dialers to be migrated to IP by the end of 2017. The head of major projects at TUS, J\u00fcrg Steiner, therefore recommends that the modernization of the infrastructure should be tackled today rather than tomorrow. According to Steiner, operators of alarm systems may already be affected by the new technology. In order to ensure uninterrupted alarm transmission, it is recommended that the alarm system be converted before the telephony system. According to TUS, one of the advantages of IP technology is the possibility of standardizing and centralizing technical systems, such as remote maintenance.  (see also the detailed technical article in the <a href=\"\/en\/sicherheitsforum\/\" target=\"_blank\" data-cke-saved-href=\"https:\/\/sicherheitsforum.hamster.ch\/subscribe\" rel=\"noopener\">SafetyForum <\/a>3\/2016)<\/p>\n<p><strong>Advantages of All IP<\/strong><\/p>\n<p>According to Swisscom, switching to All IP brings various advantages: There is talk of significantly better HD voice quality, but also automatic name display of unsaved numbers (according to local.ch), blocking of unwanted calls - they are automatically suggested - diverting the fixed network number to another number or making two calls simultaneously. Another advantage is further that the All-IP customer can continue surfing with an Internet backup in the event of a network failure.<\/p>\n<p>Until probably the end of 2016, the Deutsche Telekom provider will also offer an optional automatic spam filter exclusively for All-IP customers to block unwanted advertising calls.<\/p>\n<p>According to Swisscom, many large customers have already launched all-IP projects and are in the implementation phase. SMEs are also increasingly recognizing the new opportunities offered by the switch to IP to simplify work processes.<\/p>\n<p><em>Text: rs<\/em><\/p>","protected":false},"excerpt":{"rendered":"<p>Der Wechsel auf das Internet Protokoll (IP) findet weltweit statt. Separate Telefon- und Internetleitungen sind demnach nicht mehr n\u00f6tig. Bilder, Filme, Musik und Sprache werden auf einem Netz \u00fcbermittelt. Deshalb spricht die Swisscom auch von All IP, das die Basis f\u00fcr die Digitalisierung (M2M, IoT, Cloud) ist. All IP werde nicht nur die Anzahl Technologien [&hellip;]<\/p>\n","protected":false},"author":1,"featured_media":1487,"comment_status":"open","ping_status":"open","sticky":false,"template":"","format":"standard","meta":{"_acf_changed":false,"pgc_sgb_lightbox_settings":"","footnotes":""},"categories":[3313],"tags":[151,63,65],"class_list":["post-1486","post","type-post","status-publish","format-standard","has-post-thumbnail","hentry","category-digitalisierung","tag-alarmierung","tag-it-security","tag-unternehmen"],"acf":[],"hkrextid":null,"publication":null,"issue":null,"workflow":null,"startPage":null,"spitzmarke":null,"_posts_by_tag_page_fields":{"widget_title":"","widget_tags":""},"_at_widget":"1","_yoast_wpseo_primary_category":"2","_yoast_wpseo_focuskw_text_input":"IP-Umstellung","_yoast_wpseo_opengraph-image":null,"_yoast_wpseo_opengraph-description":null,"_yoast_wpseo_opengraph-title":null,"enclosure":null,"_yoast_wpseo_twitter-title":null,"_yoast_wpseo_twitter-description":null,"_yoast_wpseo_twitter-image":null,"_wp_old_slug":null,"_yoast_wpseo_title":null,"_yoast_wpseo_canonical":null,"yoast_head":"<!-- This site is optimized with the Yoast SEO plugin v27.5 - https:\/\/yoast.com\/product\/yoast-seo-wordpress\/ -->\n<title>IP-Umstellung: Auch f\u00fcr die Alarmierung wichtig - Save<\/title>\n<meta name=\"robots\" content=\"index, follow, max-snippet:-1, max-image-preview:large, max-video-preview:-1\" \/>\n<link rel=\"canonical\" href=\"https:\/\/news.save.ch\/en\/ip-umstellung-auch-fuer-die-alarmierung-wichtig\/\" \/>\n<meta property=\"og:locale\" content=\"en_US\" \/>\n<meta property=\"og:type\" content=\"article\" \/>\n<meta property=\"og:title\" content=\"IP-Umstellung: Auch f\u00fcr die Alarmierung wichtig - Save\" \/>\n<meta property=\"og:description\" content=\"Der Wechsel auf das Internet Protokoll (IP) findet weltweit statt. Separate Telefon- und Internetleitungen sind demnach nicht mehr n\u00f6tig. Bilder, Filme, Musik und Sprache werden auf einem Netz \u00fcbermittelt. Deshalb spricht die Swisscom auch von All IP, das die Basis f\u00fcr die Digitalisierung (M2M, IoT, Cloud) ist. All IP werde nicht nur die Anzahl Technologien [&hellip;]\" \/>\n<meta property=\"og:url\" content=\"https:\/\/news.save.ch\/en\/ip-umstellung-auch-fuer-die-alarmierung-wichtig\/\" \/>\n<meta property=\"og:site_name\" content=\"Save\" \/>\n<meta property=\"article:published_time\" content=\"2016-07-05T07:58:29+00:00\" \/>\n<meta property=\"article:modified_time\" content=\"2023-03-14T07:57:17+00:00\" \/>\n<meta property=\"og:image\" content=\"https:\/\/news.save.ch\/wp-content\/uploads\/2016\/12\/IP-Umstellung-Auch-fuer-die-Alarmierung-wichtig-it-security-scaled-1-scaled.jpg\" \/>\n\t<meta property=\"og:image:width\" content=\"1400\" \/>\n\t<meta property=\"og:image:height\" content=\"934\" \/>\n\t<meta property=\"og:image:type\" content=\"image\/jpeg\" \/>\n<meta name=\"author\" content=\"admin\" \/>\n<meta name=\"twitter:card\" content=\"summary_large_image\" \/>\n<meta name=\"twitter:label1\" content=\"Written by\" \/>\n\t<meta name=\"twitter:data1\" content=\"admin\" \/>\n\t<meta name=\"twitter:label2\" content=\"Est. reading time\" \/>\n\t<meta name=\"twitter:data2\" content=\"2 minutes\" \/>\n<script type=\"application\/ld+json\" class=\"yoast-schema-graph\">{\"@context\":\"https:\\\/\\\/schema.org\",\"@graph\":[{\"@type\":\"Article\",\"@id\":\"https:\\\/\\\/news.save.ch\\\/ip-umstellung-auch-fuer-die-alarmierung-wichtig\\\/#article\",\"isPartOf\":{\"@id\":\"https:\\\/\\\/news.save.ch\\\/ip-umstellung-auch-fuer-die-alarmierung-wichtig\\\/\"},\"author\":{\"name\":\"admin\",\"@id\":\"https:\\\/\\\/news.save.ch\\\/de\\\/#\\\/schema\\\/person\\\/d49e199490bad7c70d64b9ab51142f2b\"},\"headline\":\"IP-Umstellung: Auch f\u00fcr die Alarmierung wichtig\",\"datePublished\":\"2016-07-05T07:58:29+00:00\",\"dateModified\":\"2023-03-14T07:57:17+00:00\",\"mainEntityOfPage\":{\"@id\":\"https:\\\/\\\/news.save.ch\\\/ip-umstellung-auch-fuer-die-alarmierung-wichtig\\\/\"},\"wordCount\":435,\"commentCount\":0,\"publisher\":{\"@id\":\"https:\\\/\\\/news.save.ch\\\/de\\\/#organization\"},\"image\":{\"@id\":\"https:\\\/\\\/news.save.ch\\\/ip-umstellung-auch-fuer-die-alarmierung-wichtig\\\/#primaryimage\"},\"thumbnailUrl\":\"https:\\\/\\\/news.save.ch\\\/wp-content\\\/uploads\\\/2016\\\/12\\\/IP-Umstellung-Auch-fuer-die-Alarmierung-wichtig-it-security-scaled-1-scaled.jpg\",\"keywords\":[\"Alarmierung\",\"IT-SECURITY\",\"Unternehmen\"],\"articleSection\":[\"DIGITALISIERUNG\"],\"inLanguage\":\"en-US\"},{\"@type\":\"WebPage\",\"@id\":\"https:\\\/\\\/news.save.ch\\\/ip-umstellung-auch-fuer-die-alarmierung-wichtig\\\/\",\"url\":\"https:\\\/\\\/news.save.ch\\\/ip-umstellung-auch-fuer-die-alarmierung-wichtig\\\/\",\"name\":\"IP-Umstellung: Auch f\u00fcr die Alarmierung wichtig - Save\",\"isPartOf\":{\"@id\":\"https:\\\/\\\/news.save.ch\\\/de\\\/#website\"},\"primaryImageOfPage\":{\"@id\":\"https:\\\/\\\/news.save.ch\\\/ip-umstellung-auch-fuer-die-alarmierung-wichtig\\\/#primaryimage\"},\"image\":{\"@id\":\"https:\\\/\\\/news.save.ch\\\/ip-umstellung-auch-fuer-die-alarmierung-wichtig\\\/#primaryimage\"},\"thumbnailUrl\":\"https:\\\/\\\/news.save.ch\\\/wp-content\\\/uploads\\\/2016\\\/12\\\/IP-Umstellung-Auch-fuer-die-Alarmierung-wichtig-it-security-scaled-1-scaled.jpg\",\"datePublished\":\"2016-07-05T07:58:29+00:00\",\"dateModified\":\"2023-03-14T07:57:17+00:00\",\"breadcrumb\":{\"@id\":\"https:\\\/\\\/news.save.ch\\\/ip-umstellung-auch-fuer-die-alarmierung-wichtig\\\/#breadcrumb\"},\"inLanguage\":\"en-US\",\"potentialAction\":[{\"@type\":\"ReadAction\",\"target\":[\"https:\\\/\\\/news.save.ch\\\/ip-umstellung-auch-fuer-die-alarmierung-wichtig\\\/\"]}]},{\"@type\":\"ImageObject\",\"inLanguage\":\"en-US\",\"@id\":\"https:\\\/\\\/news.save.ch\\\/ip-umstellung-auch-fuer-die-alarmierung-wichtig\\\/#primaryimage\",\"url\":\"https:\\\/\\\/news.save.ch\\\/wp-content\\\/uploads\\\/2016\\\/12\\\/IP-Umstellung-Auch-fuer-die-Alarmierung-wichtig-it-security-scaled-1-scaled.jpg\",\"contentUrl\":\"https:\\\/\\\/news.save.ch\\\/wp-content\\\/uploads\\\/2016\\\/12\\\/IP-Umstellung-Auch-fuer-die-Alarmierung-wichtig-it-security-scaled-1-scaled.jpg\",\"width\":1400,\"height\":934},{\"@type\":\"BreadcrumbList\",\"@id\":\"https:\\\/\\\/news.save.ch\\\/ip-umstellung-auch-fuer-die-alarmierung-wichtig\\\/#breadcrumb\",\"itemListElement\":[{\"@type\":\"ListItem\",\"position\":1,\"name\":\"Home\",\"item\":\"https:\\\/\\\/news.save.ch\\\/de\\\/\"},{\"@type\":\"ListItem\",\"position\":2,\"name\":\"IP-Umstellung: Auch f\u00fcr die Alarmierung wichtig\"}]},{\"@type\":\"WebSite\",\"@id\":\"https:\\\/\\\/news.save.ch\\\/de\\\/#website\",\"url\":\"https:\\\/\\\/news.save.ch\\\/de\\\/\",\"name\":\"Save\",\"description\":\"Schweizer Fachzeitschrift f\u00fcr Sicherheit\",\"publisher\":{\"@id\":\"https:\\\/\\\/news.save.ch\\\/de\\\/#organization\"},\"potentialAction\":[{\"@type\":\"SearchAction\",\"target\":{\"@type\":\"EntryPoint\",\"urlTemplate\":\"https:\\\/\\\/news.save.ch\\\/de\\\/?s={search_term_string}\"},\"query-input\":{\"@type\":\"PropertyValueSpecification\",\"valueRequired\":true,\"valueName\":\"search_term_string\"}}],\"inLanguage\":\"en-US\"},{\"@type\":\"Organization\",\"@id\":\"https:\\\/\\\/news.save.ch\\\/de\\\/#organization\",\"name\":\"Sicherheitsforum\",\"url\":\"https:\\\/\\\/news.save.ch\\\/de\\\/\",\"logo\":{\"@type\":\"ImageObject\",\"inLanguage\":\"en-US\",\"@id\":\"https:\\\/\\\/news.save.ch\\\/de\\\/#\\\/schema\\\/logo\\\/image\\\/\",\"url\":\"https:\\\/\\\/news.save.ch\\\/wp-content\\\/uploads\\\/2022\\\/06\\\/Logo_SF_2012.png\",\"contentUrl\":\"https:\\\/\\\/news.save.ch\\\/wp-content\\\/uploads\\\/2022\\\/06\\\/Logo_SF_2012.png\",\"width\":1100,\"height\":91,\"caption\":\"Sicherheitsforum\"},\"image\":{\"@id\":\"https:\\\/\\\/news.save.ch\\\/de\\\/#\\\/schema\\\/logo\\\/image\\\/\"}},{\"@type\":\"Person\",\"@id\":\"https:\\\/\\\/news.save.ch\\\/de\\\/#\\\/schema\\\/person\\\/d49e199490bad7c70d64b9ab51142f2b\",\"name\":\"admin\",\"image\":{\"@type\":\"ImageObject\",\"inLanguage\":\"en-US\",\"@id\":\"https:\\\/\\\/secure.gravatar.com\\\/avatar\\\/ae2f4d718e6c49043e314ce431e7e645d646302a24a5ef5a8bc8e3f5a032e319?s=96&d=mm&r=g\",\"url\":\"https:\\\/\\\/secure.gravatar.com\\\/avatar\\\/ae2f4d718e6c49043e314ce431e7e645d646302a24a5ef5a8bc8e3f5a032e319?s=96&d=mm&r=g\",\"contentUrl\":\"https:\\\/\\\/secure.gravatar.com\\\/avatar\\\/ae2f4d718e6c49043e314ce431e7e645d646302a24a5ef5a8bc8e3f5a032e319?s=96&d=mm&r=g\",\"caption\":\"admin\"},\"sameAs\":[\"https:\\\/\\\/develop.organisator.galledia.ch\"],\"url\":\"https:\\\/\\\/news.save.ch\\\/en\\\/author\\\/admin\\\/\"}]}<\/script>\n<!-- \/ Yoast SEO plugin. -->","yoast_head_json":{"title":"IP conversion: Also important for alerting - Save","robots":{"index":"index","follow":"follow","max-snippet":"max-snippet:-1","max-image-preview":"max-image-preview:large","max-video-preview":"max-video-preview:-1"},"canonical":"https:\/\/news.save.ch\/en\/ip-umstellung-auch-fuer-die-alarmierung-wichtig\/","og_locale":"en_US","og_type":"article","og_title":"IP-Umstellung: Auch f\u00fcr die Alarmierung wichtig - Save","og_description":"Der Wechsel auf das Internet Protokoll (IP) findet weltweit statt. Separate Telefon- und Internetleitungen sind demnach nicht mehr n\u00f6tig. Bilder, Filme, Musik und Sprache werden auf einem Netz \u00fcbermittelt. Deshalb spricht die Swisscom auch von All IP, das die Basis f\u00fcr die Digitalisierung (M2M, IoT, Cloud) ist. All IP werde nicht nur die Anzahl Technologien [&hellip;]","og_url":"https:\/\/news.save.ch\/en\/ip-umstellung-auch-fuer-die-alarmierung-wichtig\/","og_site_name":"Save","article_published_time":"2016-07-05T07:58:29+00:00","article_modified_time":"2023-03-14T07:57:17+00:00","og_image":[{"width":1400,"height":934,"url":"https:\/\/news.save.ch\/wp-content\/uploads\/2016\/12\/IP-Umstellung-Auch-fuer-die-Alarmierung-wichtig-it-security-scaled-1-scaled.jpg","type":"image\/jpeg"}],"author":"admin","twitter_card":"summary_large_image","twitter_misc":{"Written by":"admin","Est. reading time":"2 minutes"},"schema":{"@context":"https:\/\/schema.org","@graph":[{"@type":"Article","@id":"https:\/\/news.save.ch\/ip-umstellung-auch-fuer-die-alarmierung-wichtig\/#article","isPartOf":{"@id":"https:\/\/news.save.ch\/ip-umstellung-auch-fuer-die-alarmierung-wichtig\/"},"author":{"name":"admin","@id":"https:\/\/news.save.ch\/de\/#\/schema\/person\/d49e199490bad7c70d64b9ab51142f2b"},"headline":"IP-Umstellung: Auch f\u00fcr die Alarmierung wichtig","datePublished":"2016-07-05T07:58:29+00:00","dateModified":"2023-03-14T07:57:17+00:00","mainEntityOfPage":{"@id":"https:\/\/news.save.ch\/ip-umstellung-auch-fuer-die-alarmierung-wichtig\/"},"wordCount":435,"commentCount":0,"publisher":{"@id":"https:\/\/news.save.ch\/de\/#organization"},"image":{"@id":"https:\/\/news.save.ch\/ip-umstellung-auch-fuer-die-alarmierung-wichtig\/#primaryimage"},"thumbnailUrl":"https:\/\/news.save.ch\/wp-content\/uploads\/2016\/12\/IP-Umstellung-Auch-fuer-die-Alarmierung-wichtig-it-security-scaled-1-scaled.jpg","keywords":["Alarmierung","IT-SECURITY","Unternehmen"],"articleSection":["DIGITALISIERUNG"],"inLanguage":"en-US"},{"@type":"WebPage","@id":"https:\/\/news.save.ch\/ip-umstellung-auch-fuer-die-alarmierung-wichtig\/","url":"https:\/\/news.save.ch\/ip-umstellung-auch-fuer-die-alarmierung-wichtig\/","name":"IP conversion: Also important for alerting - Save","isPartOf":{"@id":"https:\/\/news.save.ch\/de\/#website"},"primaryImageOfPage":{"@id":"https:\/\/news.save.ch\/ip-umstellung-auch-fuer-die-alarmierung-wichtig\/#primaryimage"},"image":{"@id":"https:\/\/news.save.ch\/ip-umstellung-auch-fuer-die-alarmierung-wichtig\/#primaryimage"},"thumbnailUrl":"https:\/\/news.save.ch\/wp-content\/uploads\/2016\/12\/IP-Umstellung-Auch-fuer-die-Alarmierung-wichtig-it-security-scaled-1-scaled.jpg","datePublished":"2016-07-05T07:58:29+00:00","dateModified":"2023-03-14T07:57:17+00:00","breadcrumb":{"@id":"https:\/\/news.save.ch\/ip-umstellung-auch-fuer-die-alarmierung-wichtig\/#breadcrumb"},"inLanguage":"en-US","potentialAction":[{"@type":"ReadAction","target":["https:\/\/news.save.ch\/ip-umstellung-auch-fuer-die-alarmierung-wichtig\/"]}]},{"@type":"ImageObject","inLanguage":"en-US","@id":"https:\/\/news.save.ch\/ip-umstellung-auch-fuer-die-alarmierung-wichtig\/#primaryimage","url":"https:\/\/news.save.ch\/wp-content\/uploads\/2016\/12\/IP-Umstellung-Auch-fuer-die-Alarmierung-wichtig-it-security-scaled-1-scaled.jpg","contentUrl":"https:\/\/news.save.ch\/wp-content\/uploads\/2016\/12\/IP-Umstellung-Auch-fuer-die-Alarmierung-wichtig-it-security-scaled-1-scaled.jpg","width":1400,"height":934},{"@type":"BreadcrumbList","@id":"https:\/\/news.save.ch\/ip-umstellung-auch-fuer-die-alarmierung-wichtig\/#breadcrumb","itemListElement":[{"@type":"ListItem","position":1,"name":"Home","item":"https:\/\/news.save.ch\/de\/"},{"@type":"ListItem","position":2,"name":"IP-Umstellung: Auch f\u00fcr die Alarmierung wichtig"}]},{"@type":"WebSite","@id":"https:\/\/news.save.ch\/de\/#website","url":"https:\/\/news.save.ch\/de\/","name":"Save","description":"Swiss trade journal for safety","publisher":{"@id":"https:\/\/news.save.ch\/de\/#organization"},"potentialAction":[{"@type":"SearchAction","target":{"@type":"EntryPoint","urlTemplate":"https:\/\/news.save.ch\/de\/?s={search_term_string}"},"query-input":{"@type":"PropertyValueSpecification","valueRequired":true,"valueName":"search_term_string"}}],"inLanguage":"en-US"},{"@type":"Organization","@id":"https:\/\/news.save.ch\/de\/#organization","name":"Security Forum","url":"https:\/\/news.save.ch\/de\/","logo":{"@type":"ImageObject","inLanguage":"en-US","@id":"https:\/\/news.save.ch\/de\/#\/schema\/logo\/image\/","url":"https:\/\/news.save.ch\/wp-content\/uploads\/2022\/06\/Logo_SF_2012.png","contentUrl":"https:\/\/news.save.ch\/wp-content\/uploads\/2022\/06\/Logo_SF_2012.png","width":1100,"height":91,"caption":"Sicherheitsforum"},"image":{"@id":"https:\/\/news.save.ch\/de\/#\/schema\/logo\/image\/"}},{"@type":"Person","@id":"https:\/\/news.save.ch\/de\/#\/schema\/person\/d49e199490bad7c70d64b9ab51142f2b","name":"admin","image":{"@type":"ImageObject","inLanguage":"en-US","@id":"https:\/\/secure.gravatar.com\/avatar\/ae2f4d718e6c49043e314ce431e7e645d646302a24a5ef5a8bc8e3f5a032e319?s=96&d=mm&r=g","url":"https:\/\/secure.gravatar.com\/avatar\/ae2f4d718e6c49043e314ce431e7e645d646302a24a5ef5a8bc8e3f5a032e319?s=96&d=mm&r=g","contentUrl":"https:\/\/secure.gravatar.com\/avatar\/ae2f4d718e6c49043e314ce431e7e645d646302a24a5ef5a8bc8e3f5a032e319?s=96&d=mm&r=g","caption":"admin"},"sameAs":["https:\/\/develop.organisator.galledia.ch"],"url":"https:\/\/news.save.ch\/en\/author\/admin\/"}]}},"_links":{"self":[{"href":"https:\/\/news.save.ch\/en\/wp-json\/wp\/v2\/posts\/1486","targetHints":{"allow":["GET"]}}],"collection":[{"href":"https:\/\/news.save.ch\/en\/wp-json\/wp\/v2\/posts"}],"about":[{"href":"https:\/\/news.save.ch\/en\/wp-json\/wp\/v2\/types\/post"}],"author":[{"embeddable":true,"href":"https:\/\/news.save.ch\/en\/wp-json\/wp\/v2\/users\/1"}],"replies":[{"embeddable":true,"href":"https:\/\/news.save.ch\/en\/wp-json\/wp\/v2\/comments?post=1486"}],"version-history":[{"count":1,"href":"https:\/\/news.save.ch\/en\/wp-json\/wp\/v2\/posts\/1486\/revisions"}],"predecessor-version":[{"id":17609,"href":"https:\/\/news.save.ch\/en\/wp-json\/wp\/v2\/posts\/1486\/revisions\/17609"}],"wp:featuredmedia":[{"embeddable":true,"href":"https:\/\/news.save.ch\/en\/wp-json\/wp\/v2\/media\/1487"}],"wp:attachment":[{"href":"https:\/\/news.save.ch\/en\/wp-json\/wp\/v2\/media?parent=1486"}],"wp:term":[{"taxonomy":"category","embeddable":true,"href":"https:\/\/news.save.ch\/en\/wp-json\/wp\/v2\/categories?post=1486"},{"taxonomy":"post_tag","embeddable":true,"href":"https:\/\/news.save.ch\/en\/wp-json\/wp\/v2\/tags?post=1486"}],"curies":[{"name":"wp","href":"https:\/\/api.w.org\/{rel}","templated":true}]}}