{"id":14923,"date":"2022-09-13T09:13:31","date_gmt":"2022-09-13T07:13:31","guid":{"rendered":"https:\/\/news.save.ch\/?p=14923"},"modified":"2023-06-12T06:02:04","modified_gmt":"2023-06-12T04:02:04","slug":"bund-bestaetigt-das-geologische-tiefenlager-soll-in-noerdlich-laegern-errichtet-werden","status":null,"type":"post","link":"https:\/\/news.save.ch\/en\/bund-bestaetigt-das-geologische-tiefenlager-soll-in-noerdlich-laegern-errichtet-werden\/","title":{"rendered":"Confederation confirms: The deep geological repository is to be constructed in N\u00f6rdlich L\u00e4gern"},"content":{"rendered":"<figure id=\"attachment_14925\" aria-describedby=\"caption-attachment-14925\" style=\"width: 999px\" class=\"wp-caption alignleft\"><img loading=\"lazy\" decoding=\"async\" class=\"wp-image-14925 size-full\" src=\"https:\/\/news.save.ch\/wp-content\/uploads\/2022\/09\/Depositphotos_177219754_S.jpg\" alt=\"Nagra\" width=\"999\" height=\"583\" srcset=\"https:\/\/news.save.ch\/wp-content\/uploads\/2022\/09\/Depositphotos_177219754_S.jpg 999w, https:\/\/news.save.ch\/wp-content\/uploads\/2022\/09\/Depositphotos_177219754_S-375x219.jpg 375w\" sizes=\"auto, (max-width: 999px) 100vw, 999px\" \/><figcaption id=\"caption-attachment-14925\" class=\"wp-caption-text\">Image: depositphotos<\/figcaption><\/figure>\n<p>According to the National Co-operative for the Disposal of Radioactive Waste (Nagra), the Opalinus Clay in the siting area N\u00f6rdlich L\u00e4gern has <a href=\"https:\/\/nagra.ch\/nagra-schlaegt-noerdlich-laegern-als-standort-fuer-das-schweizer-tiefenlager-vor\/\" target=\"_blank\" rel=\"noopener\">the best geological barrier effect<\/a>. The Opalinus Clay here is also deeper and is better protected against erosion by hard rock layers above. According to the Swiss Federal Office of Energy, the announcement of the siting area and the location of the packaging plant is an \"important milestone\" in the ongoing site search. However, the announcement of the siting area is not yet equivalent to an approval.<\/p>\n<p>The general licence applications for the deep geological repository and for the fuel element packaging facility, including all technical details, will not be submitted by Nagra for about two years. The review process leading up to a decision could take until the end of the 2020s. However, the announcement at the present time is necessary, as the Federal Office of Energy <a href=\"https:\/\/www.admin.ch\/gov\/de\/start\/dokumentation\/medienmitteilungen.msg-id-90310.html\" target=\"_blank\" rel=\"noopener\">writes<\/a>, so that the cooperation of the stakeholders with the affected parties can continue.<\/p>\n<p>Nagra does not intend to build the fuel packaging facility in the siting area itself, but on the site of the existing interim storage facility in the municipality of W\u00fcrenlingen, adjacent to the Paul Scherrer Institute (PSI). According to Nagra, this has the advantage that synergies with the existing nuclear facilities there can be exploited and the space required is smaller.<\/p>\n<p><em>The press conference of the Federal Office of Energy to follow:\u00a0<\/em><\/p>\n<p><iframe loading=\"lazy\" title=\"Press conference - Nagra site announcement for a deep geological repository - 12.09.2022\" width=\"768\" height=\"432\" src=\"https:\/\/www.youtube.com\/embed\/LQOs3e__qh4?feature=oembed\" frameborder=\"0\" allow=\"accelerometer; autoplay; clipboard-write; encrypted-media; gyroscope; picture-in-picture; web-share\" allowfullscreen><\/iframe><\/p>\n<p>&nbsp;<\/p>\n<p><em>Source: Federal Office of Energy\/Editorial Office<\/em><\/p>","protected":false},"excerpt":{"rendered":"<p>Gem\u00e4ss der Nationalen Genossenschaft f\u00fcr die Lagerung radioaktiver Abf\u00e4lle (Nagra) hat der Opalinuston im Standortgebiet N\u00f6rdlich L\u00e4gern die beste geologische Barrierewirkung. Der Opalinuston liege hier hier zudem tiefer und sei durch harte Gesteinsschichten oberhalb besser vor Erosion gesch\u00fctzt. Die Bekanntgabe des Standortgebiets und des Standorts der Verpackungsanlage ist laut dem Bundesamt f\u00fcr Energie ein \u00abwichtiger [&hellip;]<\/p>\n","protected":false},"author":9,"featured_media":14925,"comment_status":"closed","ping_status":"closed","sticky":false,"template":"","format":"standard","meta":{"_acf_changed":false,"pgc_sgb_lightbox_settings":"","footnotes":""},"categories":[1],"tags":[1495,4004,1320,4002,2666,1079,310,4003],"class_list":["post-14923","post","type-post","status-publish","format-standard","has-post-thumbnail","hentry","category-allgemein","tag-atommuell","tag-brennelementverpackungsanlage","tag-nagra","tag-opalinuston","tag-paul-scherrer-institut-psi","tag-schweiz","tag-sicherheit","tag-standortsuche"],"acf":[],"hkrextid":null,"publication":null,"issue":null,"workflow":null,"startPage":null,"spitzmarke":null,"_posts_by_tag_page_fields":null,"_at_widget":"1","_yoast_wpseo_primary_category":"","_yoast_wpseo_focuskw_text_input":null,"_yoast_wpseo_opengraph-image":null,"_yoast_wpseo_opengraph-description":null,"_yoast_wpseo_opengraph-title":null,"enclosure":null,"_yoast_wpseo_twitter-title":null,"_yoast_wpseo_twitter-description":null,"_yoast_wpseo_twitter-image":null,"_wp_old_slug":null,"_yoast_wpseo_title":null,"_yoast_wpseo_canonical":null,"yoast_head":"<!-- This site is optimized with the Yoast SEO plugin v27.4 - https:\/\/yoast.com\/product\/yoast-seo-wordpress\/ -->\n<title>Bund best\u00e4tigt: Das geologische Tiefenlager soll in N\u00f6rdlich L\u00e4gern errichtet werden - Save<\/title>\n<meta name=\"description\" content=\"Seit bald 14 Jahren l\u00e4uft in der Schweiz die Suche nach Standorten f\u00fcr das Atomm\u00fclllager. Die Nagra hat nun angek\u00fcndigt, das geplante geologische Tiefenlager im Standortgebiet N\u00f6rdlich L\u00e4gern und die Brennelementverpackungsanlage nahe der bestehenden Anlage am Standort W\u00fcrenlingen zu errichten.\" \/>\n<meta name=\"robots\" content=\"index, follow, max-snippet:-1, max-image-preview:large, max-video-preview:-1\" \/>\n<link rel=\"canonical\" href=\"https:\/\/news.save.ch\/en\/bund-bestaetigt-das-geologische-tiefenlager-soll-in-noerdlich-laegern-errichtet-werden\/\" \/>\n<meta property=\"og:locale\" content=\"en_US\" \/>\n<meta property=\"og:type\" content=\"article\" \/>\n<meta property=\"og:title\" content=\"Bund best\u00e4tigt: Das geologische Tiefenlager soll in N\u00f6rdlich L\u00e4gern errichtet werden - Save\" \/>\n<meta property=\"og:description\" content=\"Seit bald 14 Jahren l\u00e4uft in der Schweiz die Suche nach Standorten f\u00fcr das Atomm\u00fclllager. Die Nagra hat nun angek\u00fcndigt, das geplante geologische Tiefenlager im Standortgebiet N\u00f6rdlich L\u00e4gern und die Brennelementverpackungsanlage nahe der bestehenden Anlage am Standort W\u00fcrenlingen zu errichten.\" \/>\n<meta property=\"og:url\" content=\"https:\/\/news.save.ch\/en\/bund-bestaetigt-das-geologische-tiefenlager-soll-in-noerdlich-laegern-errichtet-werden\/\" \/>\n<meta property=\"og:site_name\" content=\"Save\" \/>\n<meta property=\"article:published_time\" content=\"2022-09-13T07:13:31+00:00\" \/>\n<meta property=\"article:modified_time\" content=\"2023-06-12T04:02:04+00:00\" \/>\n<meta property=\"og:image\" content=\"https:\/\/news.save.ch\/wp-content\/uploads\/2022\/09\/Depositphotos_177219754_S.jpg\" \/>\n\t<meta property=\"og:image:width\" content=\"999\" \/>\n\t<meta property=\"og:image:height\" content=\"583\" \/>\n\t<meta property=\"og:image:type\" content=\"image\/jpeg\" \/>\n<meta name=\"author\" content=\"Simon Gr\u00f6flin\" \/>\n<meta name=\"twitter:card\" content=\"summary_large_image\" \/>\n<meta name=\"twitter:label1\" content=\"Written by\" \/>\n\t<meta name=\"twitter:data1\" content=\"Simon Gr\u00f6flin\" \/>\n\t<meta name=\"twitter:label2\" content=\"Est. reading time\" \/>\n\t<meta name=\"twitter:data2\" content=\"2 minutes\" \/>\n<script type=\"application\/ld+json\" class=\"yoast-schema-graph\">{\"@context\":\"https:\\\/\\\/schema.org\",\"@graph\":[{\"@type\":\"Article\",\"@id\":\"https:\\\/\\\/news.save.ch\\\/bund-bestaetigt-das-geologische-tiefenlager-soll-in-noerdlich-laegern-errichtet-werden\\\/#article\",\"isPartOf\":{\"@id\":\"https:\\\/\\\/news.save.ch\\\/bund-bestaetigt-das-geologische-tiefenlager-soll-in-noerdlich-laegern-errichtet-werden\\\/\"},\"author\":{\"name\":\"Simon Gr\u00f6flin\",\"@id\":\"https:\\\/\\\/news.save.ch\\\/de\\\/#\\\/schema\\\/person\\\/ad4ef21102fd6125312409ac57d5296d\"},\"headline\":\"Bund best\u00e4tigt: Das geologische Tiefenlager soll in N\u00f6rdlich L\u00e4gern errichtet werden\",\"datePublished\":\"2022-09-13T07:13:31+00:00\",\"dateModified\":\"2023-06-12T04:02:04+00:00\",\"mainEntityOfPage\":{\"@id\":\"https:\\\/\\\/news.save.ch\\\/bund-bestaetigt-das-geologische-tiefenlager-soll-in-noerdlich-laegern-errichtet-werden\\\/\"},\"wordCount\":247,\"publisher\":{\"@id\":\"https:\\\/\\\/news.save.ch\\\/de\\\/#organization\"},\"image\":{\"@id\":\"https:\\\/\\\/news.save.ch\\\/bund-bestaetigt-das-geologische-tiefenlager-soll-in-noerdlich-laegern-errichtet-werden\\\/#primaryimage\"},\"thumbnailUrl\":\"https:\\\/\\\/news.save.ch\\\/wp-content\\\/uploads\\\/2022\\\/09\\\/Depositphotos_177219754_S.jpg\",\"keywords\":[\"Atomm\u00fcll\",\"Brennelementverpackungsanlage\",\"Nagra\",\"Opalinuston\",\"Paul Scherrer Institut (PSI)\",\"Schweiz\",\"Sicherheit\",\"Standortsuche\"],\"articleSection\":[\"ALLGEMEIN\"],\"inLanguage\":\"en-US\"},{\"@type\":\"WebPage\",\"@id\":\"https:\\\/\\\/news.save.ch\\\/bund-bestaetigt-das-geologische-tiefenlager-soll-in-noerdlich-laegern-errichtet-werden\\\/\",\"url\":\"https:\\\/\\\/news.save.ch\\\/bund-bestaetigt-das-geologische-tiefenlager-soll-in-noerdlich-laegern-errichtet-werden\\\/\",\"name\":\"Bund best\u00e4tigt: Das geologische Tiefenlager soll in N\u00f6rdlich L\u00e4gern errichtet werden - Save\",\"isPartOf\":{\"@id\":\"https:\\\/\\\/news.save.ch\\\/de\\\/#website\"},\"primaryImageOfPage\":{\"@id\":\"https:\\\/\\\/news.save.ch\\\/bund-bestaetigt-das-geologische-tiefenlager-soll-in-noerdlich-laegern-errichtet-werden\\\/#primaryimage\"},\"image\":{\"@id\":\"https:\\\/\\\/news.save.ch\\\/bund-bestaetigt-das-geologische-tiefenlager-soll-in-noerdlich-laegern-errichtet-werden\\\/#primaryimage\"},\"thumbnailUrl\":\"https:\\\/\\\/news.save.ch\\\/wp-content\\\/uploads\\\/2022\\\/09\\\/Depositphotos_177219754_S.jpg\",\"datePublished\":\"2022-09-13T07:13:31+00:00\",\"dateModified\":\"2023-06-12T04:02:04+00:00\",\"description\":\"Seit bald 14 Jahren l\u00e4uft in der Schweiz die Suche nach Standorten f\u00fcr das Atomm\u00fclllager. Die Nagra hat nun angek\u00fcndigt, das geplante geologische Tiefenlager im Standortgebiet N\u00f6rdlich L\u00e4gern und die Brennelementverpackungsanlage nahe der bestehenden Anlage am Standort W\u00fcrenlingen zu errichten.\",\"breadcrumb\":{\"@id\":\"https:\\\/\\\/news.save.ch\\\/bund-bestaetigt-das-geologische-tiefenlager-soll-in-noerdlich-laegern-errichtet-werden\\\/#breadcrumb\"},\"inLanguage\":\"en-US\",\"potentialAction\":[{\"@type\":\"ReadAction\",\"target\":[\"https:\\\/\\\/news.save.ch\\\/bund-bestaetigt-das-geologische-tiefenlager-soll-in-noerdlich-laegern-errichtet-werden\\\/\"]}]},{\"@type\":\"ImageObject\",\"inLanguage\":\"en-US\",\"@id\":\"https:\\\/\\\/news.save.ch\\\/bund-bestaetigt-das-geologische-tiefenlager-soll-in-noerdlich-laegern-errichtet-werden\\\/#primaryimage\",\"url\":\"https:\\\/\\\/news.save.ch\\\/wp-content\\\/uploads\\\/2022\\\/09\\\/Depositphotos_177219754_S.jpg\",\"contentUrl\":\"https:\\\/\\\/news.save.ch\\\/wp-content\\\/uploads\\\/2022\\\/09\\\/Depositphotos_177219754_S.jpg\",\"width\":999,\"height\":583,\"caption\":\"Many radioactive waste barrels. Nuclear waste dumping concept. 3D rendered illustration.\"},{\"@type\":\"BreadcrumbList\",\"@id\":\"https:\\\/\\\/news.save.ch\\\/bund-bestaetigt-das-geologische-tiefenlager-soll-in-noerdlich-laegern-errichtet-werden\\\/#breadcrumb\",\"itemListElement\":[{\"@type\":\"ListItem\",\"position\":1,\"name\":\"Home\",\"item\":\"https:\\\/\\\/news.save.ch\\\/de\\\/\"},{\"@type\":\"ListItem\",\"position\":2,\"name\":\"Bund best\u00e4tigt: Das geologische Tiefenlager soll in N\u00f6rdlich L\u00e4gern errichtet werden\"}]},{\"@type\":\"WebSite\",\"@id\":\"https:\\\/\\\/news.save.ch\\\/de\\\/#website\",\"url\":\"https:\\\/\\\/news.save.ch\\\/de\\\/\",\"name\":\"Save\",\"description\":\"Schweizer Fachzeitschrift f\u00fcr Sicherheit\",\"publisher\":{\"@id\":\"https:\\\/\\\/news.save.ch\\\/de\\\/#organization\"},\"potentialAction\":[{\"@type\":\"SearchAction\",\"target\":{\"@type\":\"EntryPoint\",\"urlTemplate\":\"https:\\\/\\\/news.save.ch\\\/de\\\/?s={search_term_string}\"},\"query-input\":{\"@type\":\"PropertyValueSpecification\",\"valueRequired\":true,\"valueName\":\"search_term_string\"}}],\"inLanguage\":\"en-US\"},{\"@type\":\"Organization\",\"@id\":\"https:\\\/\\\/news.save.ch\\\/de\\\/#organization\",\"name\":\"Sicherheitsforum\",\"url\":\"https:\\\/\\\/news.save.ch\\\/de\\\/\",\"logo\":{\"@type\":\"ImageObject\",\"inLanguage\":\"en-US\",\"@id\":\"https:\\\/\\\/news.save.ch\\\/de\\\/#\\\/schema\\\/logo\\\/image\\\/\",\"url\":\"https:\\\/\\\/news.save.ch\\\/wp-content\\\/uploads\\\/2022\\\/06\\\/Logo_SF_2012.png\",\"contentUrl\":\"https:\\\/\\\/news.save.ch\\\/wp-content\\\/uploads\\\/2022\\\/06\\\/Logo_SF_2012.png\",\"width\":1100,\"height\":91,\"caption\":\"Sicherheitsforum\"},\"image\":{\"@id\":\"https:\\\/\\\/news.save.ch\\\/de\\\/#\\\/schema\\\/logo\\\/image\\\/\"}},{\"@type\":\"Person\",\"@id\":\"https:\\\/\\\/news.save.ch\\\/de\\\/#\\\/schema\\\/person\\\/ad4ef21102fd6125312409ac57d5296d\",\"name\":\"Simon Gr\u00f6flin\",\"image\":{\"@type\":\"ImageObject\",\"inLanguage\":\"en-US\",\"@id\":\"https:\\\/\\\/secure.gravatar.com\\\/avatar\\\/6ddceb80eb734354635539e0ea5140bb7c41e42de7c45c9a2ab9921b5d5c9a83?s=96&d=mm&r=g\",\"url\":\"https:\\\/\\\/secure.gravatar.com\\\/avatar\\\/6ddceb80eb734354635539e0ea5140bb7c41e42de7c45c9a2ab9921b5d5c9a83?s=96&d=mm&r=g\",\"contentUrl\":\"https:\\\/\\\/secure.gravatar.com\\\/avatar\\\/6ddceb80eb734354635539e0ea5140bb7c41e42de7c45c9a2ab9921b5d5c9a83?s=96&d=mm&r=g\",\"caption\":\"Simon Gr\u00f6flin\"},\"url\":\"https:\\\/\\\/news.save.ch\\\/en\\\/author\\\/simon-groeflin\\\/\"}]}<\/script>\n<!-- \/ Yoast SEO plugin. -->","yoast_head_json":{"title":"Confederation confirms: The deep geological repository is to be constructed in N\u00f6rdlich L\u00e4gern - Save","description":"The search for sites for the nuclear waste repository has been ongoing in Switzerland for almost 14 years. Nagra has now announced that it will build the planned deep geological repository in the N\u00f6rdlich L\u00e4gern siting area and the fuel element packaging plant near the existing facility at the W\u00fcrenlingen site.","robots":{"index":"index","follow":"follow","max-snippet":"max-snippet:-1","max-image-preview":"max-image-preview:large","max-video-preview":"max-video-preview:-1"},"canonical":"https:\/\/news.save.ch\/en\/bund-bestaetigt-das-geologische-tiefenlager-soll-in-noerdlich-laegern-errichtet-werden\/","og_locale":"en_US","og_type":"article","og_title":"Bund best\u00e4tigt: Das geologische Tiefenlager soll in N\u00f6rdlich L\u00e4gern errichtet werden - Save","og_description":"Seit bald 14 Jahren l\u00e4uft in der Schweiz die Suche nach Standorten f\u00fcr das Atomm\u00fclllager. Die Nagra hat nun angek\u00fcndigt, das geplante geologische Tiefenlager im Standortgebiet N\u00f6rdlich L\u00e4gern und die Brennelementverpackungsanlage nahe der bestehenden Anlage am Standort W\u00fcrenlingen zu errichten.","og_url":"https:\/\/news.save.ch\/en\/bund-bestaetigt-das-geologische-tiefenlager-soll-in-noerdlich-laegern-errichtet-werden\/","og_site_name":"Save","article_published_time":"2022-09-13T07:13:31+00:00","article_modified_time":"2023-06-12T04:02:04+00:00","og_image":[{"width":999,"height":583,"url":"https:\/\/news.save.ch\/wp-content\/uploads\/2022\/09\/Depositphotos_177219754_S.jpg","type":"image\/jpeg"}],"author":"Simon Gr\u00f6flin","twitter_card":"summary_large_image","twitter_misc":{"Written by":"Simon Gr\u00f6flin","Est. reading time":"2 minutes"},"schema":{"@context":"https:\/\/schema.org","@graph":[{"@type":"Article","@id":"https:\/\/news.save.ch\/bund-bestaetigt-das-geologische-tiefenlager-soll-in-noerdlich-laegern-errichtet-werden\/#article","isPartOf":{"@id":"https:\/\/news.save.ch\/bund-bestaetigt-das-geologische-tiefenlager-soll-in-noerdlich-laegern-errichtet-werden\/"},"author":{"name":"Simon Gr\u00f6flin","@id":"https:\/\/news.save.ch\/de\/#\/schema\/person\/ad4ef21102fd6125312409ac57d5296d"},"headline":"Bund best\u00e4tigt: Das geologische Tiefenlager soll in N\u00f6rdlich L\u00e4gern errichtet werden","datePublished":"2022-09-13T07:13:31+00:00","dateModified":"2023-06-12T04:02:04+00:00","mainEntityOfPage":{"@id":"https:\/\/news.save.ch\/bund-bestaetigt-das-geologische-tiefenlager-soll-in-noerdlich-laegern-errichtet-werden\/"},"wordCount":247,"publisher":{"@id":"https:\/\/news.save.ch\/de\/#organization"},"image":{"@id":"https:\/\/news.save.ch\/bund-bestaetigt-das-geologische-tiefenlager-soll-in-noerdlich-laegern-errichtet-werden\/#primaryimage"},"thumbnailUrl":"https:\/\/news.save.ch\/wp-content\/uploads\/2022\/09\/Depositphotos_177219754_S.jpg","keywords":["Atomm\u00fcll","Brennelementverpackungsanlage","Nagra","Opalinuston","Paul Scherrer Institut (PSI)","Schweiz","Sicherheit","Standortsuche"],"articleSection":["ALLGEMEIN"],"inLanguage":"en-US"},{"@type":"WebPage","@id":"https:\/\/news.save.ch\/bund-bestaetigt-das-geologische-tiefenlager-soll-in-noerdlich-laegern-errichtet-werden\/","url":"https:\/\/news.save.ch\/bund-bestaetigt-das-geologische-tiefenlager-soll-in-noerdlich-laegern-errichtet-werden\/","name":"Confederation confirms: The deep geological repository is to be constructed in N\u00f6rdlich L\u00e4gern - Save","isPartOf":{"@id":"https:\/\/news.save.ch\/de\/#website"},"primaryImageOfPage":{"@id":"https:\/\/news.save.ch\/bund-bestaetigt-das-geologische-tiefenlager-soll-in-noerdlich-laegern-errichtet-werden\/#primaryimage"},"image":{"@id":"https:\/\/news.save.ch\/bund-bestaetigt-das-geologische-tiefenlager-soll-in-noerdlich-laegern-errichtet-werden\/#primaryimage"},"thumbnailUrl":"https:\/\/news.save.ch\/wp-content\/uploads\/2022\/09\/Depositphotos_177219754_S.jpg","datePublished":"2022-09-13T07:13:31+00:00","dateModified":"2023-06-12T04:02:04+00:00","description":"The search for sites for the nuclear waste repository has been ongoing in Switzerland for almost 14 years. Nagra has now announced that it will build the planned deep geological repository in the N\u00f6rdlich L\u00e4gern siting area and the fuel element packaging plant near the existing facility at the W\u00fcrenlingen site.","breadcrumb":{"@id":"https:\/\/news.save.ch\/bund-bestaetigt-das-geologische-tiefenlager-soll-in-noerdlich-laegern-errichtet-werden\/#breadcrumb"},"inLanguage":"en-US","potentialAction":[{"@type":"ReadAction","target":["https:\/\/news.save.ch\/bund-bestaetigt-das-geologische-tiefenlager-soll-in-noerdlich-laegern-errichtet-werden\/"]}]},{"@type":"ImageObject","inLanguage":"en-US","@id":"https:\/\/news.save.ch\/bund-bestaetigt-das-geologische-tiefenlager-soll-in-noerdlich-laegern-errichtet-werden\/#primaryimage","url":"https:\/\/news.save.ch\/wp-content\/uploads\/2022\/09\/Depositphotos_177219754_S.jpg","contentUrl":"https:\/\/news.save.ch\/wp-content\/uploads\/2022\/09\/Depositphotos_177219754_S.jpg","width":999,"height":583,"caption":"Many radioactive waste barrels. Nuclear waste dumping concept. 3D rendered illustration."},{"@type":"BreadcrumbList","@id":"https:\/\/news.save.ch\/bund-bestaetigt-das-geologische-tiefenlager-soll-in-noerdlich-laegern-errichtet-werden\/#breadcrumb","itemListElement":[{"@type":"ListItem","position":1,"name":"Home","item":"https:\/\/news.save.ch\/de\/"},{"@type":"ListItem","position":2,"name":"Bund best\u00e4tigt: Das geologische Tiefenlager soll in N\u00f6rdlich L\u00e4gern errichtet werden"}]},{"@type":"WebSite","@id":"https:\/\/news.save.ch\/de\/#website","url":"https:\/\/news.save.ch\/de\/","name":"Save","description":"Swiss trade journal for safety","publisher":{"@id":"https:\/\/news.save.ch\/de\/#organization"},"potentialAction":[{"@type":"SearchAction","target":{"@type":"EntryPoint","urlTemplate":"https:\/\/news.save.ch\/de\/?s={search_term_string}"},"query-input":{"@type":"PropertyValueSpecification","valueRequired":true,"valueName":"search_term_string"}}],"inLanguage":"en-US"},{"@type":"Organization","@id":"https:\/\/news.save.ch\/de\/#organization","name":"Security Forum","url":"https:\/\/news.save.ch\/de\/","logo":{"@type":"ImageObject","inLanguage":"en-US","@id":"https:\/\/news.save.ch\/de\/#\/schema\/logo\/image\/","url":"https:\/\/news.save.ch\/wp-content\/uploads\/2022\/06\/Logo_SF_2012.png","contentUrl":"https:\/\/news.save.ch\/wp-content\/uploads\/2022\/06\/Logo_SF_2012.png","width":1100,"height":91,"caption":"Sicherheitsforum"},"image":{"@id":"https:\/\/news.save.ch\/de\/#\/schema\/logo\/image\/"}},{"@type":"Person","@id":"https:\/\/news.save.ch\/de\/#\/schema\/person\/ad4ef21102fd6125312409ac57d5296d","name":"Simon Gr\u00f6flin","image":{"@type":"ImageObject","inLanguage":"en-US","@id":"https:\/\/secure.gravatar.com\/avatar\/6ddceb80eb734354635539e0ea5140bb7c41e42de7c45c9a2ab9921b5d5c9a83?s=96&d=mm&r=g","url":"https:\/\/secure.gravatar.com\/avatar\/6ddceb80eb734354635539e0ea5140bb7c41e42de7c45c9a2ab9921b5d5c9a83?s=96&d=mm&r=g","contentUrl":"https:\/\/secure.gravatar.com\/avatar\/6ddceb80eb734354635539e0ea5140bb7c41e42de7c45c9a2ab9921b5d5c9a83?s=96&d=mm&r=g","caption":"Simon Gr\u00f6flin"},"url":"https:\/\/news.save.ch\/en\/author\/simon-groeflin\/"}]}},"_links":{"self":[{"href":"https:\/\/news.save.ch\/en\/wp-json\/wp\/v2\/posts\/14923","targetHints":{"allow":["GET"]}}],"collection":[{"href":"https:\/\/news.save.ch\/en\/wp-json\/wp\/v2\/posts"}],"about":[{"href":"https:\/\/news.save.ch\/en\/wp-json\/wp\/v2\/types\/post"}],"author":[{"embeddable":true,"href":"https:\/\/news.save.ch\/en\/wp-json\/wp\/v2\/users\/9"}],"replies":[{"embeddable":true,"href":"https:\/\/news.save.ch\/en\/wp-json\/wp\/v2\/comments?post=14923"}],"version-history":[{"count":2,"href":"https:\/\/news.save.ch\/en\/wp-json\/wp\/v2\/posts\/14923\/revisions"}],"predecessor-version":[{"id":19840,"href":"https:\/\/news.save.ch\/en\/wp-json\/wp\/v2\/posts\/14923\/revisions\/19840"}],"wp:featuredmedia":[{"embeddable":true,"href":"https:\/\/news.save.ch\/en\/wp-json\/wp\/v2\/media\/14925"}],"wp:attachment":[{"href":"https:\/\/news.save.ch\/en\/wp-json\/wp\/v2\/media?parent=14923"}],"wp:term":[{"taxonomy":"category","embeddable":true,"href":"https:\/\/news.save.ch\/en\/wp-json\/wp\/v2\/categories?post=14923"},{"taxonomy":"post_tag","embeddable":true,"href":"https:\/\/news.save.ch\/en\/wp-json\/wp\/v2\/tags?post=14923"}],"curies":[{"name":"wp","href":"https:\/\/api.w.org\/{rel}","templated":true}]}}