{"id":15108,"date":"2022-10-14T10:57:30","date_gmt":"2022-10-14T08:57:30","guid":{"rendered":"https:\/\/news.save.ch\/?p=15108"},"modified":"2023-06-12T04:50:49","modified_gmt":"2023-06-12T02:50:49","slug":"apple-schafft-kennwoerter-ab-die-folgen","status":null,"type":"post","link":"https:\/\/news.save.ch\/en\/apple-schafft-kennwoerter-ab-die-folgen\/","title":{"rendered":"Apple abolishes passwords - the consequences"},"content":{"rendered":"<figure id=\"attachment_15109\" aria-describedby=\"caption-attachment-15109\" style=\"width: 999px\" class=\"wp-caption alignleft\"><img loading=\"lazy\" decoding=\"async\" class=\"wp-image-15109 size-full\" src=\"https:\/\/news.save.ch\/wp-content\/uploads\/2022\/10\/Depositphotos_298083580_S.jpg\" alt=\"Apple\" width=\"999\" height=\"667\" srcset=\"https:\/\/news.save.ch\/wp-content\/uploads\/2022\/10\/Depositphotos_298083580_S.jpg 999w, https:\/\/news.save.ch\/wp-content\/uploads\/2022\/10\/Depositphotos_298083580_S-375x250.jpg 375w\" sizes=\"auto, (max-width: 999px) 100vw, 999px\" \/><figcaption id=\"caption-attachment-15109\" class=\"wp-caption-text\">Image: depositphotos<\/figcaption><\/figure>\n<p>At the Apple Developers Conference a few months ago, the tech company announced that password authentication, which is still ubiquitous on the Internet, will soon die out. Apple relies on the Safari browser and a password-free login with the \"passkey\". The security upgrade can be seen as a new chapter in the \"Passkey\" security strategy launched in 2012. <a href=\"https:\/\/fidoalliance.org\/\" target=\"_blank\" rel=\"noopener\">Fido Alliance<\/a> can be considered. At that time, the Internet giants Meta and Google and hardware manufacturers from Intel to Qualcomm joined forces to form the consortium. The alliance is committed to open and license-free industry standards.<\/p>\n<p>When registering Fido support, a key pair is generated on the user's device each time. Access to the authenticator is secured locally. This can be done via biometric methods (for example iris or fingerprint scan) or via USB, NFC or Bluetooth security tokens. With Apple's Passkey, a key for the respective website is generated via Apple's facial recognition or TouchID to activate the function. What is new is that the passkey is passed on to other devices of the user via the iCloud Keychain. Password-free authentication makes it almost impossible to intercept login data. However, leading hardware and software providers must now increasingly collaborate on implementation. Corresponding authentication solutions can be integrated \"out of the box\" into the existing software architecture without much effort. As cloud solutions, they offer companies the certainty of keeping pace with the further development of the Fido standard.<\/p>\n<p><em>Source: Editorial office<\/em><\/p>","protected":false},"excerpt":{"rendered":"<p>Auf der Apple Developers Conference hat der TechKonzern vor einigen Monaten bekannt gegeben, dass die im Internet noch allgegenw\u00e4rtige Authentifizierung per Passwort bald aussterben d\u00fcrfte. Apple setzt auf den Browser Safari und eine passwortfreie Anmeldung mit dem \u00abPasskey\u00bb. Das Sicherheits-Upgrade kann als neues Kapitel der 2012 lancierten Fido-Alliance betrachtet werden. Damals schlossen sich die Internet-Giganten [&hellip;]<\/p>\n","protected":false},"author":9,"featured_media":15109,"comment_status":"closed","ping_status":"closed","sticky":false,"template":"","format":"standard","meta":{"_acf_changed":false,"pgc_sgb_lightbox_settings":"","footnotes":""},"categories":[1,3313],"tags":[1171,3958,3956,3957,418,3955,3959],"class_list":["post-15108","post","type-post","status-publish","format-standard","has-post-thumbnail","hentry","category-allgemein","category-digitalisierung","tag-apple","tag-biometrische-verfahren","tag-fido-allianz","tag-passkey","tag-passwort","tag-passwortfreie-authentifizierung","tag-sicherheits-upgrade"],"acf":[],"hkrextid":null,"publication":null,"issue":null,"workflow":null,"startPage":null,"spitzmarke":null,"_posts_by_tag_page_fields":null,"_at_widget":"1","_yoast_wpseo_primary_category":"1","_yoast_wpseo_focuskw_text_input":null,"_yoast_wpseo_opengraph-image":null,"_yoast_wpseo_opengraph-description":null,"_yoast_wpseo_opengraph-title":null,"enclosure":null,"_yoast_wpseo_twitter-title":null,"_yoast_wpseo_twitter-description":null,"_yoast_wpseo_twitter-image":null,"_wp_old_slug":null,"_yoast_wpseo_title":null,"_yoast_wpseo_canonical":null,"yoast_head":"<!-- This site is optimized with the Yoast SEO plugin v27.5 - https:\/\/yoast.com\/product\/yoast-seo-wordpress\/ -->\n<title>Apple schafft Kennw\u00f6rter ab \u2013 die Folgen - Save<\/title>\n<meta name=\"description\" content=\"Passw\u00f6rter d\u00fcrften mittelfristig bald ausgedient haben. So setzt Apple in naher Zukunft beispielsweise vermehrt auf eine kombinierte L\u00f6sung aus starker Verschl\u00fcsselung und Biometrie-Daten. Welche Konsequenzen hat das f\u00fcr die Firmen?\u00a0\" \/>\n<meta name=\"robots\" content=\"index, follow, max-snippet:-1, max-image-preview:large, max-video-preview:-1\" \/>\n<link rel=\"canonical\" href=\"https:\/\/news.save.ch\/en\/apple-schafft-kennwoerter-ab-die-folgen\/\" \/>\n<meta property=\"og:locale\" content=\"en_US\" \/>\n<meta property=\"og:type\" content=\"article\" \/>\n<meta property=\"og:title\" content=\"Apple schafft Kennw\u00f6rter ab \u2013 die Folgen - Save\" \/>\n<meta property=\"og:description\" content=\"Passw\u00f6rter d\u00fcrften mittelfristig bald ausgedient haben. So setzt Apple in naher Zukunft beispielsweise vermehrt auf eine kombinierte L\u00f6sung aus starker Verschl\u00fcsselung und Biometrie-Daten. Welche Konsequenzen hat das f\u00fcr die Firmen?\u00a0\" \/>\n<meta property=\"og:url\" content=\"https:\/\/news.save.ch\/en\/apple-schafft-kennwoerter-ab-die-folgen\/\" \/>\n<meta property=\"og:site_name\" content=\"Save\" \/>\n<meta property=\"article:published_time\" content=\"2022-10-14T08:57:30+00:00\" \/>\n<meta property=\"article:modified_time\" content=\"2023-06-12T02:50:49+00:00\" \/>\n<meta property=\"og:image\" content=\"https:\/\/news.save.ch\/wp-content\/uploads\/2022\/10\/Depositphotos_298083580_S.jpg\" \/>\n\t<meta property=\"og:image:width\" content=\"999\" \/>\n\t<meta property=\"og:image:height\" content=\"667\" \/>\n\t<meta property=\"og:image:type\" content=\"image\/jpeg\" \/>\n<meta name=\"author\" content=\"Simon Gr\u00f6flin\" \/>\n<meta name=\"twitter:card\" content=\"summary_large_image\" \/>\n<meta name=\"twitter:label1\" content=\"Written by\" \/>\n\t<meta name=\"twitter:data1\" content=\"Simon Gr\u00f6flin\" \/>\n\t<meta name=\"twitter:label2\" content=\"Est. reading time\" \/>\n\t<meta name=\"twitter:data2\" content=\"2 minutes\" \/>\n<script type=\"application\/ld+json\" class=\"yoast-schema-graph\">{\"@context\":\"https:\\\/\\\/schema.org\",\"@graph\":[{\"@type\":\"Article\",\"@id\":\"https:\\\/\\\/news.save.ch\\\/apple-schafft-kennwoerter-ab-die-folgen\\\/#article\",\"isPartOf\":{\"@id\":\"https:\\\/\\\/news.save.ch\\\/apple-schafft-kennwoerter-ab-die-folgen\\\/\"},\"author\":{\"name\":\"Simon Gr\u00f6flin\",\"@id\":\"https:\\\/\\\/news.save.ch\\\/de\\\/#\\\/schema\\\/person\\\/ad4ef21102fd6125312409ac57d5296d\"},\"headline\":\"Apple schafft Kennw\u00f6rter ab \u2013 die Folgen\",\"datePublished\":\"2022-10-14T08:57:30+00:00\",\"dateModified\":\"2023-06-12T02:50:49+00:00\",\"mainEntityOfPage\":{\"@id\":\"https:\\\/\\\/news.save.ch\\\/apple-schafft-kennwoerter-ab-die-folgen\\\/\"},\"wordCount\":238,\"publisher\":{\"@id\":\"https:\\\/\\\/news.save.ch\\\/de\\\/#organization\"},\"image\":{\"@id\":\"https:\\\/\\\/news.save.ch\\\/apple-schafft-kennwoerter-ab-die-folgen\\\/#primaryimage\"},\"thumbnailUrl\":\"https:\\\/\\\/news.save.ch\\\/wp-content\\\/uploads\\\/2022\\\/10\\\/Depositphotos_298083580_S.jpg\",\"keywords\":[\"Apple\",\"Biometrische Verfahren\",\"Fido-Allianz\",\"Passkey\",\"Passwort\",\"Passwortfreie Authentifizierung\",\"Sicherheits-Upgrade\"],\"articleSection\":[\"ALLGEMEIN\",\"DIGITALISIERUNG\"],\"inLanguage\":\"en-US\"},{\"@type\":\"WebPage\",\"@id\":\"https:\\\/\\\/news.save.ch\\\/apple-schafft-kennwoerter-ab-die-folgen\\\/\",\"url\":\"https:\\\/\\\/news.save.ch\\\/apple-schafft-kennwoerter-ab-die-folgen\\\/\",\"name\":\"Apple schafft Kennw\u00f6rter ab \u2013 die Folgen - Save\",\"isPartOf\":{\"@id\":\"https:\\\/\\\/news.save.ch\\\/de\\\/#website\"},\"primaryImageOfPage\":{\"@id\":\"https:\\\/\\\/news.save.ch\\\/apple-schafft-kennwoerter-ab-die-folgen\\\/#primaryimage\"},\"image\":{\"@id\":\"https:\\\/\\\/news.save.ch\\\/apple-schafft-kennwoerter-ab-die-folgen\\\/#primaryimage\"},\"thumbnailUrl\":\"https:\\\/\\\/news.save.ch\\\/wp-content\\\/uploads\\\/2022\\\/10\\\/Depositphotos_298083580_S.jpg\",\"datePublished\":\"2022-10-14T08:57:30+00:00\",\"dateModified\":\"2023-06-12T02:50:49+00:00\",\"description\":\"Passw\u00f6rter d\u00fcrften mittelfristig bald ausgedient haben. So setzt Apple in naher Zukunft beispielsweise vermehrt auf eine kombinierte L\u00f6sung aus starker Verschl\u00fcsselung und Biometrie-Daten. Welche Konsequenzen hat das f\u00fcr die Firmen?\u00a0\",\"breadcrumb\":{\"@id\":\"https:\\\/\\\/news.save.ch\\\/apple-schafft-kennwoerter-ab-die-folgen\\\/#breadcrumb\"},\"inLanguage\":\"en-US\",\"potentialAction\":[{\"@type\":\"ReadAction\",\"target\":[\"https:\\\/\\\/news.save.ch\\\/apple-schafft-kennwoerter-ab-die-folgen\\\/\"]}]},{\"@type\":\"ImageObject\",\"inLanguage\":\"en-US\",\"@id\":\"https:\\\/\\\/news.save.ch\\\/apple-schafft-kennwoerter-ab-die-folgen\\\/#primaryimage\",\"url\":\"https:\\\/\\\/news.save.ch\\\/wp-content\\\/uploads\\\/2022\\\/10\\\/Depositphotos_298083580_S.jpg\",\"contentUrl\":\"https:\\\/\\\/news.save.ch\\\/wp-content\\\/uploads\\\/2022\\\/10\\\/Depositphotos_298083580_S.jpg\",\"width\":999,\"height\":667},{\"@type\":\"BreadcrumbList\",\"@id\":\"https:\\\/\\\/news.save.ch\\\/apple-schafft-kennwoerter-ab-die-folgen\\\/#breadcrumb\",\"itemListElement\":[{\"@type\":\"ListItem\",\"position\":1,\"name\":\"Home\",\"item\":\"https:\\\/\\\/news.save.ch\\\/de\\\/\"},{\"@type\":\"ListItem\",\"position\":2,\"name\":\"Apple schafft Kennw\u00f6rter ab \u2013 die Folgen\"}]},{\"@type\":\"WebSite\",\"@id\":\"https:\\\/\\\/news.save.ch\\\/de\\\/#website\",\"url\":\"https:\\\/\\\/news.save.ch\\\/de\\\/\",\"name\":\"Save\",\"description\":\"Schweizer Fachzeitschrift f\u00fcr Sicherheit\",\"publisher\":{\"@id\":\"https:\\\/\\\/news.save.ch\\\/de\\\/#organization\"},\"potentialAction\":[{\"@type\":\"SearchAction\",\"target\":{\"@type\":\"EntryPoint\",\"urlTemplate\":\"https:\\\/\\\/news.save.ch\\\/de\\\/?s={search_term_string}\"},\"query-input\":{\"@type\":\"PropertyValueSpecification\",\"valueRequired\":true,\"valueName\":\"search_term_string\"}}],\"inLanguage\":\"en-US\"},{\"@type\":\"Organization\",\"@id\":\"https:\\\/\\\/news.save.ch\\\/de\\\/#organization\",\"name\":\"Sicherheitsforum\",\"url\":\"https:\\\/\\\/news.save.ch\\\/de\\\/\",\"logo\":{\"@type\":\"ImageObject\",\"inLanguage\":\"en-US\",\"@id\":\"https:\\\/\\\/news.save.ch\\\/de\\\/#\\\/schema\\\/logo\\\/image\\\/\",\"url\":\"https:\\\/\\\/news.save.ch\\\/wp-content\\\/uploads\\\/2022\\\/06\\\/Logo_SF_2012.png\",\"contentUrl\":\"https:\\\/\\\/news.save.ch\\\/wp-content\\\/uploads\\\/2022\\\/06\\\/Logo_SF_2012.png\",\"width\":1100,\"height\":91,\"caption\":\"Sicherheitsforum\"},\"image\":{\"@id\":\"https:\\\/\\\/news.save.ch\\\/de\\\/#\\\/schema\\\/logo\\\/image\\\/\"}},{\"@type\":\"Person\",\"@id\":\"https:\\\/\\\/news.save.ch\\\/de\\\/#\\\/schema\\\/person\\\/ad4ef21102fd6125312409ac57d5296d\",\"name\":\"Simon Gr\u00f6flin\",\"image\":{\"@type\":\"ImageObject\",\"inLanguage\":\"en-US\",\"@id\":\"https:\\\/\\\/secure.gravatar.com\\\/avatar\\\/6ddceb80eb734354635539e0ea5140bb7c41e42de7c45c9a2ab9921b5d5c9a83?s=96&d=mm&r=g\",\"url\":\"https:\\\/\\\/secure.gravatar.com\\\/avatar\\\/6ddceb80eb734354635539e0ea5140bb7c41e42de7c45c9a2ab9921b5d5c9a83?s=96&d=mm&r=g\",\"contentUrl\":\"https:\\\/\\\/secure.gravatar.com\\\/avatar\\\/6ddceb80eb734354635539e0ea5140bb7c41e42de7c45c9a2ab9921b5d5c9a83?s=96&d=mm&r=g\",\"caption\":\"Simon Gr\u00f6flin\"},\"url\":\"https:\\\/\\\/news.save.ch\\\/en\\\/author\\\/simon-groeflin\\\/\"}]}<\/script>\n<!-- \/ Yoast SEO plugin. -->","yoast_head_json":{"title":"Apple abolishes passwords - the consequences - Save","description":"Passwords are likely to become obsolete in the medium term. In the near future, for example, Apple will increasingly rely on a combined solution of strong encryption and biometric data. What consequences will this have for companies?\u00a0","robots":{"index":"index","follow":"follow","max-snippet":"max-snippet:-1","max-image-preview":"max-image-preview:large","max-video-preview":"max-video-preview:-1"},"canonical":"https:\/\/news.save.ch\/en\/apple-schafft-kennwoerter-ab-die-folgen\/","og_locale":"en_US","og_type":"article","og_title":"Apple schafft Kennw\u00f6rter ab \u2013 die Folgen - Save","og_description":"Passw\u00f6rter d\u00fcrften mittelfristig bald ausgedient haben. So setzt Apple in naher Zukunft beispielsweise vermehrt auf eine kombinierte L\u00f6sung aus starker Verschl\u00fcsselung und Biometrie-Daten. Welche Konsequenzen hat das f\u00fcr die Firmen?\u00a0","og_url":"https:\/\/news.save.ch\/en\/apple-schafft-kennwoerter-ab-die-folgen\/","og_site_name":"Save","article_published_time":"2022-10-14T08:57:30+00:00","article_modified_time":"2023-06-12T02:50:49+00:00","og_image":[{"width":999,"height":667,"url":"https:\/\/news.save.ch\/wp-content\/uploads\/2022\/10\/Depositphotos_298083580_S.jpg","type":"image\/jpeg"}],"author":"Simon Gr\u00f6flin","twitter_card":"summary_large_image","twitter_misc":{"Written by":"Simon Gr\u00f6flin","Est. reading time":"2 minutes"},"schema":{"@context":"https:\/\/schema.org","@graph":[{"@type":"Article","@id":"https:\/\/news.save.ch\/apple-schafft-kennwoerter-ab-die-folgen\/#article","isPartOf":{"@id":"https:\/\/news.save.ch\/apple-schafft-kennwoerter-ab-die-folgen\/"},"author":{"name":"Simon Gr\u00f6flin","@id":"https:\/\/news.save.ch\/de\/#\/schema\/person\/ad4ef21102fd6125312409ac57d5296d"},"headline":"Apple schafft Kennw\u00f6rter ab \u2013 die Folgen","datePublished":"2022-10-14T08:57:30+00:00","dateModified":"2023-06-12T02:50:49+00:00","mainEntityOfPage":{"@id":"https:\/\/news.save.ch\/apple-schafft-kennwoerter-ab-die-folgen\/"},"wordCount":238,"publisher":{"@id":"https:\/\/news.save.ch\/de\/#organization"},"image":{"@id":"https:\/\/news.save.ch\/apple-schafft-kennwoerter-ab-die-folgen\/#primaryimage"},"thumbnailUrl":"https:\/\/news.save.ch\/wp-content\/uploads\/2022\/10\/Depositphotos_298083580_S.jpg","keywords":["Apple","Biometrische Verfahren","Fido-Allianz","Passkey","Passwort","Passwortfreie Authentifizierung","Sicherheits-Upgrade"],"articleSection":["ALLGEMEIN","DIGITALISIERUNG"],"inLanguage":"en-US"},{"@type":"WebPage","@id":"https:\/\/news.save.ch\/apple-schafft-kennwoerter-ab-die-folgen\/","url":"https:\/\/news.save.ch\/apple-schafft-kennwoerter-ab-die-folgen\/","name":"Apple abolishes passwords - the consequences - Save","isPartOf":{"@id":"https:\/\/news.save.ch\/de\/#website"},"primaryImageOfPage":{"@id":"https:\/\/news.save.ch\/apple-schafft-kennwoerter-ab-die-folgen\/#primaryimage"},"image":{"@id":"https:\/\/news.save.ch\/apple-schafft-kennwoerter-ab-die-folgen\/#primaryimage"},"thumbnailUrl":"https:\/\/news.save.ch\/wp-content\/uploads\/2022\/10\/Depositphotos_298083580_S.jpg","datePublished":"2022-10-14T08:57:30+00:00","dateModified":"2023-06-12T02:50:49+00:00","description":"Passwords are likely to become obsolete in the medium term. In the near future, for example, Apple will increasingly rely on a combined solution of strong encryption and biometric data. What consequences will this have for companies?\u00a0","breadcrumb":{"@id":"https:\/\/news.save.ch\/apple-schafft-kennwoerter-ab-die-folgen\/#breadcrumb"},"inLanguage":"en-US","potentialAction":[{"@type":"ReadAction","target":["https:\/\/news.save.ch\/apple-schafft-kennwoerter-ab-die-folgen\/"]}]},{"@type":"ImageObject","inLanguage":"en-US","@id":"https:\/\/news.save.ch\/apple-schafft-kennwoerter-ab-die-folgen\/#primaryimage","url":"https:\/\/news.save.ch\/wp-content\/uploads\/2022\/10\/Depositphotos_298083580_S.jpg","contentUrl":"https:\/\/news.save.ch\/wp-content\/uploads\/2022\/10\/Depositphotos_298083580_S.jpg","width":999,"height":667},{"@type":"BreadcrumbList","@id":"https:\/\/news.save.ch\/apple-schafft-kennwoerter-ab-die-folgen\/#breadcrumb","itemListElement":[{"@type":"ListItem","position":1,"name":"Home","item":"https:\/\/news.save.ch\/de\/"},{"@type":"ListItem","position":2,"name":"Apple schafft Kennw\u00f6rter ab \u2013 die Folgen"}]},{"@type":"WebSite","@id":"https:\/\/news.save.ch\/de\/#website","url":"https:\/\/news.save.ch\/de\/","name":"Save","description":"Swiss trade journal for safety","publisher":{"@id":"https:\/\/news.save.ch\/de\/#organization"},"potentialAction":[{"@type":"SearchAction","target":{"@type":"EntryPoint","urlTemplate":"https:\/\/news.save.ch\/de\/?s={search_term_string}"},"query-input":{"@type":"PropertyValueSpecification","valueRequired":true,"valueName":"search_term_string"}}],"inLanguage":"en-US"},{"@type":"Organization","@id":"https:\/\/news.save.ch\/de\/#organization","name":"Security Forum","url":"https:\/\/news.save.ch\/de\/","logo":{"@type":"ImageObject","inLanguage":"en-US","@id":"https:\/\/news.save.ch\/de\/#\/schema\/logo\/image\/","url":"https:\/\/news.save.ch\/wp-content\/uploads\/2022\/06\/Logo_SF_2012.png","contentUrl":"https:\/\/news.save.ch\/wp-content\/uploads\/2022\/06\/Logo_SF_2012.png","width":1100,"height":91,"caption":"Sicherheitsforum"},"image":{"@id":"https:\/\/news.save.ch\/de\/#\/schema\/logo\/image\/"}},{"@type":"Person","@id":"https:\/\/news.save.ch\/de\/#\/schema\/person\/ad4ef21102fd6125312409ac57d5296d","name":"Simon Gr\u00f6flin","image":{"@type":"ImageObject","inLanguage":"en-US","@id":"https:\/\/secure.gravatar.com\/avatar\/6ddceb80eb734354635539e0ea5140bb7c41e42de7c45c9a2ab9921b5d5c9a83?s=96&d=mm&r=g","url":"https:\/\/secure.gravatar.com\/avatar\/6ddceb80eb734354635539e0ea5140bb7c41e42de7c45c9a2ab9921b5d5c9a83?s=96&d=mm&r=g","contentUrl":"https:\/\/secure.gravatar.com\/avatar\/6ddceb80eb734354635539e0ea5140bb7c41e42de7c45c9a2ab9921b5d5c9a83?s=96&d=mm&r=g","caption":"Simon Gr\u00f6flin"},"url":"https:\/\/news.save.ch\/en\/author\/simon-groeflin\/"}]}},"_links":{"self":[{"href":"https:\/\/news.save.ch\/en\/wp-json\/wp\/v2\/posts\/15108","targetHints":{"allow":["GET"]}}],"collection":[{"href":"https:\/\/news.save.ch\/en\/wp-json\/wp\/v2\/posts"}],"about":[{"href":"https:\/\/news.save.ch\/en\/wp-json\/wp\/v2\/types\/post"}],"author":[{"embeddable":true,"href":"https:\/\/news.save.ch\/en\/wp-json\/wp\/v2\/users\/9"}],"replies":[{"embeddable":true,"href":"https:\/\/news.save.ch\/en\/wp-json\/wp\/v2\/comments?post=15108"}],"version-history":[{"count":3,"href":"https:\/\/news.save.ch\/en\/wp-json\/wp\/v2\/posts\/15108\/revisions"}],"predecessor-version":[{"id":19819,"href":"https:\/\/news.save.ch\/en\/wp-json\/wp\/v2\/posts\/15108\/revisions\/19819"}],"wp:featuredmedia":[{"embeddable":true,"href":"https:\/\/news.save.ch\/en\/wp-json\/wp\/v2\/media\/15109"}],"wp:attachment":[{"href":"https:\/\/news.save.ch\/en\/wp-json\/wp\/v2\/media?parent=15108"}],"wp:term":[{"taxonomy":"category","embeddable":true,"href":"https:\/\/news.save.ch\/en\/wp-json\/wp\/v2\/categories?post=15108"},{"taxonomy":"post_tag","embeddable":true,"href":"https:\/\/news.save.ch\/en\/wp-json\/wp\/v2\/tags?post=15108"}],"curies":[{"name":"wp","href":"https:\/\/api.w.org\/{rel}","templated":true}]}}