{"id":1532,"date":"2016-10-07T11:18:35","date_gmt":"2016-10-07T09:18:35","guid":{"rendered":"https:\/\/dev.sicherheitsforum.ch\/?p=1532"},"modified":"2023-03-14T08:59:23","modified_gmt":"2023-03-14T07:59:23","slug":"video-security-und-zuko-integriert-oder-getrennt","status":null,"type":"post","link":"https:\/\/news.save.ch\/en\/video-security-und-zuko-integriert-oder-getrennt\/","title":{"rendered":"Video security and Zuko: integrated or separate?"},"content":{"rendered":"<figure id=\"attachment_1535\" aria-describedby=\"caption-attachment-1535\" style=\"width: 680px\" class=\"wp-caption alignnone\"><img loading=\"lazy\" decoding=\"async\" class=\"size-medium wp-image-1535\" src=\"https:\/\/sicherheitsforum.ch\/wp-content\/uploads\/2016\/12\/Video-Security-und-Zuko-integriert-oder-getrennt_sicherheitsforum.jpg\" alt=\"\" width=\"680\" height=\"510\" srcset=\"https:\/\/news.save.ch\/wp-content\/uploads\/2016\/12\/Video-Security-und-Zuko-integriert-oder-getrennt_sicherheitsforum.jpg 1000w, https:\/\/news.save.ch\/wp-content\/uploads\/2016\/12\/Video-Security-und-Zuko-integriert-oder-getrennt_sicherheitsforum-375x281.jpg 375w\" sizes=\"auto, (max-width: 680px) 100vw, 680px\" \/><figcaption id=\"caption-attachment-1535\" class=\"wp-caption-text\">\u00a9 depositphotos<\/figcaption><\/figure>\n<p>Access control (Zuko) has proven to be an effective security technology in the company, whether completely online or combined on\/offline. Video security systems are also taking on an increasingly important, more verifying function in the building security concept. How isolated from each other should these two solutions now be viewed? Is there a clear trend towards integrated monitoring, where security systems can be logically linked and operated in a uniform and cost-optimized manner? If a security-relevant event occurs - for example, unauthorized access, fire, burglary - the cause of an alarm message should be determined within the shortest possible time. Against this background, a combination of the various security solutions makes sense, write the organizers of the specialist event \"Video security and access control: integrated or separate? The speakers at the SES symposium on November 22, 2016 in Zurich will discuss how deep this integration can go. Click here to go to the <a href=\"https:\/\/save.ch\/events\/video-security-und_zutrittskontrolle\/\" target=\"_blank\" rel=\"noreferrer noopener\" data-cke-saved-href=\"https:\/\/save.ch\/events\/video-security-und_zutrittskontrolle\/\">Program<\/a> of the professional event.<\/p>","protected":false},"excerpt":{"rendered":"<p>Die Zutrittskontrolle (Zuko) hat sich als wirkungsvolle Sicherheitstechnik im Unternehmen bew\u00e4hrt, ob komplett online oder kombiniert on-\/offline. Auch Video-Security-Systeme nehmen eine immer wichtigere, eher verifizierende Funktion im Geb\u00e4udesicherheitskonzept ein. Wie isoliert voneinander sollen diese beiden L\u00f6sungen nun betrachtet werden? Zeichnet sich ein klarer Trend in Richtung ganzheitliche \u00dcberwachung ab, bei dem die Sicherheitsgewerke logisch miteinander [&hellip;]<\/p>\n","protected":false},"author":1,"featured_media":1535,"comment_status":"open","ping_status":"open","sticky":false,"template":"","format":"standard","meta":{"_acf_changed":false,"pgc_sgb_lightbox_settings":"","footnotes":""},"categories":[3312],"tags":[109,157,158,90],"class_list":["post-1532","post","type-post","status-publish","format-standard","has-post-thumbnail","hentry","category-sicherheit","tag-aus-und-weiterbildung","tag-video-security","tag-zutrittskontrolle","tag-zutrittskontrollevideo-security"],"acf":[],"hkrextid":null,"publication":null,"issue":null,"workflow":null,"startPage":null,"spitzmarke":null,"_posts_by_tag_page_fields":{"widget_title":"","widget_tags":""},"_at_widget":"1","_yoast_wpseo_primary_category":"","_yoast_wpseo_focuskw_text_input":"Video-Security","_yoast_wpseo_opengraph-image":"https:\/\/news.save.ch\/wp-content\/uploads\/2016\/12\/Video-Security-und-Zuko-integriert-oder-getrennt_sicherheitsforum.jpg","_yoast_wpseo_opengraph-description":"Der gezielte Einsatz von Sicherheitsl\u00f6sungen sch\u00fctzt Geb\u00e4ude, Mensch und Unternehmenswerte. Die Herausforderungen an die Sicherheitstechnik \u2013 insbesondere Video-Security und Zutrittskontrolle \u2013 werden vom Anwender unterschiedlich angepackt und umgesetzt.","_yoast_wpseo_opengraph-title":"Video-Security und Zuko: integriert oder getrennt?","enclosure":null,"_yoast_wpseo_twitter-title":null,"_yoast_wpseo_twitter-description":null,"_yoast_wpseo_twitter-image":null,"_wp_old_slug":null,"_yoast_wpseo_title":null,"_yoast_wpseo_canonical":null,"yoast_head":"<!-- This site is optimized with the Yoast SEO plugin v27.4 - https:\/\/yoast.com\/product\/yoast-seo-wordpress\/ -->\n<title>Video-Security und Zuko: integriert oder getrennt? - Save<\/title>\n<meta name=\"description\" content=\"Die Herausforderungen an die Sicherheitstechnik \u2013 insbesondere Video-Security und Zutrittskontrolle \u2013 werden vom Anwender unterschiedlich angepackt.\" \/>\n<meta name=\"robots\" content=\"index, follow, max-snippet:-1, max-image-preview:large, max-video-preview:-1\" \/>\n<link rel=\"canonical\" href=\"https:\/\/news.save.ch\/en\/video-security-und-zuko-integriert-oder-getrennt\/\" \/>\n<meta property=\"og:locale\" content=\"en_US\" \/>\n<meta property=\"og:type\" content=\"article\" \/>\n<meta property=\"og:title\" content=\"Video-Security und Zuko: integriert oder getrennt?\" \/>\n<meta property=\"og:description\" content=\"Der gezielte Einsatz von Sicherheitsl\u00f6sungen sch\u00fctzt Geb\u00e4ude, Mensch und Unternehmenswerte. Die Herausforderungen an die Sicherheitstechnik \u2013 insbesondere Video-Security und Zutrittskontrolle \u2013 werden vom Anwender unterschiedlich angepackt und umgesetzt.\" \/>\n<meta property=\"og:url\" content=\"https:\/\/news.save.ch\/en\/video-security-und-zuko-integriert-oder-getrennt\/\" \/>\n<meta property=\"og:site_name\" content=\"Save\" \/>\n<meta property=\"article:published_time\" content=\"2016-10-07T09:18:35+00:00\" \/>\n<meta property=\"article:modified_time\" content=\"2023-03-14T07:59:23+00:00\" \/>\n<meta property=\"og:image\" content=\"https:\/\/news.save.ch\/wp-content\/uploads\/2016\/12\/Video-Security-und-Zuko-integriert-oder-getrennt_sicherheitsforum.jpg\" \/>\n<meta name=\"author\" content=\"admin\" \/>\n<meta name=\"twitter:card\" content=\"summary_large_image\" \/>\n<meta name=\"twitter:label1\" content=\"Written by\" \/>\n\t<meta name=\"twitter:data1\" content=\"admin\" \/>\n\t<meta name=\"twitter:label2\" content=\"Est. reading time\" \/>\n\t<meta name=\"twitter:data2\" content=\"1 minute\" \/>\n<script type=\"application\/ld+json\" class=\"yoast-schema-graph\">{\"@context\":\"https:\\\/\\\/schema.org\",\"@graph\":[{\"@type\":\"Article\",\"@id\":\"https:\\\/\\\/news.save.ch\\\/video-security-und-zuko-integriert-oder-getrennt\\\/#article\",\"isPartOf\":{\"@id\":\"https:\\\/\\\/news.save.ch\\\/video-security-und-zuko-integriert-oder-getrennt\\\/\"},\"author\":{\"name\":\"admin\",\"@id\":\"https:\\\/\\\/news.save.ch\\\/de\\\/#\\\/schema\\\/person\\\/d49e199490bad7c70d64b9ab51142f2b\"},\"headline\":\"Video-Security und Zuko: integriert oder getrennt?\",\"datePublished\":\"2016-10-07T09:18:35+00:00\",\"dateModified\":\"2023-03-14T07:59:23+00:00\",\"mainEntityOfPage\":{\"@id\":\"https:\\\/\\\/news.save.ch\\\/video-security-und-zuko-integriert-oder-getrennt\\\/\"},\"wordCount\":154,\"commentCount\":0,\"publisher\":{\"@id\":\"https:\\\/\\\/news.save.ch\\\/de\\\/#organization\"},\"image\":{\"@id\":\"https:\\\/\\\/news.save.ch\\\/video-security-und-zuko-integriert-oder-getrennt\\\/#primaryimage\"},\"thumbnailUrl\":\"https:\\\/\\\/news.save.ch\\\/wp-content\\\/uploads\\\/2016\\\/12\\\/Video-Security-und-Zuko-integriert-oder-getrennt_sicherheitsforum.jpg\",\"keywords\":[\"Aus- und Weiterbildung\",\"Video-Security\",\"Zutrittskontrolle\",\"Zutrittskontrolle\\\/Video-Security\"],\"articleSection\":[\"SICHERHEIT\"],\"inLanguage\":\"en-US\"},{\"@type\":\"WebPage\",\"@id\":\"https:\\\/\\\/news.save.ch\\\/video-security-und-zuko-integriert-oder-getrennt\\\/\",\"url\":\"https:\\\/\\\/news.save.ch\\\/video-security-und-zuko-integriert-oder-getrennt\\\/\",\"name\":\"Video-Security und Zuko: integriert oder getrennt? - Save\",\"isPartOf\":{\"@id\":\"https:\\\/\\\/news.save.ch\\\/de\\\/#website\"},\"primaryImageOfPage\":{\"@id\":\"https:\\\/\\\/news.save.ch\\\/video-security-und-zuko-integriert-oder-getrennt\\\/#primaryimage\"},\"image\":{\"@id\":\"https:\\\/\\\/news.save.ch\\\/video-security-und-zuko-integriert-oder-getrennt\\\/#primaryimage\"},\"thumbnailUrl\":\"https:\\\/\\\/news.save.ch\\\/wp-content\\\/uploads\\\/2016\\\/12\\\/Video-Security-und-Zuko-integriert-oder-getrennt_sicherheitsforum.jpg\",\"datePublished\":\"2016-10-07T09:18:35+00:00\",\"dateModified\":\"2023-03-14T07:59:23+00:00\",\"description\":\"Die Herausforderungen an die Sicherheitstechnik \u2013 insbesondere Video-Security und Zutrittskontrolle \u2013 werden vom Anwender unterschiedlich angepackt.\",\"breadcrumb\":{\"@id\":\"https:\\\/\\\/news.save.ch\\\/video-security-und-zuko-integriert-oder-getrennt\\\/#breadcrumb\"},\"inLanguage\":\"en-US\",\"potentialAction\":[{\"@type\":\"ReadAction\",\"target\":[\"https:\\\/\\\/news.save.ch\\\/video-security-und-zuko-integriert-oder-getrennt\\\/\"]}]},{\"@type\":\"ImageObject\",\"inLanguage\":\"en-US\",\"@id\":\"https:\\\/\\\/news.save.ch\\\/video-security-und-zuko-integriert-oder-getrennt\\\/#primaryimage\",\"url\":\"https:\\\/\\\/news.save.ch\\\/wp-content\\\/uploads\\\/2016\\\/12\\\/Video-Security-und-Zuko-integriert-oder-getrennt_sicherheitsforum.jpg\",\"contentUrl\":\"https:\\\/\\\/news.save.ch\\\/wp-content\\\/uploads\\\/2016\\\/12\\\/Video-Security-und-Zuko-integriert-oder-getrennt_sicherheitsforum.jpg\",\"width\":1000,\"height\":750,\"caption\":\"\u00a9 depositphotos\"},{\"@type\":\"BreadcrumbList\",\"@id\":\"https:\\\/\\\/news.save.ch\\\/video-security-und-zuko-integriert-oder-getrennt\\\/#breadcrumb\",\"itemListElement\":[{\"@type\":\"ListItem\",\"position\":1,\"name\":\"Home\",\"item\":\"https:\\\/\\\/news.save.ch\\\/de\\\/\"},{\"@type\":\"ListItem\",\"position\":2,\"name\":\"Video-Security und Zuko: integriert oder getrennt?\"}]},{\"@type\":\"WebSite\",\"@id\":\"https:\\\/\\\/news.save.ch\\\/de\\\/#website\",\"url\":\"https:\\\/\\\/news.save.ch\\\/de\\\/\",\"name\":\"Save\",\"description\":\"Schweizer Fachzeitschrift f\u00fcr Sicherheit\",\"publisher\":{\"@id\":\"https:\\\/\\\/news.save.ch\\\/de\\\/#organization\"},\"potentialAction\":[{\"@type\":\"SearchAction\",\"target\":{\"@type\":\"EntryPoint\",\"urlTemplate\":\"https:\\\/\\\/news.save.ch\\\/de\\\/?s={search_term_string}\"},\"query-input\":{\"@type\":\"PropertyValueSpecification\",\"valueRequired\":true,\"valueName\":\"search_term_string\"}}],\"inLanguage\":\"en-US\"},{\"@type\":\"Organization\",\"@id\":\"https:\\\/\\\/news.save.ch\\\/de\\\/#organization\",\"name\":\"Sicherheitsforum\",\"url\":\"https:\\\/\\\/news.save.ch\\\/de\\\/\",\"logo\":{\"@type\":\"ImageObject\",\"inLanguage\":\"en-US\",\"@id\":\"https:\\\/\\\/news.save.ch\\\/de\\\/#\\\/schema\\\/logo\\\/image\\\/\",\"url\":\"https:\\\/\\\/news.save.ch\\\/wp-content\\\/uploads\\\/2022\\\/06\\\/Logo_SF_2012.png\",\"contentUrl\":\"https:\\\/\\\/news.save.ch\\\/wp-content\\\/uploads\\\/2022\\\/06\\\/Logo_SF_2012.png\",\"width\":1100,\"height\":91,\"caption\":\"Sicherheitsforum\"},\"image\":{\"@id\":\"https:\\\/\\\/news.save.ch\\\/de\\\/#\\\/schema\\\/logo\\\/image\\\/\"}},{\"@type\":\"Person\",\"@id\":\"https:\\\/\\\/news.save.ch\\\/de\\\/#\\\/schema\\\/person\\\/d49e199490bad7c70d64b9ab51142f2b\",\"name\":\"admin\",\"image\":{\"@type\":\"ImageObject\",\"inLanguage\":\"en-US\",\"@id\":\"https:\\\/\\\/secure.gravatar.com\\\/avatar\\\/ae2f4d718e6c49043e314ce431e7e645d646302a24a5ef5a8bc8e3f5a032e319?s=96&d=mm&r=g\",\"url\":\"https:\\\/\\\/secure.gravatar.com\\\/avatar\\\/ae2f4d718e6c49043e314ce431e7e645d646302a24a5ef5a8bc8e3f5a032e319?s=96&d=mm&r=g\",\"contentUrl\":\"https:\\\/\\\/secure.gravatar.com\\\/avatar\\\/ae2f4d718e6c49043e314ce431e7e645d646302a24a5ef5a8bc8e3f5a032e319?s=96&d=mm&r=g\",\"caption\":\"admin\"},\"sameAs\":[\"https:\\\/\\\/develop.organisator.galledia.ch\"],\"url\":\"https:\\\/\\\/news.save.ch\\\/en\\\/author\\\/admin\\\/\"}]}<\/script>\n<!-- \/ Yoast SEO plugin. -->","yoast_head_json":{"title":"Video security and Zuko: integrated or separate? - Save","description":"The challenges to security technology - especially video security and access control - are approached differently by users.","robots":{"index":"index","follow":"follow","max-snippet":"max-snippet:-1","max-image-preview":"max-image-preview:large","max-video-preview":"max-video-preview:-1"},"canonical":"https:\/\/news.save.ch\/en\/video-security-und-zuko-integriert-oder-getrennt\/","og_locale":"en_US","og_type":"article","og_title":"Video-Security und Zuko: integriert oder getrennt?","og_description":"Der gezielte Einsatz von Sicherheitsl\u00f6sungen sch\u00fctzt Geb\u00e4ude, Mensch und Unternehmenswerte. Die Herausforderungen an die Sicherheitstechnik \u2013 insbesondere Video-Security und Zutrittskontrolle \u2013 werden vom Anwender unterschiedlich angepackt und umgesetzt.","og_url":"https:\/\/news.save.ch\/en\/video-security-und-zuko-integriert-oder-getrennt\/","og_site_name":"Save","article_published_time":"2016-10-07T09:18:35+00:00","article_modified_time":"2023-03-14T07:59:23+00:00","og_image":[{"url":"https:\/\/news.save.ch\/wp-content\/uploads\/2016\/12\/Video-Security-und-Zuko-integriert-oder-getrennt_sicherheitsforum.jpg","type":"","width":"","height":""}],"author":"admin","twitter_card":"summary_large_image","twitter_misc":{"Written by":"admin","Est. reading time":"1 minute"},"schema":{"@context":"https:\/\/schema.org","@graph":[{"@type":"Article","@id":"https:\/\/news.save.ch\/video-security-und-zuko-integriert-oder-getrennt\/#article","isPartOf":{"@id":"https:\/\/news.save.ch\/video-security-und-zuko-integriert-oder-getrennt\/"},"author":{"name":"admin","@id":"https:\/\/news.save.ch\/de\/#\/schema\/person\/d49e199490bad7c70d64b9ab51142f2b"},"headline":"Video-Security und Zuko: integriert oder getrennt?","datePublished":"2016-10-07T09:18:35+00:00","dateModified":"2023-03-14T07:59:23+00:00","mainEntityOfPage":{"@id":"https:\/\/news.save.ch\/video-security-und-zuko-integriert-oder-getrennt\/"},"wordCount":154,"commentCount":0,"publisher":{"@id":"https:\/\/news.save.ch\/de\/#organization"},"image":{"@id":"https:\/\/news.save.ch\/video-security-und-zuko-integriert-oder-getrennt\/#primaryimage"},"thumbnailUrl":"https:\/\/news.save.ch\/wp-content\/uploads\/2016\/12\/Video-Security-und-Zuko-integriert-oder-getrennt_sicherheitsforum.jpg","keywords":["Aus- und Weiterbildung","Video-Security","Zutrittskontrolle","Zutrittskontrolle\/Video-Security"],"articleSection":["SICHERHEIT"],"inLanguage":"en-US"},{"@type":"WebPage","@id":"https:\/\/news.save.ch\/video-security-und-zuko-integriert-oder-getrennt\/","url":"https:\/\/news.save.ch\/video-security-und-zuko-integriert-oder-getrennt\/","name":"Video security and Zuko: integrated or separate? - Save","isPartOf":{"@id":"https:\/\/news.save.ch\/de\/#website"},"primaryImageOfPage":{"@id":"https:\/\/news.save.ch\/video-security-und-zuko-integriert-oder-getrennt\/#primaryimage"},"image":{"@id":"https:\/\/news.save.ch\/video-security-und-zuko-integriert-oder-getrennt\/#primaryimage"},"thumbnailUrl":"https:\/\/news.save.ch\/wp-content\/uploads\/2016\/12\/Video-Security-und-Zuko-integriert-oder-getrennt_sicherheitsforum.jpg","datePublished":"2016-10-07T09:18:35+00:00","dateModified":"2023-03-14T07:59:23+00:00","description":"The challenges to security technology - especially video security and access control - are approached differently by users.","breadcrumb":{"@id":"https:\/\/news.save.ch\/video-security-und-zuko-integriert-oder-getrennt\/#breadcrumb"},"inLanguage":"en-US","potentialAction":[{"@type":"ReadAction","target":["https:\/\/news.save.ch\/video-security-und-zuko-integriert-oder-getrennt\/"]}]},{"@type":"ImageObject","inLanguage":"en-US","@id":"https:\/\/news.save.ch\/video-security-und-zuko-integriert-oder-getrennt\/#primaryimage","url":"https:\/\/news.save.ch\/wp-content\/uploads\/2016\/12\/Video-Security-und-Zuko-integriert-oder-getrennt_sicherheitsforum.jpg","contentUrl":"https:\/\/news.save.ch\/wp-content\/uploads\/2016\/12\/Video-Security-und-Zuko-integriert-oder-getrennt_sicherheitsforum.jpg","width":1000,"height":750,"caption":"\u00a9 depositphotos"},{"@type":"BreadcrumbList","@id":"https:\/\/news.save.ch\/video-security-und-zuko-integriert-oder-getrennt\/#breadcrumb","itemListElement":[{"@type":"ListItem","position":1,"name":"Home","item":"https:\/\/news.save.ch\/de\/"},{"@type":"ListItem","position":2,"name":"Video-Security und Zuko: integriert oder getrennt?"}]},{"@type":"WebSite","@id":"https:\/\/news.save.ch\/de\/#website","url":"https:\/\/news.save.ch\/de\/","name":"Save","description":"Swiss trade journal for safety","publisher":{"@id":"https:\/\/news.save.ch\/de\/#organization"},"potentialAction":[{"@type":"SearchAction","target":{"@type":"EntryPoint","urlTemplate":"https:\/\/news.save.ch\/de\/?s={search_term_string}"},"query-input":{"@type":"PropertyValueSpecification","valueRequired":true,"valueName":"search_term_string"}}],"inLanguage":"en-US"},{"@type":"Organization","@id":"https:\/\/news.save.ch\/de\/#organization","name":"Security Forum","url":"https:\/\/news.save.ch\/de\/","logo":{"@type":"ImageObject","inLanguage":"en-US","@id":"https:\/\/news.save.ch\/de\/#\/schema\/logo\/image\/","url":"https:\/\/news.save.ch\/wp-content\/uploads\/2022\/06\/Logo_SF_2012.png","contentUrl":"https:\/\/news.save.ch\/wp-content\/uploads\/2022\/06\/Logo_SF_2012.png","width":1100,"height":91,"caption":"Sicherheitsforum"},"image":{"@id":"https:\/\/news.save.ch\/de\/#\/schema\/logo\/image\/"}},{"@type":"Person","@id":"https:\/\/news.save.ch\/de\/#\/schema\/person\/d49e199490bad7c70d64b9ab51142f2b","name":"admin","image":{"@type":"ImageObject","inLanguage":"en-US","@id":"https:\/\/secure.gravatar.com\/avatar\/ae2f4d718e6c49043e314ce431e7e645d646302a24a5ef5a8bc8e3f5a032e319?s=96&d=mm&r=g","url":"https:\/\/secure.gravatar.com\/avatar\/ae2f4d718e6c49043e314ce431e7e645d646302a24a5ef5a8bc8e3f5a032e319?s=96&d=mm&r=g","contentUrl":"https:\/\/secure.gravatar.com\/avatar\/ae2f4d718e6c49043e314ce431e7e645d646302a24a5ef5a8bc8e3f5a032e319?s=96&d=mm&r=g","caption":"admin"},"sameAs":["https:\/\/develop.organisator.galledia.ch"],"url":"https:\/\/news.save.ch\/en\/author\/admin\/"}]}},"_links":{"self":[{"href":"https:\/\/news.save.ch\/en\/wp-json\/wp\/v2\/posts\/1532","targetHints":{"allow":["GET"]}}],"collection":[{"href":"https:\/\/news.save.ch\/en\/wp-json\/wp\/v2\/posts"}],"about":[{"href":"https:\/\/news.save.ch\/en\/wp-json\/wp\/v2\/types\/post"}],"author":[{"embeddable":true,"href":"https:\/\/news.save.ch\/en\/wp-json\/wp\/v2\/users\/1"}],"replies":[{"embeddable":true,"href":"https:\/\/news.save.ch\/en\/wp-json\/wp\/v2\/comments?post=1532"}],"version-history":[{"count":1,"href":"https:\/\/news.save.ch\/en\/wp-json\/wp\/v2\/posts\/1532\/revisions"}],"predecessor-version":[{"id":17947,"href":"https:\/\/news.save.ch\/en\/wp-json\/wp\/v2\/posts\/1532\/revisions\/17947"}],"wp:featuredmedia":[{"embeddable":true,"href":"https:\/\/news.save.ch\/en\/wp-json\/wp\/v2\/media\/1535"}],"wp:attachment":[{"href":"https:\/\/news.save.ch\/en\/wp-json\/wp\/v2\/media?parent=1532"}],"wp:term":[{"taxonomy":"category","embeddable":true,"href":"https:\/\/news.save.ch\/en\/wp-json\/wp\/v2\/categories?post=1532"},{"taxonomy":"post_tag","embeddable":true,"href":"https:\/\/news.save.ch\/en\/wp-json\/wp\/v2\/tags?post=1532"}],"curies":[{"name":"wp","href":"https:\/\/api.w.org\/{rel}","templated":true}]}}