{"id":15447,"date":"2022-12-06T08:43:22","date_gmt":"2022-12-06T07:43:22","guid":{"rendered":"https:\/\/news.save.ch\/?p=15447"},"modified":"2023-06-16T06:52:47","modified_gmt":"2023-06-16T04:52:47","slug":"botschaft-zur-meldepflicht-fuer-cyberangriffe-bei-kritischen-infrastrukturen","status":null,"type":"post","link":"https:\/\/news.save.ch\/en\/botschaft-zur-meldepflicht-fuer-cyberangriffe-bei-kritischen-infrastrukturen\/","title":{"rendered":"Message on mandatory reporting of cyber attacks on critical infrastructure"},"content":{"rendered":"<figure id=\"attachment_15449\" aria-describedby=\"caption-attachment-15449\" style=\"width: 640px\" class=\"wp-caption alignnone\"><img loading=\"lazy\" decoding=\"async\" class=\"wp-image-15449 size-full\" src=\"https:\/\/news.save.ch\/wp-content\/uploads\/2022\/12\/cyber-g01573f8cc_640.jpg\" alt=\"critical infrastructures\" width=\"640\" height=\"427\" srcset=\"https:\/\/news.save.ch\/wp-content\/uploads\/2022\/12\/cyber-g01573f8cc_640.jpg 640w, https:\/\/news.save.ch\/wp-content\/uploads\/2022\/12\/cyber-g01573f8cc_640-18x12.jpg 18w, https:\/\/news.save.ch\/wp-content\/uploads\/2022\/12\/cyber-g01573f8cc_640-375x250.jpg 375w, https:\/\/news.save.ch\/wp-content\/uploads\/2022\/12\/cyber-g01573f8cc_640-525x350.jpg 525w\" sizes=\"auto, (max-width: 640px) 100vw, 640px\" \/><figcaption id=\"caption-attachment-15449\" class=\"wp-caption-text\">Image: Pixabay<\/figcaption><\/figure>\n<p>A new chapter in cybersecurity has already begun with the start of Russia's war of aggression on Ukraine, Microsoft said in a <a href=\"https:\/\/blogs.microsoft.com\/on-the-issues\/2022\/11\/04\/microsoft-digital-defense-report-2022-ukraine\/\" target=\"_blank\" rel=\"noopener\">November Blogpost<\/a> writes. Since then, the Redmond company has also observed a sharp increase in cyberattacks. While the number of attacks on critical infrastructure accounted for 20 percent of all cyberattacks perpetrated by states in recent years, state-motivated attacks have recently increased by 40 percent, according to Microsoft. However, the report also notes that Russia is not the only country that is increasingly combining physical aggression with cyberwar. Countries such as Iran, North Korea and China are also mentioned.<\/p>\n<p>Thanks to a new reporting obligation to the National Cyber Security Center, it should be possible to better assess threat situations in the future. During the consultation process for a draft law, the federal government received a total of around <a href=\"https:\/\/www.newsd.admin.ch\/newsd\/message\/attachments\/74217.pdf\" target=\"_blank\" rel=\"noopener\">99 Opinions<\/a> from cantons, operators of critical infrastructures and representatives from research and industry. According to the federal government, there is currently no overview of which attacks have taken place where, as the reports to the NCSC have so far been made on a voluntary basis.<\/p>\n<p>To make a critical infrastructure attack report as easy to handle as possible, the NCSC now wants to create a <a href=\"https:\/\/www.newsd.admin.ch\/newsd\/message\/attachments\/74216.pdf\" target=\"_blank\" rel=\"noopener\">electronic reporting form<\/a>Vto make them available. Reports can thus be easily recorded and, if desired, transmitted directly to other agencies, as the federal government writes in a statement.<\/p>\n<p><em>Source: Federal Council<\/em><\/p>","protected":false},"excerpt":{"rendered":"<p>Bereits mit Beginn des russischen Angriffskriegs auf die Ukraine hat ein neues Kapitel der Cybersicherheit begonnen, wie Microsoft in einem November-Blogpost schreibt. Seither beobachten auch die Redmonder einen sprunghaften Anstieg von Cyberattacken. Betraf die Anzahl Angriffe auf kritische Infrastrukturen in den letzten Jahren noch 20 Prozent aller von Staaten ver\u00fcbten Cyberangriffe, so legten staatlich motivierte [&hellip;]<\/p>\n","protected":false},"author":9,"featured_media":15449,"comment_status":"closed","ping_status":"closed","sticky":false,"template":"","format":"standard","meta":{"_acf_changed":false,"pgc_sgb_lightbox_settings":"","footnotes":""},"categories":[1],"tags":[1244,670,964,4181,1045],"class_list":["post-15447","post","type-post","status-publish","format-standard","has-post-thumbnail","hentry","category-allgemein","tag-cyberattacken","tag-cybersicherheit","tag-kritische-infrastrukturen","tag-meldepflicht","tag-nationale-zentrum-fuer-cybersicherheit"],"acf":[],"hkrextid":null,"publication":null,"issue":null,"workflow":null,"startPage":null,"spitzmarke":null,"_posts_by_tag_page_fields":null,"_at_widget":null,"_yoast_wpseo_primary_category":"","_yoast_wpseo_focuskw_text_input":null,"_yoast_wpseo_opengraph-image":null,"_yoast_wpseo_opengraph-description":null,"_yoast_wpseo_opengraph-title":null,"enclosure":null,"_yoast_wpseo_twitter-title":null,"_yoast_wpseo_twitter-description":null,"_yoast_wpseo_twitter-image":null,"_wp_old_slug":null,"_yoast_wpseo_title":null,"_yoast_wpseo_canonical":null,"yoast_head":"<!-- This site is optimized with the Yoast SEO plugin v27.4 - https:\/\/yoast.com\/product\/yoast-seo-wordpress\/ -->\n<title>Botschaft zur Meldepflicht f\u00fcr Cyberangriffe bei kritischen Infrastrukturen - Save<\/title>\n<meta name=\"description\" content=\"Der Bundesrat will eine Meldepflicht f\u00fcr Cyberangriffe auf kritische Infrastrukturen einf\u00fchren. Eine neue Botschaft zur \u00c4nderung des Bundesgesetzes \u00fcber die Informationssicherheit wurde beim Bund gutgeheissen und nun mit einer Vorlage verabschiedet.\" \/>\n<meta name=\"robots\" content=\"index, follow, max-snippet:-1, max-image-preview:large, max-video-preview:-1\" \/>\n<link rel=\"canonical\" href=\"https:\/\/news.save.ch\/en\/botschaft-zur-meldepflicht-fuer-cyberangriffe-bei-kritischen-infrastrukturen\/\" \/>\n<meta property=\"og:locale\" content=\"en_US\" \/>\n<meta property=\"og:type\" content=\"article\" \/>\n<meta property=\"og:title\" content=\"Botschaft zur Meldepflicht f\u00fcr Cyberangriffe bei kritischen Infrastrukturen - Save\" \/>\n<meta property=\"og:description\" content=\"Der Bundesrat will eine Meldepflicht f\u00fcr Cyberangriffe auf kritische Infrastrukturen einf\u00fchren. Eine neue Botschaft zur \u00c4nderung des Bundesgesetzes \u00fcber die Informationssicherheit wurde beim Bund gutgeheissen und nun mit einer Vorlage verabschiedet.\" \/>\n<meta property=\"og:url\" content=\"https:\/\/news.save.ch\/en\/botschaft-zur-meldepflicht-fuer-cyberangriffe-bei-kritischen-infrastrukturen\/\" \/>\n<meta property=\"og:site_name\" content=\"Save\" \/>\n<meta property=\"article:published_time\" content=\"2022-12-06T07:43:22+00:00\" \/>\n<meta property=\"article:modified_time\" content=\"2023-06-16T04:52:47+00:00\" \/>\n<meta property=\"og:image\" content=\"https:\/\/news.save.ch\/wp-content\/uploads\/2022\/12\/cyber-g01573f8cc_640.jpg\" \/>\n\t<meta property=\"og:image:width\" content=\"640\" \/>\n\t<meta property=\"og:image:height\" content=\"427\" \/>\n\t<meta property=\"og:image:type\" content=\"image\/jpeg\" \/>\n<meta name=\"author\" content=\"Simon Gr\u00f6flin\" \/>\n<meta name=\"twitter:card\" content=\"summary_large_image\" \/>\n<meta name=\"twitter:label1\" content=\"Written by\" \/>\n\t<meta name=\"twitter:data1\" content=\"Simon Gr\u00f6flin\" \/>\n\t<meta name=\"twitter:label2\" content=\"Est. reading time\" \/>\n\t<meta name=\"twitter:data2\" content=\"2 minutes\" \/>\n<script type=\"application\/ld+json\" class=\"yoast-schema-graph\">{\"@context\":\"https:\\\/\\\/schema.org\",\"@graph\":[{\"@type\":\"Article\",\"@id\":\"https:\\\/\\\/news.save.ch\\\/botschaft-zur-meldepflicht-fuer-cyberangriffe-bei-kritischen-infrastrukturen\\\/#article\",\"isPartOf\":{\"@id\":\"https:\\\/\\\/news.save.ch\\\/botschaft-zur-meldepflicht-fuer-cyberangriffe-bei-kritischen-infrastrukturen\\\/\"},\"author\":{\"name\":\"Simon Gr\u00f6flin\",\"@id\":\"https:\\\/\\\/news.save.ch\\\/de\\\/#\\\/schema\\\/person\\\/ad4ef21102fd6125312409ac57d5296d\"},\"headline\":\"Botschaft zur Meldepflicht f\u00fcr Cyberangriffe bei kritischen Infrastrukturen\",\"datePublished\":\"2022-12-06T07:43:22+00:00\",\"dateModified\":\"2023-06-16T04:52:47+00:00\",\"mainEntityOfPage\":{\"@id\":\"https:\\\/\\\/news.save.ch\\\/botschaft-zur-meldepflicht-fuer-cyberangriffe-bei-kritischen-infrastrukturen\\\/\"},\"wordCount\":241,\"publisher\":{\"@id\":\"https:\\\/\\\/news.save.ch\\\/de\\\/#organization\"},\"image\":{\"@id\":\"https:\\\/\\\/news.save.ch\\\/botschaft-zur-meldepflicht-fuer-cyberangriffe-bei-kritischen-infrastrukturen\\\/#primaryimage\"},\"thumbnailUrl\":\"https:\\\/\\\/news.save.ch\\\/wp-content\\\/uploads\\\/2022\\\/12\\\/cyber-g01573f8cc_640.jpg\",\"keywords\":[\"Cyberattacken\",\"Cybersicherheit\",\"kritische Infrastrukturen\",\"Meldepflicht\",\"Nationale Zentrum f\u00fcr Cybersicherheit\"],\"articleSection\":[\"ALLGEMEIN\"],\"inLanguage\":\"en-US\"},{\"@type\":\"WebPage\",\"@id\":\"https:\\\/\\\/news.save.ch\\\/botschaft-zur-meldepflicht-fuer-cyberangriffe-bei-kritischen-infrastrukturen\\\/\",\"url\":\"https:\\\/\\\/news.save.ch\\\/botschaft-zur-meldepflicht-fuer-cyberangriffe-bei-kritischen-infrastrukturen\\\/\",\"name\":\"Botschaft zur Meldepflicht f\u00fcr Cyberangriffe bei kritischen Infrastrukturen - Save\",\"isPartOf\":{\"@id\":\"https:\\\/\\\/news.save.ch\\\/de\\\/#website\"},\"primaryImageOfPage\":{\"@id\":\"https:\\\/\\\/news.save.ch\\\/botschaft-zur-meldepflicht-fuer-cyberangriffe-bei-kritischen-infrastrukturen\\\/#primaryimage\"},\"image\":{\"@id\":\"https:\\\/\\\/news.save.ch\\\/botschaft-zur-meldepflicht-fuer-cyberangriffe-bei-kritischen-infrastrukturen\\\/#primaryimage\"},\"thumbnailUrl\":\"https:\\\/\\\/news.save.ch\\\/wp-content\\\/uploads\\\/2022\\\/12\\\/cyber-g01573f8cc_640.jpg\",\"datePublished\":\"2022-12-06T07:43:22+00:00\",\"dateModified\":\"2023-06-16T04:52:47+00:00\",\"description\":\"Der Bundesrat will eine Meldepflicht f\u00fcr Cyberangriffe auf kritische Infrastrukturen einf\u00fchren. Eine neue Botschaft zur \u00c4nderung des Bundesgesetzes \u00fcber die Informationssicherheit wurde beim Bund gutgeheissen und nun mit einer Vorlage verabschiedet.\",\"breadcrumb\":{\"@id\":\"https:\\\/\\\/news.save.ch\\\/botschaft-zur-meldepflicht-fuer-cyberangriffe-bei-kritischen-infrastrukturen\\\/#breadcrumb\"},\"inLanguage\":\"en-US\",\"potentialAction\":[{\"@type\":\"ReadAction\",\"target\":[\"https:\\\/\\\/news.save.ch\\\/botschaft-zur-meldepflicht-fuer-cyberangriffe-bei-kritischen-infrastrukturen\\\/\"]}]},{\"@type\":\"ImageObject\",\"inLanguage\":\"en-US\",\"@id\":\"https:\\\/\\\/news.save.ch\\\/botschaft-zur-meldepflicht-fuer-cyberangriffe-bei-kritischen-infrastrukturen\\\/#primaryimage\",\"url\":\"https:\\\/\\\/news.save.ch\\\/wp-content\\\/uploads\\\/2022\\\/12\\\/cyber-g01573f8cc_640.jpg\",\"contentUrl\":\"https:\\\/\\\/news.save.ch\\\/wp-content\\\/uploads\\\/2022\\\/12\\\/cyber-g01573f8cc_640.jpg\",\"width\":640,\"height\":427},{\"@type\":\"BreadcrumbList\",\"@id\":\"https:\\\/\\\/news.save.ch\\\/botschaft-zur-meldepflicht-fuer-cyberangriffe-bei-kritischen-infrastrukturen\\\/#breadcrumb\",\"itemListElement\":[{\"@type\":\"ListItem\",\"position\":1,\"name\":\"Home\",\"item\":\"https:\\\/\\\/news.save.ch\\\/de\\\/\"},{\"@type\":\"ListItem\",\"position\":2,\"name\":\"Botschaft zur Meldepflicht f\u00fcr Cyberangriffe bei kritischen Infrastrukturen\"}]},{\"@type\":\"WebSite\",\"@id\":\"https:\\\/\\\/news.save.ch\\\/de\\\/#website\",\"url\":\"https:\\\/\\\/news.save.ch\\\/de\\\/\",\"name\":\"Save\",\"description\":\"Schweizer Fachzeitschrift f\u00fcr Sicherheit\",\"publisher\":{\"@id\":\"https:\\\/\\\/news.save.ch\\\/de\\\/#organization\"},\"potentialAction\":[{\"@type\":\"SearchAction\",\"target\":{\"@type\":\"EntryPoint\",\"urlTemplate\":\"https:\\\/\\\/news.save.ch\\\/de\\\/?s={search_term_string}\"},\"query-input\":{\"@type\":\"PropertyValueSpecification\",\"valueRequired\":true,\"valueName\":\"search_term_string\"}}],\"inLanguage\":\"en-US\"},{\"@type\":\"Organization\",\"@id\":\"https:\\\/\\\/news.save.ch\\\/de\\\/#organization\",\"name\":\"Sicherheitsforum\",\"url\":\"https:\\\/\\\/news.save.ch\\\/de\\\/\",\"logo\":{\"@type\":\"ImageObject\",\"inLanguage\":\"en-US\",\"@id\":\"https:\\\/\\\/news.save.ch\\\/de\\\/#\\\/schema\\\/logo\\\/image\\\/\",\"url\":\"https:\\\/\\\/news.save.ch\\\/wp-content\\\/uploads\\\/2022\\\/06\\\/Logo_SF_2012.png\",\"contentUrl\":\"https:\\\/\\\/news.save.ch\\\/wp-content\\\/uploads\\\/2022\\\/06\\\/Logo_SF_2012.png\",\"width\":1100,\"height\":91,\"caption\":\"Sicherheitsforum\"},\"image\":{\"@id\":\"https:\\\/\\\/news.save.ch\\\/de\\\/#\\\/schema\\\/logo\\\/image\\\/\"}},{\"@type\":\"Person\",\"@id\":\"https:\\\/\\\/news.save.ch\\\/de\\\/#\\\/schema\\\/person\\\/ad4ef21102fd6125312409ac57d5296d\",\"name\":\"Simon Gr\u00f6flin\",\"image\":{\"@type\":\"ImageObject\",\"inLanguage\":\"en-US\",\"@id\":\"https:\\\/\\\/secure.gravatar.com\\\/avatar\\\/6ddceb80eb734354635539e0ea5140bb7c41e42de7c45c9a2ab9921b5d5c9a83?s=96&d=mm&r=g\",\"url\":\"https:\\\/\\\/secure.gravatar.com\\\/avatar\\\/6ddceb80eb734354635539e0ea5140bb7c41e42de7c45c9a2ab9921b5d5c9a83?s=96&d=mm&r=g\",\"contentUrl\":\"https:\\\/\\\/secure.gravatar.com\\\/avatar\\\/6ddceb80eb734354635539e0ea5140bb7c41e42de7c45c9a2ab9921b5d5c9a83?s=96&d=mm&r=g\",\"caption\":\"Simon Gr\u00f6flin\"},\"url\":\"https:\\\/\\\/news.save.ch\\\/en\\\/author\\\/simon-groeflin\\\/\"}]}<\/script>\n<!-- \/ Yoast SEO plugin. -->","yoast_head_json":{"title":"Message on mandatory reporting of cyber attacks on critical infrastructure - Save","description":"The Federal Council wants to introduce a reporting obligation for cyber attacks on critical infrastructures. A new dispatch on the amendment of the Federal Information Security Act has been approved at the federal level and has now been passed with a bill.","robots":{"index":"index","follow":"follow","max-snippet":"max-snippet:-1","max-image-preview":"max-image-preview:large","max-video-preview":"max-video-preview:-1"},"canonical":"https:\/\/news.save.ch\/en\/botschaft-zur-meldepflicht-fuer-cyberangriffe-bei-kritischen-infrastrukturen\/","og_locale":"en_US","og_type":"article","og_title":"Botschaft zur Meldepflicht f\u00fcr Cyberangriffe bei kritischen Infrastrukturen - Save","og_description":"Der Bundesrat will eine Meldepflicht f\u00fcr Cyberangriffe auf kritische Infrastrukturen einf\u00fchren. Eine neue Botschaft zur \u00c4nderung des Bundesgesetzes \u00fcber die Informationssicherheit wurde beim Bund gutgeheissen und nun mit einer Vorlage verabschiedet.","og_url":"https:\/\/news.save.ch\/en\/botschaft-zur-meldepflicht-fuer-cyberangriffe-bei-kritischen-infrastrukturen\/","og_site_name":"Save","article_published_time":"2022-12-06T07:43:22+00:00","article_modified_time":"2023-06-16T04:52:47+00:00","og_image":[{"width":640,"height":427,"url":"https:\/\/news.save.ch\/wp-content\/uploads\/2022\/12\/cyber-g01573f8cc_640.jpg","type":"image\/jpeg"}],"author":"Simon Gr\u00f6flin","twitter_card":"summary_large_image","twitter_misc":{"Written by":"Simon Gr\u00f6flin","Est. reading time":"2 minutes"},"schema":{"@context":"https:\/\/schema.org","@graph":[{"@type":"Article","@id":"https:\/\/news.save.ch\/botschaft-zur-meldepflicht-fuer-cyberangriffe-bei-kritischen-infrastrukturen\/#article","isPartOf":{"@id":"https:\/\/news.save.ch\/botschaft-zur-meldepflicht-fuer-cyberangriffe-bei-kritischen-infrastrukturen\/"},"author":{"name":"Simon Gr\u00f6flin","@id":"https:\/\/news.save.ch\/de\/#\/schema\/person\/ad4ef21102fd6125312409ac57d5296d"},"headline":"Botschaft zur Meldepflicht f\u00fcr Cyberangriffe bei kritischen Infrastrukturen","datePublished":"2022-12-06T07:43:22+00:00","dateModified":"2023-06-16T04:52:47+00:00","mainEntityOfPage":{"@id":"https:\/\/news.save.ch\/botschaft-zur-meldepflicht-fuer-cyberangriffe-bei-kritischen-infrastrukturen\/"},"wordCount":241,"publisher":{"@id":"https:\/\/news.save.ch\/de\/#organization"},"image":{"@id":"https:\/\/news.save.ch\/botschaft-zur-meldepflicht-fuer-cyberangriffe-bei-kritischen-infrastrukturen\/#primaryimage"},"thumbnailUrl":"https:\/\/news.save.ch\/wp-content\/uploads\/2022\/12\/cyber-g01573f8cc_640.jpg","keywords":["Cyberattacken","Cybersicherheit","kritische Infrastrukturen","Meldepflicht","Nationale Zentrum f\u00fcr Cybersicherheit"],"articleSection":["ALLGEMEIN"],"inLanguage":"en-US"},{"@type":"WebPage","@id":"https:\/\/news.save.ch\/botschaft-zur-meldepflicht-fuer-cyberangriffe-bei-kritischen-infrastrukturen\/","url":"https:\/\/news.save.ch\/botschaft-zur-meldepflicht-fuer-cyberangriffe-bei-kritischen-infrastrukturen\/","name":"Message on mandatory reporting of cyber attacks on critical infrastructure - Save","isPartOf":{"@id":"https:\/\/news.save.ch\/de\/#website"},"primaryImageOfPage":{"@id":"https:\/\/news.save.ch\/botschaft-zur-meldepflicht-fuer-cyberangriffe-bei-kritischen-infrastrukturen\/#primaryimage"},"image":{"@id":"https:\/\/news.save.ch\/botschaft-zur-meldepflicht-fuer-cyberangriffe-bei-kritischen-infrastrukturen\/#primaryimage"},"thumbnailUrl":"https:\/\/news.save.ch\/wp-content\/uploads\/2022\/12\/cyber-g01573f8cc_640.jpg","datePublished":"2022-12-06T07:43:22+00:00","dateModified":"2023-06-16T04:52:47+00:00","description":"The Federal Council wants to introduce a reporting obligation for cyber attacks on critical infrastructures. A new dispatch on the amendment of the Federal Information Security Act has been approved at the federal level and has now been passed with a bill.","breadcrumb":{"@id":"https:\/\/news.save.ch\/botschaft-zur-meldepflicht-fuer-cyberangriffe-bei-kritischen-infrastrukturen\/#breadcrumb"},"inLanguage":"en-US","potentialAction":[{"@type":"ReadAction","target":["https:\/\/news.save.ch\/botschaft-zur-meldepflicht-fuer-cyberangriffe-bei-kritischen-infrastrukturen\/"]}]},{"@type":"ImageObject","inLanguage":"en-US","@id":"https:\/\/news.save.ch\/botschaft-zur-meldepflicht-fuer-cyberangriffe-bei-kritischen-infrastrukturen\/#primaryimage","url":"https:\/\/news.save.ch\/wp-content\/uploads\/2022\/12\/cyber-g01573f8cc_640.jpg","contentUrl":"https:\/\/news.save.ch\/wp-content\/uploads\/2022\/12\/cyber-g01573f8cc_640.jpg","width":640,"height":427},{"@type":"BreadcrumbList","@id":"https:\/\/news.save.ch\/botschaft-zur-meldepflicht-fuer-cyberangriffe-bei-kritischen-infrastrukturen\/#breadcrumb","itemListElement":[{"@type":"ListItem","position":1,"name":"Home","item":"https:\/\/news.save.ch\/de\/"},{"@type":"ListItem","position":2,"name":"Botschaft zur Meldepflicht f\u00fcr Cyberangriffe bei kritischen Infrastrukturen"}]},{"@type":"WebSite","@id":"https:\/\/news.save.ch\/de\/#website","url":"https:\/\/news.save.ch\/de\/","name":"Save","description":"Swiss trade journal for safety","publisher":{"@id":"https:\/\/news.save.ch\/de\/#organization"},"potentialAction":[{"@type":"SearchAction","target":{"@type":"EntryPoint","urlTemplate":"https:\/\/news.save.ch\/de\/?s={search_term_string}"},"query-input":{"@type":"PropertyValueSpecification","valueRequired":true,"valueName":"search_term_string"}}],"inLanguage":"en-US"},{"@type":"Organization","@id":"https:\/\/news.save.ch\/de\/#organization","name":"Security Forum","url":"https:\/\/news.save.ch\/de\/","logo":{"@type":"ImageObject","inLanguage":"en-US","@id":"https:\/\/news.save.ch\/de\/#\/schema\/logo\/image\/","url":"https:\/\/news.save.ch\/wp-content\/uploads\/2022\/06\/Logo_SF_2012.png","contentUrl":"https:\/\/news.save.ch\/wp-content\/uploads\/2022\/06\/Logo_SF_2012.png","width":1100,"height":91,"caption":"Sicherheitsforum"},"image":{"@id":"https:\/\/news.save.ch\/de\/#\/schema\/logo\/image\/"}},{"@type":"Person","@id":"https:\/\/news.save.ch\/de\/#\/schema\/person\/ad4ef21102fd6125312409ac57d5296d","name":"Simon Gr\u00f6flin","image":{"@type":"ImageObject","inLanguage":"en-US","@id":"https:\/\/secure.gravatar.com\/avatar\/6ddceb80eb734354635539e0ea5140bb7c41e42de7c45c9a2ab9921b5d5c9a83?s=96&d=mm&r=g","url":"https:\/\/secure.gravatar.com\/avatar\/6ddceb80eb734354635539e0ea5140bb7c41e42de7c45c9a2ab9921b5d5c9a83?s=96&d=mm&r=g","contentUrl":"https:\/\/secure.gravatar.com\/avatar\/6ddceb80eb734354635539e0ea5140bb7c41e42de7c45c9a2ab9921b5d5c9a83?s=96&d=mm&r=g","caption":"Simon Gr\u00f6flin"},"url":"https:\/\/news.save.ch\/en\/author\/simon-groeflin\/"}]}},"_links":{"self":[{"href":"https:\/\/news.save.ch\/en\/wp-json\/wp\/v2\/posts\/15447","targetHints":{"allow":["GET"]}}],"collection":[{"href":"https:\/\/news.save.ch\/en\/wp-json\/wp\/v2\/posts"}],"about":[{"href":"https:\/\/news.save.ch\/en\/wp-json\/wp\/v2\/types\/post"}],"author":[{"embeddable":true,"href":"https:\/\/news.save.ch\/en\/wp-json\/wp\/v2\/users\/9"}],"replies":[{"embeddable":true,"href":"https:\/\/news.save.ch\/en\/wp-json\/wp\/v2\/comments?post=15447"}],"version-history":[{"count":10,"href":"https:\/\/news.save.ch\/en\/wp-json\/wp\/v2\/posts\/15447\/revisions"}],"predecessor-version":[{"id":20014,"href":"https:\/\/news.save.ch\/en\/wp-json\/wp\/v2\/posts\/15447\/revisions\/20014"}],"wp:featuredmedia":[{"embeddable":true,"href":"https:\/\/news.save.ch\/en\/wp-json\/wp\/v2\/media\/15449"}],"wp:attachment":[{"href":"https:\/\/news.save.ch\/en\/wp-json\/wp\/v2\/media?parent=15447"}],"wp:term":[{"taxonomy":"category","embeddable":true,"href":"https:\/\/news.save.ch\/en\/wp-json\/wp\/v2\/categories?post=15447"},{"taxonomy":"post_tag","embeddable":true,"href":"https:\/\/news.save.ch\/en\/wp-json\/wp\/v2\/tags?post=15447"}],"curies":[{"name":"wp","href":"https:\/\/api.w.org\/{rel}","templated":true}]}}