{"id":15681,"date":"2023-01-23T08:29:44","date_gmt":"2023-01-23T07:29:44","guid":{"rendered":"https:\/\/news.save.ch\/?p=15681"},"modified":"2023-07-26T06:08:33","modified_gmt":"2023-07-26T04:08:33","slug":"sirenen-und-alertswiss-werden-am-1-februar-2023-getestet","status":null,"type":"post","link":"https:\/\/news.save.ch\/en\/sirenen-und-alertswiss-werden-am-1-februar-2023-getestet\/","title":{"rendered":"Sirens and Alertswiss to be tested on February 1, 2023"},"content":{"rendered":"<figure id=\"attachment_15683\" aria-describedby=\"caption-attachment-15683\" style=\"width: 680px\" class=\"wp-caption alignnone\"><img loading=\"lazy\" decoding=\"async\" class=\"wp-image-15683 size-medium\" src=\"https:\/\/news.save.ch\/wp-content\/uploads\/2023\/01\/Depositphotos_295243016_S-680x523.jpg\" alt=\"Sirens and Alertswiss\" width=\"680\" height=\"523\" srcset=\"https:\/\/news.save.ch\/wp-content\/uploads\/2023\/01\/Depositphotos_295243016_S-680x523.jpg 680w, https:\/\/news.save.ch\/wp-content\/uploads\/2023\/01\/Depositphotos_295243016_S-768x591.jpg 768w, https:\/\/news.save.ch\/wp-content\/uploads\/2023\/01\/Depositphotos_295243016_S-16x12.jpg 16w, https:\/\/news.save.ch\/wp-content\/uploads\/2023\/01\/Depositphotos_295243016_S-375x288.jpg 375w, https:\/\/news.save.ch\/wp-content\/uploads\/2023\/01\/Depositphotos_295243016_S-455x350.jpg 455w, https:\/\/news.save.ch\/wp-content\/uploads\/2023\/01\/Depositphotos_295243016_S.jpg 1000w\" sizes=\"auto, (max-width: 680px) 100vw, 680px\" \/><figcaption id=\"caption-attachment-15683\" class=\"wp-caption-text\">Image: depositphotos<\/figcaption><\/figure>\n<p>On the first Wednesday of each February, the functional readiness of sirens is tested throughout Switzerland - both the General Alarm and the Water Alarm sirens. This year, the siren test will be triggered on February 1. The population does not have to take any measures.<\/p>\n<h3>Information to protection seekers from Ukraine<\/h3>\n<p>This year there is an increased risk that the siren test will cause uncertainty and fear among those seeking protection from Ukraine. For this reason, the Federal Office for Civil Protection has provided the cantons with information on the siren alert in Ukrainian so that they can inform the people concerned.<\/p>\n<p>The sirens will sound the general alarm at 13:30, a regular ascending and descending wail lasting one minute. If necessary, the siren test can be continued until 14:00.<\/p>\n<h3>Parallel test for Alertswiss<\/h3>\n<p>In the near zones below dams, the water alarm is tested from 14:00 until 16:30 at the latest. The signal consists of twelve low continuous tones of 20 seconds each at intervals of ten seconds.<\/p>\n<p>With Alertswiss Web and App, the FOCP has expanded its range of tools in the area of incident communication. In parallel with the triggering of the general siren alarm, an information message will also be triggered on cell phones via the Alertswiss app on 1 February 2023.<\/p>\n<p>Further advice and recommendations on how to behave can be found on the FOCP website, on the Alertswiss website and in the teletext of the SRG broadcasters, pages 680 and 681.<\/p>\n<p><em>Source: FOCP - Federal Office for Civil Protection<\/em><\/p>","protected":false},"excerpt":{"rendered":"<p>Jeweils am ersten Mittwoch des Monats Februar wird in der ganzen Schweiz die Funktionsbereitschaft der Sirenen getestet \u2013 sowohl die Sirenen des Allgemeinen Alarms wie auch des Wasseralarms. Dieses Jahr wird der Sirenentest am 1. Februar ausgel\u00f6st. Die Bev\u00f6lkerung muss keine Massnahmen ergreifen. Information an Schutzsuchende aus der Ukraine Dieses Jahr besteht ein erh\u00f6htes Risiko, [&hellip;]<\/p>\n","protected":false},"author":9,"featured_media":15683,"comment_status":"closed","ping_status":"closed","sticky":false,"template":"","format":"standard","meta":{"_acf_changed":false,"pgc_sgb_lightbox_settings":"","footnotes":""},"categories":[1],"tags":[663,666,1557,6131,75,1389,3576,665],"class_list":["post-15681","post","type-post","status-publish","format-standard","has-post-thumbnail","hentry","category-allgemein","tag-alertswiss","tag-allgemeiner-alarm","tag-babs-bundesamt-fuer-bevoelkerungsschutz","tag-schutzsuchende","tag-sirenentest","tag-ukraine","tag-verhaltensempfehlungen","tag-wasseralarm"],"acf":[],"hkrextid":null,"publication":null,"issue":null,"workflow":null,"startPage":null,"spitzmarke":null,"_posts_by_tag_page_fields":null,"_at_widget":null,"_yoast_wpseo_primary_category":"","_yoast_wpseo_focuskw_text_input":null,"_yoast_wpseo_opengraph-image":null,"_yoast_wpseo_opengraph-description":null,"_yoast_wpseo_opengraph-title":null,"enclosure":null,"_yoast_wpseo_twitter-title":null,"_yoast_wpseo_twitter-description":null,"_yoast_wpseo_twitter-image":null,"_wp_old_slug":null,"_yoast_wpseo_title":null,"_yoast_wpseo_canonical":null,"yoast_head":"<!-- This site is optimized with the Yoast SEO plugin v27.5 - https:\/\/yoast.com\/product\/yoast-seo-wordpress\/ -->\n<title>Sirenen und Alertswiss werden am 1. Februar 2023 getestet - Save<\/title>\n<meta name=\"description\" content=\"Die Sirenen m\u00fcssen periodisch \u00fcberpr\u00fcft werden, denn im Ereignisfall k\u00f6nnen sie nur zuverl\u00e4ssig alarmieren, wenn sie auch richtig funktionieren. Die Zahl der Alertswiss-Nutzerinnen und \u2013Nutzer betr\u00e4gt derzeit rund 1,8 Millionen, das entspricht ca. 20 Prozent der Bev\u00f6lkerung der Schweiz.\" \/>\n<meta name=\"robots\" content=\"index, follow, max-snippet:-1, max-image-preview:large, max-video-preview:-1\" \/>\n<link rel=\"canonical\" href=\"https:\/\/news.save.ch\/en\/sirenen-und-alertswiss-werden-am-1-februar-2023-getestet\/\" \/>\n<meta property=\"og:locale\" content=\"en_US\" \/>\n<meta property=\"og:type\" content=\"article\" \/>\n<meta property=\"og:title\" content=\"Sirenen und Alertswiss werden am 1. Februar 2023 getestet - Save\" \/>\n<meta property=\"og:description\" content=\"Die Sirenen m\u00fcssen periodisch \u00fcberpr\u00fcft werden, denn im Ereignisfall k\u00f6nnen sie nur zuverl\u00e4ssig alarmieren, wenn sie auch richtig funktionieren. Die Zahl der Alertswiss-Nutzerinnen und \u2013Nutzer betr\u00e4gt derzeit rund 1,8 Millionen, das entspricht ca. 20 Prozent der Bev\u00f6lkerung der Schweiz.\" \/>\n<meta property=\"og:url\" content=\"https:\/\/news.save.ch\/en\/sirenen-und-alertswiss-werden-am-1-februar-2023-getestet\/\" \/>\n<meta property=\"og:site_name\" content=\"Save\" \/>\n<meta property=\"article:published_time\" content=\"2023-01-23T07:29:44+00:00\" \/>\n<meta property=\"article:modified_time\" content=\"2023-07-26T04:08:33+00:00\" \/>\n<meta property=\"og:image\" content=\"https:\/\/news.save.ch\/wp-content\/uploads\/2023\/01\/Depositphotos_295243016_S.jpg\" \/>\n\t<meta property=\"og:image:width\" content=\"1000\" \/>\n\t<meta property=\"og:image:height\" content=\"769\" \/>\n\t<meta property=\"og:image:type\" content=\"image\/jpeg\" \/>\n<meta name=\"author\" content=\"Simon Gr\u00f6flin\" \/>\n<meta name=\"twitter:card\" content=\"summary_large_image\" \/>\n<meta name=\"twitter:label1\" content=\"Written by\" \/>\n\t<meta name=\"twitter:data1\" content=\"Simon Gr\u00f6flin\" \/>\n\t<meta name=\"twitter:label2\" content=\"Est. reading time\" \/>\n\t<meta name=\"twitter:data2\" content=\"2 minutes\" \/>\n<script type=\"application\/ld+json\" class=\"yoast-schema-graph\">{\"@context\":\"https:\\\/\\\/schema.org\",\"@graph\":[{\"@type\":\"Article\",\"@id\":\"https:\\\/\\\/news.save.ch\\\/sirenen-und-alertswiss-werden-am-1-februar-2023-getestet\\\/#article\",\"isPartOf\":{\"@id\":\"https:\\\/\\\/news.save.ch\\\/sirenen-und-alertswiss-werden-am-1-februar-2023-getestet\\\/\"},\"author\":{\"name\":\"Simon Gr\u00f6flin\",\"@id\":\"https:\\\/\\\/news.save.ch\\\/de\\\/#\\\/schema\\\/person\\\/ad4ef21102fd6125312409ac57d5296d\"},\"headline\":\"Sirenen und Alertswiss werden am 1. Februar 2023 getestet\",\"datePublished\":\"2023-01-23T07:29:44+00:00\",\"dateModified\":\"2023-07-26T04:08:33+00:00\",\"mainEntityOfPage\":{\"@id\":\"https:\\\/\\\/news.save.ch\\\/sirenen-und-alertswiss-werden-am-1-februar-2023-getestet\\\/\"},\"wordCount\":252,\"publisher\":{\"@id\":\"https:\\\/\\\/news.save.ch\\\/de\\\/#organization\"},\"image\":{\"@id\":\"https:\\\/\\\/news.save.ch\\\/sirenen-und-alertswiss-werden-am-1-februar-2023-getestet\\\/#primaryimage\"},\"thumbnailUrl\":\"https:\\\/\\\/news.save.ch\\\/wp-content\\\/uploads\\\/2023\\\/01\\\/Depositphotos_295243016_S.jpg\",\"keywords\":[\"Alertswiss\",\"allgemeiner Alarm\",\"BABS - Bundesamt f\u00fcr Bev\u00f6lkerungsschutz\",\"Schutzsuchende\",\"Sirenentest\",\"Ukraine\",\"Verhaltensempfehlungen\",\"Wasseralarm\"],\"articleSection\":[\"ALLGEMEIN\"],\"inLanguage\":\"en-US\"},{\"@type\":\"WebPage\",\"@id\":\"https:\\\/\\\/news.save.ch\\\/sirenen-und-alertswiss-werden-am-1-februar-2023-getestet\\\/\",\"url\":\"https:\\\/\\\/news.save.ch\\\/sirenen-und-alertswiss-werden-am-1-februar-2023-getestet\\\/\",\"name\":\"Sirenen und Alertswiss werden am 1. Februar 2023 getestet - Save\",\"isPartOf\":{\"@id\":\"https:\\\/\\\/news.save.ch\\\/de\\\/#website\"},\"primaryImageOfPage\":{\"@id\":\"https:\\\/\\\/news.save.ch\\\/sirenen-und-alertswiss-werden-am-1-februar-2023-getestet\\\/#primaryimage\"},\"image\":{\"@id\":\"https:\\\/\\\/news.save.ch\\\/sirenen-und-alertswiss-werden-am-1-februar-2023-getestet\\\/#primaryimage\"},\"thumbnailUrl\":\"https:\\\/\\\/news.save.ch\\\/wp-content\\\/uploads\\\/2023\\\/01\\\/Depositphotos_295243016_S.jpg\",\"datePublished\":\"2023-01-23T07:29:44+00:00\",\"dateModified\":\"2023-07-26T04:08:33+00:00\",\"description\":\"Die Sirenen m\u00fcssen periodisch \u00fcberpr\u00fcft werden, denn im Ereignisfall k\u00f6nnen sie nur zuverl\u00e4ssig alarmieren, wenn sie auch richtig funktionieren. Die Zahl der Alertswiss-Nutzerinnen und \u2013Nutzer betr\u00e4gt derzeit rund 1,8 Millionen, das entspricht ca. 20 Prozent der Bev\u00f6lkerung der Schweiz.\",\"breadcrumb\":{\"@id\":\"https:\\\/\\\/news.save.ch\\\/sirenen-und-alertswiss-werden-am-1-februar-2023-getestet\\\/#breadcrumb\"},\"inLanguage\":\"en-US\",\"potentialAction\":[{\"@type\":\"ReadAction\",\"target\":[\"https:\\\/\\\/news.save.ch\\\/sirenen-und-alertswiss-werden-am-1-februar-2023-getestet\\\/\"]}]},{\"@type\":\"ImageObject\",\"inLanguage\":\"en-US\",\"@id\":\"https:\\\/\\\/news.save.ch\\\/sirenen-und-alertswiss-werden-am-1-februar-2023-getestet\\\/#primaryimage\",\"url\":\"https:\\\/\\\/news.save.ch\\\/wp-content\\\/uploads\\\/2023\\\/01\\\/Depositphotos_295243016_S.jpg\",\"contentUrl\":\"https:\\\/\\\/news.save.ch\\\/wp-content\\\/uploads\\\/2023\\\/01\\\/Depositphotos_295243016_S.jpg\",\"width\":1000,\"height\":769,\"caption\":\"SONY DSC\"},{\"@type\":\"BreadcrumbList\",\"@id\":\"https:\\\/\\\/news.save.ch\\\/sirenen-und-alertswiss-werden-am-1-februar-2023-getestet\\\/#breadcrumb\",\"itemListElement\":[{\"@type\":\"ListItem\",\"position\":1,\"name\":\"Home\",\"item\":\"https:\\\/\\\/news.save.ch\\\/de\\\/\"},{\"@type\":\"ListItem\",\"position\":2,\"name\":\"Sirenen und Alertswiss werden am 1. Februar 2023 getestet\"}]},{\"@type\":\"WebSite\",\"@id\":\"https:\\\/\\\/news.save.ch\\\/de\\\/#website\",\"url\":\"https:\\\/\\\/news.save.ch\\\/de\\\/\",\"name\":\"Save\",\"description\":\"Schweizer Fachzeitschrift f\u00fcr Sicherheit\",\"publisher\":{\"@id\":\"https:\\\/\\\/news.save.ch\\\/de\\\/#organization\"},\"potentialAction\":[{\"@type\":\"SearchAction\",\"target\":{\"@type\":\"EntryPoint\",\"urlTemplate\":\"https:\\\/\\\/news.save.ch\\\/de\\\/?s={search_term_string}\"},\"query-input\":{\"@type\":\"PropertyValueSpecification\",\"valueRequired\":true,\"valueName\":\"search_term_string\"}}],\"inLanguage\":\"en-US\"},{\"@type\":\"Organization\",\"@id\":\"https:\\\/\\\/news.save.ch\\\/de\\\/#organization\",\"name\":\"Sicherheitsforum\",\"url\":\"https:\\\/\\\/news.save.ch\\\/de\\\/\",\"logo\":{\"@type\":\"ImageObject\",\"inLanguage\":\"en-US\",\"@id\":\"https:\\\/\\\/news.save.ch\\\/de\\\/#\\\/schema\\\/logo\\\/image\\\/\",\"url\":\"https:\\\/\\\/news.save.ch\\\/wp-content\\\/uploads\\\/2022\\\/06\\\/Logo_SF_2012.png\",\"contentUrl\":\"https:\\\/\\\/news.save.ch\\\/wp-content\\\/uploads\\\/2022\\\/06\\\/Logo_SF_2012.png\",\"width\":1100,\"height\":91,\"caption\":\"Sicherheitsforum\"},\"image\":{\"@id\":\"https:\\\/\\\/news.save.ch\\\/de\\\/#\\\/schema\\\/logo\\\/image\\\/\"}},{\"@type\":\"Person\",\"@id\":\"https:\\\/\\\/news.save.ch\\\/de\\\/#\\\/schema\\\/person\\\/ad4ef21102fd6125312409ac57d5296d\",\"name\":\"Simon Gr\u00f6flin\",\"image\":{\"@type\":\"ImageObject\",\"inLanguage\":\"en-US\",\"@id\":\"https:\\\/\\\/secure.gravatar.com\\\/avatar\\\/6ddceb80eb734354635539e0ea5140bb7c41e42de7c45c9a2ab9921b5d5c9a83?s=96&d=mm&r=g\",\"url\":\"https:\\\/\\\/secure.gravatar.com\\\/avatar\\\/6ddceb80eb734354635539e0ea5140bb7c41e42de7c45c9a2ab9921b5d5c9a83?s=96&d=mm&r=g\",\"contentUrl\":\"https:\\\/\\\/secure.gravatar.com\\\/avatar\\\/6ddceb80eb734354635539e0ea5140bb7c41e42de7c45c9a2ab9921b5d5c9a83?s=96&d=mm&r=g\",\"caption\":\"Simon Gr\u00f6flin\"},\"url\":\"https:\\\/\\\/news.save.ch\\\/en\\\/author\\\/simon-groeflin\\\/\"}]}<\/script>\n<!-- \/ Yoast SEO plugin. -->","yoast_head_json":{"title":"Sirens and Alertswiss to be tested on February 1, 2023 - Save","description":"The sirens must be checked periodically, because in the event of an incident they can only sound the alarm reliably if they are working properly. The number of Alertswiss users is currently around 1.8 million, which corresponds to around 20 percent of the population of Switzerland.","robots":{"index":"index","follow":"follow","max-snippet":"max-snippet:-1","max-image-preview":"max-image-preview:large","max-video-preview":"max-video-preview:-1"},"canonical":"https:\/\/news.save.ch\/en\/sirenen-und-alertswiss-werden-am-1-februar-2023-getestet\/","og_locale":"en_US","og_type":"article","og_title":"Sirenen und Alertswiss werden am 1. Februar 2023 getestet - Save","og_description":"Die Sirenen m\u00fcssen periodisch \u00fcberpr\u00fcft werden, denn im Ereignisfall k\u00f6nnen sie nur zuverl\u00e4ssig alarmieren, wenn sie auch richtig funktionieren. Die Zahl der Alertswiss-Nutzerinnen und \u2013Nutzer betr\u00e4gt derzeit rund 1,8 Millionen, das entspricht ca. 20 Prozent der Bev\u00f6lkerung der Schweiz.","og_url":"https:\/\/news.save.ch\/en\/sirenen-und-alertswiss-werden-am-1-februar-2023-getestet\/","og_site_name":"Save","article_published_time":"2023-01-23T07:29:44+00:00","article_modified_time":"2023-07-26T04:08:33+00:00","og_image":[{"width":1000,"height":769,"url":"https:\/\/news.save.ch\/wp-content\/uploads\/2023\/01\/Depositphotos_295243016_S.jpg","type":"image\/jpeg"}],"author":"Simon Gr\u00f6flin","twitter_card":"summary_large_image","twitter_misc":{"Written by":"Simon Gr\u00f6flin","Est. reading time":"2 minutes"},"schema":{"@context":"https:\/\/schema.org","@graph":[{"@type":"Article","@id":"https:\/\/news.save.ch\/sirenen-und-alertswiss-werden-am-1-februar-2023-getestet\/#article","isPartOf":{"@id":"https:\/\/news.save.ch\/sirenen-und-alertswiss-werden-am-1-februar-2023-getestet\/"},"author":{"name":"Simon Gr\u00f6flin","@id":"https:\/\/news.save.ch\/de\/#\/schema\/person\/ad4ef21102fd6125312409ac57d5296d"},"headline":"Sirenen und Alertswiss werden am 1. Februar 2023 getestet","datePublished":"2023-01-23T07:29:44+00:00","dateModified":"2023-07-26T04:08:33+00:00","mainEntityOfPage":{"@id":"https:\/\/news.save.ch\/sirenen-und-alertswiss-werden-am-1-februar-2023-getestet\/"},"wordCount":252,"publisher":{"@id":"https:\/\/news.save.ch\/de\/#organization"},"image":{"@id":"https:\/\/news.save.ch\/sirenen-und-alertswiss-werden-am-1-februar-2023-getestet\/#primaryimage"},"thumbnailUrl":"https:\/\/news.save.ch\/wp-content\/uploads\/2023\/01\/Depositphotos_295243016_S.jpg","keywords":["Alertswiss","allgemeiner Alarm","BABS - Bundesamt f\u00fcr Bev\u00f6lkerungsschutz","Schutzsuchende","Sirenentest","Ukraine","Verhaltensempfehlungen","Wasseralarm"],"articleSection":["ALLGEMEIN"],"inLanguage":"en-US"},{"@type":"WebPage","@id":"https:\/\/news.save.ch\/sirenen-und-alertswiss-werden-am-1-februar-2023-getestet\/","url":"https:\/\/news.save.ch\/sirenen-und-alertswiss-werden-am-1-februar-2023-getestet\/","name":"Sirens and Alertswiss to be tested on February 1, 2023 - Save","isPartOf":{"@id":"https:\/\/news.save.ch\/de\/#website"},"primaryImageOfPage":{"@id":"https:\/\/news.save.ch\/sirenen-und-alertswiss-werden-am-1-februar-2023-getestet\/#primaryimage"},"image":{"@id":"https:\/\/news.save.ch\/sirenen-und-alertswiss-werden-am-1-februar-2023-getestet\/#primaryimage"},"thumbnailUrl":"https:\/\/news.save.ch\/wp-content\/uploads\/2023\/01\/Depositphotos_295243016_S.jpg","datePublished":"2023-01-23T07:29:44+00:00","dateModified":"2023-07-26T04:08:33+00:00","description":"The sirens must be checked periodically, because in the event of an incident they can only sound the alarm reliably if they are working properly. The number of Alertswiss users is currently around 1.8 million, which corresponds to around 20 percent of the population of Switzerland.","breadcrumb":{"@id":"https:\/\/news.save.ch\/sirenen-und-alertswiss-werden-am-1-februar-2023-getestet\/#breadcrumb"},"inLanguage":"en-US","potentialAction":[{"@type":"ReadAction","target":["https:\/\/news.save.ch\/sirenen-und-alertswiss-werden-am-1-februar-2023-getestet\/"]}]},{"@type":"ImageObject","inLanguage":"en-US","@id":"https:\/\/news.save.ch\/sirenen-und-alertswiss-werden-am-1-februar-2023-getestet\/#primaryimage","url":"https:\/\/news.save.ch\/wp-content\/uploads\/2023\/01\/Depositphotos_295243016_S.jpg","contentUrl":"https:\/\/news.save.ch\/wp-content\/uploads\/2023\/01\/Depositphotos_295243016_S.jpg","width":1000,"height":769,"caption":"SONY DSC"},{"@type":"BreadcrumbList","@id":"https:\/\/news.save.ch\/sirenen-und-alertswiss-werden-am-1-februar-2023-getestet\/#breadcrumb","itemListElement":[{"@type":"ListItem","position":1,"name":"Home","item":"https:\/\/news.save.ch\/de\/"},{"@type":"ListItem","position":2,"name":"Sirenen und Alertswiss werden am 1. Februar 2023 getestet"}]},{"@type":"WebSite","@id":"https:\/\/news.save.ch\/de\/#website","url":"https:\/\/news.save.ch\/de\/","name":"Save","description":"Swiss trade journal for safety","publisher":{"@id":"https:\/\/news.save.ch\/de\/#organization"},"potentialAction":[{"@type":"SearchAction","target":{"@type":"EntryPoint","urlTemplate":"https:\/\/news.save.ch\/de\/?s={search_term_string}"},"query-input":{"@type":"PropertyValueSpecification","valueRequired":true,"valueName":"search_term_string"}}],"inLanguage":"en-US"},{"@type":"Organization","@id":"https:\/\/news.save.ch\/de\/#organization","name":"Security Forum","url":"https:\/\/news.save.ch\/de\/","logo":{"@type":"ImageObject","inLanguage":"en-US","@id":"https:\/\/news.save.ch\/de\/#\/schema\/logo\/image\/","url":"https:\/\/news.save.ch\/wp-content\/uploads\/2022\/06\/Logo_SF_2012.png","contentUrl":"https:\/\/news.save.ch\/wp-content\/uploads\/2022\/06\/Logo_SF_2012.png","width":1100,"height":91,"caption":"Sicherheitsforum"},"image":{"@id":"https:\/\/news.save.ch\/de\/#\/schema\/logo\/image\/"}},{"@type":"Person","@id":"https:\/\/news.save.ch\/de\/#\/schema\/person\/ad4ef21102fd6125312409ac57d5296d","name":"Simon Gr\u00f6flin","image":{"@type":"ImageObject","inLanguage":"en-US","@id":"https:\/\/secure.gravatar.com\/avatar\/6ddceb80eb734354635539e0ea5140bb7c41e42de7c45c9a2ab9921b5d5c9a83?s=96&d=mm&r=g","url":"https:\/\/secure.gravatar.com\/avatar\/6ddceb80eb734354635539e0ea5140bb7c41e42de7c45c9a2ab9921b5d5c9a83?s=96&d=mm&r=g","contentUrl":"https:\/\/secure.gravatar.com\/avatar\/6ddceb80eb734354635539e0ea5140bb7c41e42de7c45c9a2ab9921b5d5c9a83?s=96&d=mm&r=g","caption":"Simon Gr\u00f6flin"},"url":"https:\/\/news.save.ch\/en\/author\/simon-groeflin\/"}]}},"_links":{"self":[{"href":"https:\/\/news.save.ch\/en\/wp-json\/wp\/v2\/posts\/15681","targetHints":{"allow":["GET"]}}],"collection":[{"href":"https:\/\/news.save.ch\/en\/wp-json\/wp\/v2\/posts"}],"about":[{"href":"https:\/\/news.save.ch\/en\/wp-json\/wp\/v2\/types\/post"}],"author":[{"embeddable":true,"href":"https:\/\/news.save.ch\/en\/wp-json\/wp\/v2\/users\/9"}],"replies":[{"embeddable":true,"href":"https:\/\/news.save.ch\/en\/wp-json\/wp\/v2\/comments?post=15681"}],"version-history":[{"count":5,"href":"https:\/\/news.save.ch\/en\/wp-json\/wp\/v2\/posts\/15681\/revisions"}],"predecessor-version":[{"id":19626,"href":"https:\/\/news.save.ch\/en\/wp-json\/wp\/v2\/posts\/15681\/revisions\/19626"}],"wp:featuredmedia":[{"embeddable":true,"href":"https:\/\/news.save.ch\/en\/wp-json\/wp\/v2\/media\/15683"}],"wp:attachment":[{"href":"https:\/\/news.save.ch\/en\/wp-json\/wp\/v2\/media?parent=15681"}],"wp:term":[{"taxonomy":"category","embeddable":true,"href":"https:\/\/news.save.ch\/en\/wp-json\/wp\/v2\/categories?post=15681"},{"taxonomy":"post_tag","embeddable":true,"href":"https:\/\/news.save.ch\/en\/wp-json\/wp\/v2\/tags?post=15681"}],"curies":[{"name":"wp","href":"https:\/\/api.w.org\/{rel}","templated":true}]}}