{"id":15726,"date":"2023-01-31T07:52:35","date_gmt":"2023-01-31T06:52:35","guid":{"rendered":"https:\/\/news.save.ch\/?p=15726"},"modified":"2023-07-26T08:02:01","modified_gmt":"2023-07-26T06:02:01","slug":"hochschulen-und-forschungs-intitute-im-visier","status":null,"type":"post","link":"https:\/\/news.save.ch\/en\/hochschulen-und-forschungs-intitute-im-visier\/","title":{"rendered":"Universities and research institutes targeted"},"content":{"rendered":"<figure id=\"attachment_15728\" aria-describedby=\"caption-attachment-15728\" style=\"width: 640px\" class=\"wp-caption alignnone\"><img loading=\"lazy\" decoding=\"async\" class=\"wp-image-15728 size-full\" src=\"https:\/\/news.save.ch\/wp-content\/uploads\/2023\/01\/university-gcf72ecfdf_640.jpg\" alt=\"Sensitization program Prophylax\" width=\"640\" height=\"427\" srcset=\"https:\/\/news.save.ch\/wp-content\/uploads\/2023\/01\/university-gcf72ecfdf_640.jpg 640w, https:\/\/news.save.ch\/wp-content\/uploads\/2023\/01\/university-gcf72ecfdf_640-18x12.jpg 18w, https:\/\/news.save.ch\/wp-content\/uploads\/2023\/01\/university-gcf72ecfdf_640-375x250.jpg 375w, https:\/\/news.save.ch\/wp-content\/uploads\/2023\/01\/university-gcf72ecfdf_640-525x350.jpg 525w\" sizes=\"auto, (max-width: 640px) 100vw, 640px\" \/><figcaption id=\"caption-attachment-15728\" class=\"wp-caption-text\">Image: Pixabay<\/figcaption><\/figure>\n<p>Despite publicly available research results, universities and research institutes are threatened by espionage. Since 2004, the Federal Intelligence Service (FIS) has been running the Prophylax awareness program, which draws the attention of companies, business organizations and research institutions to the threats posed by proliferation and espionage.<\/p>\n<p>The program is aimed at members of universities, colleges and research institutes and shows why they can be an interesting target for foreign intelligence services. The brochure (<a href=\"https:\/\/www.newsd.admin.ch\/newsd\/message\/attachments\/75208.pdf\" target=\"_blank\" rel=\"noopener\">PDF<\/a>) includes espionage examples and a catalog of concrete security measures.<\/p>\n<h3>Prevention film \"In Sight\" launched<\/h3>\n<p>In addition to the awareness talks and a brochure, a short film will now also provide information on the subject of industrial espionage. \"Im Visier\" was produced for educational purposes as part of Prophylax for companies, universities and research institutes. The film shows a selection of operational methods and means used by private or state actors to gain access to trade secrets.<\/p>\n<p><iframe loading=\"lazy\" title=\"&quot;Im Visier&quot; - Industrial espionage in Switzerland\" width=\"768\" height=\"432\" src=\"https:\/\/www.youtube.com\/embed\/ad6td7NNsAc?feature=oembed\" frameborder=\"0\" allow=\"accelerometer; autoplay; clipboard-write; encrypted-media; gyroscope; picture-in-picture; web-share\" allowfullscreen><\/iframe><\/p>\n<p><em>Source: NDB\/Editorial<\/em><\/p>","protected":false},"excerpt":{"rendered":"<p>Trotz \u00f6ffentlich zug\u00e4nglichen Forschungsergebnissen sind Hochschulen und Forschungsinstitute von Spionage bedroht. Seit 2004 f\u00fchrt der Nachrichtendienst des Bundes (NDB) das Sensibilisierungsprogramm Prophylax, das Unternehmen, Wirtschaftsorganisationen und Forschungseinrichtungen auf die Bedrohungen durch Proliferation und Spionage aufmerksam macht. Das Programm richtet sich an Angeh\u00f6rige von Universit\u00e4ten, Hochschulen und Forschungsinstituten und zeigt auf, weshalb sie f\u00fcr ausl\u00e4ndische Nachrichtendienste [&hellip;]<\/p>\n","protected":false},"author":9,"featured_media":15728,"comment_status":"closed","ping_status":"closed","sticky":false,"template":"","format":"standard","meta":{"_acf_changed":false,"pgc_sgb_lightbox_settings":"","footnotes":""},"categories":[1],"tags":[3649,3651,1054,1206,6163,6164,1559,3650],"class_list":["post-15726","post","type-post","status-publish","format-standard","has-post-thumbnail","hentry","category-allgemein","tag-forschungsinstitute","tag-kurzfilm","tag-nachrichtendienst-des-bundes","tag-ndb","tag-prophylax","tag-sensibilisierungsprogramm","tag-spionage","tag-wirtschaftsspionage"],"acf":[],"hkrextid":null,"publication":null,"issue":null,"workflow":null,"startPage":null,"spitzmarke":null,"_posts_by_tag_page_fields":null,"_at_widget":null,"_yoast_wpseo_primary_category":"1","_yoast_wpseo_focuskw_text_input":null,"_yoast_wpseo_opengraph-image":null,"_yoast_wpseo_opengraph-description":null,"_yoast_wpseo_opengraph-title":null,"enclosure":null,"_yoast_wpseo_twitter-title":null,"_yoast_wpseo_twitter-description":null,"_yoast_wpseo_twitter-image":null,"_wp_old_slug":null,"_yoast_wpseo_title":null,"_yoast_wpseo_canonical":null,"yoast_head":"<!-- This site is optimized with the Yoast SEO plugin v27.5 - https:\/\/yoast.com\/product\/yoast-seo-wordpress\/ -->\n<title>Hochschulen und Forschungs-Intitute im Visier - Save<\/title>\n<meta name=\"description\" content=\"Die internationale Zusammenarbeit und Mobilit\u00e4t von Studierenden sowie Forschenden ist f\u00fcr die Wissenschaft von zentraler Bedeutung. Dazu geh\u00f6rt auch die Sensibilisierung im Umgang mit der Technik. Nun hat der Nachrichtendienst des Bundes (NDB) eine Pr\u00e4ventions-Brosch\u00fcre ver\u00f6ffentlicht.\" \/>\n<meta name=\"robots\" content=\"index, follow, max-snippet:-1, max-image-preview:large, max-video-preview:-1\" \/>\n<link rel=\"canonical\" href=\"https:\/\/news.save.ch\/en\/hochschulen-und-forschungs-intitute-im-visier\/\" \/>\n<meta property=\"og:locale\" content=\"en_US\" \/>\n<meta property=\"og:type\" content=\"article\" \/>\n<meta property=\"og:title\" content=\"Hochschulen und Forschungs-Intitute im Visier - Save\" \/>\n<meta property=\"og:description\" content=\"Die internationale Zusammenarbeit und Mobilit\u00e4t von Studierenden sowie Forschenden ist f\u00fcr die Wissenschaft von zentraler Bedeutung. Dazu geh\u00f6rt auch die Sensibilisierung im Umgang mit der Technik. Nun hat der Nachrichtendienst des Bundes (NDB) eine Pr\u00e4ventions-Brosch\u00fcre ver\u00f6ffentlicht.\" \/>\n<meta property=\"og:url\" content=\"https:\/\/news.save.ch\/en\/hochschulen-und-forschungs-intitute-im-visier\/\" \/>\n<meta property=\"og:site_name\" content=\"Save\" \/>\n<meta property=\"article:published_time\" content=\"2023-01-31T06:52:35+00:00\" \/>\n<meta property=\"article:modified_time\" content=\"2023-07-26T06:02:01+00:00\" \/>\n<meta property=\"og:image\" content=\"https:\/\/news.save.ch\/wp-content\/uploads\/2023\/01\/university-gcf72ecfdf_640.jpg\" \/>\n\t<meta property=\"og:image:width\" content=\"640\" \/>\n\t<meta property=\"og:image:height\" content=\"427\" \/>\n\t<meta property=\"og:image:type\" content=\"image\/jpeg\" \/>\n<meta name=\"author\" content=\"Simon Gr\u00f6flin\" \/>\n<meta name=\"twitter:card\" content=\"summary_large_image\" \/>\n<meta name=\"twitter:label1\" content=\"Written by\" \/>\n\t<meta name=\"twitter:data1\" content=\"Simon Gr\u00f6flin\" \/>\n\t<meta name=\"twitter:label2\" content=\"Est. reading time\" \/>\n\t<meta name=\"twitter:data2\" content=\"1 minute\" \/>\n<script type=\"application\/ld+json\" class=\"yoast-schema-graph\">{\"@context\":\"https:\\\/\\\/schema.org\",\"@graph\":[{\"@type\":\"Article\",\"@id\":\"https:\\\/\\\/news.save.ch\\\/hochschulen-und-forschungs-intitute-im-visier\\\/#article\",\"isPartOf\":{\"@id\":\"https:\\\/\\\/news.save.ch\\\/hochschulen-und-forschungs-intitute-im-visier\\\/\"},\"author\":{\"name\":\"Simon Gr\u00f6flin\",\"@id\":\"https:\\\/\\\/news.save.ch\\\/de\\\/#\\\/schema\\\/person\\\/ad4ef21102fd6125312409ac57d5296d\"},\"headline\":\"Hochschulen und Forschungs-Intitute im Visier\",\"datePublished\":\"2023-01-31T06:52:35+00:00\",\"dateModified\":\"2023-07-26T06:02:01+00:00\",\"mainEntityOfPage\":{\"@id\":\"https:\\\/\\\/news.save.ch\\\/hochschulen-und-forschungs-intitute-im-visier\\\/\"},\"wordCount\":164,\"publisher\":{\"@id\":\"https:\\\/\\\/news.save.ch\\\/de\\\/#organization\"},\"image\":{\"@id\":\"https:\\\/\\\/news.save.ch\\\/hochschulen-und-forschungs-intitute-im-visier\\\/#primaryimage\"},\"thumbnailUrl\":\"https:\\\/\\\/news.save.ch\\\/wp-content\\\/uploads\\\/2023\\\/01\\\/university-gcf72ecfdf_640.jpg\",\"keywords\":[\"Forschungsinstitute\",\"Kurzfilm\",\"Nachrichtendienst des Bundes\",\"NDB\",\"Prophylax\",\"Sensibilisierungsprogramm\",\"Spionage\",\"Wirtschaftsspionage\"],\"articleSection\":[\"ALLGEMEIN\"],\"inLanguage\":\"en-US\"},{\"@type\":\"WebPage\",\"@id\":\"https:\\\/\\\/news.save.ch\\\/hochschulen-und-forschungs-intitute-im-visier\\\/\",\"url\":\"https:\\\/\\\/news.save.ch\\\/hochschulen-und-forschungs-intitute-im-visier\\\/\",\"name\":\"Hochschulen und Forschungs-Intitute im Visier - Save\",\"isPartOf\":{\"@id\":\"https:\\\/\\\/news.save.ch\\\/de\\\/#website\"},\"primaryImageOfPage\":{\"@id\":\"https:\\\/\\\/news.save.ch\\\/hochschulen-und-forschungs-intitute-im-visier\\\/#primaryimage\"},\"image\":{\"@id\":\"https:\\\/\\\/news.save.ch\\\/hochschulen-und-forschungs-intitute-im-visier\\\/#primaryimage\"},\"thumbnailUrl\":\"https:\\\/\\\/news.save.ch\\\/wp-content\\\/uploads\\\/2023\\\/01\\\/university-gcf72ecfdf_640.jpg\",\"datePublished\":\"2023-01-31T06:52:35+00:00\",\"dateModified\":\"2023-07-26T06:02:01+00:00\",\"description\":\"Die internationale Zusammenarbeit und Mobilit\u00e4t von Studierenden sowie Forschenden ist f\u00fcr die Wissenschaft von zentraler Bedeutung. Dazu geh\u00f6rt auch die Sensibilisierung im Umgang mit der Technik. Nun hat der Nachrichtendienst des Bundes (NDB) eine Pr\u00e4ventions-Brosch\u00fcre ver\u00f6ffentlicht.\",\"breadcrumb\":{\"@id\":\"https:\\\/\\\/news.save.ch\\\/hochschulen-und-forschungs-intitute-im-visier\\\/#breadcrumb\"},\"inLanguage\":\"en-US\",\"potentialAction\":[{\"@type\":\"ReadAction\",\"target\":[\"https:\\\/\\\/news.save.ch\\\/hochschulen-und-forschungs-intitute-im-visier\\\/\"]}]},{\"@type\":\"ImageObject\",\"inLanguage\":\"en-US\",\"@id\":\"https:\\\/\\\/news.save.ch\\\/hochschulen-und-forschungs-intitute-im-visier\\\/#primaryimage\",\"url\":\"https:\\\/\\\/news.save.ch\\\/wp-content\\\/uploads\\\/2023\\\/01\\\/university-gcf72ecfdf_640.jpg\",\"contentUrl\":\"https:\\\/\\\/news.save.ch\\\/wp-content\\\/uploads\\\/2023\\\/01\\\/university-gcf72ecfdf_640.jpg\",\"width\":640,\"height\":427},{\"@type\":\"BreadcrumbList\",\"@id\":\"https:\\\/\\\/news.save.ch\\\/hochschulen-und-forschungs-intitute-im-visier\\\/#breadcrumb\",\"itemListElement\":[{\"@type\":\"ListItem\",\"position\":1,\"name\":\"Home\",\"item\":\"https:\\\/\\\/news.save.ch\\\/de\\\/\"},{\"@type\":\"ListItem\",\"position\":2,\"name\":\"Hochschulen und Forschungs-Intitute im Visier\"}]},{\"@type\":\"WebSite\",\"@id\":\"https:\\\/\\\/news.save.ch\\\/de\\\/#website\",\"url\":\"https:\\\/\\\/news.save.ch\\\/de\\\/\",\"name\":\"Save\",\"description\":\"Schweizer Fachzeitschrift f\u00fcr Sicherheit\",\"publisher\":{\"@id\":\"https:\\\/\\\/news.save.ch\\\/de\\\/#organization\"},\"potentialAction\":[{\"@type\":\"SearchAction\",\"target\":{\"@type\":\"EntryPoint\",\"urlTemplate\":\"https:\\\/\\\/news.save.ch\\\/de\\\/?s={search_term_string}\"},\"query-input\":{\"@type\":\"PropertyValueSpecification\",\"valueRequired\":true,\"valueName\":\"search_term_string\"}}],\"inLanguage\":\"en-US\"},{\"@type\":\"Organization\",\"@id\":\"https:\\\/\\\/news.save.ch\\\/de\\\/#organization\",\"name\":\"Sicherheitsforum\",\"url\":\"https:\\\/\\\/news.save.ch\\\/de\\\/\",\"logo\":{\"@type\":\"ImageObject\",\"inLanguage\":\"en-US\",\"@id\":\"https:\\\/\\\/news.save.ch\\\/de\\\/#\\\/schema\\\/logo\\\/image\\\/\",\"url\":\"https:\\\/\\\/news.save.ch\\\/wp-content\\\/uploads\\\/2022\\\/06\\\/Logo_SF_2012.png\",\"contentUrl\":\"https:\\\/\\\/news.save.ch\\\/wp-content\\\/uploads\\\/2022\\\/06\\\/Logo_SF_2012.png\",\"width\":1100,\"height\":91,\"caption\":\"Sicherheitsforum\"},\"image\":{\"@id\":\"https:\\\/\\\/news.save.ch\\\/de\\\/#\\\/schema\\\/logo\\\/image\\\/\"}},{\"@type\":\"Person\",\"@id\":\"https:\\\/\\\/news.save.ch\\\/de\\\/#\\\/schema\\\/person\\\/ad4ef21102fd6125312409ac57d5296d\",\"name\":\"Simon Gr\u00f6flin\",\"image\":{\"@type\":\"ImageObject\",\"inLanguage\":\"en-US\",\"@id\":\"https:\\\/\\\/secure.gravatar.com\\\/avatar\\\/6ddceb80eb734354635539e0ea5140bb7c41e42de7c45c9a2ab9921b5d5c9a83?s=96&d=mm&r=g\",\"url\":\"https:\\\/\\\/secure.gravatar.com\\\/avatar\\\/6ddceb80eb734354635539e0ea5140bb7c41e42de7c45c9a2ab9921b5d5c9a83?s=96&d=mm&r=g\",\"contentUrl\":\"https:\\\/\\\/secure.gravatar.com\\\/avatar\\\/6ddceb80eb734354635539e0ea5140bb7c41e42de7c45c9a2ab9921b5d5c9a83?s=96&d=mm&r=g\",\"caption\":\"Simon Gr\u00f6flin\"},\"url\":\"https:\\\/\\\/news.save.ch\\\/en\\\/author\\\/simon-groeflin\\\/\"}]}<\/script>\n<!-- \/ Yoast SEO plugin. -->","yoast_head_json":{"title":"Universities and research institutes targeted - Save","description":"International cooperation and mobility of students as well as researchers is of central importance for science. This also includes raising awareness in dealing with technology. Now the Federal Intelligence Service (FIS) has published a prevention brochure.","robots":{"index":"index","follow":"follow","max-snippet":"max-snippet:-1","max-image-preview":"max-image-preview:large","max-video-preview":"max-video-preview:-1"},"canonical":"https:\/\/news.save.ch\/en\/hochschulen-und-forschungs-intitute-im-visier\/","og_locale":"en_US","og_type":"article","og_title":"Hochschulen und Forschungs-Intitute im Visier - Save","og_description":"Die internationale Zusammenarbeit und Mobilit\u00e4t von Studierenden sowie Forschenden ist f\u00fcr die Wissenschaft von zentraler Bedeutung. Dazu geh\u00f6rt auch die Sensibilisierung im Umgang mit der Technik. Nun hat der Nachrichtendienst des Bundes (NDB) eine Pr\u00e4ventions-Brosch\u00fcre ver\u00f6ffentlicht.","og_url":"https:\/\/news.save.ch\/en\/hochschulen-und-forschungs-intitute-im-visier\/","og_site_name":"Save","article_published_time":"2023-01-31T06:52:35+00:00","article_modified_time":"2023-07-26T06:02:01+00:00","og_image":[{"width":640,"height":427,"url":"https:\/\/news.save.ch\/wp-content\/uploads\/2023\/01\/university-gcf72ecfdf_640.jpg","type":"image\/jpeg"}],"author":"Simon Gr\u00f6flin","twitter_card":"summary_large_image","twitter_misc":{"Written by":"Simon Gr\u00f6flin","Est. reading time":"1 minute"},"schema":{"@context":"https:\/\/schema.org","@graph":[{"@type":"Article","@id":"https:\/\/news.save.ch\/hochschulen-und-forschungs-intitute-im-visier\/#article","isPartOf":{"@id":"https:\/\/news.save.ch\/hochschulen-und-forschungs-intitute-im-visier\/"},"author":{"name":"Simon Gr\u00f6flin","@id":"https:\/\/news.save.ch\/de\/#\/schema\/person\/ad4ef21102fd6125312409ac57d5296d"},"headline":"Hochschulen und Forschungs-Intitute im Visier","datePublished":"2023-01-31T06:52:35+00:00","dateModified":"2023-07-26T06:02:01+00:00","mainEntityOfPage":{"@id":"https:\/\/news.save.ch\/hochschulen-und-forschungs-intitute-im-visier\/"},"wordCount":164,"publisher":{"@id":"https:\/\/news.save.ch\/de\/#organization"},"image":{"@id":"https:\/\/news.save.ch\/hochschulen-und-forschungs-intitute-im-visier\/#primaryimage"},"thumbnailUrl":"https:\/\/news.save.ch\/wp-content\/uploads\/2023\/01\/university-gcf72ecfdf_640.jpg","keywords":["Forschungsinstitute","Kurzfilm","Nachrichtendienst des Bundes","NDB","Prophylax","Sensibilisierungsprogramm","Spionage","Wirtschaftsspionage"],"articleSection":["ALLGEMEIN"],"inLanguage":"en-US"},{"@type":"WebPage","@id":"https:\/\/news.save.ch\/hochschulen-und-forschungs-intitute-im-visier\/","url":"https:\/\/news.save.ch\/hochschulen-und-forschungs-intitute-im-visier\/","name":"Universities and research institutes targeted - Save","isPartOf":{"@id":"https:\/\/news.save.ch\/de\/#website"},"primaryImageOfPage":{"@id":"https:\/\/news.save.ch\/hochschulen-und-forschungs-intitute-im-visier\/#primaryimage"},"image":{"@id":"https:\/\/news.save.ch\/hochschulen-und-forschungs-intitute-im-visier\/#primaryimage"},"thumbnailUrl":"https:\/\/news.save.ch\/wp-content\/uploads\/2023\/01\/university-gcf72ecfdf_640.jpg","datePublished":"2023-01-31T06:52:35+00:00","dateModified":"2023-07-26T06:02:01+00:00","description":"International cooperation and mobility of students as well as researchers is of central importance for science. This also includes raising awareness in dealing with technology. Now the Federal Intelligence Service (FIS) has published a prevention brochure.","breadcrumb":{"@id":"https:\/\/news.save.ch\/hochschulen-und-forschungs-intitute-im-visier\/#breadcrumb"},"inLanguage":"en-US","potentialAction":[{"@type":"ReadAction","target":["https:\/\/news.save.ch\/hochschulen-und-forschungs-intitute-im-visier\/"]}]},{"@type":"ImageObject","inLanguage":"en-US","@id":"https:\/\/news.save.ch\/hochschulen-und-forschungs-intitute-im-visier\/#primaryimage","url":"https:\/\/news.save.ch\/wp-content\/uploads\/2023\/01\/university-gcf72ecfdf_640.jpg","contentUrl":"https:\/\/news.save.ch\/wp-content\/uploads\/2023\/01\/university-gcf72ecfdf_640.jpg","width":640,"height":427},{"@type":"BreadcrumbList","@id":"https:\/\/news.save.ch\/hochschulen-und-forschungs-intitute-im-visier\/#breadcrumb","itemListElement":[{"@type":"ListItem","position":1,"name":"Home","item":"https:\/\/news.save.ch\/de\/"},{"@type":"ListItem","position":2,"name":"Hochschulen und Forschungs-Intitute im Visier"}]},{"@type":"WebSite","@id":"https:\/\/news.save.ch\/de\/#website","url":"https:\/\/news.save.ch\/de\/","name":"Save","description":"Swiss trade journal for safety","publisher":{"@id":"https:\/\/news.save.ch\/de\/#organization"},"potentialAction":[{"@type":"SearchAction","target":{"@type":"EntryPoint","urlTemplate":"https:\/\/news.save.ch\/de\/?s={search_term_string}"},"query-input":{"@type":"PropertyValueSpecification","valueRequired":true,"valueName":"search_term_string"}}],"inLanguage":"en-US"},{"@type":"Organization","@id":"https:\/\/news.save.ch\/de\/#organization","name":"Security Forum","url":"https:\/\/news.save.ch\/de\/","logo":{"@type":"ImageObject","inLanguage":"en-US","@id":"https:\/\/news.save.ch\/de\/#\/schema\/logo\/image\/","url":"https:\/\/news.save.ch\/wp-content\/uploads\/2022\/06\/Logo_SF_2012.png","contentUrl":"https:\/\/news.save.ch\/wp-content\/uploads\/2022\/06\/Logo_SF_2012.png","width":1100,"height":91,"caption":"Sicherheitsforum"},"image":{"@id":"https:\/\/news.save.ch\/de\/#\/schema\/logo\/image\/"}},{"@type":"Person","@id":"https:\/\/news.save.ch\/de\/#\/schema\/person\/ad4ef21102fd6125312409ac57d5296d","name":"Simon Gr\u00f6flin","image":{"@type":"ImageObject","inLanguage":"en-US","@id":"https:\/\/secure.gravatar.com\/avatar\/6ddceb80eb734354635539e0ea5140bb7c41e42de7c45c9a2ab9921b5d5c9a83?s=96&d=mm&r=g","url":"https:\/\/secure.gravatar.com\/avatar\/6ddceb80eb734354635539e0ea5140bb7c41e42de7c45c9a2ab9921b5d5c9a83?s=96&d=mm&r=g","contentUrl":"https:\/\/secure.gravatar.com\/avatar\/6ddceb80eb734354635539e0ea5140bb7c41e42de7c45c9a2ab9921b5d5c9a83?s=96&d=mm&r=g","caption":"Simon Gr\u00f6flin"},"url":"https:\/\/news.save.ch\/en\/author\/simon-groeflin\/"}]}},"_links":{"self":[{"href":"https:\/\/news.save.ch\/en\/wp-json\/wp\/v2\/posts\/15726","targetHints":{"allow":["GET"]}}],"collection":[{"href":"https:\/\/news.save.ch\/en\/wp-json\/wp\/v2\/posts"}],"about":[{"href":"https:\/\/news.save.ch\/en\/wp-json\/wp\/v2\/types\/post"}],"author":[{"embeddable":true,"href":"https:\/\/news.save.ch\/en\/wp-json\/wp\/v2\/users\/9"}],"replies":[{"embeddable":true,"href":"https:\/\/news.save.ch\/en\/wp-json\/wp\/v2\/comments?post=15726"}],"version-history":[{"count":11,"href":"https:\/\/news.save.ch\/en\/wp-json\/wp\/v2\/posts\/15726\/revisions"}],"predecessor-version":[{"id":19676,"href":"https:\/\/news.save.ch\/en\/wp-json\/wp\/v2\/posts\/15726\/revisions\/19676"}],"wp:featuredmedia":[{"embeddable":true,"href":"https:\/\/news.save.ch\/en\/wp-json\/wp\/v2\/media\/15728"}],"wp:attachment":[{"href":"https:\/\/news.save.ch\/en\/wp-json\/wp\/v2\/media?parent=15726"}],"wp:term":[{"taxonomy":"category","embeddable":true,"href":"https:\/\/news.save.ch\/en\/wp-json\/wp\/v2\/categories?post=15726"},{"taxonomy":"post_tag","embeddable":true,"href":"https:\/\/news.save.ch\/en\/wp-json\/wp\/v2\/tags?post=15726"}],"curies":[{"name":"wp","href":"https:\/\/api.w.org\/{rel}","templated":true}]}}