{"id":158,"date":"2015-04-30T15:26:10","date_gmt":"2015-04-30T13:26:10","guid":{"rendered":"https:\/\/dev.sicherheitsforum.ch\/?p=158"},"modified":"2015-04-30T15:26:10","modified_gmt":"2015-04-30T13:26:10","slug":"erstens-mega-deal-in-der-sicherheitsbranche","status":null,"type":"post","link":"https:\/\/news.save.ch\/en\/erstens-mega-deal-in-der-sicherheitsbranche\/","title":{"rendered":"First: Mega deal in the security industry"},"content":{"rendered":"<figure id=\"attachment_159\" aria-describedby=\"caption-attachment-159\" style=\"width: 680px\" class=\"wp-caption alignnone\"><img loading=\"lazy\" decoding=\"async\" class=\"size-medium wp-image-159\" src=\"https:\/\/sicherheitsforum.ch\/wp-content\/uploads\/2016\/12\/Erstens-Mega-Deal-in-der-Sicherheitsbranche_sicherheitsforum.jpg\" alt=\"The Chairman of the Board of the new holding company will be Ulrich Graf, currently Chairman of the Board of Kaba.\" width=\"680\" height=\"453\" \/><figcaption id=\"caption-attachment-159\" class=\"wp-caption-text\">The Chairman of the Board of the new holding company will be Ulrich Graf, currently Chairman of the Board of Kaba.<\/figcaption><\/figure>\n<p>For Ulrich Graf, Chairman of the Board of Directors of Kaba, it is clear: \"By combining the two strong brands <a href=\"https:\/\/www.dorma.com\" target=\"_blank\" data-cke-saved-href=\"https:\/\/www.dorma.com\" rel=\"noopener\">Dorma <\/a>and <a href=\"https:\/\/www.kaba.com\" target=\"_blank\" data-cke-saved-href=\"https:\/\/www.kaba.com\" rel=\"noopener\">Kaba<\/a> a leading company in the security industry is created. The shareholders stand for a long-term orientation - this is also a real competitive advantage in our dynamic industry.\" Dorma offers access solutions and is one of the market leaders in automatic, glass fittings and door locking technology. The same applies to Kaba in the field of access control, store floor data collection and key systems.<\/p>\n<blockquote>\n<p>The result is the global top 3 in the security and access league.<\/p>\n<\/blockquote>\n<p>With pro forma sales of more than 2 billion Swiss francs, around 16,000 employees and locations in 53 countries, the two merged companies with the new joint holding company move into the global top 3 of the highly fragmented market for security and access solutions. Hans Gummert, Chairman of the Supervisory Board of Dorma: \"With the merger of our globally established companies, we are significantly strengthening our market position. Not only do we share over a hundred years of entrepreneurial tradition and the same values, but we also largely agree on our strategies.\"<\/p>\n<p><strong>Dorma and Kaba are an ideal match<\/strong><\/p>\n<p>The technological expertise, the products and the distribution channels of Dorma and Kaba would ideally complement each other, it is said. The joint distribution and service network, cross-selling and positioning as a \"one-stop store\" for security and access to buildings will open up considerable additional growth potential for the combined company. Thomas P. Wagner, CEO of Dorma: \"Together with Kaba, we are taking a big step forward. We are expanding our product range, strengthening our global presence and increasing our innovative power. This will allow us to take advantage of opportunities offered by megatrends such as urbanization and digitalization faster and better.\"<\/p>\n<p>dorma+kaba will have production facilities in all major markets of the industry and will accelerate its global expansion with increased presence especially in Europe, America and Asia-Pacific, it is emphasized.<\/p>\n<p><strong>Substantial increase in value <\/strong><\/p>\n<p>Riet Cadonau, CEO of Kaba: \"Dorma and Kaba are ideal partners in every respect and a convincing strategic fit. With the planned merger, we are creating additional opportunities for sustainable profitable growth - with corresponding added value for our customers, partners, employees and shareholders.\"<\/p>\n<p>Over the next four years, the new duo is targeting sales growth of 6 to 7% (in local currencies) per year. Due to higher purchasing volumes, optimized infrastructure costs as well as efficiency gains, cost synergies of CHF 60-70 million per year are expected to be fully effective in the fourth year after the merger, according to the statement. One-time implementation costs are estimated to total the full cost synergies for one year.<\/p>\n<p><strong>Who will be what in the new group?<\/strong><\/p>\n<p>Ulrich Graf, the current Chairman of Kaba, will chair the Board of Directors of the new group. CEO is to be Riet Cadonau, the current CEO of Kaba. The designated CFO is Bernd Brinker, CFO of Dorma. The management bodies of the group are to be as balanced as possible, according to those responsible.<\/p>\n<p>The locations in both R\u00fcmlang and Ennepetal, Germany, will play an important role in the joint company. R\u00fcmlang will be the corporate headquarters of dorma+kaba Holding, while Ennepetal, as the headquarters of the future \"Access Solutions DACH\" division, will be responsible for business in the German-speaking countries.<\/p>\n<p>The merger also entails a merger of jobs: there is talk of a total reduction of around 5% of the workforce, spread over four years.<\/p>\n<p>More information about the <a title=\"Link to the transaction structure\" href=\"https:\/\/hamster.ch\/magazine\/sicherheitsforum\/ausserordentliche-gv-von-kaba\" target=\"_blank\" data-cke-saved-href=\"https:\/\/hamster.ch\/magazine\/sicherheitsforum\/ausserordentliche-gv-von-kaba\" rel=\"noopener\">Transaction structure <\/a>and valuation as well as the shareholding relationships between Kaba and the Dorma family of owners are <a title=\"Link to the transaction structure\" href=\"https:\/\/hamster.ch\/magazine\/sicherheitsforum\/dorma-kaba-tranksaktionsstruktur-und-bewertung\" target=\"_blank\" data-cke-saved-href=\"https:\/\/hamster.ch\/magazine\/sicherheitsforum\/dorma-kaba-tranksaktionsstruktur-und-bewertung\" rel=\"noopener\">here <\/a>available.<\/p>\n<p>The mega deal still has to be approved by shareholders at a <a title=\"Info about the GV\" href=\"https:\/\/hamster.ch\/magazine\/sicherheitsforum\/ausserordentliche-gv-von-kaba\" target=\"_blank\" data-cke-saved-href=\"https:\/\/hamster.ch\/magazine\/sicherheitsforum\/ausserordentliche-gv-von-kaba\" rel=\"noopener\">Extraordinary General Meeting <\/a>be approved by Kaba.<\/p>\n<div id='gallery-1' class='gallery galleryid-158 gallery-columns-3 gallery-size-thumbnail'><figure class='gallery-item'>\n\t\t\t<div class='gallery-icon landscape'>\n\t\t\t\t<a href='https:\/\/news.save.ch\/en\/bernd_brinker_cfo_dorma_sicherheitsforum\/'><img loading=\"lazy\" decoding=\"async\" width=\"150\" height=\"100\" src=\"https:\/\/news.save.ch\/wp-content\/uploads\/2016\/12\/Bernd_Brinker_CFO_DORMA_sicherheitsforum-scaled.jpg\" class=\"attachment-thumbnail size-thumbnail\" alt=\"\" srcset=\"https:\/\/news.save.ch\/wp-content\/uploads\/2016\/12\/Bernd_Brinker_CFO_DORMA_sicherheitsforum-scaled.jpg 1400w, https:\/\/news.save.ch\/wp-content\/uploads\/2016\/12\/Bernd_Brinker_CFO_DORMA_sicherheitsforum-375x250.jpg 375w\" sizes=\"auto, (max-width: 150px) 100vw, 150px\" \/><\/a>\n\t\t\t<\/div><\/figure><figure class='gallery-item'>\n\t\t\t<div class='gallery-icon landscape'>\n\t\t\t\t<a href='https:\/\/news.save.ch\/en\/riet-cadonau-chief-executive-officer_sicherheitsforum\/'><img loading=\"lazy\" decoding=\"async\" width=\"150\" height=\"100\" src=\"https:\/\/news.save.ch\/wp-content\/uploads\/2016\/12\/riet-cadonau-chief-executive-officer_sicherheitsforum-scaled.jpg\" class=\"attachment-thumbnail size-thumbnail\" alt=\"\" srcset=\"https:\/\/news.save.ch\/wp-content\/uploads\/2016\/12\/riet-cadonau-chief-executive-officer_sicherheitsforum-scaled.jpg 1400w, https:\/\/news.save.ch\/wp-content\/uploads\/2016\/12\/riet-cadonau-chief-executive-officer_sicherheitsforum-375x250.jpg 375w\" sizes=\"auto, (max-width: 150px) 100vw, 150px\" \/><\/a>\n\t\t\t<\/div><\/figure>\n\t\t<\/div>\n\n<p>The CFO of the new holding company will be Bernd Brinker, currently CFO of Dorma. CEO of the new holding company will be Riet Cadonau, current CEO of Kaba.<\/p>\n<p>&nbsp;<\/p>\n<p>&nbsp;<\/p>","protected":false},"excerpt":{"rendered":"<p>F\u00fcr Ulrich Graf, VR-Pr\u00e4si\u00addent von Kaba, ist klar: \u201eDurch die Verbindung der beiden starken Marken Dorma und Kaba entsteht ein f\u00fchrendes Unternehmen der Sicherheitsindustrie. Die Aktion\u00e4re stehen f\u00fcr eine langfristige Ausrichtung \u2013 auch das ist in unserer dynamischen Branche ein echter Wettbewerbsvorteil.&#8220; Dorma bietet Zugangsl\u00f6sungen an und geh\u00f6rt in der Automatik-, Glasbeschlags- und T\u00fcrschliesstechnik zu [&hellip;]<\/p>\n","protected":false},"author":1,"featured_media":159,"comment_status":"open","ping_status":"open","sticky":false,"template":"","format":"standard","meta":{"_acf_changed":false,"pgc_sgb_lightbox_settings":"","footnotes":""},"categories":[1],"tags":[131,132,133,44],"class_list":["post-158","post","type-post","status-publish","format-standard","has-post-thumbnail","hentry","category-allgemein","tag-dorma","tag-finanzierung","tag-kaba","tag-kooperation"],"acf":[],"hkrextid":null,"publication":null,"issue":null,"workflow":null,"startPage":null,"spitzmarke":null,"_posts_by_tag_page_fields":{"widget_title":"","widget_tags":""},"_at_widget":"1","_yoast_wpseo_primary_category":"1","_yoast_wpseo_focuskw_text_input":"Mega-Deal","_yoast_wpseo_opengraph-image":"https:\/\/sicherheitsforum.ch\/wp-content\/uploads\/2016\/12\/Erstens-Mega-Deal-in-der-Sicherheitsbranche_sicherheitsforum.jpg","_yoast_wpseo_opengraph-description":"Die Schweizer Kaba Holding AG mit Sitz in R\u00fcmlang und das deutsche Familien\u00adunternehmen Dorma Holding wollen fusionieren. Entstehen w\u00fcrde die Gruppe dorma+kaba. Eine entsprechende Transaktionsvereinbarung wurde gestern Abend unterzeichnet. Der Deal muss noch von den Aktion\u00e4ren abgesegnet werden.","_yoast_wpseo_opengraph-title":"Erstens: Mega-Deal in der Sicherheitsbranche","enclosure":null,"_yoast_wpseo_twitter-title":null,"_yoast_wpseo_twitter-description":null,"_yoast_wpseo_twitter-image":null,"_wp_old_slug":null,"_yoast_wpseo_title":null,"_yoast_wpseo_canonical":null,"yoast_head":"<!-- This site is optimized with the Yoast SEO plugin v27.4 - https:\/\/yoast.com\/product\/yoast-seo-wordpress\/ -->\n<title>Erstens: Mega-Deal in der Sicherheitsbranche - Save<\/title>\n<meta name=\"description\" content=\"Die Kaba Holding AG mit Sitz in R\u00fcmlang und das deutsche Familien\u00adunternehmen Dorma Holding wollen fusionieren. Entstehen w\u00fcrde die Gruppe dorma+kaba.\" \/>\n<meta name=\"robots\" content=\"index, follow, max-snippet:-1, max-image-preview:large, max-video-preview:-1\" \/>\n<link rel=\"canonical\" href=\"https:\/\/news.save.ch\/en\/erstens-mega-deal-in-der-sicherheitsbranche\/\" \/>\n<meta property=\"og:locale\" content=\"en_US\" \/>\n<meta property=\"og:type\" content=\"article\" \/>\n<meta property=\"og:title\" content=\"Erstens: Mega-Deal in der Sicherheitsbranche\" \/>\n<meta property=\"og:description\" content=\"Die Schweizer Kaba Holding AG mit Sitz in R\u00fcmlang und das deutsche Familien\u00adunternehmen Dorma Holding wollen fusionieren. Entstehen w\u00fcrde die Gruppe dorma+kaba. Eine entsprechende Transaktionsvereinbarung wurde gestern Abend unterzeichnet. Der Deal muss noch von den Aktion\u00e4ren abgesegnet werden.\" \/>\n<meta property=\"og:url\" content=\"https:\/\/news.save.ch\/en\/erstens-mega-deal-in-der-sicherheitsbranche\/\" \/>\n<meta property=\"og:site_name\" content=\"Save\" \/>\n<meta property=\"article:published_time\" content=\"2015-04-30T13:26:10+00:00\" \/>\n<meta property=\"og:image\" content=\"https:\/\/sicherheitsforum.ch\/wp-content\/uploads\/2016\/12\/Erstens-Mega-Deal-in-der-Sicherheitsbranche_sicherheitsforum.jpg\" \/>\n<meta name=\"author\" content=\"admin\" \/>\n<meta name=\"twitter:card\" content=\"summary_large_image\" \/>\n<meta name=\"twitter:label1\" content=\"Written by\" \/>\n\t<meta name=\"twitter:data1\" content=\"admin\" \/>\n\t<meta name=\"twitter:label2\" content=\"Est. reading time\" \/>\n\t<meta name=\"twitter:data2\" content=\"4 minutes\" \/>\n<script type=\"application\/ld+json\" class=\"yoast-schema-graph\">{\"@context\":\"https:\\\/\\\/schema.org\",\"@graph\":[{\"@type\":\"Article\",\"@id\":\"https:\\\/\\\/news.save.ch\\\/erstens-mega-deal-in-der-sicherheitsbranche\\\/#article\",\"isPartOf\":{\"@id\":\"https:\\\/\\\/news.save.ch\\\/erstens-mega-deal-in-der-sicherheitsbranche\\\/\"},\"author\":{\"name\":\"admin\",\"@id\":\"https:\\\/\\\/news.save.ch\\\/de\\\/#\\\/schema\\\/person\\\/d49e199490bad7c70d64b9ab51142f2b\"},\"headline\":\"Erstens: Mega-Deal in der Sicherheitsbranche\",\"datePublished\":\"2015-04-30T13:26:10+00:00\",\"mainEntityOfPage\":{\"@id\":\"https:\\\/\\\/news.save.ch\\\/erstens-mega-deal-in-der-sicherheitsbranche\\\/\"},\"wordCount\":723,\"commentCount\":0,\"publisher\":{\"@id\":\"https:\\\/\\\/news.save.ch\\\/de\\\/#organization\"},\"image\":{\"@id\":\"https:\\\/\\\/news.save.ch\\\/erstens-mega-deal-in-der-sicherheitsbranche\\\/#primaryimage\"},\"thumbnailUrl\":\"https:\\\/\\\/news.save.ch\\\/wp-content\\\/uploads\\\/2016\\\/12\\\/Erstens-Mega-Deal-in-der-Sicherheitsbranche_sicherheitsforum-scaled.jpg\",\"keywords\":[\"Dorma\",\"Finanzierung\",\"Kaba\",\"Kooperation\"],\"articleSection\":[\"ALLGEMEIN\"],\"inLanguage\":\"en-US\"},{\"@type\":\"WebPage\",\"@id\":\"https:\\\/\\\/news.save.ch\\\/erstens-mega-deal-in-der-sicherheitsbranche\\\/\",\"url\":\"https:\\\/\\\/news.save.ch\\\/erstens-mega-deal-in-der-sicherheitsbranche\\\/\",\"name\":\"Erstens: Mega-Deal in der Sicherheitsbranche - Save\",\"isPartOf\":{\"@id\":\"https:\\\/\\\/news.save.ch\\\/de\\\/#website\"},\"primaryImageOfPage\":{\"@id\":\"https:\\\/\\\/news.save.ch\\\/erstens-mega-deal-in-der-sicherheitsbranche\\\/#primaryimage\"},\"image\":{\"@id\":\"https:\\\/\\\/news.save.ch\\\/erstens-mega-deal-in-der-sicherheitsbranche\\\/#primaryimage\"},\"thumbnailUrl\":\"https:\\\/\\\/news.save.ch\\\/wp-content\\\/uploads\\\/2016\\\/12\\\/Erstens-Mega-Deal-in-der-Sicherheitsbranche_sicherheitsforum-scaled.jpg\",\"datePublished\":\"2015-04-30T13:26:10+00:00\",\"description\":\"Die Kaba Holding AG mit Sitz in R\u00fcmlang und das deutsche Familien\u00adunternehmen Dorma Holding wollen fusionieren. Entstehen w\u00fcrde die Gruppe dorma+kaba.\",\"breadcrumb\":{\"@id\":\"https:\\\/\\\/news.save.ch\\\/erstens-mega-deal-in-der-sicherheitsbranche\\\/#breadcrumb\"},\"inLanguage\":\"en-US\",\"potentialAction\":[{\"@type\":\"ReadAction\",\"target\":[\"https:\\\/\\\/news.save.ch\\\/erstens-mega-deal-in-der-sicherheitsbranche\\\/\"]}]},{\"@type\":\"ImageObject\",\"inLanguage\":\"en-US\",\"@id\":\"https:\\\/\\\/news.save.ch\\\/erstens-mega-deal-in-der-sicherheitsbranche\\\/#primaryimage\",\"url\":\"https:\\\/\\\/news.save.ch\\\/wp-content\\\/uploads\\\/2016\\\/12\\\/Erstens-Mega-Deal-in-der-Sicherheitsbranche_sicherheitsforum-scaled.jpg\",\"contentUrl\":\"https:\\\/\\\/news.save.ch\\\/wp-content\\\/uploads\\\/2016\\\/12\\\/Erstens-Mega-Deal-in-der-Sicherheitsbranche_sicherheitsforum-scaled.jpg\",\"width\":1400,\"height\":932,\"caption\":\"VR-Pr\u00e4sident der neuen Holding wird Ulrich Graf, heutiger VR-Pr\u00e4sident von Kaba.\"},{\"@type\":\"BreadcrumbList\",\"@id\":\"https:\\\/\\\/news.save.ch\\\/erstens-mega-deal-in-der-sicherheitsbranche\\\/#breadcrumb\",\"itemListElement\":[{\"@type\":\"ListItem\",\"position\":1,\"name\":\"Home\",\"item\":\"https:\\\/\\\/news.save.ch\\\/de\\\/\"},{\"@type\":\"ListItem\",\"position\":2,\"name\":\"Erstens: Mega-Deal in der Sicherheitsbranche\"}]},{\"@type\":\"WebSite\",\"@id\":\"https:\\\/\\\/news.save.ch\\\/de\\\/#website\",\"url\":\"https:\\\/\\\/news.save.ch\\\/de\\\/\",\"name\":\"Save\",\"description\":\"Schweizer Fachzeitschrift f\u00fcr Sicherheit\",\"publisher\":{\"@id\":\"https:\\\/\\\/news.save.ch\\\/de\\\/#organization\"},\"potentialAction\":[{\"@type\":\"SearchAction\",\"target\":{\"@type\":\"EntryPoint\",\"urlTemplate\":\"https:\\\/\\\/news.save.ch\\\/de\\\/?s={search_term_string}\"},\"query-input\":{\"@type\":\"PropertyValueSpecification\",\"valueRequired\":true,\"valueName\":\"search_term_string\"}}],\"inLanguage\":\"en-US\"},{\"@type\":\"Organization\",\"@id\":\"https:\\\/\\\/news.save.ch\\\/de\\\/#organization\",\"name\":\"Sicherheitsforum\",\"url\":\"https:\\\/\\\/news.save.ch\\\/de\\\/\",\"logo\":{\"@type\":\"ImageObject\",\"inLanguage\":\"en-US\",\"@id\":\"https:\\\/\\\/news.save.ch\\\/de\\\/#\\\/schema\\\/logo\\\/image\\\/\",\"url\":\"https:\\\/\\\/news.save.ch\\\/wp-content\\\/uploads\\\/2022\\\/06\\\/Logo_SF_2012.png\",\"contentUrl\":\"https:\\\/\\\/news.save.ch\\\/wp-content\\\/uploads\\\/2022\\\/06\\\/Logo_SF_2012.png\",\"width\":1100,\"height\":91,\"caption\":\"Sicherheitsforum\"},\"image\":{\"@id\":\"https:\\\/\\\/news.save.ch\\\/de\\\/#\\\/schema\\\/logo\\\/image\\\/\"}},{\"@type\":\"Person\",\"@id\":\"https:\\\/\\\/news.save.ch\\\/de\\\/#\\\/schema\\\/person\\\/d49e199490bad7c70d64b9ab51142f2b\",\"name\":\"admin\",\"image\":{\"@type\":\"ImageObject\",\"inLanguage\":\"en-US\",\"@id\":\"https:\\\/\\\/secure.gravatar.com\\\/avatar\\\/ae2f4d718e6c49043e314ce431e7e645d646302a24a5ef5a8bc8e3f5a032e319?s=96&d=mm&r=g\",\"url\":\"https:\\\/\\\/secure.gravatar.com\\\/avatar\\\/ae2f4d718e6c49043e314ce431e7e645d646302a24a5ef5a8bc8e3f5a032e319?s=96&d=mm&r=g\",\"contentUrl\":\"https:\\\/\\\/secure.gravatar.com\\\/avatar\\\/ae2f4d718e6c49043e314ce431e7e645d646302a24a5ef5a8bc8e3f5a032e319?s=96&d=mm&r=g\",\"caption\":\"admin\"},\"sameAs\":[\"https:\\\/\\\/develop.organisator.galledia.ch\"],\"url\":\"https:\\\/\\\/news.save.ch\\\/en\\\/author\\\/admin\\\/\"}]}<\/script>\n<!-- \/ Yoast SEO plugin. -->","yoast_head_json":{"title":"First: Mega deal in the security industry - Save","description":"Kaba Holding AG, headquartered in R\u00fcmlang, and the German family-owned company Dorma Holding want to merge. The result would be the dorma+kaba group.","robots":{"index":"index","follow":"follow","max-snippet":"max-snippet:-1","max-image-preview":"max-image-preview:large","max-video-preview":"max-video-preview:-1"},"canonical":"https:\/\/news.save.ch\/en\/erstens-mega-deal-in-der-sicherheitsbranche\/","og_locale":"en_US","og_type":"article","og_title":"Erstens: Mega-Deal in der Sicherheitsbranche","og_description":"Die Schweizer Kaba Holding AG mit Sitz in R\u00fcmlang und das deutsche Familien\u00adunternehmen Dorma Holding wollen fusionieren. Entstehen w\u00fcrde die Gruppe dorma+kaba. Eine entsprechende Transaktionsvereinbarung wurde gestern Abend unterzeichnet. Der Deal muss noch von den Aktion\u00e4ren abgesegnet werden.","og_url":"https:\/\/news.save.ch\/en\/erstens-mega-deal-in-der-sicherheitsbranche\/","og_site_name":"Save","article_published_time":"2015-04-30T13:26:10+00:00","og_image":[{"url":"https:\/\/sicherheitsforum.ch\/wp-content\/uploads\/2016\/12\/Erstens-Mega-Deal-in-der-Sicherheitsbranche_sicherheitsforum.jpg","type":"","width":"","height":""}],"author":"admin","twitter_card":"summary_large_image","twitter_misc":{"Written by":"admin","Est. reading time":"4 minutes"},"schema":{"@context":"https:\/\/schema.org","@graph":[{"@type":"Article","@id":"https:\/\/news.save.ch\/erstens-mega-deal-in-der-sicherheitsbranche\/#article","isPartOf":{"@id":"https:\/\/news.save.ch\/erstens-mega-deal-in-der-sicherheitsbranche\/"},"author":{"name":"admin","@id":"https:\/\/news.save.ch\/de\/#\/schema\/person\/d49e199490bad7c70d64b9ab51142f2b"},"headline":"Erstens: Mega-Deal in der Sicherheitsbranche","datePublished":"2015-04-30T13:26:10+00:00","mainEntityOfPage":{"@id":"https:\/\/news.save.ch\/erstens-mega-deal-in-der-sicherheitsbranche\/"},"wordCount":723,"commentCount":0,"publisher":{"@id":"https:\/\/news.save.ch\/de\/#organization"},"image":{"@id":"https:\/\/news.save.ch\/erstens-mega-deal-in-der-sicherheitsbranche\/#primaryimage"},"thumbnailUrl":"https:\/\/news.save.ch\/wp-content\/uploads\/2016\/12\/Erstens-Mega-Deal-in-der-Sicherheitsbranche_sicherheitsforum-scaled.jpg","keywords":["Dorma","Finanzierung","Kaba","Kooperation"],"articleSection":["ALLGEMEIN"],"inLanguage":"en-US"},{"@type":"WebPage","@id":"https:\/\/news.save.ch\/erstens-mega-deal-in-der-sicherheitsbranche\/","url":"https:\/\/news.save.ch\/erstens-mega-deal-in-der-sicherheitsbranche\/","name":"First: Mega deal in the security industry - Save","isPartOf":{"@id":"https:\/\/news.save.ch\/de\/#website"},"primaryImageOfPage":{"@id":"https:\/\/news.save.ch\/erstens-mega-deal-in-der-sicherheitsbranche\/#primaryimage"},"image":{"@id":"https:\/\/news.save.ch\/erstens-mega-deal-in-der-sicherheitsbranche\/#primaryimage"},"thumbnailUrl":"https:\/\/news.save.ch\/wp-content\/uploads\/2016\/12\/Erstens-Mega-Deal-in-der-Sicherheitsbranche_sicherheitsforum-scaled.jpg","datePublished":"2015-04-30T13:26:10+00:00","description":"Kaba Holding AG, headquartered in R\u00fcmlang, and the German family-owned company Dorma Holding want to merge. The result would be the dorma+kaba group.","breadcrumb":{"@id":"https:\/\/news.save.ch\/erstens-mega-deal-in-der-sicherheitsbranche\/#breadcrumb"},"inLanguage":"en-US","potentialAction":[{"@type":"ReadAction","target":["https:\/\/news.save.ch\/erstens-mega-deal-in-der-sicherheitsbranche\/"]}]},{"@type":"ImageObject","inLanguage":"en-US","@id":"https:\/\/news.save.ch\/erstens-mega-deal-in-der-sicherheitsbranche\/#primaryimage","url":"https:\/\/news.save.ch\/wp-content\/uploads\/2016\/12\/Erstens-Mega-Deal-in-der-Sicherheitsbranche_sicherheitsforum-scaled.jpg","contentUrl":"https:\/\/news.save.ch\/wp-content\/uploads\/2016\/12\/Erstens-Mega-Deal-in-der-Sicherheitsbranche_sicherheitsforum-scaled.jpg","width":1400,"height":932,"caption":"VR-Pr\u00e4sident der neuen Holding wird Ulrich Graf, heutiger VR-Pr\u00e4sident von Kaba."},{"@type":"BreadcrumbList","@id":"https:\/\/news.save.ch\/erstens-mega-deal-in-der-sicherheitsbranche\/#breadcrumb","itemListElement":[{"@type":"ListItem","position":1,"name":"Home","item":"https:\/\/news.save.ch\/de\/"},{"@type":"ListItem","position":2,"name":"Erstens: Mega-Deal in der Sicherheitsbranche"}]},{"@type":"WebSite","@id":"https:\/\/news.save.ch\/de\/#website","url":"https:\/\/news.save.ch\/de\/","name":"Save","description":"Swiss trade journal for safety","publisher":{"@id":"https:\/\/news.save.ch\/de\/#organization"},"potentialAction":[{"@type":"SearchAction","target":{"@type":"EntryPoint","urlTemplate":"https:\/\/news.save.ch\/de\/?s={search_term_string}"},"query-input":{"@type":"PropertyValueSpecification","valueRequired":true,"valueName":"search_term_string"}}],"inLanguage":"en-US"},{"@type":"Organization","@id":"https:\/\/news.save.ch\/de\/#organization","name":"Security Forum","url":"https:\/\/news.save.ch\/de\/","logo":{"@type":"ImageObject","inLanguage":"en-US","@id":"https:\/\/news.save.ch\/de\/#\/schema\/logo\/image\/","url":"https:\/\/news.save.ch\/wp-content\/uploads\/2022\/06\/Logo_SF_2012.png","contentUrl":"https:\/\/news.save.ch\/wp-content\/uploads\/2022\/06\/Logo_SF_2012.png","width":1100,"height":91,"caption":"Sicherheitsforum"},"image":{"@id":"https:\/\/news.save.ch\/de\/#\/schema\/logo\/image\/"}},{"@type":"Person","@id":"https:\/\/news.save.ch\/de\/#\/schema\/person\/d49e199490bad7c70d64b9ab51142f2b","name":"admin","image":{"@type":"ImageObject","inLanguage":"en-US","@id":"https:\/\/secure.gravatar.com\/avatar\/ae2f4d718e6c49043e314ce431e7e645d646302a24a5ef5a8bc8e3f5a032e319?s=96&d=mm&r=g","url":"https:\/\/secure.gravatar.com\/avatar\/ae2f4d718e6c49043e314ce431e7e645d646302a24a5ef5a8bc8e3f5a032e319?s=96&d=mm&r=g","contentUrl":"https:\/\/secure.gravatar.com\/avatar\/ae2f4d718e6c49043e314ce431e7e645d646302a24a5ef5a8bc8e3f5a032e319?s=96&d=mm&r=g","caption":"admin"},"sameAs":["https:\/\/develop.organisator.galledia.ch"],"url":"https:\/\/news.save.ch\/en\/author\/admin\/"}]}},"_links":{"self":[{"href":"https:\/\/news.save.ch\/en\/wp-json\/wp\/v2\/posts\/158","targetHints":{"allow":["GET"]}}],"collection":[{"href":"https:\/\/news.save.ch\/en\/wp-json\/wp\/v2\/posts"}],"about":[{"href":"https:\/\/news.save.ch\/en\/wp-json\/wp\/v2\/types\/post"}],"author":[{"embeddable":true,"href":"https:\/\/news.save.ch\/en\/wp-json\/wp\/v2\/users\/1"}],"replies":[{"embeddable":true,"href":"https:\/\/news.save.ch\/en\/wp-json\/wp\/v2\/comments?post=158"}],"version-history":[{"count":0,"href":"https:\/\/news.save.ch\/en\/wp-json\/wp\/v2\/posts\/158\/revisions"}],"wp:featuredmedia":[{"embeddable":true,"href":"https:\/\/news.save.ch\/en\/wp-json\/wp\/v2\/media\/159"}],"wp:attachment":[{"href":"https:\/\/news.save.ch\/en\/wp-json\/wp\/v2\/media?parent=158"}],"wp:term":[{"taxonomy":"category","embeddable":true,"href":"https:\/\/news.save.ch\/en\/wp-json\/wp\/v2\/categories?post=158"},{"taxonomy":"post_tag","embeddable":true,"href":"https:\/\/news.save.ch\/en\/wp-json\/wp\/v2\/tags?post=158"}],"curies":[{"name":"wp","href":"https:\/\/api.w.org\/{rel}","templated":true}]}}