{"id":1590,"date":"2015-09-09T11:38:13","date_gmt":"2015-09-09T09:38:13","guid":{"rendered":"https:\/\/dev.sicherheitsforum.ch\/?p=1590"},"modified":"2015-09-09T11:38:13","modified_gmt":"2015-09-09T09:38:13","slug":"kaba-gruppe-hohe-nettoliquiditaet-und-eigenkapitalquote","status":null,"type":"post","link":"https:\/\/news.save.ch\/en\/kaba-gruppe-hohe-nettoliquiditaet-und-eigenkapitalquote\/","title":{"rendered":"Kaba Group: high net liquidity and equity ratio"},"content":{"rendered":"<p><img loading=\"lazy\" decoding=\"async\" class=\"alignnone wp-image-1592 size-full\" src=\"https:\/\/news.save.ch\/wp-content\/uploads\/2016\/12\/Kaba-Gruppe-hohe-Nettoliquidit\u00e4t-und-Eigenkapitalquote-sicherheitsforum.jpg\" width=\"535\" height=\"566\" \/><\/p>\n<p>Kaba increased EBITDA by 10.2% to CHF 170.2 million (previous year: CHF 154.5 million) and the EBITDA margin was 15.7%. This was particularly noteworthy because the Group managed to compensate for the unexpected currency-related price pressure in Switzerland triggered by the strong appreciation of the Swiss franc in the second half of the financial year.<\/p>\n<p>According to the figures, net income increased by 8.3% to CHF 98.9 million (previous year: CHF 91.3 million). Earnings per share increased to Fr. 25.6 (previous year: Fr. 24.0).<\/p>\n<p><strong>Strong balance sheet<\/strong><\/p>\n<p>The Group, it says, closed the year under review with a strong balance sheet: as of June 30, 2015, total assets amounted to 734.3 million Fr. (June 30, 2014: 650.9 million Fr. *). As of June 30, 2015, the company reported net liquidity of CHF 121.2 million (June 30, 2014: CHF 35.4 million) and a high equity ratio of 60.2% (previous year: 49.7%*).<\/p>\n<p>The complete report on the 2014\/2015 financial year of Kaba Holding AG as an independent company as well as all publications on the Kaba Group can be found at <a href=\"https:\/\/www.dormakaba.com\/publications\" target=\"_blank\" data-cke-saved-href=\"https:\/\/www.dormakaba.com\/publications\" rel=\"noopener\">here <\/a>to find.<\/p>\n<p><strong>Expectations for the current fiscal year<\/strong><\/p>\n<p>According to the company, the global environment remains unstable overall. Nevertheless, the <a href=\"https:\/\/sicherheitsforum.hamster.ch\/dorma-kaba-wettbewerbsbehoerden-genehmigen-fusion\" target=\"_blank\" data-cke-saved-href=\"https:\/\/sicherheitsforum.hamster.ch\/dorma-kaba-wettbewerbsbehoerden-genehmigen-fusion\" rel=\"noopener\">merged companies<\/a> dorma+kaba believes that the economic environment in Europe is tending to be positive. This also applies to North America. The situation in Asia Pacific and other emerging markets (e.g. South America), on the other hand, is considered to be very challenging. At this early stage of the merger of the two companies, it is not possible to set concrete targets for sales and profitability. <a href=\"https:\/\/www.dorma.de\" target=\"_blank\" data-cke-saved-href=\"https:\/\/www.dorma.de\" rel=\"noopener\">Dorma <\/a>and <a href=\"https:\/\/www.kaba.com\" target=\"_blank\" data-cke-saved-href=\"https:\/\/www.kaba.com\" rel=\"noopener\">Kaba<\/a> for the current financial year cannot yet be given, as dorma+kaba Holding AG further writes.<\/p>\n<p><strong>General Meeting of October 20, 2015<\/strong><\/p>\n<p>According to the press release, the Board of Directors proposes to the Annual General Meeting a dividend of CHF 12 per share for the financial year 2014\/2015. This would correspond to a payout ratio of 50.9% of consolidated net income.<\/p>\n<p>The upcoming Annual General Meeting is the 100th Annual General Meeting of Kaba Holding AG and the 1st Annual General Meeting of the <a href=\"https:\/\/www.dormakaba.com\" target=\"_blank\" data-cke-saved-href=\"https:\/\/www.dormakaba.com\" rel=\"noopener\">dorma+kaba Holding AG<\/a>. The Board of Directors proposes the re-election of the ten members of the Board of Directors and the election of Ulrich Graf as Chairman of the Board of Directors of dorma+kaba Holding AG, according to a statement. In addition, the Board of Directors proposes the re-election of Rolf D\u00f6rig, Hans Gummert and Hans Hess to the Compensation Committee.<\/p>\n<p><em>* Kaba has applied the Swiss GAAP FER accounting standard since July 1, 2014. For reasons of comparability, the prior year figures have been restated. With the changeover, goodwill and other intangible assets from acquisitions were offset against equity. This resulted in a reduction of the balance sheet and a lower equity ratio as of June 30, 2014.<\/em><\/p>","protected":false},"excerpt":{"rendered":"<p>Kaba steigerte das EBITDA um 10,2% auf 170,2 Mio. Fr. (Vorjahr: 154,5 Mio. Fr.) und die EBITDA-Marge lag bei 15,7%. Dies sei vor allem deshalb hervorzuheben, da es der Gruppe gelungen sei, den unerwarteten w\u00e4hrungsbedingten Preisdruck in der Schweiz zu kompensieren, der durch die starke Aufwertung des Schweizer Franken in der zweiten H\u00e4lfte des Gesch\u00e4ftsjahres [&hellip;]<\/p>\n","protected":false},"author":1,"featured_media":1592,"comment_status":"open","ping_status":"open","sticky":false,"template":"","format":"standard","meta":{"_acf_changed":false,"pgc_sgb_lightbox_settings":"","footnotes":""},"categories":[1],"tags":[65],"class_list":["post-1590","post","type-post","status-publish","format-standard","has-post-thumbnail","hentry","category-allgemein","tag-unternehmen"],"acf":[],"hkrextid":null,"publication":null,"issue":null,"workflow":null,"startPage":null,"spitzmarke":null,"_posts_by_tag_page_fields":{"widget_title":"","widget_tags":""},"_at_widget":"1","_yoast_wpseo_primary_category":"1","_yoast_wpseo_focuskw_text_input":"Kaba-Gruppe","_yoast_wpseo_opengraph-image":"https:\/\/news.save.ch\/wp-content\/uploads\/2016\/12\/Kaba-Gruppe-hohe-Nettoliquidit\u00e4t-und-Eigenkapitalquote-sicherheitsforum.jpg","_yoast_wpseo_opengraph-description":"Die Kaba-Gruppe schliesst das Gesch\u00e4ftsjahr 2014\/2015 mit \u00fcberaus guten Ergebnissen ab, wie das Unternehmen heute mitgeteilt hat. Der konsolidierte Umsatz konnte um 8,1% gesteigert werden und lag mit 1085,2 Mio. Fr. erneut bei \u00fcber einer Milliarde. Organisch in Lokalw\u00e4hrungen sei es gelungen, den Umsatz um 5,4% zu erh\u00f6hen. Alle vier Divisionen lieferten einen positiven Beitrag hierzu, wie es ferner heisst.","_yoast_wpseo_opengraph-title":"Kaba-Gruppe: hohe Nettoliquidit\u00e4t und Eigenkapitalquote","enclosure":null,"_yoast_wpseo_twitter-title":null,"_yoast_wpseo_twitter-description":null,"_yoast_wpseo_twitter-image":null,"_wp_old_slug":null,"_yoast_wpseo_title":null,"_yoast_wpseo_canonical":null,"yoast_head":"<!-- This site is optimized with the Yoast SEO plugin v27.5 - https:\/\/yoast.com\/product\/yoast-seo-wordpress\/ -->\n<title>Kaba-Gruppe: hohe Nettoliquidit\u00e4t und Eigenkapitalquote - Save<\/title>\n<meta name=\"description\" content=\"Die Kaba-Gruppe schliesst das Gesch\u00e4ftsjahr 2014\/2015 mit \u00fcberaus guten Ergebnissen ab, wie das Unternehmen heute mitgeteilt hat.\" \/>\n<meta name=\"robots\" content=\"index, follow, max-snippet:-1, max-image-preview:large, max-video-preview:-1\" \/>\n<link rel=\"canonical\" href=\"https:\/\/news.save.ch\/en\/kaba-gruppe-hohe-nettoliquiditaet-und-eigenkapitalquote\/\" \/>\n<meta property=\"og:locale\" content=\"en_US\" \/>\n<meta property=\"og:type\" content=\"article\" \/>\n<meta property=\"og:title\" content=\"Kaba-Gruppe: hohe Nettoliquidit\u00e4t und Eigenkapitalquote\" \/>\n<meta property=\"og:description\" content=\"Die Kaba-Gruppe schliesst das Gesch\u00e4ftsjahr 2014\/2015 mit \u00fcberaus guten Ergebnissen ab, wie das Unternehmen heute mitgeteilt hat. Der konsolidierte Umsatz konnte um 8,1% gesteigert werden und lag mit 1085,2 Mio. Fr. erneut bei \u00fcber einer Milliarde. Organisch in Lokalw\u00e4hrungen sei es gelungen, den Umsatz um 5,4% zu erh\u00f6hen. Alle vier Divisionen lieferten einen positiven Beitrag hierzu, wie es ferner heisst.\" \/>\n<meta property=\"og:url\" content=\"https:\/\/news.save.ch\/en\/kaba-gruppe-hohe-nettoliquiditaet-und-eigenkapitalquote\/\" \/>\n<meta property=\"og:site_name\" content=\"Save\" \/>\n<meta property=\"article:published_time\" content=\"2015-09-09T09:38:13+00:00\" \/>\n<meta property=\"og:image\" content=\"https:\/\/news.save.ch\/wp-content\/uploads\/2016\/12\/Kaba-Gruppe-hohe-Nettoliquidit\u00e4t-und-Eigenkapitalquote-sicherheitsforum.jpg\" \/>\n<meta name=\"author\" content=\"admin\" \/>\n<meta name=\"twitter:card\" content=\"summary_large_image\" \/>\n<meta name=\"twitter:label1\" content=\"Written by\" \/>\n\t<meta name=\"twitter:data1\" content=\"admin\" \/>\n\t<meta name=\"twitter:label2\" content=\"Est. reading time\" \/>\n\t<meta name=\"twitter:data2\" content=\"2 minutes\" \/>\n<script type=\"application\/ld+json\" class=\"yoast-schema-graph\">{\"@context\":\"https:\\\/\\\/schema.org\",\"@graph\":[{\"@type\":\"Article\",\"@id\":\"https:\\\/\\\/news.save.ch\\\/kaba-gruppe-hohe-nettoliquiditaet-und-eigenkapitalquote\\\/#article\",\"isPartOf\":{\"@id\":\"https:\\\/\\\/news.save.ch\\\/kaba-gruppe-hohe-nettoliquiditaet-und-eigenkapitalquote\\\/\"},\"author\":{\"name\":\"admin\",\"@id\":\"https:\\\/\\\/news.save.ch\\\/de\\\/#\\\/schema\\\/person\\\/d49e199490bad7c70d64b9ab51142f2b\"},\"headline\":\"Kaba-Gruppe: hohe Nettoliquidit\u00e4t und Eigenkapitalquote\",\"datePublished\":\"2015-09-09T09:38:13+00:00\",\"mainEntityOfPage\":{\"@id\":\"https:\\\/\\\/news.save.ch\\\/kaba-gruppe-hohe-nettoliquiditaet-und-eigenkapitalquote\\\/\"},\"wordCount\":408,\"commentCount\":0,\"publisher\":{\"@id\":\"https:\\\/\\\/news.save.ch\\\/de\\\/#organization\"},\"image\":{\"@id\":\"https:\\\/\\\/news.save.ch\\\/kaba-gruppe-hohe-nettoliquiditaet-und-eigenkapitalquote\\\/#primaryimage\"},\"thumbnailUrl\":\"https:\\\/\\\/news.save.ch\\\/wp-content\\\/uploads\\\/2016\\\/12\\\/Kaba-Gruppe-hohe-Nettoliquiditaet-und-Eigenkapitalquote-sicherheitsforum.jpg\",\"keywords\":[\"Unternehmen\"],\"articleSection\":[\"ALLGEMEIN\"],\"inLanguage\":\"en-US\"},{\"@type\":\"WebPage\",\"@id\":\"https:\\\/\\\/news.save.ch\\\/kaba-gruppe-hohe-nettoliquiditaet-und-eigenkapitalquote\\\/\",\"url\":\"https:\\\/\\\/news.save.ch\\\/kaba-gruppe-hohe-nettoliquiditaet-und-eigenkapitalquote\\\/\",\"name\":\"Kaba-Gruppe: hohe Nettoliquidit\u00e4t und Eigenkapitalquote - Save\",\"isPartOf\":{\"@id\":\"https:\\\/\\\/news.save.ch\\\/de\\\/#website\"},\"primaryImageOfPage\":{\"@id\":\"https:\\\/\\\/news.save.ch\\\/kaba-gruppe-hohe-nettoliquiditaet-und-eigenkapitalquote\\\/#primaryimage\"},\"image\":{\"@id\":\"https:\\\/\\\/news.save.ch\\\/kaba-gruppe-hohe-nettoliquiditaet-und-eigenkapitalquote\\\/#primaryimage\"},\"thumbnailUrl\":\"https:\\\/\\\/news.save.ch\\\/wp-content\\\/uploads\\\/2016\\\/12\\\/Kaba-Gruppe-hohe-Nettoliquiditaet-und-Eigenkapitalquote-sicherheitsforum.jpg\",\"datePublished\":\"2015-09-09T09:38:13+00:00\",\"description\":\"Die Kaba-Gruppe schliesst das Gesch\u00e4ftsjahr 2014\\\/2015 mit \u00fcberaus guten Ergebnissen ab, wie das Unternehmen heute mitgeteilt hat.\",\"breadcrumb\":{\"@id\":\"https:\\\/\\\/news.save.ch\\\/kaba-gruppe-hohe-nettoliquiditaet-und-eigenkapitalquote\\\/#breadcrumb\"},\"inLanguage\":\"en-US\",\"potentialAction\":[{\"@type\":\"ReadAction\",\"target\":[\"https:\\\/\\\/news.save.ch\\\/kaba-gruppe-hohe-nettoliquiditaet-und-eigenkapitalquote\\\/\"]}]},{\"@type\":\"ImageObject\",\"inLanguage\":\"en-US\",\"@id\":\"https:\\\/\\\/news.save.ch\\\/kaba-gruppe-hohe-nettoliquiditaet-und-eigenkapitalquote\\\/#primaryimage\",\"url\":\"https:\\\/\\\/news.save.ch\\\/wp-content\\\/uploads\\\/2016\\\/12\\\/Kaba-Gruppe-hohe-Nettoliquiditaet-und-Eigenkapitalquote-sicherheitsforum.jpg\",\"contentUrl\":\"https:\\\/\\\/news.save.ch\\\/wp-content\\\/uploads\\\/2016\\\/12\\\/Kaba-Gruppe-hohe-Nettoliquiditaet-und-Eigenkapitalquote-sicherheitsforum.jpg\",\"width\":535,\"height\":566},{\"@type\":\"BreadcrumbList\",\"@id\":\"https:\\\/\\\/news.save.ch\\\/kaba-gruppe-hohe-nettoliquiditaet-und-eigenkapitalquote\\\/#breadcrumb\",\"itemListElement\":[{\"@type\":\"ListItem\",\"position\":1,\"name\":\"Home\",\"item\":\"https:\\\/\\\/news.save.ch\\\/de\\\/\"},{\"@type\":\"ListItem\",\"position\":2,\"name\":\"Kaba-Gruppe: hohe Nettoliquidit\u00e4t und Eigenkapitalquote\"}]},{\"@type\":\"WebSite\",\"@id\":\"https:\\\/\\\/news.save.ch\\\/de\\\/#website\",\"url\":\"https:\\\/\\\/news.save.ch\\\/de\\\/\",\"name\":\"Save\",\"description\":\"Schweizer Fachzeitschrift f\u00fcr Sicherheit\",\"publisher\":{\"@id\":\"https:\\\/\\\/news.save.ch\\\/de\\\/#organization\"},\"potentialAction\":[{\"@type\":\"SearchAction\",\"target\":{\"@type\":\"EntryPoint\",\"urlTemplate\":\"https:\\\/\\\/news.save.ch\\\/de\\\/?s={search_term_string}\"},\"query-input\":{\"@type\":\"PropertyValueSpecification\",\"valueRequired\":true,\"valueName\":\"search_term_string\"}}],\"inLanguage\":\"en-US\"},{\"@type\":\"Organization\",\"@id\":\"https:\\\/\\\/news.save.ch\\\/de\\\/#organization\",\"name\":\"Sicherheitsforum\",\"url\":\"https:\\\/\\\/news.save.ch\\\/de\\\/\",\"logo\":{\"@type\":\"ImageObject\",\"inLanguage\":\"en-US\",\"@id\":\"https:\\\/\\\/news.save.ch\\\/de\\\/#\\\/schema\\\/logo\\\/image\\\/\",\"url\":\"https:\\\/\\\/news.save.ch\\\/wp-content\\\/uploads\\\/2022\\\/06\\\/Logo_SF_2012.png\",\"contentUrl\":\"https:\\\/\\\/news.save.ch\\\/wp-content\\\/uploads\\\/2022\\\/06\\\/Logo_SF_2012.png\",\"width\":1100,\"height\":91,\"caption\":\"Sicherheitsforum\"},\"image\":{\"@id\":\"https:\\\/\\\/news.save.ch\\\/de\\\/#\\\/schema\\\/logo\\\/image\\\/\"}},{\"@type\":\"Person\",\"@id\":\"https:\\\/\\\/news.save.ch\\\/de\\\/#\\\/schema\\\/person\\\/d49e199490bad7c70d64b9ab51142f2b\",\"name\":\"admin\",\"image\":{\"@type\":\"ImageObject\",\"inLanguage\":\"en-US\",\"@id\":\"https:\\\/\\\/secure.gravatar.com\\\/avatar\\\/ae2f4d718e6c49043e314ce431e7e645d646302a24a5ef5a8bc8e3f5a032e319?s=96&d=mm&r=g\",\"url\":\"https:\\\/\\\/secure.gravatar.com\\\/avatar\\\/ae2f4d718e6c49043e314ce431e7e645d646302a24a5ef5a8bc8e3f5a032e319?s=96&d=mm&r=g\",\"contentUrl\":\"https:\\\/\\\/secure.gravatar.com\\\/avatar\\\/ae2f4d718e6c49043e314ce431e7e645d646302a24a5ef5a8bc8e3f5a032e319?s=96&d=mm&r=g\",\"caption\":\"admin\"},\"sameAs\":[\"https:\\\/\\\/develop.organisator.galledia.ch\"],\"url\":\"https:\\\/\\\/news.save.ch\\\/en\\\/author\\\/admin\\\/\"}]}<\/script>\n<!-- \/ Yoast SEO plugin. -->","yoast_head_json":{"title":"Kaba Group: high net liquidity and equity ratio - Save","description":"The Kaba Group closed the 2014\/2015 financial year with extremely good results, the company announced today.","robots":{"index":"index","follow":"follow","max-snippet":"max-snippet:-1","max-image-preview":"max-image-preview:large","max-video-preview":"max-video-preview:-1"},"canonical":"https:\/\/news.save.ch\/en\/kaba-gruppe-hohe-nettoliquiditaet-und-eigenkapitalquote\/","og_locale":"en_US","og_type":"article","og_title":"Kaba-Gruppe: hohe Nettoliquidit\u00e4t und Eigenkapitalquote","og_description":"Die Kaba-Gruppe schliesst das Gesch\u00e4ftsjahr 2014\/2015 mit \u00fcberaus guten Ergebnissen ab, wie das Unternehmen heute mitgeteilt hat. Der konsolidierte Umsatz konnte um 8,1% gesteigert werden und lag mit 1085,2 Mio. Fr. erneut bei \u00fcber einer Milliarde. Organisch in Lokalw\u00e4hrungen sei es gelungen, den Umsatz um 5,4% zu erh\u00f6hen. Alle vier Divisionen lieferten einen positiven Beitrag hierzu, wie es ferner heisst.","og_url":"https:\/\/news.save.ch\/en\/kaba-gruppe-hohe-nettoliquiditaet-und-eigenkapitalquote\/","og_site_name":"Save","article_published_time":"2015-09-09T09:38:13+00:00","og_image":[{"url":"https:\/\/news.save.ch\/wp-content\/uploads\/2016\/12\/Kaba-Gruppe-hohe-Nettoliquidit\u00e4t-und-Eigenkapitalquote-sicherheitsforum.jpg","type":"","width":"","height":""}],"author":"admin","twitter_card":"summary_large_image","twitter_misc":{"Written by":"admin","Est. reading time":"2 minutes"},"schema":{"@context":"https:\/\/schema.org","@graph":[{"@type":"Article","@id":"https:\/\/news.save.ch\/kaba-gruppe-hohe-nettoliquiditaet-und-eigenkapitalquote\/#article","isPartOf":{"@id":"https:\/\/news.save.ch\/kaba-gruppe-hohe-nettoliquiditaet-und-eigenkapitalquote\/"},"author":{"name":"admin","@id":"https:\/\/news.save.ch\/de\/#\/schema\/person\/d49e199490bad7c70d64b9ab51142f2b"},"headline":"Kaba-Gruppe: hohe Nettoliquidit\u00e4t und Eigenkapitalquote","datePublished":"2015-09-09T09:38:13+00:00","mainEntityOfPage":{"@id":"https:\/\/news.save.ch\/kaba-gruppe-hohe-nettoliquiditaet-und-eigenkapitalquote\/"},"wordCount":408,"commentCount":0,"publisher":{"@id":"https:\/\/news.save.ch\/de\/#organization"},"image":{"@id":"https:\/\/news.save.ch\/kaba-gruppe-hohe-nettoliquiditaet-und-eigenkapitalquote\/#primaryimage"},"thumbnailUrl":"https:\/\/news.save.ch\/wp-content\/uploads\/2016\/12\/Kaba-Gruppe-hohe-Nettoliquiditaet-und-Eigenkapitalquote-sicherheitsforum.jpg","keywords":["Unternehmen"],"articleSection":["ALLGEMEIN"],"inLanguage":"en-US"},{"@type":"WebPage","@id":"https:\/\/news.save.ch\/kaba-gruppe-hohe-nettoliquiditaet-und-eigenkapitalquote\/","url":"https:\/\/news.save.ch\/kaba-gruppe-hohe-nettoliquiditaet-und-eigenkapitalquote\/","name":"Kaba Group: high net liquidity and equity ratio - Save","isPartOf":{"@id":"https:\/\/news.save.ch\/de\/#website"},"primaryImageOfPage":{"@id":"https:\/\/news.save.ch\/kaba-gruppe-hohe-nettoliquiditaet-und-eigenkapitalquote\/#primaryimage"},"image":{"@id":"https:\/\/news.save.ch\/kaba-gruppe-hohe-nettoliquiditaet-und-eigenkapitalquote\/#primaryimage"},"thumbnailUrl":"https:\/\/news.save.ch\/wp-content\/uploads\/2016\/12\/Kaba-Gruppe-hohe-Nettoliquiditaet-und-Eigenkapitalquote-sicherheitsforum.jpg","datePublished":"2015-09-09T09:38:13+00:00","description":"The Kaba Group closed the 2014\/2015 financial year with extremely good results, the company announced today.","breadcrumb":{"@id":"https:\/\/news.save.ch\/kaba-gruppe-hohe-nettoliquiditaet-und-eigenkapitalquote\/#breadcrumb"},"inLanguage":"en-US","potentialAction":[{"@type":"ReadAction","target":["https:\/\/news.save.ch\/kaba-gruppe-hohe-nettoliquiditaet-und-eigenkapitalquote\/"]}]},{"@type":"ImageObject","inLanguage":"en-US","@id":"https:\/\/news.save.ch\/kaba-gruppe-hohe-nettoliquiditaet-und-eigenkapitalquote\/#primaryimage","url":"https:\/\/news.save.ch\/wp-content\/uploads\/2016\/12\/Kaba-Gruppe-hohe-Nettoliquiditaet-und-Eigenkapitalquote-sicherheitsforum.jpg","contentUrl":"https:\/\/news.save.ch\/wp-content\/uploads\/2016\/12\/Kaba-Gruppe-hohe-Nettoliquiditaet-und-Eigenkapitalquote-sicherheitsforum.jpg","width":535,"height":566},{"@type":"BreadcrumbList","@id":"https:\/\/news.save.ch\/kaba-gruppe-hohe-nettoliquiditaet-und-eigenkapitalquote\/#breadcrumb","itemListElement":[{"@type":"ListItem","position":1,"name":"Home","item":"https:\/\/news.save.ch\/de\/"},{"@type":"ListItem","position":2,"name":"Kaba-Gruppe: hohe Nettoliquidit\u00e4t und Eigenkapitalquote"}]},{"@type":"WebSite","@id":"https:\/\/news.save.ch\/de\/#website","url":"https:\/\/news.save.ch\/de\/","name":"Save","description":"Swiss trade journal for safety","publisher":{"@id":"https:\/\/news.save.ch\/de\/#organization"},"potentialAction":[{"@type":"SearchAction","target":{"@type":"EntryPoint","urlTemplate":"https:\/\/news.save.ch\/de\/?s={search_term_string}"},"query-input":{"@type":"PropertyValueSpecification","valueRequired":true,"valueName":"search_term_string"}}],"inLanguage":"en-US"},{"@type":"Organization","@id":"https:\/\/news.save.ch\/de\/#organization","name":"Security Forum","url":"https:\/\/news.save.ch\/de\/","logo":{"@type":"ImageObject","inLanguage":"en-US","@id":"https:\/\/news.save.ch\/de\/#\/schema\/logo\/image\/","url":"https:\/\/news.save.ch\/wp-content\/uploads\/2022\/06\/Logo_SF_2012.png","contentUrl":"https:\/\/news.save.ch\/wp-content\/uploads\/2022\/06\/Logo_SF_2012.png","width":1100,"height":91,"caption":"Sicherheitsforum"},"image":{"@id":"https:\/\/news.save.ch\/de\/#\/schema\/logo\/image\/"}},{"@type":"Person","@id":"https:\/\/news.save.ch\/de\/#\/schema\/person\/d49e199490bad7c70d64b9ab51142f2b","name":"admin","image":{"@type":"ImageObject","inLanguage":"en-US","@id":"https:\/\/secure.gravatar.com\/avatar\/ae2f4d718e6c49043e314ce431e7e645d646302a24a5ef5a8bc8e3f5a032e319?s=96&d=mm&r=g","url":"https:\/\/secure.gravatar.com\/avatar\/ae2f4d718e6c49043e314ce431e7e645d646302a24a5ef5a8bc8e3f5a032e319?s=96&d=mm&r=g","contentUrl":"https:\/\/secure.gravatar.com\/avatar\/ae2f4d718e6c49043e314ce431e7e645d646302a24a5ef5a8bc8e3f5a032e319?s=96&d=mm&r=g","caption":"admin"},"sameAs":["https:\/\/develop.organisator.galledia.ch"],"url":"https:\/\/news.save.ch\/en\/author\/admin\/"}]}},"_links":{"self":[{"href":"https:\/\/news.save.ch\/en\/wp-json\/wp\/v2\/posts\/1590","targetHints":{"allow":["GET"]}}],"collection":[{"href":"https:\/\/news.save.ch\/en\/wp-json\/wp\/v2\/posts"}],"about":[{"href":"https:\/\/news.save.ch\/en\/wp-json\/wp\/v2\/types\/post"}],"author":[{"embeddable":true,"href":"https:\/\/news.save.ch\/en\/wp-json\/wp\/v2\/users\/1"}],"replies":[{"embeddable":true,"href":"https:\/\/news.save.ch\/en\/wp-json\/wp\/v2\/comments?post=1590"}],"version-history":[{"count":0,"href":"https:\/\/news.save.ch\/en\/wp-json\/wp\/v2\/posts\/1590\/revisions"}],"wp:featuredmedia":[{"embeddable":true,"href":"https:\/\/news.save.ch\/en\/wp-json\/wp\/v2\/media\/1592"}],"wp:attachment":[{"href":"https:\/\/news.save.ch\/en\/wp-json\/wp\/v2\/media?parent=1590"}],"wp:term":[{"taxonomy":"category","embeddable":true,"href":"https:\/\/news.save.ch\/en\/wp-json\/wp\/v2\/categories?post=1590"},{"taxonomy":"post_tag","embeddable":true,"href":"https:\/\/news.save.ch\/en\/wp-json\/wp\/v2\/tags?post=1590"}],"curies":[{"name":"wp","href":"https:\/\/api.w.org\/{rel}","templated":true}]}}