{"id":1661,"date":"2015-08-25T12:04:18","date_gmt":"2015-08-25T10:04:18","guid":{"rendered":"https:\/\/dev.sicherheitsforum.ch\/?p=1661"},"modified":"2015-08-25T12:04:18","modified_gmt":"2015-08-25T10:04:18","slug":"sonderschau-risikomanagement-von-naturgefahren","status":null,"type":"post","link":"https:\/\/news.save.ch\/en\/sonderschau-risikomanagement-von-naturgefahren\/","title":{"rendered":"Special show \"Risk management of natural hazards"},"content":{"rendered":"<p><img loading=\"lazy\" decoding=\"async\" class=\"alignnone size-medium wp-image-1663\" src=\"https:\/\/sicherheitsforum.ch\/wp-content\/uploads\/2016\/12\/Sonderschau-&quot;Risk-management-of-natural-hazards&quot;-safety-forum.jpg\" alt=\"\" width=\"680\" height=\"418\" \/><\/p>\n<p>Dealing with natural hazards is becoming increasingly important. Therefore, this year's special show will again be led by top-class speakers who will shed light on hazards and risks as well as prevention and intervention. Current topics such as risk-based handling of floods, adaptation to climate change or even protection against natural hazards will be presented with case studies from practice. In addition, officials from all levels will report on findings and lessons learned from the severe weather operation in Emmental in 2014 in a panel discussion. The presence of natural hazard experts promises knowledge transfer from practice and enables exchange at the highest level. In particular, safety officers of companies will find this forum the ideal entry point to talk to partners from authorities, research and practice both for the site check and regarding possible measures to limit risks. The two associations VKF (Vereinigung Kantonaler Feuerversicherungen) and SIA (Schweizerischer Ingenieur- und Architektenverein) support the forum and the main topics \"Protection of buildings against natural hazards\".<\/p>\n<p>Service providers and product manufacturers are represented in the exhibition area around the forum. In this way, solutions can be found for all the topics covered. The conception and organization of the special show is under the direction of Egli Engineering AG and will take place in Hall 6. Participation in the presentations is free of charge for all visitors to the exhibition.<\/p>\n<p>The fair offers a comprehensive picture of the security industry and its developments. All information about SICHERHEIT, the <a title=\"directly to the congress\" href=\"https:\/\/www.save.ch\/notfall\/sicherheits-fachkongress-2015-11-10-bis-13\/\" target=\"_blank\" data-cke-saved-href=\"https:\/\/www.save.ch\/notfall\/sicherheits-fachkongress-2015-11-10-bis-13\/\" rel=\"noopener\">Trade congress<\/a> and to the special show as well as the current programs are <a href=\"https:\/\/www.sicherheit-messe.ch\" target=\"_blank\" data-cke-saved-href=\"https:\/\/www.sicherheit-messe.ch\" rel=\"noopener\">here<\/a> available.<\/p>","protected":false},"excerpt":{"rendered":"<p>Der Umgang mit Naturgefahren wird immer wichtiger. Daher wird die Sonderschau auch dieses Jahr wieder von hochkar\u00e4tigen Referenten geleitet, die sowohl die Gef\u00e4hrdung und Risiken als auch die Pr\u00e4vention und Intervention beleuchten. Aktuelle Themen wie Risikobasierter Umgang mit Hochwasser, Anpassung an den Klimawandel oder auch Schutz vor Naturgefahren werden mit Fallbeispielen aus der Praxis pr\u00e4sentiert. [&hellip;]<\/p>\n","protected":false},"author":1,"featured_media":1663,"comment_status":"open","ping_status":"open","sticky":false,"template":"","format":"standard","meta":{"_acf_changed":false,"pgc_sgb_lightbox_settings":"","footnotes":""},"categories":[1],"tags":[109,170],"class_list":["post-1661","post","type-post","status-publish","format-standard","has-post-thumbnail","hentry","category-allgemein","tag-aus-und-weiterbildung","tag-naturgefahren"],"acf":[],"hkrextid":null,"publication":null,"issue":null,"workflow":null,"startPage":null,"spitzmarke":null,"_posts_by_tag_page_fields":{"widget_title":"","widget_tags":""},"_at_widget":"1","_yoast_wpseo_primary_category":"1","_yoast_wpseo_focuskw_text_input":"Naturgefahren","_yoast_wpseo_opengraph-image":"https:\/\/sicherheitsforum.ch\/wp-content\/uploads\/2016\/12\/Sonderschau-\u201eRisikomanagement-von-Naturgefahren\u201c-sicherheitsforum.jpg","_yoast_wpseo_opengraph-description":"An der nationalen Fachmesse SICHERHEIT in Z\u00fcrich wird der Fokus der Sonderschau erneut auf \u201eRisikomanagement von Naturgefahren\u201c gelegt. Somit bietet der Anlass vom 10. bis 13. November 2015 eine ideale Plattform f\u00fcr den Austausch zwischen Gefahrenexperten und Sicherheitsbeauftragten, wie die Veranstalter schreiben.","_yoast_wpseo_opengraph-title":"Sonderschau \u201eRisikomanagement von Naturgefahren\u201c","enclosure":null,"_yoast_wpseo_twitter-title":null,"_yoast_wpseo_twitter-description":null,"_yoast_wpseo_twitter-image":null,"_wp_old_slug":null,"_yoast_wpseo_title":null,"_yoast_wpseo_canonical":null,"yoast_head":"<!-- This site is optimized with the Yoast SEO plugin v27.5 - https:\/\/yoast.com\/product\/yoast-seo-wordpress\/ -->\n<title>Sonderschau \u201eRisikomanagement von Naturgefahren\u201c - Save<\/title>\n<meta name=\"description\" content=\"An der nationalen Fachmesse SICHERHEIT in Z\u00fcrich wird der Fokus der Sonderschau auf \u201eRisikomanagement von Naturgefahren\u201c gelegt.\" \/>\n<meta name=\"robots\" content=\"index, follow, max-snippet:-1, max-image-preview:large, max-video-preview:-1\" \/>\n<link rel=\"canonical\" href=\"https:\/\/news.save.ch\/en\/sonderschau-risikomanagement-von-naturgefahren\/\" \/>\n<meta property=\"og:locale\" content=\"en_US\" \/>\n<meta property=\"og:type\" content=\"article\" \/>\n<meta property=\"og:title\" content=\"Sonderschau \u201eRisikomanagement von Naturgefahren\u201c\" \/>\n<meta property=\"og:description\" content=\"An der nationalen Fachmesse SICHERHEIT in Z\u00fcrich wird der Fokus der Sonderschau erneut auf \u201eRisikomanagement von Naturgefahren\u201c gelegt. Somit bietet der Anlass vom 10. bis 13. November 2015 eine ideale Plattform f\u00fcr den Austausch zwischen Gefahrenexperten und Sicherheitsbeauftragten, wie die Veranstalter schreiben.\" \/>\n<meta property=\"og:url\" content=\"https:\/\/news.save.ch\/en\/sonderschau-risikomanagement-von-naturgefahren\/\" \/>\n<meta property=\"og:site_name\" content=\"Save\" \/>\n<meta property=\"article:published_time\" content=\"2015-08-25T10:04:18+00:00\" \/>\n<meta property=\"og:image\" content=\"https:\/\/sicherheitsforum.ch\/wp-content\/uploads\/2016\/12\/Sonderschau-\u201eRisikomanagement-von-Naturgefahren\u201c-sicherheitsforum.jpg\" \/>\n<meta name=\"author\" content=\"admin\" \/>\n<meta name=\"twitter:card\" content=\"summary_large_image\" \/>\n<meta name=\"twitter:label1\" content=\"Written by\" \/>\n\t<meta name=\"twitter:data1\" content=\"admin\" \/>\n\t<meta name=\"twitter:label2\" content=\"Est. reading time\" \/>\n\t<meta name=\"twitter:data2\" content=\"1 minute\" \/>\n<script type=\"application\/ld+json\" class=\"yoast-schema-graph\">{\"@context\":\"https:\\\/\\\/schema.org\",\"@graph\":[{\"@type\":\"Article\",\"@id\":\"https:\\\/\\\/news.save.ch\\\/sonderschau-risikomanagement-von-naturgefahren\\\/#article\",\"isPartOf\":{\"@id\":\"https:\\\/\\\/news.save.ch\\\/sonderschau-risikomanagement-von-naturgefahren\\\/\"},\"author\":{\"name\":\"admin\",\"@id\":\"https:\\\/\\\/news.save.ch\\\/de\\\/#\\\/schema\\\/person\\\/d49e199490bad7c70d64b9ab51142f2b\"},\"headline\":\"Sonderschau \u201eRisikomanagement von Naturgefahren\u201c\",\"datePublished\":\"2015-08-25T10:04:18+00:00\",\"mainEntityOfPage\":{\"@id\":\"https:\\\/\\\/news.save.ch\\\/sonderschau-risikomanagement-von-naturgefahren\\\/\"},\"wordCount\":250,\"commentCount\":0,\"publisher\":{\"@id\":\"https:\\\/\\\/news.save.ch\\\/de\\\/#organization\"},\"image\":{\"@id\":\"https:\\\/\\\/news.save.ch\\\/sonderschau-risikomanagement-von-naturgefahren\\\/#primaryimage\"},\"thumbnailUrl\":\"https:\\\/\\\/news.save.ch\\\/wp-content\\\/uploads\\\/2016\\\/12\\\/Sonderschau-\u201eRisikomanagement-von-Naturgefahren-sicherheitsforum-scaled.jpg\",\"keywords\":[\"Aus- und Weiterbildung\",\"Naturgefahren\"],\"articleSection\":[\"ALLGEMEIN\"],\"inLanguage\":\"en-US\"},{\"@type\":\"WebPage\",\"@id\":\"https:\\\/\\\/news.save.ch\\\/sonderschau-risikomanagement-von-naturgefahren\\\/\",\"url\":\"https:\\\/\\\/news.save.ch\\\/sonderschau-risikomanagement-von-naturgefahren\\\/\",\"name\":\"Sonderschau \u201eRisikomanagement von Naturgefahren\u201c - Save\",\"isPartOf\":{\"@id\":\"https:\\\/\\\/news.save.ch\\\/de\\\/#website\"},\"primaryImageOfPage\":{\"@id\":\"https:\\\/\\\/news.save.ch\\\/sonderschau-risikomanagement-von-naturgefahren\\\/#primaryimage\"},\"image\":{\"@id\":\"https:\\\/\\\/news.save.ch\\\/sonderschau-risikomanagement-von-naturgefahren\\\/#primaryimage\"},\"thumbnailUrl\":\"https:\\\/\\\/news.save.ch\\\/wp-content\\\/uploads\\\/2016\\\/12\\\/Sonderschau-\u201eRisikomanagement-von-Naturgefahren-sicherheitsforum-scaled.jpg\",\"datePublished\":\"2015-08-25T10:04:18+00:00\",\"description\":\"An der nationalen Fachmesse SICHERHEIT in Z\u00fcrich wird der Fokus der Sonderschau auf \u201eRisikomanagement von Naturgefahren\u201c gelegt.\",\"breadcrumb\":{\"@id\":\"https:\\\/\\\/news.save.ch\\\/sonderschau-risikomanagement-von-naturgefahren\\\/#breadcrumb\"},\"inLanguage\":\"en-US\",\"potentialAction\":[{\"@type\":\"ReadAction\",\"target\":[\"https:\\\/\\\/news.save.ch\\\/sonderschau-risikomanagement-von-naturgefahren\\\/\"]}]},{\"@type\":\"ImageObject\",\"inLanguage\":\"en-US\",\"@id\":\"https:\\\/\\\/news.save.ch\\\/sonderschau-risikomanagement-von-naturgefahren\\\/#primaryimage\",\"url\":\"https:\\\/\\\/news.save.ch\\\/wp-content\\\/uploads\\\/2016\\\/12\\\/Sonderschau-\u201eRisikomanagement-von-Naturgefahren-sicherheitsforum-scaled.jpg\",\"contentUrl\":\"https:\\\/\\\/news.save.ch\\\/wp-content\\\/uploads\\\/2016\\\/12\\\/Sonderschau-\u201eRisikomanagement-von-Naturgefahren-sicherheitsforum-scaled.jpg\",\"width\":1400,\"height\":860},{\"@type\":\"BreadcrumbList\",\"@id\":\"https:\\\/\\\/news.save.ch\\\/sonderschau-risikomanagement-von-naturgefahren\\\/#breadcrumb\",\"itemListElement\":[{\"@type\":\"ListItem\",\"position\":1,\"name\":\"Home\",\"item\":\"https:\\\/\\\/news.save.ch\\\/de\\\/\"},{\"@type\":\"ListItem\",\"position\":2,\"name\":\"Sonderschau \u201eRisikomanagement von Naturgefahren\u201c\"}]},{\"@type\":\"WebSite\",\"@id\":\"https:\\\/\\\/news.save.ch\\\/de\\\/#website\",\"url\":\"https:\\\/\\\/news.save.ch\\\/de\\\/\",\"name\":\"Save\",\"description\":\"Schweizer Fachzeitschrift f\u00fcr Sicherheit\",\"publisher\":{\"@id\":\"https:\\\/\\\/news.save.ch\\\/de\\\/#organization\"},\"potentialAction\":[{\"@type\":\"SearchAction\",\"target\":{\"@type\":\"EntryPoint\",\"urlTemplate\":\"https:\\\/\\\/news.save.ch\\\/de\\\/?s={search_term_string}\"},\"query-input\":{\"@type\":\"PropertyValueSpecification\",\"valueRequired\":true,\"valueName\":\"search_term_string\"}}],\"inLanguage\":\"en-US\"},{\"@type\":\"Organization\",\"@id\":\"https:\\\/\\\/news.save.ch\\\/de\\\/#organization\",\"name\":\"Sicherheitsforum\",\"url\":\"https:\\\/\\\/news.save.ch\\\/de\\\/\",\"logo\":{\"@type\":\"ImageObject\",\"inLanguage\":\"en-US\",\"@id\":\"https:\\\/\\\/news.save.ch\\\/de\\\/#\\\/schema\\\/logo\\\/image\\\/\",\"url\":\"https:\\\/\\\/news.save.ch\\\/wp-content\\\/uploads\\\/2022\\\/06\\\/Logo_SF_2012.png\",\"contentUrl\":\"https:\\\/\\\/news.save.ch\\\/wp-content\\\/uploads\\\/2022\\\/06\\\/Logo_SF_2012.png\",\"width\":1100,\"height\":91,\"caption\":\"Sicherheitsforum\"},\"image\":{\"@id\":\"https:\\\/\\\/news.save.ch\\\/de\\\/#\\\/schema\\\/logo\\\/image\\\/\"}},{\"@type\":\"Person\",\"@id\":\"https:\\\/\\\/news.save.ch\\\/de\\\/#\\\/schema\\\/person\\\/d49e199490bad7c70d64b9ab51142f2b\",\"name\":\"admin\",\"image\":{\"@type\":\"ImageObject\",\"inLanguage\":\"en-US\",\"@id\":\"https:\\\/\\\/secure.gravatar.com\\\/avatar\\\/ae2f4d718e6c49043e314ce431e7e645d646302a24a5ef5a8bc8e3f5a032e319?s=96&d=mm&r=g\",\"url\":\"https:\\\/\\\/secure.gravatar.com\\\/avatar\\\/ae2f4d718e6c49043e314ce431e7e645d646302a24a5ef5a8bc8e3f5a032e319?s=96&d=mm&r=g\",\"contentUrl\":\"https:\\\/\\\/secure.gravatar.com\\\/avatar\\\/ae2f4d718e6c49043e314ce431e7e645d646302a24a5ef5a8bc8e3f5a032e319?s=96&d=mm&r=g\",\"caption\":\"admin\"},\"sameAs\":[\"https:\\\/\\\/develop.organisator.galledia.ch\"],\"url\":\"https:\\\/\\\/news.save.ch\\\/en\\\/author\\\/admin\\\/\"}]}<\/script>\n<!-- \/ Yoast SEO plugin. -->","yoast_head_json":{"title":"Special show \"Risk management of natural hazards\" - Save","description":"At the national trade fair SICHERHEIT in Zurich, the focus of the special show will be on \"Risk Management of Natural Hazards\".","robots":{"index":"index","follow":"follow","max-snippet":"max-snippet:-1","max-image-preview":"max-image-preview:large","max-video-preview":"max-video-preview:-1"},"canonical":"https:\/\/news.save.ch\/en\/sonderschau-risikomanagement-von-naturgefahren\/","og_locale":"en_US","og_type":"article","og_title":"Sonderschau \u201eRisikomanagement von Naturgefahren\u201c","og_description":"An der nationalen Fachmesse SICHERHEIT in Z\u00fcrich wird der Fokus der Sonderschau erneut auf \u201eRisikomanagement von Naturgefahren\u201c gelegt. Somit bietet der Anlass vom 10. bis 13. November 2015 eine ideale Plattform f\u00fcr den Austausch zwischen Gefahrenexperten und Sicherheitsbeauftragten, wie die Veranstalter schreiben.","og_url":"https:\/\/news.save.ch\/en\/sonderschau-risikomanagement-von-naturgefahren\/","og_site_name":"Save","article_published_time":"2015-08-25T10:04:18+00:00","og_image":[{"url":"https:\/\/sicherheitsforum.ch\/wp-content\/uploads\/2016\/12\/Sonderschau-\u201eRisikomanagement-von-Naturgefahren\u201c-sicherheitsforum.jpg","type":"","width":"","height":""}],"author":"admin","twitter_card":"summary_large_image","twitter_misc":{"Written by":"admin","Est. reading time":"1 minute"},"schema":{"@context":"https:\/\/schema.org","@graph":[{"@type":"Article","@id":"https:\/\/news.save.ch\/sonderschau-risikomanagement-von-naturgefahren\/#article","isPartOf":{"@id":"https:\/\/news.save.ch\/sonderschau-risikomanagement-von-naturgefahren\/"},"author":{"name":"admin","@id":"https:\/\/news.save.ch\/de\/#\/schema\/person\/d49e199490bad7c70d64b9ab51142f2b"},"headline":"Sonderschau \u201eRisikomanagement von Naturgefahren\u201c","datePublished":"2015-08-25T10:04:18+00:00","mainEntityOfPage":{"@id":"https:\/\/news.save.ch\/sonderschau-risikomanagement-von-naturgefahren\/"},"wordCount":250,"commentCount":0,"publisher":{"@id":"https:\/\/news.save.ch\/de\/#organization"},"image":{"@id":"https:\/\/news.save.ch\/sonderschau-risikomanagement-von-naturgefahren\/#primaryimage"},"thumbnailUrl":"https:\/\/news.save.ch\/wp-content\/uploads\/2016\/12\/Sonderschau-\u201eRisikomanagement-von-Naturgefahren-sicherheitsforum-scaled.jpg","keywords":["Aus- und Weiterbildung","Naturgefahren"],"articleSection":["ALLGEMEIN"],"inLanguage":"en-US"},{"@type":"WebPage","@id":"https:\/\/news.save.ch\/sonderschau-risikomanagement-von-naturgefahren\/","url":"https:\/\/news.save.ch\/sonderschau-risikomanagement-von-naturgefahren\/","name":"Special show \"Risk management of natural hazards\" - Save","isPartOf":{"@id":"https:\/\/news.save.ch\/de\/#website"},"primaryImageOfPage":{"@id":"https:\/\/news.save.ch\/sonderschau-risikomanagement-von-naturgefahren\/#primaryimage"},"image":{"@id":"https:\/\/news.save.ch\/sonderschau-risikomanagement-von-naturgefahren\/#primaryimage"},"thumbnailUrl":"https:\/\/news.save.ch\/wp-content\/uploads\/2016\/12\/Sonderschau-\u201eRisikomanagement-von-Naturgefahren-sicherheitsforum-scaled.jpg","datePublished":"2015-08-25T10:04:18+00:00","description":"At the national trade fair SICHERHEIT in Zurich, the focus of the special show will be on \"Risk Management of Natural Hazards\".","breadcrumb":{"@id":"https:\/\/news.save.ch\/sonderschau-risikomanagement-von-naturgefahren\/#breadcrumb"},"inLanguage":"en-US","potentialAction":[{"@type":"ReadAction","target":["https:\/\/news.save.ch\/sonderschau-risikomanagement-von-naturgefahren\/"]}]},{"@type":"ImageObject","inLanguage":"en-US","@id":"https:\/\/news.save.ch\/sonderschau-risikomanagement-von-naturgefahren\/#primaryimage","url":"https:\/\/news.save.ch\/wp-content\/uploads\/2016\/12\/Sonderschau-\u201eRisikomanagement-von-Naturgefahren-sicherheitsforum-scaled.jpg","contentUrl":"https:\/\/news.save.ch\/wp-content\/uploads\/2016\/12\/Sonderschau-\u201eRisikomanagement-von-Naturgefahren-sicherheitsforum-scaled.jpg","width":1400,"height":860},{"@type":"BreadcrumbList","@id":"https:\/\/news.save.ch\/sonderschau-risikomanagement-von-naturgefahren\/#breadcrumb","itemListElement":[{"@type":"ListItem","position":1,"name":"Home","item":"https:\/\/news.save.ch\/de\/"},{"@type":"ListItem","position":2,"name":"Sonderschau \u201eRisikomanagement von Naturgefahren\u201c"}]},{"@type":"WebSite","@id":"https:\/\/news.save.ch\/de\/#website","url":"https:\/\/news.save.ch\/de\/","name":"Save","description":"Swiss trade journal for safety","publisher":{"@id":"https:\/\/news.save.ch\/de\/#organization"},"potentialAction":[{"@type":"SearchAction","target":{"@type":"EntryPoint","urlTemplate":"https:\/\/news.save.ch\/de\/?s={search_term_string}"},"query-input":{"@type":"PropertyValueSpecification","valueRequired":true,"valueName":"search_term_string"}}],"inLanguage":"en-US"},{"@type":"Organization","@id":"https:\/\/news.save.ch\/de\/#organization","name":"Security Forum","url":"https:\/\/news.save.ch\/de\/","logo":{"@type":"ImageObject","inLanguage":"en-US","@id":"https:\/\/news.save.ch\/de\/#\/schema\/logo\/image\/","url":"https:\/\/news.save.ch\/wp-content\/uploads\/2022\/06\/Logo_SF_2012.png","contentUrl":"https:\/\/news.save.ch\/wp-content\/uploads\/2022\/06\/Logo_SF_2012.png","width":1100,"height":91,"caption":"Sicherheitsforum"},"image":{"@id":"https:\/\/news.save.ch\/de\/#\/schema\/logo\/image\/"}},{"@type":"Person","@id":"https:\/\/news.save.ch\/de\/#\/schema\/person\/d49e199490bad7c70d64b9ab51142f2b","name":"admin","image":{"@type":"ImageObject","inLanguage":"en-US","@id":"https:\/\/secure.gravatar.com\/avatar\/ae2f4d718e6c49043e314ce431e7e645d646302a24a5ef5a8bc8e3f5a032e319?s=96&d=mm&r=g","url":"https:\/\/secure.gravatar.com\/avatar\/ae2f4d718e6c49043e314ce431e7e645d646302a24a5ef5a8bc8e3f5a032e319?s=96&d=mm&r=g","contentUrl":"https:\/\/secure.gravatar.com\/avatar\/ae2f4d718e6c49043e314ce431e7e645d646302a24a5ef5a8bc8e3f5a032e319?s=96&d=mm&r=g","caption":"admin"},"sameAs":["https:\/\/develop.organisator.galledia.ch"],"url":"https:\/\/news.save.ch\/en\/author\/admin\/"}]}},"_links":{"self":[{"href":"https:\/\/news.save.ch\/en\/wp-json\/wp\/v2\/posts\/1661","targetHints":{"allow":["GET"]}}],"collection":[{"href":"https:\/\/news.save.ch\/en\/wp-json\/wp\/v2\/posts"}],"about":[{"href":"https:\/\/news.save.ch\/en\/wp-json\/wp\/v2\/types\/post"}],"author":[{"embeddable":true,"href":"https:\/\/news.save.ch\/en\/wp-json\/wp\/v2\/users\/1"}],"replies":[{"embeddable":true,"href":"https:\/\/news.save.ch\/en\/wp-json\/wp\/v2\/comments?post=1661"}],"version-history":[{"count":0,"href":"https:\/\/news.save.ch\/en\/wp-json\/wp\/v2\/posts\/1661\/revisions"}],"wp:featuredmedia":[{"embeddable":true,"href":"https:\/\/news.save.ch\/en\/wp-json\/wp\/v2\/media\/1663"}],"wp:attachment":[{"href":"https:\/\/news.save.ch\/en\/wp-json\/wp\/v2\/media?parent=1661"}],"wp:term":[{"taxonomy":"category","embeddable":true,"href":"https:\/\/news.save.ch\/en\/wp-json\/wp\/v2\/categories?post=1661"},{"taxonomy":"post_tag","embeddable":true,"href":"https:\/\/news.save.ch\/en\/wp-json\/wp\/v2\/tags?post=1661"}],"curies":[{"name":"wp","href":"https:\/\/api.w.org\/{rel}","templated":true}]}}