{"id":16612,"date":"2015-01-13T09:35:42","date_gmt":"2015-01-13T08:35:42","guid":{"rendered":"http:\/\/dev.safety-plus.ch\/?p=65"},"modified":"2015-01-13T09:35:42","modified_gmt":"2015-01-13T08:35:42","slug":"neue-abteilungsleiterin-praeventionsangebote","status":null,"type":"post","link":"https:\/\/news.save.ch\/en\/neue-abteilungsleiterin-praeventionsangebote\/","title":{"rendered":"New department head prevention offers"},"content":{"rendered":"<figure id=\"attachment_66\" aria-describedby=\"caption-attachment-66\" style=\"width: 1401px\" class=\"wp-caption alignnone\"><a href=\"http:\/\/develop.safety-plus.ch\/wp-content\/uploads\/2016\/12\/5501b65988ceb_Edith-Mu\u0308ller-Lorentz_safety-plus.jpg\"><img loading=\"lazy\" decoding=\"async\" class=\"size-full wp-image-66\" src=\"http:\/\/develop.safety-plus.ch\/wp-content\/uploads\/2016\/12\/5501b65988ceb_Edith-Mu\u0308ller-Lorentz_safety-plus.jpg\" alt=\"\" width=\"1401\" height=\"2048\" \/><\/a><figcaption id=\"caption-attachment-66\" class=\"wp-caption-text\">Edith M\u00fcller Loretz, new head of the prevention services department at Suva<\/figcaption><\/figure>\n<p>With M\u00fcller Loretz, a person who is very familiar with Suva is taking over the management of the prevention offers department. A resident of Kriens and mother of two children, she joined Suva in 1998 as campaign manager for snowsports. She had previously studied business administration at the Lucerne University of Applied Sciences and Arts. In 2011, M\u00fcller Loretz was promoted to Head of the Leisure Safety Division and from then on was responsible for implementing prevention measures in the non-occupational accident business in companies and among the general public. Edith M\u00fcller Loretz took up the position of head of department, which comprises the areas of occupational health management, leisure safety and safety products, on November 1, 2014. She replaces Beat Arnet, who left Suva at the end of January this year.<\/p>\n<p>&nbsp;<\/p>\n<p>The Prevention Services department employs around 40 people. It is committed to safe leisure time and safe and healthy work with campaigns, prevention modules and individual advice. In doing so, it focuses on sports and activities with high accident costs and high injury potential.<\/p>","protected":false},"excerpt":{"rendered":"<p>Mit M\u00fcller Loretz \u00fcbernimmt eine Person die Leitung der Abteilung Pr\u00e4ventionsangebote, die mit der Suva bestens vertraut ist. Wohnhaft in Kriens und Mutter zweier Kinder, kam sie 1998 als Kampagnenleiterin Schneesport zur Suva. An der Fachhochschule Luzern hatte sie zuvor Betriebs\u00f6konomie studiert. 2011 wurde M\u00fcller Loretz zur Bereichsleiterin Freizeitsicherheit bef\u00f6rdert und verantwortete fortan die Umsetzung [&hellip;]<\/p>\n","protected":false},"author":1,"featured_media":15972,"comment_status":"open","ping_status":"open","sticky":false,"template":"","format":"standard","meta":{"_acf_changed":false,"pgc_sgb_lightbox_settings":"","footnotes":""},"categories":[1],"tags":[144,167],"class_list":["post-16612","post","type-post","status-publish","format-standard","has-post-thumbnail","hentry","category-allgemein","tag-personalien","tag-suva"],"acf":[],"hkrextid":null,"publication":null,"issue":null,"workflow":null,"startPage":null,"spitzmarke":null,"_posts_by_tag_page_fields":{"widget_title":"","widget_tags":""},"_at_widget":"1","_yoast_wpseo_primary_category":"1","_yoast_wpseo_focuskw_text_input":"Pr\u00e4ventionsangebote","_yoast_wpseo_opengraph-image":null,"_yoast_wpseo_opengraph-description":null,"_yoast_wpseo_opengraph-title":null,"enclosure":null,"_yoast_wpseo_twitter-title":null,"_yoast_wpseo_twitter-description":null,"_yoast_wpseo_twitter-image":null,"_wp_old_slug":null,"_yoast_wpseo_title":null,"_yoast_wpseo_canonical":null,"yoast_head":"<!-- This site is optimized with the Yoast SEO plugin v27.4 - https:\/\/yoast.com\/product\/yoast-seo-wordpress\/ -->\n<title>Neue Abteilungsleiterin Pr\u00e4ventionsangebote - Save<\/title>\n<meta name=\"description\" content=\"Pr\u00e4ventionsangebote: Edith M\u00fcller Loretz \u00fcbernimmt die Nachfolge von Beat Arnet, der die Suva per Ende Januar 2014 verlassen hat.\" \/>\n<meta name=\"robots\" content=\"index, follow, max-snippet:-1, max-image-preview:large, max-video-preview:-1\" \/>\n<link rel=\"canonical\" href=\"https:\/\/news.save.ch\/en\/neue-abteilungsleiterin-praeventionsangebote\/\" \/>\n<meta property=\"og:locale\" content=\"en_US\" \/>\n<meta property=\"og:type\" content=\"article\" \/>\n<meta property=\"og:title\" content=\"Neue Abteilungsleiterin Pr\u00e4ventionsangebote - Save\" \/>\n<meta property=\"og:description\" content=\"Pr\u00e4ventionsangebote: Edith M\u00fcller Loretz \u00fcbernimmt die Nachfolge von Beat Arnet, der die Suva per Ende Januar 2014 verlassen hat.\" \/>\n<meta property=\"og:url\" content=\"https:\/\/news.save.ch\/en\/neue-abteilungsleiterin-praeventionsangebote\/\" \/>\n<meta property=\"og:site_name\" content=\"Save\" \/>\n<meta property=\"article:published_time\" content=\"2015-01-13T08:35:42+00:00\" \/>\n<meta property=\"og:image\" content=\"https:\/\/news.save.ch\/wp-content\/uploads\/2016\/12\/5501b65988ceb_Edith-Mueller-Lorentz_safety-plus-scaled-1.jpg\" \/>\n\t<meta property=\"og:image:width\" content=\"821\" \/>\n\t<meta property=\"og:image:height\" content=\"1200\" \/>\n\t<meta property=\"og:image:type\" content=\"image\/jpeg\" \/>\n<meta name=\"author\" content=\"admin\" \/>\n<meta name=\"twitter:card\" content=\"summary_large_image\" \/>\n<meta name=\"twitter:label1\" content=\"Written by\" \/>\n\t<meta name=\"twitter:data1\" content=\"admin\" \/>\n\t<meta name=\"twitter:label2\" content=\"Est. reading time\" \/>\n\t<meta name=\"twitter:data2\" content=\"1 minute\" \/>\n<script type=\"application\/ld+json\" class=\"yoast-schema-graph\">{\"@context\":\"https:\\\/\\\/schema.org\",\"@graph\":[{\"@type\":\"Article\",\"@id\":\"https:\\\/\\\/news.save.ch\\\/neue-abteilungsleiterin-praeventionsangebote\\\/#article\",\"isPartOf\":{\"@id\":\"https:\\\/\\\/news.save.ch\\\/neue-abteilungsleiterin-praeventionsangebote\\\/\"},\"author\":{\"name\":\"admin\",\"@id\":\"https:\\\/\\\/news.save.ch\\\/de\\\/#\\\/schema\\\/person\\\/d49e199490bad7c70d64b9ab51142f2b\"},\"headline\":\"Neue Abteilungsleiterin Pr\u00e4ventionsangebote\",\"datePublished\":\"2015-01-13T08:35:42+00:00\",\"mainEntityOfPage\":{\"@id\":\"https:\\\/\\\/news.save.ch\\\/neue-abteilungsleiterin-praeventionsangebote\\\/\"},\"wordCount\":174,\"commentCount\":0,\"publisher\":{\"@id\":\"https:\\\/\\\/news.save.ch\\\/de\\\/#organization\"},\"image\":{\"@id\":\"https:\\\/\\\/news.save.ch\\\/neue-abteilungsleiterin-praeventionsangebote\\\/#primaryimage\"},\"thumbnailUrl\":\"https:\\\/\\\/news.save.ch\\\/wp-content\\\/uploads\\\/2016\\\/12\\\/5501b65988ceb_Edith-Mueller-Lorentz_safety-plus-scaled-1.jpg\",\"keywords\":[\"Personalien\",\"SUVA\"],\"articleSection\":[\"ALLGEMEIN\"],\"inLanguage\":\"en-US\"},{\"@type\":\"WebPage\",\"@id\":\"https:\\\/\\\/news.save.ch\\\/neue-abteilungsleiterin-praeventionsangebote\\\/\",\"url\":\"https:\\\/\\\/news.save.ch\\\/neue-abteilungsleiterin-praeventionsangebote\\\/\",\"name\":\"Neue Abteilungsleiterin Pr\u00e4ventionsangebote - Save\",\"isPartOf\":{\"@id\":\"https:\\\/\\\/news.save.ch\\\/de\\\/#website\"},\"primaryImageOfPage\":{\"@id\":\"https:\\\/\\\/news.save.ch\\\/neue-abteilungsleiterin-praeventionsangebote\\\/#primaryimage\"},\"image\":{\"@id\":\"https:\\\/\\\/news.save.ch\\\/neue-abteilungsleiterin-praeventionsangebote\\\/#primaryimage\"},\"thumbnailUrl\":\"https:\\\/\\\/news.save.ch\\\/wp-content\\\/uploads\\\/2016\\\/12\\\/5501b65988ceb_Edith-Mueller-Lorentz_safety-plus-scaled-1.jpg\",\"datePublished\":\"2015-01-13T08:35:42+00:00\",\"description\":\"Pr\u00e4ventionsangebote: Edith M\u00fcller Loretz \u00fcbernimmt die Nachfolge von Beat Arnet, der die Suva per Ende Januar 2014 verlassen hat.\",\"breadcrumb\":{\"@id\":\"https:\\\/\\\/news.save.ch\\\/neue-abteilungsleiterin-praeventionsangebote\\\/#breadcrumb\"},\"inLanguage\":\"en-US\",\"potentialAction\":[{\"@type\":\"ReadAction\",\"target\":[\"https:\\\/\\\/news.save.ch\\\/neue-abteilungsleiterin-praeventionsangebote\\\/\"]}]},{\"@type\":\"ImageObject\",\"inLanguage\":\"en-US\",\"@id\":\"https:\\\/\\\/news.save.ch\\\/neue-abteilungsleiterin-praeventionsangebote\\\/#primaryimage\",\"url\":\"https:\\\/\\\/news.save.ch\\\/wp-content\\\/uploads\\\/2016\\\/12\\\/5501b65988ceb_Edith-Mueller-Lorentz_safety-plus-scaled-1.jpg\",\"contentUrl\":\"https:\\\/\\\/news.save.ch\\\/wp-content\\\/uploads\\\/2016\\\/12\\\/5501b65988ceb_Edith-Mueller-Lorentz_safety-plus-scaled-1.jpg\",\"width\":821,\"height\":1200,\"caption\":\"Edith M\u00fcller Loretz, neue Leiterin der Abteilung Pr\u00e4ventionsangebote bei der Suva\"},{\"@type\":\"BreadcrumbList\",\"@id\":\"https:\\\/\\\/news.save.ch\\\/neue-abteilungsleiterin-praeventionsangebote\\\/#breadcrumb\",\"itemListElement\":[{\"@type\":\"ListItem\",\"position\":1,\"name\":\"Home\",\"item\":\"https:\\\/\\\/news.save.ch\\\/de\\\/\"},{\"@type\":\"ListItem\",\"position\":2,\"name\":\"Neue Abteilungsleiterin Pr\u00e4ventionsangebote\"}]},{\"@type\":\"WebSite\",\"@id\":\"https:\\\/\\\/news.save.ch\\\/de\\\/#website\",\"url\":\"https:\\\/\\\/news.save.ch\\\/de\\\/\",\"name\":\"Save\",\"description\":\"Schweizer Fachzeitschrift f\u00fcr Sicherheit\",\"publisher\":{\"@id\":\"https:\\\/\\\/news.save.ch\\\/de\\\/#organization\"},\"potentialAction\":[{\"@type\":\"SearchAction\",\"target\":{\"@type\":\"EntryPoint\",\"urlTemplate\":\"https:\\\/\\\/news.save.ch\\\/de\\\/?s={search_term_string}\"},\"query-input\":{\"@type\":\"PropertyValueSpecification\",\"valueRequired\":true,\"valueName\":\"search_term_string\"}}],\"inLanguage\":\"en-US\"},{\"@type\":\"Organization\",\"@id\":\"https:\\\/\\\/news.save.ch\\\/de\\\/#organization\",\"name\":\"Sicherheitsforum\",\"url\":\"https:\\\/\\\/news.save.ch\\\/de\\\/\",\"logo\":{\"@type\":\"ImageObject\",\"inLanguage\":\"en-US\",\"@id\":\"https:\\\/\\\/news.save.ch\\\/de\\\/#\\\/schema\\\/logo\\\/image\\\/\",\"url\":\"https:\\\/\\\/news.save.ch\\\/wp-content\\\/uploads\\\/2022\\\/06\\\/Logo_SF_2012.png\",\"contentUrl\":\"https:\\\/\\\/news.save.ch\\\/wp-content\\\/uploads\\\/2022\\\/06\\\/Logo_SF_2012.png\",\"width\":1100,\"height\":91,\"caption\":\"Sicherheitsforum\"},\"image\":{\"@id\":\"https:\\\/\\\/news.save.ch\\\/de\\\/#\\\/schema\\\/logo\\\/image\\\/\"}},{\"@type\":\"Person\",\"@id\":\"https:\\\/\\\/news.save.ch\\\/de\\\/#\\\/schema\\\/person\\\/d49e199490bad7c70d64b9ab51142f2b\",\"name\":\"admin\",\"image\":{\"@type\":\"ImageObject\",\"inLanguage\":\"en-US\",\"@id\":\"https:\\\/\\\/secure.gravatar.com\\\/avatar\\\/ae2f4d718e6c49043e314ce431e7e645d646302a24a5ef5a8bc8e3f5a032e319?s=96&d=mm&r=g\",\"url\":\"https:\\\/\\\/secure.gravatar.com\\\/avatar\\\/ae2f4d718e6c49043e314ce431e7e645d646302a24a5ef5a8bc8e3f5a032e319?s=96&d=mm&r=g\",\"contentUrl\":\"https:\\\/\\\/secure.gravatar.com\\\/avatar\\\/ae2f4d718e6c49043e314ce431e7e645d646302a24a5ef5a8bc8e3f5a032e319?s=96&d=mm&r=g\",\"caption\":\"admin\"},\"sameAs\":[\"https:\\\/\\\/develop.organisator.galledia.ch\"],\"url\":\"https:\\\/\\\/news.save.ch\\\/en\\\/author\\\/admin\\\/\"}]}<\/script>\n<!-- \/ Yoast SEO plugin. -->","yoast_head_json":{"title":"New department head prevention offers - Save","description":"Prevention offerings: Edith M\u00fcller Loretz takes over from Beat Arnet, who left Suva at the end of January 2014.","robots":{"index":"index","follow":"follow","max-snippet":"max-snippet:-1","max-image-preview":"max-image-preview:large","max-video-preview":"max-video-preview:-1"},"canonical":"https:\/\/news.save.ch\/en\/neue-abteilungsleiterin-praeventionsangebote\/","og_locale":"en_US","og_type":"article","og_title":"Neue Abteilungsleiterin Pr\u00e4ventionsangebote - Save","og_description":"Pr\u00e4ventionsangebote: Edith M\u00fcller Loretz \u00fcbernimmt die Nachfolge von Beat Arnet, der die Suva per Ende Januar 2014 verlassen hat.","og_url":"https:\/\/news.save.ch\/en\/neue-abteilungsleiterin-praeventionsangebote\/","og_site_name":"Save","article_published_time":"2015-01-13T08:35:42+00:00","og_image":[{"width":821,"height":1200,"url":"https:\/\/news.save.ch\/wp-content\/uploads\/2016\/12\/5501b65988ceb_Edith-Mueller-Lorentz_safety-plus-scaled-1.jpg","type":"image\/jpeg"}],"author":"admin","twitter_card":"summary_large_image","twitter_misc":{"Written by":"admin","Est. reading time":"1 minute"},"schema":{"@context":"https:\/\/schema.org","@graph":[{"@type":"Article","@id":"https:\/\/news.save.ch\/neue-abteilungsleiterin-praeventionsangebote\/#article","isPartOf":{"@id":"https:\/\/news.save.ch\/neue-abteilungsleiterin-praeventionsangebote\/"},"author":{"name":"admin","@id":"https:\/\/news.save.ch\/de\/#\/schema\/person\/d49e199490bad7c70d64b9ab51142f2b"},"headline":"Neue Abteilungsleiterin Pr\u00e4ventionsangebote","datePublished":"2015-01-13T08:35:42+00:00","mainEntityOfPage":{"@id":"https:\/\/news.save.ch\/neue-abteilungsleiterin-praeventionsangebote\/"},"wordCount":174,"commentCount":0,"publisher":{"@id":"https:\/\/news.save.ch\/de\/#organization"},"image":{"@id":"https:\/\/news.save.ch\/neue-abteilungsleiterin-praeventionsangebote\/#primaryimage"},"thumbnailUrl":"https:\/\/news.save.ch\/wp-content\/uploads\/2016\/12\/5501b65988ceb_Edith-Mueller-Lorentz_safety-plus-scaled-1.jpg","keywords":["Personalien","SUVA"],"articleSection":["ALLGEMEIN"],"inLanguage":"en-US"},{"@type":"WebPage","@id":"https:\/\/news.save.ch\/neue-abteilungsleiterin-praeventionsangebote\/","url":"https:\/\/news.save.ch\/neue-abteilungsleiterin-praeventionsangebote\/","name":"New department head prevention offers - Save","isPartOf":{"@id":"https:\/\/news.save.ch\/de\/#website"},"primaryImageOfPage":{"@id":"https:\/\/news.save.ch\/neue-abteilungsleiterin-praeventionsangebote\/#primaryimage"},"image":{"@id":"https:\/\/news.save.ch\/neue-abteilungsleiterin-praeventionsangebote\/#primaryimage"},"thumbnailUrl":"https:\/\/news.save.ch\/wp-content\/uploads\/2016\/12\/5501b65988ceb_Edith-Mueller-Lorentz_safety-plus-scaled-1.jpg","datePublished":"2015-01-13T08:35:42+00:00","description":"Prevention offerings: Edith M\u00fcller Loretz takes over from Beat Arnet, who left Suva at the end of January 2014.","breadcrumb":{"@id":"https:\/\/news.save.ch\/neue-abteilungsleiterin-praeventionsangebote\/#breadcrumb"},"inLanguage":"en-US","potentialAction":[{"@type":"ReadAction","target":["https:\/\/news.save.ch\/neue-abteilungsleiterin-praeventionsangebote\/"]}]},{"@type":"ImageObject","inLanguage":"en-US","@id":"https:\/\/news.save.ch\/neue-abteilungsleiterin-praeventionsangebote\/#primaryimage","url":"https:\/\/news.save.ch\/wp-content\/uploads\/2016\/12\/5501b65988ceb_Edith-Mueller-Lorentz_safety-plus-scaled-1.jpg","contentUrl":"https:\/\/news.save.ch\/wp-content\/uploads\/2016\/12\/5501b65988ceb_Edith-Mueller-Lorentz_safety-plus-scaled-1.jpg","width":821,"height":1200,"caption":"Edith M\u00fcller Loretz, neue Leiterin der Abteilung Pr\u00e4ventionsangebote bei der Suva"},{"@type":"BreadcrumbList","@id":"https:\/\/news.save.ch\/neue-abteilungsleiterin-praeventionsangebote\/#breadcrumb","itemListElement":[{"@type":"ListItem","position":1,"name":"Home","item":"https:\/\/news.save.ch\/de\/"},{"@type":"ListItem","position":2,"name":"Neue Abteilungsleiterin Pr\u00e4ventionsangebote"}]},{"@type":"WebSite","@id":"https:\/\/news.save.ch\/de\/#website","url":"https:\/\/news.save.ch\/de\/","name":"Save","description":"Swiss trade journal for safety","publisher":{"@id":"https:\/\/news.save.ch\/de\/#organization"},"potentialAction":[{"@type":"SearchAction","target":{"@type":"EntryPoint","urlTemplate":"https:\/\/news.save.ch\/de\/?s={search_term_string}"},"query-input":{"@type":"PropertyValueSpecification","valueRequired":true,"valueName":"search_term_string"}}],"inLanguage":"en-US"},{"@type":"Organization","@id":"https:\/\/news.save.ch\/de\/#organization","name":"Security Forum","url":"https:\/\/news.save.ch\/de\/","logo":{"@type":"ImageObject","inLanguage":"en-US","@id":"https:\/\/news.save.ch\/de\/#\/schema\/logo\/image\/","url":"https:\/\/news.save.ch\/wp-content\/uploads\/2022\/06\/Logo_SF_2012.png","contentUrl":"https:\/\/news.save.ch\/wp-content\/uploads\/2022\/06\/Logo_SF_2012.png","width":1100,"height":91,"caption":"Sicherheitsforum"},"image":{"@id":"https:\/\/news.save.ch\/de\/#\/schema\/logo\/image\/"}},{"@type":"Person","@id":"https:\/\/news.save.ch\/de\/#\/schema\/person\/d49e199490bad7c70d64b9ab51142f2b","name":"admin","image":{"@type":"ImageObject","inLanguage":"en-US","@id":"https:\/\/secure.gravatar.com\/avatar\/ae2f4d718e6c49043e314ce431e7e645d646302a24a5ef5a8bc8e3f5a032e319?s=96&d=mm&r=g","url":"https:\/\/secure.gravatar.com\/avatar\/ae2f4d718e6c49043e314ce431e7e645d646302a24a5ef5a8bc8e3f5a032e319?s=96&d=mm&r=g","contentUrl":"https:\/\/secure.gravatar.com\/avatar\/ae2f4d718e6c49043e314ce431e7e645d646302a24a5ef5a8bc8e3f5a032e319?s=96&d=mm&r=g","caption":"admin"},"sameAs":["https:\/\/develop.organisator.galledia.ch"],"url":"https:\/\/news.save.ch\/en\/author\/admin\/"}]}},"_links":{"self":[{"href":"https:\/\/news.save.ch\/en\/wp-json\/wp\/v2\/posts\/16612","targetHints":{"allow":["GET"]}}],"collection":[{"href":"https:\/\/news.save.ch\/en\/wp-json\/wp\/v2\/posts"}],"about":[{"href":"https:\/\/news.save.ch\/en\/wp-json\/wp\/v2\/types\/post"}],"author":[{"embeddable":true,"href":"https:\/\/news.save.ch\/en\/wp-json\/wp\/v2\/users\/1"}],"replies":[{"embeddable":true,"href":"https:\/\/news.save.ch\/en\/wp-json\/wp\/v2\/comments?post=16612"}],"version-history":[{"count":0,"href":"https:\/\/news.save.ch\/en\/wp-json\/wp\/v2\/posts\/16612\/revisions"}],"wp:featuredmedia":[{"embeddable":true,"href":"https:\/\/news.save.ch\/en\/wp-json\/wp\/v2\/media\/15972"}],"wp:attachment":[{"href":"https:\/\/news.save.ch\/en\/wp-json\/wp\/v2\/media?parent=16612"}],"wp:term":[{"taxonomy":"category","embeddable":true,"href":"https:\/\/news.save.ch\/en\/wp-json\/wp\/v2\/categories?post=16612"},{"taxonomy":"post_tag","embeddable":true,"href":"https:\/\/news.save.ch\/en\/wp-json\/wp\/v2\/tags?post=16612"}],"curies":[{"name":"wp","href":"https:\/\/api.w.org\/{rel}","templated":true}]}}