{"id":16614,"date":"2015-03-24T08:09:16","date_gmt":"2015-03-24T07:09:16","guid":{"rendered":"http:\/\/dev.safety-plus.ch\/?p=142"},"modified":"2023-03-14T09:04:32","modified_gmt":"2023-03-14T08:04:32","slug":"jugendliche-trinken-und-rauchen-weniger","status":null,"type":"post","link":"https:\/\/news.save.ch\/en\/jugendliche-trinken-und-rauchen-weniger\/","title":{"rendered":"Young people drink and smoke less"},"content":{"rendered":"<figure id=\"attachment_143\" aria-describedby=\"caption-attachment-143\" style=\"width: 680px\" class=\"wp-caption alignnone\"><img loading=\"lazy\" decoding=\"async\" class=\"wp-image-143 size-medium\" src=\"http:\/\/develop.safety-plus.ch\/wp-content\/uploads\/2016\/12\/Jugendliche_trinken_und_rauchen_weniger_safety-plus.jpg\" alt=\"Cigarette? - No, thanks. Young people smoke and drink less than before.\" width=\"680\" height=\"453\" \/><figcaption id=\"caption-attachment-143\" class=\"wp-caption-text\">Cigarette? - No, thanks. Young people smoke and drink less than before.<\/figcaption><\/figure>\n<p>Addiction prevention seems to be working: Today, young people drink significantly less alcohol and smoke less frequently than four years ago. Only cannabis use has declined less. This is shown by the results of the 2014 student survey, in which around 10,000 students between the ages of 11 and 15 took part.<\/p>\n<p><a href=\"http:\/\/www.suchtschweiz.ch\/\" data-cke-saved-href=\"http:\/\/www.suchtschweiz.ch\/\">Addiction Switzerland<\/a> presented today the concrete\u00a0<a href=\"http:\/\/www.suchtschweiz.ch\/aktuell\/medienmitteilungen\/article\/weniger-suchtmittel-bei-heutigen-jugendlichen-eine-chance-fuer-die-praevention\/?tx_ttnews%5BbackPid%5D=1324&amp;cHash=5f9f569e0de4e5eda08325773921e819\" data-cke-saved-href=\"http:\/\/www.suchtschweiz.ch\/aktuell\/medienmitteilungen\/article\/weniger-suchtmittel-bei-heutigen-jugendlichen-eine-chance-fuer-die-praevention\/?tx_ttnews%5BbackPid%5D=1324&amp;cHash=5f9f569e0de4e5eda08325773921e819\">Figures of the survey<\/a>which is conducted every four years on behalf of the FOPH: Today, only 10% of 15-year-old boys and 6% of girls of the same age in Switzerland drink alcohol at least once a week - in 2010, the figure was 27% for boys and 13 % for girls.<\/p>\n<p>The numbers are also positive for smoking, with 7% of 15-year-olds smoking daily, compared to 12% in 2010.<\/p>\n<p>Addiction Switzerland calls the decline \"gratifying,\" but the organization also cautions: \"It must not be forgotten that adolescents should not consume anything at this age.\" This is because the growing body is particularly susceptible to damage from substance use.<\/p>\n<p>For Addiction Switzerland, the protection of young people remains a central concern of prevention - but: \"Youth protection measures are not enough, especially since young people are oriented towards the adult world. To ensure that young people of today and those of tomorrow continue to exercise restraint in their use of psychoactive substances, addiction prevention must be understood as a task for society as a whole,\" says the organization.<\/p>","protected":false},"excerpt":{"rendered":"<p>Die Suchtpr\u00e4vention scheint zu wirken: Jugendliche trinken heute\u00a0deutlich weniger Alkohol und rauchen seltener als noch vor vier Jahren. Einzig beim Cannabiskonsum ist der R\u00fcckgang geringer. Dies zeigen die Resultate der Sch\u00fclerbefragung 2014, an der rund 10 000 Sch\u00fcler zwischen 11 und 15 Jahren teilnahmen. Sucht Schweiz pr\u00e4sentierte heute die konkreten\u00a0Zahlen der Untersuchung, die alle vier [&hellip;]<\/p>\n","protected":false},"author":1,"featured_media":143,"comment_status":"open","ping_status":"open","sticky":false,"template":"","format":"standard","meta":{"_acf_changed":false,"pgc_sgb_lightbox_settings":"","footnotes":""},"categories":[3314],"tags":[141],"class_list":["post-16614","post","type-post","status-publish","format-standard","has-post-thumbnail","hentry","category-health-safety","tag-praevention"],"acf":[],"hkrextid":null,"publication":null,"issue":null,"workflow":null,"startPage":null,"spitzmarke":null,"_posts_by_tag_page_fields":{"widget_title":"","widget_tags":""},"_at_widget":"1","_yoast_wpseo_primary_category":"2","_yoast_wpseo_focuskw_text_input":"Jugendliche","_yoast_wpseo_opengraph-image":null,"_yoast_wpseo_opengraph-description":null,"_yoast_wpseo_opengraph-title":null,"enclosure":null,"_yoast_wpseo_twitter-title":null,"_yoast_wpseo_twitter-description":null,"_yoast_wpseo_twitter-image":null,"_wp_old_slug":null,"_yoast_wpseo_title":null,"_yoast_wpseo_canonical":null,"yoast_head":"<!-- This site is optimized with the Yoast SEO plugin v27.4 - https:\/\/yoast.com\/product\/yoast-seo-wordpress\/ -->\n<title>Jugendliche trinken und rauchen weniger - Save<\/title>\n<meta name=\"description\" content=\"Eine Befragung unter 10 000 Jugendlichen zeigt, dass ihr Suchtmittelkonsum verglichen mit vor vier Jahren deutlich zur\u00fcckgegangen ist.\" \/>\n<meta name=\"robots\" content=\"index, follow, max-snippet:-1, max-image-preview:large, max-video-preview:-1\" \/>\n<link rel=\"canonical\" href=\"https:\/\/news.save.ch\/en\/jugendliche-trinken-und-rauchen-weniger\/\" \/>\n<meta property=\"og:locale\" content=\"en_US\" \/>\n<meta property=\"og:type\" content=\"article\" \/>\n<meta property=\"og:title\" content=\"Jugendliche trinken und rauchen weniger - Save\" \/>\n<meta property=\"og:description\" content=\"Eine Befragung unter 10 000 Jugendlichen zeigt, dass ihr Suchtmittelkonsum verglichen mit vor vier Jahren deutlich zur\u00fcckgegangen ist.\" \/>\n<meta property=\"og:url\" content=\"https:\/\/news.save.ch\/en\/jugendliche-trinken-und-rauchen-weniger\/\" \/>\n<meta property=\"og:site_name\" content=\"Save\" \/>\n<meta property=\"article:published_time\" content=\"2015-03-24T07:09:16+00:00\" \/>\n<meta property=\"article:modified_time\" content=\"2023-03-14T08:04:32+00:00\" \/>\n<meta property=\"og:image\" content=\"https:\/\/news.save.ch\/wp-content\/uploads\/2016\/12\/Jugendliche_trinken_und_rauchen_weniger_safety-plus-scaled-1.jpg\" \/>\n\t<meta property=\"og:image:width\" content=\"1200\" \/>\n\t<meta property=\"og:image:height\" content=\"801\" \/>\n\t<meta property=\"og:image:type\" content=\"image\/jpeg\" \/>\n<meta name=\"author\" content=\"admin\" \/>\n<meta name=\"twitter:card\" content=\"summary_large_image\" \/>\n<meta name=\"twitter:label1\" content=\"Written by\" \/>\n\t<meta name=\"twitter:data1\" content=\"admin\" \/>\n\t<meta name=\"twitter:label2\" content=\"Est. reading time\" \/>\n\t<meta name=\"twitter:data2\" content=\"1 minute\" \/>\n<script type=\"application\/ld+json\" class=\"yoast-schema-graph\">{\"@context\":\"https:\\\/\\\/schema.org\",\"@graph\":[{\"@type\":\"Article\",\"@id\":\"https:\\\/\\\/news.save.ch\\\/jugendliche-trinken-und-rauchen-weniger\\\/#article\",\"isPartOf\":{\"@id\":\"https:\\\/\\\/news.save.ch\\\/jugendliche-trinken-und-rauchen-weniger\\\/\"},\"author\":{\"name\":\"admin\",\"@id\":\"https:\\\/\\\/news.save.ch\\\/de\\\/#\\\/schema\\\/person\\\/d49e199490bad7c70d64b9ab51142f2b\"},\"headline\":\"Jugendliche trinken und rauchen weniger\",\"datePublished\":\"2015-03-24T07:09:16+00:00\",\"dateModified\":\"2023-03-14T08:04:32+00:00\",\"mainEntityOfPage\":{\"@id\":\"https:\\\/\\\/news.save.ch\\\/jugendliche-trinken-und-rauchen-weniger\\\/\"},\"wordCount\":238,\"commentCount\":0,\"publisher\":{\"@id\":\"https:\\\/\\\/news.save.ch\\\/de\\\/#organization\"},\"image\":{\"@id\":\"https:\\\/\\\/news.save.ch\\\/jugendliche-trinken-und-rauchen-weniger\\\/#primaryimage\"},\"thumbnailUrl\":\"https:\\\/\\\/news.save.ch\\\/wp-content\\\/uploads\\\/2016\\\/12\\\/Jugendliche_trinken_und_rauchen_weniger_safety-plus-scaled-1.jpg\",\"keywords\":[\"Pr\u00e4vention\"],\"articleSection\":[\"HEALTH &amp; SAFETY\"],\"inLanguage\":\"en-US\"},{\"@type\":\"WebPage\",\"@id\":\"https:\\\/\\\/news.save.ch\\\/jugendliche-trinken-und-rauchen-weniger\\\/\",\"url\":\"https:\\\/\\\/news.save.ch\\\/jugendliche-trinken-und-rauchen-weniger\\\/\",\"name\":\"Jugendliche trinken und rauchen weniger - Save\",\"isPartOf\":{\"@id\":\"https:\\\/\\\/news.save.ch\\\/de\\\/#website\"},\"primaryImageOfPage\":{\"@id\":\"https:\\\/\\\/news.save.ch\\\/jugendliche-trinken-und-rauchen-weniger\\\/#primaryimage\"},\"image\":{\"@id\":\"https:\\\/\\\/news.save.ch\\\/jugendliche-trinken-und-rauchen-weniger\\\/#primaryimage\"},\"thumbnailUrl\":\"https:\\\/\\\/news.save.ch\\\/wp-content\\\/uploads\\\/2016\\\/12\\\/Jugendliche_trinken_und_rauchen_weniger_safety-plus-scaled-1.jpg\",\"datePublished\":\"2015-03-24T07:09:16+00:00\",\"dateModified\":\"2023-03-14T08:04:32+00:00\",\"description\":\"Eine Befragung unter 10 000 Jugendlichen zeigt, dass ihr Suchtmittelkonsum verglichen mit vor vier Jahren deutlich zur\u00fcckgegangen ist.\",\"breadcrumb\":{\"@id\":\"https:\\\/\\\/news.save.ch\\\/jugendliche-trinken-und-rauchen-weniger\\\/#breadcrumb\"},\"inLanguage\":\"en-US\",\"potentialAction\":[{\"@type\":\"ReadAction\",\"target\":[\"https:\\\/\\\/news.save.ch\\\/jugendliche-trinken-und-rauchen-weniger\\\/\"]}]},{\"@type\":\"ImageObject\",\"inLanguage\":\"en-US\",\"@id\":\"https:\\\/\\\/news.save.ch\\\/jugendliche-trinken-und-rauchen-weniger\\\/#primaryimage\",\"url\":\"https:\\\/\\\/news.save.ch\\\/wp-content\\\/uploads\\\/2016\\\/12\\\/Jugendliche_trinken_und_rauchen_weniger_safety-plus-scaled-1.jpg\",\"contentUrl\":\"https:\\\/\\\/news.save.ch\\\/wp-content\\\/uploads\\\/2016\\\/12\\\/Jugendliche_trinken_und_rauchen_weniger_safety-plus-scaled-1.jpg\",\"width\":1200,\"height\":801,\"caption\":\"Zigarette? - Nein, danke. Jugendliche rauchen und trinken weniger als fr\u00fcher.\"},{\"@type\":\"BreadcrumbList\",\"@id\":\"https:\\\/\\\/news.save.ch\\\/jugendliche-trinken-und-rauchen-weniger\\\/#breadcrumb\",\"itemListElement\":[{\"@type\":\"ListItem\",\"position\":1,\"name\":\"Home\",\"item\":\"https:\\\/\\\/news.save.ch\\\/de\\\/\"},{\"@type\":\"ListItem\",\"position\":2,\"name\":\"Jugendliche trinken und rauchen weniger\"}]},{\"@type\":\"WebSite\",\"@id\":\"https:\\\/\\\/news.save.ch\\\/de\\\/#website\",\"url\":\"https:\\\/\\\/news.save.ch\\\/de\\\/\",\"name\":\"Save\",\"description\":\"Schweizer Fachzeitschrift f\u00fcr Sicherheit\",\"publisher\":{\"@id\":\"https:\\\/\\\/news.save.ch\\\/de\\\/#organization\"},\"potentialAction\":[{\"@type\":\"SearchAction\",\"target\":{\"@type\":\"EntryPoint\",\"urlTemplate\":\"https:\\\/\\\/news.save.ch\\\/de\\\/?s={search_term_string}\"},\"query-input\":{\"@type\":\"PropertyValueSpecification\",\"valueRequired\":true,\"valueName\":\"search_term_string\"}}],\"inLanguage\":\"en-US\"},{\"@type\":\"Organization\",\"@id\":\"https:\\\/\\\/news.save.ch\\\/de\\\/#organization\",\"name\":\"Sicherheitsforum\",\"url\":\"https:\\\/\\\/news.save.ch\\\/de\\\/\",\"logo\":{\"@type\":\"ImageObject\",\"inLanguage\":\"en-US\",\"@id\":\"https:\\\/\\\/news.save.ch\\\/de\\\/#\\\/schema\\\/logo\\\/image\\\/\",\"url\":\"https:\\\/\\\/news.save.ch\\\/wp-content\\\/uploads\\\/2022\\\/06\\\/Logo_SF_2012.png\",\"contentUrl\":\"https:\\\/\\\/news.save.ch\\\/wp-content\\\/uploads\\\/2022\\\/06\\\/Logo_SF_2012.png\",\"width\":1100,\"height\":91,\"caption\":\"Sicherheitsforum\"},\"image\":{\"@id\":\"https:\\\/\\\/news.save.ch\\\/de\\\/#\\\/schema\\\/logo\\\/image\\\/\"}},{\"@type\":\"Person\",\"@id\":\"https:\\\/\\\/news.save.ch\\\/de\\\/#\\\/schema\\\/person\\\/d49e199490bad7c70d64b9ab51142f2b\",\"name\":\"admin\",\"image\":{\"@type\":\"ImageObject\",\"inLanguage\":\"en-US\",\"@id\":\"https:\\\/\\\/secure.gravatar.com\\\/avatar\\\/ae2f4d718e6c49043e314ce431e7e645d646302a24a5ef5a8bc8e3f5a032e319?s=96&d=mm&r=g\",\"url\":\"https:\\\/\\\/secure.gravatar.com\\\/avatar\\\/ae2f4d718e6c49043e314ce431e7e645d646302a24a5ef5a8bc8e3f5a032e319?s=96&d=mm&r=g\",\"contentUrl\":\"https:\\\/\\\/secure.gravatar.com\\\/avatar\\\/ae2f4d718e6c49043e314ce431e7e645d646302a24a5ef5a8bc8e3f5a032e319?s=96&d=mm&r=g\",\"caption\":\"admin\"},\"sameAs\":[\"https:\\\/\\\/develop.organisator.galledia.ch\"],\"url\":\"https:\\\/\\\/news.save.ch\\\/en\\\/author\\\/admin\\\/\"}]}<\/script>\n<!-- \/ Yoast SEO plugin. -->","yoast_head_json":{"title":"Young people drink and smoke less - Save","description":"A survey of 10,000 young people shows that their use of addictive substances has decreased significantly compared to four years ago.","robots":{"index":"index","follow":"follow","max-snippet":"max-snippet:-1","max-image-preview":"max-image-preview:large","max-video-preview":"max-video-preview:-1"},"canonical":"https:\/\/news.save.ch\/en\/jugendliche-trinken-und-rauchen-weniger\/","og_locale":"en_US","og_type":"article","og_title":"Jugendliche trinken und rauchen weniger - Save","og_description":"Eine Befragung unter 10 000 Jugendlichen zeigt, dass ihr Suchtmittelkonsum verglichen mit vor vier Jahren deutlich zur\u00fcckgegangen ist.","og_url":"https:\/\/news.save.ch\/en\/jugendliche-trinken-und-rauchen-weniger\/","og_site_name":"Save","article_published_time":"2015-03-24T07:09:16+00:00","article_modified_time":"2023-03-14T08:04:32+00:00","og_image":[{"width":1200,"height":801,"url":"https:\/\/news.save.ch\/wp-content\/uploads\/2016\/12\/Jugendliche_trinken_und_rauchen_weniger_safety-plus-scaled-1.jpg","type":"image\/jpeg"}],"author":"admin","twitter_card":"summary_large_image","twitter_misc":{"Written by":"admin","Est. reading time":"1 minute"},"schema":{"@context":"https:\/\/schema.org","@graph":[{"@type":"Article","@id":"https:\/\/news.save.ch\/jugendliche-trinken-und-rauchen-weniger\/#article","isPartOf":{"@id":"https:\/\/news.save.ch\/jugendliche-trinken-und-rauchen-weniger\/"},"author":{"name":"admin","@id":"https:\/\/news.save.ch\/de\/#\/schema\/person\/d49e199490bad7c70d64b9ab51142f2b"},"headline":"Jugendliche trinken und rauchen weniger","datePublished":"2015-03-24T07:09:16+00:00","dateModified":"2023-03-14T08:04:32+00:00","mainEntityOfPage":{"@id":"https:\/\/news.save.ch\/jugendliche-trinken-und-rauchen-weniger\/"},"wordCount":238,"commentCount":0,"publisher":{"@id":"https:\/\/news.save.ch\/de\/#organization"},"image":{"@id":"https:\/\/news.save.ch\/jugendliche-trinken-und-rauchen-weniger\/#primaryimage"},"thumbnailUrl":"https:\/\/news.save.ch\/wp-content\/uploads\/2016\/12\/Jugendliche_trinken_und_rauchen_weniger_safety-plus-scaled-1.jpg","keywords":["Pr\u00e4vention"],"articleSection":["HEALTH &amp; SAFETY"],"inLanguage":"en-US"},{"@type":"WebPage","@id":"https:\/\/news.save.ch\/jugendliche-trinken-und-rauchen-weniger\/","url":"https:\/\/news.save.ch\/jugendliche-trinken-und-rauchen-weniger\/","name":"Young people drink and smoke less - Save","isPartOf":{"@id":"https:\/\/news.save.ch\/de\/#website"},"primaryImageOfPage":{"@id":"https:\/\/news.save.ch\/jugendliche-trinken-und-rauchen-weniger\/#primaryimage"},"image":{"@id":"https:\/\/news.save.ch\/jugendliche-trinken-und-rauchen-weniger\/#primaryimage"},"thumbnailUrl":"https:\/\/news.save.ch\/wp-content\/uploads\/2016\/12\/Jugendliche_trinken_und_rauchen_weniger_safety-plus-scaled-1.jpg","datePublished":"2015-03-24T07:09:16+00:00","dateModified":"2023-03-14T08:04:32+00:00","description":"A survey of 10,000 young people shows that their use of addictive substances has decreased significantly compared to four years ago.","breadcrumb":{"@id":"https:\/\/news.save.ch\/jugendliche-trinken-und-rauchen-weniger\/#breadcrumb"},"inLanguage":"en-US","potentialAction":[{"@type":"ReadAction","target":["https:\/\/news.save.ch\/jugendliche-trinken-und-rauchen-weniger\/"]}]},{"@type":"ImageObject","inLanguage":"en-US","@id":"https:\/\/news.save.ch\/jugendliche-trinken-und-rauchen-weniger\/#primaryimage","url":"https:\/\/news.save.ch\/wp-content\/uploads\/2016\/12\/Jugendliche_trinken_und_rauchen_weniger_safety-plus-scaled-1.jpg","contentUrl":"https:\/\/news.save.ch\/wp-content\/uploads\/2016\/12\/Jugendliche_trinken_und_rauchen_weniger_safety-plus-scaled-1.jpg","width":1200,"height":801,"caption":"Zigarette? - Nein, danke. Jugendliche rauchen und trinken weniger als fr\u00fcher."},{"@type":"BreadcrumbList","@id":"https:\/\/news.save.ch\/jugendliche-trinken-und-rauchen-weniger\/#breadcrumb","itemListElement":[{"@type":"ListItem","position":1,"name":"Home","item":"https:\/\/news.save.ch\/de\/"},{"@type":"ListItem","position":2,"name":"Jugendliche trinken und rauchen weniger"}]},{"@type":"WebSite","@id":"https:\/\/news.save.ch\/de\/#website","url":"https:\/\/news.save.ch\/de\/","name":"Save","description":"Swiss trade journal for safety","publisher":{"@id":"https:\/\/news.save.ch\/de\/#organization"},"potentialAction":[{"@type":"SearchAction","target":{"@type":"EntryPoint","urlTemplate":"https:\/\/news.save.ch\/de\/?s={search_term_string}"},"query-input":{"@type":"PropertyValueSpecification","valueRequired":true,"valueName":"search_term_string"}}],"inLanguage":"en-US"},{"@type":"Organization","@id":"https:\/\/news.save.ch\/de\/#organization","name":"Security Forum","url":"https:\/\/news.save.ch\/de\/","logo":{"@type":"ImageObject","inLanguage":"en-US","@id":"https:\/\/news.save.ch\/de\/#\/schema\/logo\/image\/","url":"https:\/\/news.save.ch\/wp-content\/uploads\/2022\/06\/Logo_SF_2012.png","contentUrl":"https:\/\/news.save.ch\/wp-content\/uploads\/2022\/06\/Logo_SF_2012.png","width":1100,"height":91,"caption":"Sicherheitsforum"},"image":{"@id":"https:\/\/news.save.ch\/de\/#\/schema\/logo\/image\/"}},{"@type":"Person","@id":"https:\/\/news.save.ch\/de\/#\/schema\/person\/d49e199490bad7c70d64b9ab51142f2b","name":"admin","image":{"@type":"ImageObject","inLanguage":"en-US","@id":"https:\/\/secure.gravatar.com\/avatar\/ae2f4d718e6c49043e314ce431e7e645d646302a24a5ef5a8bc8e3f5a032e319?s=96&d=mm&r=g","url":"https:\/\/secure.gravatar.com\/avatar\/ae2f4d718e6c49043e314ce431e7e645d646302a24a5ef5a8bc8e3f5a032e319?s=96&d=mm&r=g","contentUrl":"https:\/\/secure.gravatar.com\/avatar\/ae2f4d718e6c49043e314ce431e7e645d646302a24a5ef5a8bc8e3f5a032e319?s=96&d=mm&r=g","caption":"admin"},"sameAs":["https:\/\/develop.organisator.galledia.ch"],"url":"https:\/\/news.save.ch\/en\/author\/admin\/"}]}},"_links":{"self":[{"href":"https:\/\/news.save.ch\/en\/wp-json\/wp\/v2\/posts\/16614","targetHints":{"allow":["GET"]}}],"collection":[{"href":"https:\/\/news.save.ch\/en\/wp-json\/wp\/v2\/posts"}],"about":[{"href":"https:\/\/news.save.ch\/en\/wp-json\/wp\/v2\/types\/post"}],"author":[{"embeddable":true,"href":"https:\/\/news.save.ch\/en\/wp-json\/wp\/v2\/users\/1"}],"replies":[{"embeddable":true,"href":"https:\/\/news.save.ch\/en\/wp-json\/wp\/v2\/comments?post=16614"}],"version-history":[{"count":1,"href":"https:\/\/news.save.ch\/en\/wp-json\/wp\/v2\/posts\/16614\/revisions"}],"predecessor-version":[{"id":18997,"href":"https:\/\/news.save.ch\/en\/wp-json\/wp\/v2\/posts\/16614\/revisions\/18997"}],"wp:featuredmedia":[{"embeddable":true,"href":"https:\/\/news.save.ch\/en\/wp-json\/wp\/v2\/media\/143"}],"wp:attachment":[{"href":"https:\/\/news.save.ch\/en\/wp-json\/wp\/v2\/media?parent=16614"}],"wp:term":[{"taxonomy":"category","embeddable":true,"href":"https:\/\/news.save.ch\/en\/wp-json\/wp\/v2\/categories?post=16614"},{"taxonomy":"post_tag","embeddable":true,"href":"https:\/\/news.save.ch\/en\/wp-json\/wp\/v2\/tags?post=16614"}],"curies":[{"name":"wp","href":"https:\/\/api.w.org\/{rel}","templated":true}]}}