{"id":16638,"date":"2015-04-13T10:44:13","date_gmt":"2015-04-13T08:44:13","guid":{"rendered":"http:\/\/dev.safety-plus.ch\/?p=260"},"modified":"2023-05-31T16:39:23","modified_gmt":"2023-05-31T14:39:23","slug":"grippeepidemie-ist-vorbei","status":null,"type":"post","link":"https:\/\/news.save.ch\/en\/grippeepidemie-ist-vorbei\/","title":{"rendered":"Flu epidemic is over"},"content":{"rendered":"<figure id=\"attachment_263\" aria-describedby=\"caption-attachment-263\" style=\"width: 680px\" class=\"wp-caption alignnone\"><img loading=\"lazy\" decoding=\"async\" class=\"wp-image-263 size-medium\" src=\"http:\/\/develop.safety-plus.ch\/wp-content\/uploads\/2016\/12\/Grippeepidemie-ist-vorbei_safety-plus.jpg\" alt=\"Finally over: The 2015 flu epidemic is a thing of the past.\" width=\"680\" height=\"453\" \/><figcaption id=\"caption-attachment-263\" class=\"wp-caption-text\">Finally over: The 2015 flu epidemic is a thing of the past.<\/figcaption><\/figure>\n<p>Reports of new influenza cases have fallen below the national epidemic threshold for the first time. This is reported by the <a href=\"http:\/\/www.bag.admin.ch\/k_m_meldesystem\/00736\/00816\/\" target=\"_blank\" data-cke-saved-href=\"http:\/\/www.bag.admin.ch\/k_m_meldesystem\/00736\/00816\/\" rel=\"noopener\">Federal Office of Public Health<\/a> (BAG).<\/p>\n<p>The threshold, which is determined each year, is 70 reports per 100,000 residents for this year's season.<\/p>\n<p>The value was exceeded for the first time this season in January. In February, the wave peaked at 440 reports per 100,000 inhabitants.<\/p>\n<p>This year, the wave was particularly severe: In the cantons of Graub\u00fcnden and Ticino, almost 900 flu-related physician consultations per 100,000 inhabitants were reported at times. In addition, for eleven weeks, the wave led to higher mortality among the over-65s than is usual in winter.<\/p>\n<p>Those who want to protect themselves against the next flu season can do so, for example, at the <a href=\"http:\/\/www.impfengegengrippe.ch\/de-ch\/impfung\/nationaler-grippeimpftag-2015.html\" target=\"_blank\" data-cke-saved-href=\"http:\/\/www.impfengegengrippe.ch\/de-ch\/impfung\/nationaler-grippeimpftag-2015.html\" rel=\"noopener\">national flu vaccination day<\/a> do on November 6, 2015. Many doctors' offices will then offer flu vaccination without registration at a flat rate. The list of participating practices will be posted in the fall.<\/p>","protected":false},"excerpt":{"rendered":"<p>Die Meldungen neuer Grippef\u00e4lle haben erstmals den nationalen epidemischen Schwellenwert unterschritten. Dies meldet das Bundesamt f\u00fcr Gesundheit (BAG). Der Schwellwert, der in jedem Jahr neu bestimmt wird, liegt f\u00fcr die diesj\u00e4hrige Saison bei 70 Meldungen pro 100\u2018000 Einwohnern. \u00dcberschritten wurde der Wert in dieser Saison zum ersten Mal im Januar. Im Februar erreichte die Welle [&hellip;]<\/p>\n","protected":false},"author":1,"featured_media":263,"comment_status":"closed","ping_status":"closed","sticky":false,"template":"","format":"standard","meta":{"_acf_changed":false,"pgc_sgb_lightbox_settings":"","footnotes":""},"categories":[3314],"tags":[120,149,146],"class_list":["post-16638","post","type-post","status-publish","format-standard","has-post-thumbnail","hentry","category-health-safety","tag-bundesamt","tag-gesundheitsschutz","tag-medikamente"],"acf":[],"hkrextid":null,"publication":null,"issue":null,"workflow":null,"startPage":null,"spitzmarke":null,"_posts_by_tag_page_fields":{"widget_title":"","widget_tags":""},"_at_widget":"1","_yoast_wpseo_primary_category":"4","_yoast_wpseo_focuskw_text_input":"Grippeepidemie","_yoast_wpseo_opengraph-image":null,"_yoast_wpseo_opengraph-description":null,"_yoast_wpseo_opengraph-title":null,"enclosure":null,"_yoast_wpseo_twitter-title":null,"_yoast_wpseo_twitter-description":null,"_yoast_wpseo_twitter-image":null,"_wp_old_slug":null,"_yoast_wpseo_title":null,"_yoast_wpseo_canonical":null,"yoast_head":"<!-- This site is optimized with the Yoast SEO plugin v27.4 - https:\/\/yoast.com\/product\/yoast-seo-wordpress\/ -->\n<title>Grippeepidemie ist vorbei - Save<\/title>\n<meta name=\"robots\" content=\"index, follow, max-snippet:-1, max-image-preview:large, max-video-preview:-1\" \/>\n<link rel=\"canonical\" href=\"https:\/\/news.save.ch\/en\/grippeepidemie-ist-vorbei\/\" \/>\n<meta property=\"og:locale\" content=\"en_US\" \/>\n<meta property=\"og:type\" content=\"article\" \/>\n<meta property=\"og:title\" content=\"Grippeepidemie ist vorbei - Save\" \/>\n<meta property=\"og:description\" content=\"Die Meldungen neuer Grippef\u00e4lle haben erstmals den nationalen epidemischen Schwellenwert unterschritten. Dies meldet das Bundesamt f\u00fcr Gesundheit (BAG). Der Schwellwert, der in jedem Jahr neu bestimmt wird, liegt f\u00fcr die diesj\u00e4hrige Saison bei 70 Meldungen pro 100\u2018000 Einwohnern. \u00dcberschritten wurde der Wert in dieser Saison zum ersten Mal im Januar. Im Februar erreichte die Welle [&hellip;]\" \/>\n<meta property=\"og:url\" content=\"https:\/\/news.save.ch\/en\/grippeepidemie-ist-vorbei\/\" \/>\n<meta property=\"og:site_name\" content=\"Save\" \/>\n<meta property=\"article:published_time\" content=\"2015-04-13T08:44:13+00:00\" \/>\n<meta property=\"article:modified_time\" content=\"2023-05-31T14:39:23+00:00\" \/>\n<meta property=\"og:image\" content=\"https:\/\/news.save.ch\/wp-content\/uploads\/2016\/12\/Grippeepidemie-ist-vorbei_safety-plus-scaled-1.jpg\" \/>\n\t<meta property=\"og:image:width\" content=\"1200\" \/>\n\t<meta property=\"og:image:height\" content=\"801\" \/>\n\t<meta property=\"og:image:type\" content=\"image\/jpeg\" \/>\n<meta name=\"author\" content=\"admin\" \/>\n<meta name=\"twitter:card\" content=\"summary_large_image\" \/>\n<meta name=\"twitter:label1\" content=\"Written by\" \/>\n\t<meta name=\"twitter:data1\" content=\"admin\" \/>\n\t<meta name=\"twitter:label2\" content=\"Est. reading time\" \/>\n\t<meta name=\"twitter:data2\" content=\"1 minute\" \/>\n<script type=\"application\/ld+json\" class=\"yoast-schema-graph\">{\"@context\":\"https:\\\/\\\/schema.org\",\"@graph\":[{\"@type\":\"Article\",\"@id\":\"https:\\\/\\\/news.save.ch\\\/grippeepidemie-ist-vorbei\\\/#article\",\"isPartOf\":{\"@id\":\"https:\\\/\\\/news.save.ch\\\/grippeepidemie-ist-vorbei\\\/\"},\"author\":{\"name\":\"admin\",\"@id\":\"https:\\\/\\\/news.save.ch\\\/de\\\/#\\\/schema\\\/person\\\/d49e199490bad7c70d64b9ab51142f2b\"},\"headline\":\"Grippeepidemie ist vorbei\",\"datePublished\":\"2015-04-13T08:44:13+00:00\",\"dateModified\":\"2023-05-31T14:39:23+00:00\",\"mainEntityOfPage\":{\"@id\":\"https:\\\/\\\/news.save.ch\\\/grippeepidemie-ist-vorbei\\\/\"},\"wordCount\":168,\"publisher\":{\"@id\":\"https:\\\/\\\/news.save.ch\\\/de\\\/#organization\"},\"image\":{\"@id\":\"https:\\\/\\\/news.save.ch\\\/grippeepidemie-ist-vorbei\\\/#primaryimage\"},\"thumbnailUrl\":\"https:\\\/\\\/news.save.ch\\\/wp-content\\\/uploads\\\/2016\\\/12\\\/Grippeepidemie-ist-vorbei_safety-plus-scaled-1.jpg\",\"keywords\":[\"Bundesamt\",\"Gesundheitsschutz\",\"Medikamente\"],\"articleSection\":[\"HEALTH &amp; SAFETY\"],\"inLanguage\":\"en-US\"},{\"@type\":\"WebPage\",\"@id\":\"https:\\\/\\\/news.save.ch\\\/grippeepidemie-ist-vorbei\\\/\",\"url\":\"https:\\\/\\\/news.save.ch\\\/grippeepidemie-ist-vorbei\\\/\",\"name\":\"Grippeepidemie ist vorbei - Save\",\"isPartOf\":{\"@id\":\"https:\\\/\\\/news.save.ch\\\/de\\\/#website\"},\"primaryImageOfPage\":{\"@id\":\"https:\\\/\\\/news.save.ch\\\/grippeepidemie-ist-vorbei\\\/#primaryimage\"},\"image\":{\"@id\":\"https:\\\/\\\/news.save.ch\\\/grippeepidemie-ist-vorbei\\\/#primaryimage\"},\"thumbnailUrl\":\"https:\\\/\\\/news.save.ch\\\/wp-content\\\/uploads\\\/2016\\\/12\\\/Grippeepidemie-ist-vorbei_safety-plus-scaled-1.jpg\",\"datePublished\":\"2015-04-13T08:44:13+00:00\",\"dateModified\":\"2023-05-31T14:39:23+00:00\",\"breadcrumb\":{\"@id\":\"https:\\\/\\\/news.save.ch\\\/grippeepidemie-ist-vorbei\\\/#breadcrumb\"},\"inLanguage\":\"en-US\",\"potentialAction\":[{\"@type\":\"ReadAction\",\"target\":[\"https:\\\/\\\/news.save.ch\\\/grippeepidemie-ist-vorbei\\\/\"]}]},{\"@type\":\"ImageObject\",\"inLanguage\":\"en-US\",\"@id\":\"https:\\\/\\\/news.save.ch\\\/grippeepidemie-ist-vorbei\\\/#primaryimage\",\"url\":\"https:\\\/\\\/news.save.ch\\\/wp-content\\\/uploads\\\/2016\\\/12\\\/Grippeepidemie-ist-vorbei_safety-plus-scaled-1.jpg\",\"contentUrl\":\"https:\\\/\\\/news.save.ch\\\/wp-content\\\/uploads\\\/2016\\\/12\\\/Grippeepidemie-ist-vorbei_safety-plus-scaled-1.jpg\",\"width\":1200,\"height\":801,\"caption\":\"Endlich vorbei: Die Grippewelle 2015 ist Vergangenheit.\"},{\"@type\":\"BreadcrumbList\",\"@id\":\"https:\\\/\\\/news.save.ch\\\/grippeepidemie-ist-vorbei\\\/#breadcrumb\",\"itemListElement\":[{\"@type\":\"ListItem\",\"position\":1,\"name\":\"Home\",\"item\":\"https:\\\/\\\/news.save.ch\\\/de\\\/\"},{\"@type\":\"ListItem\",\"position\":2,\"name\":\"Grippeepidemie ist vorbei\"}]},{\"@type\":\"WebSite\",\"@id\":\"https:\\\/\\\/news.save.ch\\\/de\\\/#website\",\"url\":\"https:\\\/\\\/news.save.ch\\\/de\\\/\",\"name\":\"Save\",\"description\":\"Schweizer Fachzeitschrift f\u00fcr Sicherheit\",\"publisher\":{\"@id\":\"https:\\\/\\\/news.save.ch\\\/de\\\/#organization\"},\"potentialAction\":[{\"@type\":\"SearchAction\",\"target\":{\"@type\":\"EntryPoint\",\"urlTemplate\":\"https:\\\/\\\/news.save.ch\\\/de\\\/?s={search_term_string}\"},\"query-input\":{\"@type\":\"PropertyValueSpecification\",\"valueRequired\":true,\"valueName\":\"search_term_string\"}}],\"inLanguage\":\"en-US\"},{\"@type\":\"Organization\",\"@id\":\"https:\\\/\\\/news.save.ch\\\/de\\\/#organization\",\"name\":\"Sicherheitsforum\",\"url\":\"https:\\\/\\\/news.save.ch\\\/de\\\/\",\"logo\":{\"@type\":\"ImageObject\",\"inLanguage\":\"en-US\",\"@id\":\"https:\\\/\\\/news.save.ch\\\/de\\\/#\\\/schema\\\/logo\\\/image\\\/\",\"url\":\"https:\\\/\\\/news.save.ch\\\/wp-content\\\/uploads\\\/2022\\\/06\\\/Logo_SF_2012.png\",\"contentUrl\":\"https:\\\/\\\/news.save.ch\\\/wp-content\\\/uploads\\\/2022\\\/06\\\/Logo_SF_2012.png\",\"width\":1100,\"height\":91,\"caption\":\"Sicherheitsforum\"},\"image\":{\"@id\":\"https:\\\/\\\/news.save.ch\\\/de\\\/#\\\/schema\\\/logo\\\/image\\\/\"}},{\"@type\":\"Person\",\"@id\":\"https:\\\/\\\/news.save.ch\\\/de\\\/#\\\/schema\\\/person\\\/d49e199490bad7c70d64b9ab51142f2b\",\"name\":\"admin\",\"image\":{\"@type\":\"ImageObject\",\"inLanguage\":\"en-US\",\"@id\":\"https:\\\/\\\/secure.gravatar.com\\\/avatar\\\/ae2f4d718e6c49043e314ce431e7e645d646302a24a5ef5a8bc8e3f5a032e319?s=96&d=mm&r=g\",\"url\":\"https:\\\/\\\/secure.gravatar.com\\\/avatar\\\/ae2f4d718e6c49043e314ce431e7e645d646302a24a5ef5a8bc8e3f5a032e319?s=96&d=mm&r=g\",\"contentUrl\":\"https:\\\/\\\/secure.gravatar.com\\\/avatar\\\/ae2f4d718e6c49043e314ce431e7e645d646302a24a5ef5a8bc8e3f5a032e319?s=96&d=mm&r=g\",\"caption\":\"admin\"},\"sameAs\":[\"https:\\\/\\\/develop.organisator.galledia.ch\"],\"url\":\"https:\\\/\\\/news.save.ch\\\/en\\\/author\\\/admin\\\/\"}]}<\/script>\n<!-- \/ Yoast SEO plugin. -->","yoast_head_json":{"title":"Flu epidemic is over - Save","robots":{"index":"index","follow":"follow","max-snippet":"max-snippet:-1","max-image-preview":"max-image-preview:large","max-video-preview":"max-video-preview:-1"},"canonical":"https:\/\/news.save.ch\/en\/grippeepidemie-ist-vorbei\/","og_locale":"en_US","og_type":"article","og_title":"Grippeepidemie ist vorbei - Save","og_description":"Die Meldungen neuer Grippef\u00e4lle haben erstmals den nationalen epidemischen Schwellenwert unterschritten. Dies meldet das Bundesamt f\u00fcr Gesundheit (BAG). Der Schwellwert, der in jedem Jahr neu bestimmt wird, liegt f\u00fcr die diesj\u00e4hrige Saison bei 70 Meldungen pro 100\u2018000 Einwohnern. \u00dcberschritten wurde der Wert in dieser Saison zum ersten Mal im Januar. Im Februar erreichte die Welle [&hellip;]","og_url":"https:\/\/news.save.ch\/en\/grippeepidemie-ist-vorbei\/","og_site_name":"Save","article_published_time":"2015-04-13T08:44:13+00:00","article_modified_time":"2023-05-31T14:39:23+00:00","og_image":[{"width":1200,"height":801,"url":"https:\/\/news.save.ch\/wp-content\/uploads\/2016\/12\/Grippeepidemie-ist-vorbei_safety-plus-scaled-1.jpg","type":"image\/jpeg"}],"author":"admin","twitter_card":"summary_large_image","twitter_misc":{"Written by":"admin","Est. reading time":"1 minute"},"schema":{"@context":"https:\/\/schema.org","@graph":[{"@type":"Article","@id":"https:\/\/news.save.ch\/grippeepidemie-ist-vorbei\/#article","isPartOf":{"@id":"https:\/\/news.save.ch\/grippeepidemie-ist-vorbei\/"},"author":{"name":"admin","@id":"https:\/\/news.save.ch\/de\/#\/schema\/person\/d49e199490bad7c70d64b9ab51142f2b"},"headline":"Grippeepidemie ist vorbei","datePublished":"2015-04-13T08:44:13+00:00","dateModified":"2023-05-31T14:39:23+00:00","mainEntityOfPage":{"@id":"https:\/\/news.save.ch\/grippeepidemie-ist-vorbei\/"},"wordCount":168,"publisher":{"@id":"https:\/\/news.save.ch\/de\/#organization"},"image":{"@id":"https:\/\/news.save.ch\/grippeepidemie-ist-vorbei\/#primaryimage"},"thumbnailUrl":"https:\/\/news.save.ch\/wp-content\/uploads\/2016\/12\/Grippeepidemie-ist-vorbei_safety-plus-scaled-1.jpg","keywords":["Bundesamt","Gesundheitsschutz","Medikamente"],"articleSection":["HEALTH &amp; SAFETY"],"inLanguage":"en-US"},{"@type":"WebPage","@id":"https:\/\/news.save.ch\/grippeepidemie-ist-vorbei\/","url":"https:\/\/news.save.ch\/grippeepidemie-ist-vorbei\/","name":"Flu epidemic is over - Save","isPartOf":{"@id":"https:\/\/news.save.ch\/de\/#website"},"primaryImageOfPage":{"@id":"https:\/\/news.save.ch\/grippeepidemie-ist-vorbei\/#primaryimage"},"image":{"@id":"https:\/\/news.save.ch\/grippeepidemie-ist-vorbei\/#primaryimage"},"thumbnailUrl":"https:\/\/news.save.ch\/wp-content\/uploads\/2016\/12\/Grippeepidemie-ist-vorbei_safety-plus-scaled-1.jpg","datePublished":"2015-04-13T08:44:13+00:00","dateModified":"2023-05-31T14:39:23+00:00","breadcrumb":{"@id":"https:\/\/news.save.ch\/grippeepidemie-ist-vorbei\/#breadcrumb"},"inLanguage":"en-US","potentialAction":[{"@type":"ReadAction","target":["https:\/\/news.save.ch\/grippeepidemie-ist-vorbei\/"]}]},{"@type":"ImageObject","inLanguage":"en-US","@id":"https:\/\/news.save.ch\/grippeepidemie-ist-vorbei\/#primaryimage","url":"https:\/\/news.save.ch\/wp-content\/uploads\/2016\/12\/Grippeepidemie-ist-vorbei_safety-plus-scaled-1.jpg","contentUrl":"https:\/\/news.save.ch\/wp-content\/uploads\/2016\/12\/Grippeepidemie-ist-vorbei_safety-plus-scaled-1.jpg","width":1200,"height":801,"caption":"Endlich vorbei: Die Grippewelle 2015 ist Vergangenheit."},{"@type":"BreadcrumbList","@id":"https:\/\/news.save.ch\/grippeepidemie-ist-vorbei\/#breadcrumb","itemListElement":[{"@type":"ListItem","position":1,"name":"Home","item":"https:\/\/news.save.ch\/de\/"},{"@type":"ListItem","position":2,"name":"Grippeepidemie ist vorbei"}]},{"@type":"WebSite","@id":"https:\/\/news.save.ch\/de\/#website","url":"https:\/\/news.save.ch\/de\/","name":"Save","description":"Swiss trade journal for safety","publisher":{"@id":"https:\/\/news.save.ch\/de\/#organization"},"potentialAction":[{"@type":"SearchAction","target":{"@type":"EntryPoint","urlTemplate":"https:\/\/news.save.ch\/de\/?s={search_term_string}"},"query-input":{"@type":"PropertyValueSpecification","valueRequired":true,"valueName":"search_term_string"}}],"inLanguage":"en-US"},{"@type":"Organization","@id":"https:\/\/news.save.ch\/de\/#organization","name":"Security Forum","url":"https:\/\/news.save.ch\/de\/","logo":{"@type":"ImageObject","inLanguage":"en-US","@id":"https:\/\/news.save.ch\/de\/#\/schema\/logo\/image\/","url":"https:\/\/news.save.ch\/wp-content\/uploads\/2022\/06\/Logo_SF_2012.png","contentUrl":"https:\/\/news.save.ch\/wp-content\/uploads\/2022\/06\/Logo_SF_2012.png","width":1100,"height":91,"caption":"Sicherheitsforum"},"image":{"@id":"https:\/\/news.save.ch\/de\/#\/schema\/logo\/image\/"}},{"@type":"Person","@id":"https:\/\/news.save.ch\/de\/#\/schema\/person\/d49e199490bad7c70d64b9ab51142f2b","name":"admin","image":{"@type":"ImageObject","inLanguage":"en-US","@id":"https:\/\/secure.gravatar.com\/avatar\/ae2f4d718e6c49043e314ce431e7e645d646302a24a5ef5a8bc8e3f5a032e319?s=96&d=mm&r=g","url":"https:\/\/secure.gravatar.com\/avatar\/ae2f4d718e6c49043e314ce431e7e645d646302a24a5ef5a8bc8e3f5a032e319?s=96&d=mm&r=g","contentUrl":"https:\/\/secure.gravatar.com\/avatar\/ae2f4d718e6c49043e314ce431e7e645d646302a24a5ef5a8bc8e3f5a032e319?s=96&d=mm&r=g","caption":"admin"},"sameAs":["https:\/\/develop.organisator.galledia.ch"],"url":"https:\/\/news.save.ch\/en\/author\/admin\/"}]}},"_links":{"self":[{"href":"https:\/\/news.save.ch\/en\/wp-json\/wp\/v2\/posts\/16638","targetHints":{"allow":["GET"]}}],"collection":[{"href":"https:\/\/news.save.ch\/en\/wp-json\/wp\/v2\/posts"}],"about":[{"href":"https:\/\/news.save.ch\/en\/wp-json\/wp\/v2\/types\/post"}],"author":[{"embeddable":true,"href":"https:\/\/news.save.ch\/en\/wp-json\/wp\/v2\/users\/1"}],"replies":[{"embeddable":true,"href":"https:\/\/news.save.ch\/en\/wp-json\/wp\/v2\/comments?post=16638"}],"version-history":[{"count":1,"href":"https:\/\/news.save.ch\/en\/wp-json\/wp\/v2\/posts\/16638\/revisions"}],"predecessor-version":[{"id":18866,"href":"https:\/\/news.save.ch\/en\/wp-json\/wp\/v2\/posts\/16638\/revisions\/18866"}],"wp:featuredmedia":[{"embeddable":true,"href":"https:\/\/news.save.ch\/en\/wp-json\/wp\/v2\/media\/263"}],"wp:attachment":[{"href":"https:\/\/news.save.ch\/en\/wp-json\/wp\/v2\/media?parent=16638"}],"wp:term":[{"taxonomy":"category","embeddable":true,"href":"https:\/\/news.save.ch\/en\/wp-json\/wp\/v2\/categories?post=16638"},{"taxonomy":"post_tag","embeddable":true,"href":"https:\/\/news.save.ch\/en\/wp-json\/wp\/v2\/tags?post=16638"}],"curies":[{"name":"wp","href":"https:\/\/api.w.org\/{rel}","templated":true}]}}