{"id":16639,"date":"2015-04-29T10:20:38","date_gmt":"2015-04-29T08:20:38","guid":{"rendered":"http:\/\/dev.safety-plus.ch\/?p=221"},"modified":"2023-03-14T09:01:13","modified_gmt":"2023-03-14T08:01:13","slug":"bauarbeiter-fordern-besseren-schutz-bei-schlechtem-wetter","status":null,"type":"post","link":"https:\/\/news.save.ch\/en\/bauarbeiter-fordern-besseren-schutz-bei-schlechtem-wetter\/","title":{"rendered":"Construction workers demand better protection in bad weather"},"content":{"rendered":"<figure id=\"attachment_223\" aria-describedby=\"caption-attachment-223\" style=\"width: 680px\" class=\"wp-caption alignnone\"><img loading=\"lazy\" decoding=\"async\" class=\"wp-image-223 size-medium\" src=\"http:\/\/develop.safety-plus.ch\/wp-content\/uploads\/2016\/12\/Bauarbeiter-fordern-besseren-Schutz-bei-schlechtem-Wetter_safety-plus.jpeg\" alt=\"The risk of accidents increases in snow, rain and cold.\" width=\"680\" height=\"446\" \/><figcaption id=\"caption-attachment-223\" class=\"wp-caption-text\">The risk of accidents increases in snow, rain and cold.<\/figcaption><\/figure>\n<p>The National Labor Agreement (LMV) for the construction industry, which governs the working conditions of around 100,000 construction workers in Switzerland, expires at the end of 2015.<\/p>\n<p>The construction workers demand for the renewal in particular a better <a href=\"http:\/\/www.unia.ch\/de\/arbeitswelt\/von-a-z\/bau\/bauhauptgewerbe\/schlechtwetter\/\" target=\"_blank\" data-cke-saved-href=\"http:\/\/www.unia.ch\/de\/arbeitswelt\/von-a-z\/bau\/bauhauptgewerbe\/schlechtwetter\/\" rel=\"noopener\">Health protection in bad weather<\/a>Snow, rain and wind on a construction site significantly increase the risk of an accident. The Unia trade union therefore wants to achieve that construction workers have a say in deciding when they are allowed to stop work due to dangerous weather conditions - for example in the case of icy scaffolding or slippery floors at height, but also in the case of excessive sunlight and heat.<\/p>\n<p>As Unia reports, the renegotiations are still stalling. The construction workers are demanding that negotiations must now begin quickly - otherwise there is a risk of a contractless situation next year.<\/p>","protected":false},"excerpt":{"rendered":"<p>Der Landesmantelvertrag (LMV)\u00a0f\u00fcr das Baugewerbe, der die Arbeitsbedingungen von rund 100&#8217;000 Bauarbeitern in der Schweiz regelt,\u00a0l\u00e4uft Ende 2015 aus. Die Bauarbeitern fordern f\u00fcr die Erneuerung insbesondere einen besseren Gesundheitsschutz bei schlechtem Wetter:\u00a0Schnee, Regen und Wind auf einer Baustelle erh\u00f6hen die Gefahr eines Unfalls deutlich. Die Gewerkschaft Unia will daher erreichen, dass Bauarbeiter mitentscheiden d\u00fcrfen, wann [&hellip;]<\/p>\n","protected":false},"author":1,"featured_media":223,"comment_status":"open","ping_status":"open","sticky":false,"template":"","format":"standard","meta":{"_acf_changed":false,"pgc_sgb_lightbox_settings":"","footnotes":""},"categories":[3314],"tags":[172],"class_list":["post-16639","post","type-post","status-publish","format-standard","has-post-thumbnail","hentry","category-health-safety","tag-arbeitssicherheit"],"acf":[],"hkrextid":null,"publication":null,"issue":null,"workflow":null,"startPage":null,"spitzmarke":null,"_posts_by_tag_page_fields":{"widget_title":"","widget_tags":""},"_at_widget":"1","_yoast_wpseo_primary_category":"5","_yoast_wpseo_focuskw_text_input":"Schutz bei schlechtem Wetter","_yoast_wpseo_opengraph-image":null,"_yoast_wpseo_opengraph-description":null,"_yoast_wpseo_opengraph-title":null,"enclosure":null,"_yoast_wpseo_twitter-title":null,"_yoast_wpseo_twitter-description":null,"_yoast_wpseo_twitter-image":null,"_wp_old_slug":null,"_yoast_wpseo_title":null,"_yoast_wpseo_canonical":null,"yoast_head":"<!-- This site is optimized with the Yoast SEO plugin v27.4 - https:\/\/yoast.com\/product\/yoast-seo-wordpress\/ -->\n<title>Bauarbeiter fordern besseren Schutz bei schlechtem Wetter - Save<\/title>\n<meta name=\"description\" content=\"Schutz bei schlechtem Wetter: Der neue Landesmantelvertrag f\u00fcr das Baugewerbe soll k\u00fcnftig h\u00f6here Arbeitssicherheit bei schlechtem Wetter ber\u00fccksichtigen.\" \/>\n<meta name=\"robots\" content=\"index, follow, max-snippet:-1, max-image-preview:large, max-video-preview:-1\" \/>\n<link rel=\"canonical\" href=\"https:\/\/news.save.ch\/en\/bauarbeiter-fordern-besseren-schutz-bei-schlechtem-wetter\/\" \/>\n<meta property=\"og:locale\" content=\"en_US\" \/>\n<meta property=\"og:type\" content=\"article\" \/>\n<meta property=\"og:title\" content=\"Bauarbeiter fordern besseren Schutz bei schlechtem Wetter - Save\" \/>\n<meta property=\"og:description\" content=\"Schutz bei schlechtem Wetter: Der neue Landesmantelvertrag f\u00fcr das Baugewerbe soll k\u00fcnftig h\u00f6here Arbeitssicherheit bei schlechtem Wetter ber\u00fccksichtigen.\" \/>\n<meta property=\"og:url\" content=\"https:\/\/news.save.ch\/en\/bauarbeiter-fordern-besseren-schutz-bei-schlechtem-wetter\/\" \/>\n<meta property=\"og:site_name\" content=\"Save\" \/>\n<meta property=\"article:published_time\" content=\"2015-04-29T08:20:38+00:00\" \/>\n<meta property=\"article:modified_time\" content=\"2023-03-14T08:01:13+00:00\" \/>\n<meta property=\"og:image\" content=\"https:\/\/news.save.ch\/wp-content\/uploads\/2016\/12\/Bauarbeiter-fordern-besseren-Schutz-bei-schlechtem-Wetter_safety-plus-scaled-1.jpeg\" \/>\n\t<meta property=\"og:image:width\" content=\"1200\" \/>\n\t<meta property=\"og:image:height\" content=\"788\" \/>\n\t<meta property=\"og:image:type\" content=\"image\/jpeg\" \/>\n<meta name=\"author\" content=\"admin\" \/>\n<meta name=\"twitter:card\" content=\"summary_large_image\" \/>\n<meta name=\"twitter:label1\" content=\"Written by\" \/>\n\t<meta name=\"twitter:data1\" content=\"admin\" \/>\n\t<meta name=\"twitter:label2\" content=\"Est. reading time\" \/>\n\t<meta name=\"twitter:data2\" content=\"1 minute\" \/>\n<script type=\"application\/ld+json\" class=\"yoast-schema-graph\">{\"@context\":\"https:\\\/\\\/schema.org\",\"@graph\":[{\"@type\":\"Article\",\"@id\":\"https:\\\/\\\/news.save.ch\\\/bauarbeiter-fordern-besseren-schutz-bei-schlechtem-wetter\\\/#article\",\"isPartOf\":{\"@id\":\"https:\\\/\\\/news.save.ch\\\/bauarbeiter-fordern-besseren-schutz-bei-schlechtem-wetter\\\/\"},\"author\":{\"name\":\"admin\",\"@id\":\"https:\\\/\\\/news.save.ch\\\/de\\\/#\\\/schema\\\/person\\\/d49e199490bad7c70d64b9ab51142f2b\"},\"headline\":\"Bauarbeiter fordern besseren Schutz bei schlechtem Wetter\",\"datePublished\":\"2015-04-29T08:20:38+00:00\",\"dateModified\":\"2023-03-14T08:01:13+00:00\",\"mainEntityOfPage\":{\"@id\":\"https:\\\/\\\/news.save.ch\\\/bauarbeiter-fordern-besseren-schutz-bei-schlechtem-wetter\\\/\"},\"wordCount\":149,\"commentCount\":0,\"publisher\":{\"@id\":\"https:\\\/\\\/news.save.ch\\\/de\\\/#organization\"},\"image\":{\"@id\":\"https:\\\/\\\/news.save.ch\\\/bauarbeiter-fordern-besseren-schutz-bei-schlechtem-wetter\\\/#primaryimage\"},\"thumbnailUrl\":\"https:\\\/\\\/news.save.ch\\\/wp-content\\\/uploads\\\/2016\\\/12\\\/Bauarbeiter-fordern-besseren-Schutz-bei-schlechtem-Wetter_safety-plus-scaled-1.jpeg\",\"keywords\":[\"Arbeitssicherheit\"],\"articleSection\":[\"HEALTH &amp; SAFETY\"],\"inLanguage\":\"en-US\"},{\"@type\":\"WebPage\",\"@id\":\"https:\\\/\\\/news.save.ch\\\/bauarbeiter-fordern-besseren-schutz-bei-schlechtem-wetter\\\/\",\"url\":\"https:\\\/\\\/news.save.ch\\\/bauarbeiter-fordern-besseren-schutz-bei-schlechtem-wetter\\\/\",\"name\":\"Bauarbeiter fordern besseren Schutz bei schlechtem Wetter - Save\",\"isPartOf\":{\"@id\":\"https:\\\/\\\/news.save.ch\\\/de\\\/#website\"},\"primaryImageOfPage\":{\"@id\":\"https:\\\/\\\/news.save.ch\\\/bauarbeiter-fordern-besseren-schutz-bei-schlechtem-wetter\\\/#primaryimage\"},\"image\":{\"@id\":\"https:\\\/\\\/news.save.ch\\\/bauarbeiter-fordern-besseren-schutz-bei-schlechtem-wetter\\\/#primaryimage\"},\"thumbnailUrl\":\"https:\\\/\\\/news.save.ch\\\/wp-content\\\/uploads\\\/2016\\\/12\\\/Bauarbeiter-fordern-besseren-Schutz-bei-schlechtem-Wetter_safety-plus-scaled-1.jpeg\",\"datePublished\":\"2015-04-29T08:20:38+00:00\",\"dateModified\":\"2023-03-14T08:01:13+00:00\",\"description\":\"Schutz bei schlechtem Wetter: Der neue Landesmantelvertrag f\u00fcr das Baugewerbe soll k\u00fcnftig h\u00f6here Arbeitssicherheit bei schlechtem Wetter ber\u00fccksichtigen.\",\"breadcrumb\":{\"@id\":\"https:\\\/\\\/news.save.ch\\\/bauarbeiter-fordern-besseren-schutz-bei-schlechtem-wetter\\\/#breadcrumb\"},\"inLanguage\":\"en-US\",\"potentialAction\":[{\"@type\":\"ReadAction\",\"target\":[\"https:\\\/\\\/news.save.ch\\\/bauarbeiter-fordern-besseren-schutz-bei-schlechtem-wetter\\\/\"]}]},{\"@type\":\"ImageObject\",\"inLanguage\":\"en-US\",\"@id\":\"https:\\\/\\\/news.save.ch\\\/bauarbeiter-fordern-besseren-schutz-bei-schlechtem-wetter\\\/#primaryimage\",\"url\":\"https:\\\/\\\/news.save.ch\\\/wp-content\\\/uploads\\\/2016\\\/12\\\/Bauarbeiter-fordern-besseren-Schutz-bei-schlechtem-Wetter_safety-plus-scaled-1.jpeg\",\"contentUrl\":\"https:\\\/\\\/news.save.ch\\\/wp-content\\\/uploads\\\/2016\\\/12\\\/Bauarbeiter-fordern-besseren-Schutz-bei-schlechtem-Wetter_safety-plus-scaled-1.jpeg\",\"width\":1200,\"height\":788,\"caption\":\"Bei Schnee, Regen und K\u00e4lte steigt die Unfallgefahr.\"},{\"@type\":\"BreadcrumbList\",\"@id\":\"https:\\\/\\\/news.save.ch\\\/bauarbeiter-fordern-besseren-schutz-bei-schlechtem-wetter\\\/#breadcrumb\",\"itemListElement\":[{\"@type\":\"ListItem\",\"position\":1,\"name\":\"Home\",\"item\":\"https:\\\/\\\/news.save.ch\\\/de\\\/\"},{\"@type\":\"ListItem\",\"position\":2,\"name\":\"Bauarbeiter fordern besseren Schutz bei schlechtem Wetter\"}]},{\"@type\":\"WebSite\",\"@id\":\"https:\\\/\\\/news.save.ch\\\/de\\\/#website\",\"url\":\"https:\\\/\\\/news.save.ch\\\/de\\\/\",\"name\":\"Save\",\"description\":\"Schweizer Fachzeitschrift f\u00fcr Sicherheit\",\"publisher\":{\"@id\":\"https:\\\/\\\/news.save.ch\\\/de\\\/#organization\"},\"potentialAction\":[{\"@type\":\"SearchAction\",\"target\":{\"@type\":\"EntryPoint\",\"urlTemplate\":\"https:\\\/\\\/news.save.ch\\\/de\\\/?s={search_term_string}\"},\"query-input\":{\"@type\":\"PropertyValueSpecification\",\"valueRequired\":true,\"valueName\":\"search_term_string\"}}],\"inLanguage\":\"en-US\"},{\"@type\":\"Organization\",\"@id\":\"https:\\\/\\\/news.save.ch\\\/de\\\/#organization\",\"name\":\"Sicherheitsforum\",\"url\":\"https:\\\/\\\/news.save.ch\\\/de\\\/\",\"logo\":{\"@type\":\"ImageObject\",\"inLanguage\":\"en-US\",\"@id\":\"https:\\\/\\\/news.save.ch\\\/de\\\/#\\\/schema\\\/logo\\\/image\\\/\",\"url\":\"https:\\\/\\\/news.save.ch\\\/wp-content\\\/uploads\\\/2022\\\/06\\\/Logo_SF_2012.png\",\"contentUrl\":\"https:\\\/\\\/news.save.ch\\\/wp-content\\\/uploads\\\/2022\\\/06\\\/Logo_SF_2012.png\",\"width\":1100,\"height\":91,\"caption\":\"Sicherheitsforum\"},\"image\":{\"@id\":\"https:\\\/\\\/news.save.ch\\\/de\\\/#\\\/schema\\\/logo\\\/image\\\/\"}},{\"@type\":\"Person\",\"@id\":\"https:\\\/\\\/news.save.ch\\\/de\\\/#\\\/schema\\\/person\\\/d49e199490bad7c70d64b9ab51142f2b\",\"name\":\"admin\",\"image\":{\"@type\":\"ImageObject\",\"inLanguage\":\"en-US\",\"@id\":\"https:\\\/\\\/secure.gravatar.com\\\/avatar\\\/ae2f4d718e6c49043e314ce431e7e645d646302a24a5ef5a8bc8e3f5a032e319?s=96&d=mm&r=g\",\"url\":\"https:\\\/\\\/secure.gravatar.com\\\/avatar\\\/ae2f4d718e6c49043e314ce431e7e645d646302a24a5ef5a8bc8e3f5a032e319?s=96&d=mm&r=g\",\"contentUrl\":\"https:\\\/\\\/secure.gravatar.com\\\/avatar\\\/ae2f4d718e6c49043e314ce431e7e645d646302a24a5ef5a8bc8e3f5a032e319?s=96&d=mm&r=g\",\"caption\":\"admin\"},\"sameAs\":[\"https:\\\/\\\/develop.organisator.galledia.ch\"],\"url\":\"https:\\\/\\\/news.save.ch\\\/en\\\/author\\\/admin\\\/\"}]}<\/script>\n<!-- \/ Yoast SEO plugin. -->","yoast_head_json":{"title":"Construction workers demand better protection in bad weather - Save","description":"Protection in bad weather: The new state shell contract for the construction industry is to take into account higher occupational safety in bad weather in the future.","robots":{"index":"index","follow":"follow","max-snippet":"max-snippet:-1","max-image-preview":"max-image-preview:large","max-video-preview":"max-video-preview:-1"},"canonical":"https:\/\/news.save.ch\/en\/bauarbeiter-fordern-besseren-schutz-bei-schlechtem-wetter\/","og_locale":"en_US","og_type":"article","og_title":"Bauarbeiter fordern besseren Schutz bei schlechtem Wetter - Save","og_description":"Schutz bei schlechtem Wetter: Der neue Landesmantelvertrag f\u00fcr das Baugewerbe soll k\u00fcnftig h\u00f6here Arbeitssicherheit bei schlechtem Wetter ber\u00fccksichtigen.","og_url":"https:\/\/news.save.ch\/en\/bauarbeiter-fordern-besseren-schutz-bei-schlechtem-wetter\/","og_site_name":"Save","article_published_time":"2015-04-29T08:20:38+00:00","article_modified_time":"2023-03-14T08:01:13+00:00","og_image":[{"width":1200,"height":788,"url":"https:\/\/news.save.ch\/wp-content\/uploads\/2016\/12\/Bauarbeiter-fordern-besseren-Schutz-bei-schlechtem-Wetter_safety-plus-scaled-1.jpeg","type":"image\/jpeg"}],"author":"admin","twitter_card":"summary_large_image","twitter_misc":{"Written by":"admin","Est. reading time":"1 minute"},"schema":{"@context":"https:\/\/schema.org","@graph":[{"@type":"Article","@id":"https:\/\/news.save.ch\/bauarbeiter-fordern-besseren-schutz-bei-schlechtem-wetter\/#article","isPartOf":{"@id":"https:\/\/news.save.ch\/bauarbeiter-fordern-besseren-schutz-bei-schlechtem-wetter\/"},"author":{"name":"admin","@id":"https:\/\/news.save.ch\/de\/#\/schema\/person\/d49e199490bad7c70d64b9ab51142f2b"},"headline":"Bauarbeiter fordern besseren Schutz bei schlechtem Wetter","datePublished":"2015-04-29T08:20:38+00:00","dateModified":"2023-03-14T08:01:13+00:00","mainEntityOfPage":{"@id":"https:\/\/news.save.ch\/bauarbeiter-fordern-besseren-schutz-bei-schlechtem-wetter\/"},"wordCount":149,"commentCount":0,"publisher":{"@id":"https:\/\/news.save.ch\/de\/#organization"},"image":{"@id":"https:\/\/news.save.ch\/bauarbeiter-fordern-besseren-schutz-bei-schlechtem-wetter\/#primaryimage"},"thumbnailUrl":"https:\/\/news.save.ch\/wp-content\/uploads\/2016\/12\/Bauarbeiter-fordern-besseren-Schutz-bei-schlechtem-Wetter_safety-plus-scaled-1.jpeg","keywords":["Arbeitssicherheit"],"articleSection":["HEALTH &amp; SAFETY"],"inLanguage":"en-US"},{"@type":"WebPage","@id":"https:\/\/news.save.ch\/bauarbeiter-fordern-besseren-schutz-bei-schlechtem-wetter\/","url":"https:\/\/news.save.ch\/bauarbeiter-fordern-besseren-schutz-bei-schlechtem-wetter\/","name":"Construction workers demand better protection in bad weather - Save","isPartOf":{"@id":"https:\/\/news.save.ch\/de\/#website"},"primaryImageOfPage":{"@id":"https:\/\/news.save.ch\/bauarbeiter-fordern-besseren-schutz-bei-schlechtem-wetter\/#primaryimage"},"image":{"@id":"https:\/\/news.save.ch\/bauarbeiter-fordern-besseren-schutz-bei-schlechtem-wetter\/#primaryimage"},"thumbnailUrl":"https:\/\/news.save.ch\/wp-content\/uploads\/2016\/12\/Bauarbeiter-fordern-besseren-Schutz-bei-schlechtem-Wetter_safety-plus-scaled-1.jpeg","datePublished":"2015-04-29T08:20:38+00:00","dateModified":"2023-03-14T08:01:13+00:00","description":"Protection in bad weather: The new state shell contract for the construction industry is to take into account higher occupational safety in bad weather in the future.","breadcrumb":{"@id":"https:\/\/news.save.ch\/bauarbeiter-fordern-besseren-schutz-bei-schlechtem-wetter\/#breadcrumb"},"inLanguage":"en-US","potentialAction":[{"@type":"ReadAction","target":["https:\/\/news.save.ch\/bauarbeiter-fordern-besseren-schutz-bei-schlechtem-wetter\/"]}]},{"@type":"ImageObject","inLanguage":"en-US","@id":"https:\/\/news.save.ch\/bauarbeiter-fordern-besseren-schutz-bei-schlechtem-wetter\/#primaryimage","url":"https:\/\/news.save.ch\/wp-content\/uploads\/2016\/12\/Bauarbeiter-fordern-besseren-Schutz-bei-schlechtem-Wetter_safety-plus-scaled-1.jpeg","contentUrl":"https:\/\/news.save.ch\/wp-content\/uploads\/2016\/12\/Bauarbeiter-fordern-besseren-Schutz-bei-schlechtem-Wetter_safety-plus-scaled-1.jpeg","width":1200,"height":788,"caption":"Bei Schnee, Regen und K\u00e4lte steigt die Unfallgefahr."},{"@type":"BreadcrumbList","@id":"https:\/\/news.save.ch\/bauarbeiter-fordern-besseren-schutz-bei-schlechtem-wetter\/#breadcrumb","itemListElement":[{"@type":"ListItem","position":1,"name":"Home","item":"https:\/\/news.save.ch\/de\/"},{"@type":"ListItem","position":2,"name":"Bauarbeiter fordern besseren Schutz bei schlechtem Wetter"}]},{"@type":"WebSite","@id":"https:\/\/news.save.ch\/de\/#website","url":"https:\/\/news.save.ch\/de\/","name":"Save","description":"Swiss trade journal for safety","publisher":{"@id":"https:\/\/news.save.ch\/de\/#organization"},"potentialAction":[{"@type":"SearchAction","target":{"@type":"EntryPoint","urlTemplate":"https:\/\/news.save.ch\/de\/?s={search_term_string}"},"query-input":{"@type":"PropertyValueSpecification","valueRequired":true,"valueName":"search_term_string"}}],"inLanguage":"en-US"},{"@type":"Organization","@id":"https:\/\/news.save.ch\/de\/#organization","name":"Security Forum","url":"https:\/\/news.save.ch\/de\/","logo":{"@type":"ImageObject","inLanguage":"en-US","@id":"https:\/\/news.save.ch\/de\/#\/schema\/logo\/image\/","url":"https:\/\/news.save.ch\/wp-content\/uploads\/2022\/06\/Logo_SF_2012.png","contentUrl":"https:\/\/news.save.ch\/wp-content\/uploads\/2022\/06\/Logo_SF_2012.png","width":1100,"height":91,"caption":"Sicherheitsforum"},"image":{"@id":"https:\/\/news.save.ch\/de\/#\/schema\/logo\/image\/"}},{"@type":"Person","@id":"https:\/\/news.save.ch\/de\/#\/schema\/person\/d49e199490bad7c70d64b9ab51142f2b","name":"admin","image":{"@type":"ImageObject","inLanguage":"en-US","@id":"https:\/\/secure.gravatar.com\/avatar\/ae2f4d718e6c49043e314ce431e7e645d646302a24a5ef5a8bc8e3f5a032e319?s=96&d=mm&r=g","url":"https:\/\/secure.gravatar.com\/avatar\/ae2f4d718e6c49043e314ce431e7e645d646302a24a5ef5a8bc8e3f5a032e319?s=96&d=mm&r=g","contentUrl":"https:\/\/secure.gravatar.com\/avatar\/ae2f4d718e6c49043e314ce431e7e645d646302a24a5ef5a8bc8e3f5a032e319?s=96&d=mm&r=g","caption":"admin"},"sameAs":["https:\/\/develop.organisator.galledia.ch"],"url":"https:\/\/news.save.ch\/en\/author\/admin\/"}]}},"_links":{"self":[{"href":"https:\/\/news.save.ch\/en\/wp-json\/wp\/v2\/posts\/16639","targetHints":{"allow":["GET"]}}],"collection":[{"href":"https:\/\/news.save.ch\/en\/wp-json\/wp\/v2\/posts"}],"about":[{"href":"https:\/\/news.save.ch\/en\/wp-json\/wp\/v2\/types\/post"}],"author":[{"embeddable":true,"href":"https:\/\/news.save.ch\/en\/wp-json\/wp\/v2\/users\/1"}],"replies":[{"embeddable":true,"href":"https:\/\/news.save.ch\/en\/wp-json\/wp\/v2\/comments?post=16639"}],"version-history":[{"count":1,"href":"https:\/\/news.save.ch\/en\/wp-json\/wp\/v2\/posts\/16639\/revisions"}],"predecessor-version":[{"id":18405,"href":"https:\/\/news.save.ch\/en\/wp-json\/wp\/v2\/posts\/16639\/revisions\/18405"}],"wp:featuredmedia":[{"embeddable":true,"href":"https:\/\/news.save.ch\/en\/wp-json\/wp\/v2\/media\/223"}],"wp:attachment":[{"href":"https:\/\/news.save.ch\/en\/wp-json\/wp\/v2\/media?parent=16639"}],"wp:term":[{"taxonomy":"category","embeddable":true,"href":"https:\/\/news.save.ch\/en\/wp-json\/wp\/v2\/categories?post=16639"},{"taxonomy":"post_tag","embeddable":true,"href":"https:\/\/news.save.ch\/en\/wp-json\/wp\/v2\/tags?post=16639"}],"curies":[{"name":"wp","href":"https:\/\/api.w.org\/{rel}","templated":true}]}}