{"id":16642,"date":"2015-04-17T11:03:50","date_gmt":"2015-04-17T09:03:50","guid":{"rendered":"http:\/\/dev.safety-plus.ch\/?p=309"},"modified":"2015-04-17T11:03:50","modified_gmt":"2015-04-17T09:03:50","slug":"immer-mehr-personen-arbeiten-flexibel","status":null,"type":"post","link":"https:\/\/news.save.ch\/en\/immer-mehr-personen-arbeiten-flexibel\/","title":{"rendered":"More and more people work flexibly"},"content":{"rendered":"<figure id=\"attachment_313\" aria-describedby=\"caption-attachment-313\" style=\"width: 680px\" class=\"wp-caption alignnone\"><img loading=\"lazy\" decoding=\"async\" class=\"wp-image-313 size-medium\" src=\"http:\/\/develop.safety-plus.ch\/wp-content\/uploads\/2016\/12\/Immer-mehr-Personen-arbeiten-flexibel_safety-plus.jpg\" alt=\"Flexibility at work is becoming increasingly important in Switzerland.\" width=\"680\" height=\"453\" \/><figcaption id=\"caption-attachment-313\" class=\"wp-caption-text\">Flexibility at work is becoming increasingly important in Switzerland.<\/figcaption><\/figure>\n<p>Just under half of employees (44.6%) had flexible working hours in 2014. This is reported by the Federal Statistical Office BfS. In the last survey in 2004, the figure was only 41.7%. The flexible models range from weekly or monthly working hours to annual working hours to working hours without any formal requirements at all. Men are more likely than women to be employed in such a model (51.1% compared to 37.6%), and people with a university or college degree are significantly more likely than those without post-compulsory education (62.3% compared to 17.9%).<\/p>\n<p>Part-time work is also on the rise. Today, 36% of the workforce are employed on a part-time basis, compared with 31.7% in 2004. Here, the difference between the sexes is particularly pronounced: For men, the figure is only 15.9%, while for women it is 59.2%.<\/p>\n<p>People also work at weekends and at night: For example, more than one-fifth of those in employment work regularly on Saturdays and around one in ten on Sundays. Every twentieth person also regularly works at night.<\/p>\n<p>The raw data and the detailed analysis of the survey are available on the BfS website for downloading. <a href=\"http:\/\/www.bfs.admin.ch\/bfs\/portal\/de\/index\/themen\/03\/01\/new\/nip_detail.html?gnpID=2015-253\" target=\"_blank\" data-cke-saved-href=\"http:\/\/www.bfs.admin.ch\/bfs\/portal\/de\/index\/themen\/03\/01\/new\/nip_detail.html?gnpID=2015-253\" rel=\"noopener\">Download<\/a> ready<\/p>","protected":false},"excerpt":{"rendered":"<p>Knapp die H\u00e4lfte der Arbeitnehmenden (44,6%)\u00a0hatte im Jahr 2014 flexible Arbeitszeiten. Dies meldet das Bundesamt f\u00fcr Statistik BfS. Bei der letzten Erhebung im Jahr 2004 waren es erst 41,7%.\u00a0Die flexiblen Modelle reichen dabei von Wochen- oder Monatsarbeitszeit \u00fcber Jahresarbeitszeit bis hin zu Arbeitszeiten ganz ohne formale Vorgaben. Dabei sind M\u00e4nner h\u00e4ufiger als Frauen in einem [&hellip;]<\/p>\n","protected":false},"author":1,"featured_media":15994,"comment_status":"open","ping_status":"open","sticky":false,"template":"","format":"standard","meta":{"_acf_changed":false,"pgc_sgb_lightbox_settings":"","footnotes":""},"categories":[1],"tags":[1678],"class_list":["post-16642","post","type-post","status-publish","format-standard","has-post-thumbnail","hentry","category-allgemein","tag-arbeitszeit"],"acf":[],"hkrextid":null,"publication":null,"issue":null,"workflow":null,"startPage":null,"spitzmarke":null,"_posts_by_tag_page_fields":{"widget_title":"","widget_tags":""},"_at_widget":"1","_yoast_wpseo_primary_category":"1","_yoast_wpseo_focuskw_text_input":"mehr Personen arbeiten flexibel","_yoast_wpseo_opengraph-image":null,"_yoast_wpseo_opengraph-description":null,"_yoast_wpseo_opengraph-title":null,"enclosure":null,"_yoast_wpseo_twitter-title":null,"_yoast_wpseo_twitter-description":null,"_yoast_wpseo_twitter-image":null,"_wp_old_slug":null,"_yoast_wpseo_title":null,"_yoast_wpseo_canonical":null,"yoast_head":"<!-- This site is optimized with the Yoast SEO plugin v27.5 - https:\/\/yoast.com\/product\/yoast-seo-wordpress\/ -->\n<title>Immer mehr Personen arbeiten flexibel - Save<\/title>\n<meta name=\"description\" content=\"Immer mehr Personen arbeiten flexibel: Die flexiblen Arbeitszeiten nehmen in der Schweiz weiter zu.\" \/>\n<meta name=\"robots\" content=\"index, follow, max-snippet:-1, max-image-preview:large, max-video-preview:-1\" \/>\n<link rel=\"canonical\" href=\"https:\/\/news.save.ch\/en\/immer-mehr-personen-arbeiten-flexibel\/\" \/>\n<meta property=\"og:locale\" content=\"en_US\" \/>\n<meta property=\"og:type\" content=\"article\" \/>\n<meta property=\"og:title\" content=\"Immer mehr Personen arbeiten flexibel - Save\" \/>\n<meta property=\"og:description\" content=\"Immer mehr Personen arbeiten flexibel: Die flexiblen Arbeitszeiten nehmen in der Schweiz weiter zu.\" \/>\n<meta property=\"og:url\" content=\"https:\/\/news.save.ch\/en\/immer-mehr-personen-arbeiten-flexibel\/\" \/>\n<meta property=\"og:site_name\" content=\"Save\" \/>\n<meta property=\"article:published_time\" content=\"2015-04-17T09:03:50+00:00\" \/>\n<meta property=\"og:image\" content=\"https:\/\/news.save.ch\/wp-content\/uploads\/2016\/12\/Immer-mehr-Personen-arbeiten-flexibel_safety-plus-scaled-1.jpg\" \/>\n\t<meta property=\"og:image:width\" content=\"1200\" \/>\n\t<meta property=\"og:image:height\" content=\"801\" \/>\n\t<meta property=\"og:image:type\" content=\"image\/jpeg\" \/>\n<meta name=\"author\" content=\"admin\" \/>\n<meta name=\"twitter:card\" content=\"summary_large_image\" \/>\n<meta name=\"twitter:label1\" content=\"Written by\" \/>\n\t<meta name=\"twitter:data1\" content=\"admin\" \/>\n\t<meta name=\"twitter:label2\" content=\"Est. reading time\" \/>\n\t<meta name=\"twitter:data2\" content=\"1 minute\" \/>\n<script type=\"application\/ld+json\" class=\"yoast-schema-graph\">{\"@context\":\"https:\\\/\\\/schema.org\",\"@graph\":[{\"@type\":\"Article\",\"@id\":\"https:\\\/\\\/news.save.ch\\\/immer-mehr-personen-arbeiten-flexibel\\\/#article\",\"isPartOf\":{\"@id\":\"https:\\\/\\\/news.save.ch\\\/immer-mehr-personen-arbeiten-flexibel\\\/\"},\"author\":{\"name\":\"admin\",\"@id\":\"https:\\\/\\\/news.save.ch\\\/de\\\/#\\\/schema\\\/person\\\/d49e199490bad7c70d64b9ab51142f2b\"},\"headline\":\"Immer mehr Personen arbeiten flexibel\",\"datePublished\":\"2015-04-17T09:03:50+00:00\",\"mainEntityOfPage\":{\"@id\":\"https:\\\/\\\/news.save.ch\\\/immer-mehr-personen-arbeiten-flexibel\\\/\"},\"wordCount\":202,\"commentCount\":0,\"publisher\":{\"@id\":\"https:\\\/\\\/news.save.ch\\\/de\\\/#organization\"},\"image\":{\"@id\":\"https:\\\/\\\/news.save.ch\\\/immer-mehr-personen-arbeiten-flexibel\\\/#primaryimage\"},\"thumbnailUrl\":\"https:\\\/\\\/news.save.ch\\\/wp-content\\\/uploads\\\/2016\\\/12\\\/Immer-mehr-Personen-arbeiten-flexibel_safety-plus-scaled-1.jpg\",\"keywords\":[\"Arbeitszeit\"],\"articleSection\":[\"ALLGEMEIN\"],\"inLanguage\":\"en-US\"},{\"@type\":\"WebPage\",\"@id\":\"https:\\\/\\\/news.save.ch\\\/immer-mehr-personen-arbeiten-flexibel\\\/\",\"url\":\"https:\\\/\\\/news.save.ch\\\/immer-mehr-personen-arbeiten-flexibel\\\/\",\"name\":\"Immer mehr Personen arbeiten flexibel - Save\",\"isPartOf\":{\"@id\":\"https:\\\/\\\/news.save.ch\\\/de\\\/#website\"},\"primaryImageOfPage\":{\"@id\":\"https:\\\/\\\/news.save.ch\\\/immer-mehr-personen-arbeiten-flexibel\\\/#primaryimage\"},\"image\":{\"@id\":\"https:\\\/\\\/news.save.ch\\\/immer-mehr-personen-arbeiten-flexibel\\\/#primaryimage\"},\"thumbnailUrl\":\"https:\\\/\\\/news.save.ch\\\/wp-content\\\/uploads\\\/2016\\\/12\\\/Immer-mehr-Personen-arbeiten-flexibel_safety-plus-scaled-1.jpg\",\"datePublished\":\"2015-04-17T09:03:50+00:00\",\"description\":\"Immer mehr Personen arbeiten flexibel: Die flexiblen Arbeitszeiten nehmen in der Schweiz weiter zu.\",\"breadcrumb\":{\"@id\":\"https:\\\/\\\/news.save.ch\\\/immer-mehr-personen-arbeiten-flexibel\\\/#breadcrumb\"},\"inLanguage\":\"en-US\",\"potentialAction\":[{\"@type\":\"ReadAction\",\"target\":[\"https:\\\/\\\/news.save.ch\\\/immer-mehr-personen-arbeiten-flexibel\\\/\"]}]},{\"@type\":\"ImageObject\",\"inLanguage\":\"en-US\",\"@id\":\"https:\\\/\\\/news.save.ch\\\/immer-mehr-personen-arbeiten-flexibel\\\/#primaryimage\",\"url\":\"https:\\\/\\\/news.save.ch\\\/wp-content\\\/uploads\\\/2016\\\/12\\\/Immer-mehr-Personen-arbeiten-flexibel_safety-plus-scaled-1.jpg\",\"contentUrl\":\"https:\\\/\\\/news.save.ch\\\/wp-content\\\/uploads\\\/2016\\\/12\\\/Immer-mehr-Personen-arbeiten-flexibel_safety-plus-scaled-1.jpg\",\"width\":1200,\"height\":801,\"caption\":\"Flexibilit\u00e4t bei der Arbeit wird in der Schweiz immer wichtiger.\"},{\"@type\":\"BreadcrumbList\",\"@id\":\"https:\\\/\\\/news.save.ch\\\/immer-mehr-personen-arbeiten-flexibel\\\/#breadcrumb\",\"itemListElement\":[{\"@type\":\"ListItem\",\"position\":1,\"name\":\"Home\",\"item\":\"https:\\\/\\\/news.save.ch\\\/de\\\/\"},{\"@type\":\"ListItem\",\"position\":2,\"name\":\"Immer mehr Personen arbeiten flexibel\"}]},{\"@type\":\"WebSite\",\"@id\":\"https:\\\/\\\/news.save.ch\\\/de\\\/#website\",\"url\":\"https:\\\/\\\/news.save.ch\\\/de\\\/\",\"name\":\"Save\",\"description\":\"Schweizer Fachzeitschrift f\u00fcr Sicherheit\",\"publisher\":{\"@id\":\"https:\\\/\\\/news.save.ch\\\/de\\\/#organization\"},\"potentialAction\":[{\"@type\":\"SearchAction\",\"target\":{\"@type\":\"EntryPoint\",\"urlTemplate\":\"https:\\\/\\\/news.save.ch\\\/de\\\/?s={search_term_string}\"},\"query-input\":{\"@type\":\"PropertyValueSpecification\",\"valueRequired\":true,\"valueName\":\"search_term_string\"}}],\"inLanguage\":\"en-US\"},{\"@type\":\"Organization\",\"@id\":\"https:\\\/\\\/news.save.ch\\\/de\\\/#organization\",\"name\":\"Sicherheitsforum\",\"url\":\"https:\\\/\\\/news.save.ch\\\/de\\\/\",\"logo\":{\"@type\":\"ImageObject\",\"inLanguage\":\"en-US\",\"@id\":\"https:\\\/\\\/news.save.ch\\\/de\\\/#\\\/schema\\\/logo\\\/image\\\/\",\"url\":\"https:\\\/\\\/news.save.ch\\\/wp-content\\\/uploads\\\/2022\\\/06\\\/Logo_SF_2012.png\",\"contentUrl\":\"https:\\\/\\\/news.save.ch\\\/wp-content\\\/uploads\\\/2022\\\/06\\\/Logo_SF_2012.png\",\"width\":1100,\"height\":91,\"caption\":\"Sicherheitsforum\"},\"image\":{\"@id\":\"https:\\\/\\\/news.save.ch\\\/de\\\/#\\\/schema\\\/logo\\\/image\\\/\"}},{\"@type\":\"Person\",\"@id\":\"https:\\\/\\\/news.save.ch\\\/de\\\/#\\\/schema\\\/person\\\/d49e199490bad7c70d64b9ab51142f2b\",\"name\":\"admin\",\"image\":{\"@type\":\"ImageObject\",\"inLanguage\":\"en-US\",\"@id\":\"https:\\\/\\\/secure.gravatar.com\\\/avatar\\\/ae2f4d718e6c49043e314ce431e7e645d646302a24a5ef5a8bc8e3f5a032e319?s=96&d=mm&r=g\",\"url\":\"https:\\\/\\\/secure.gravatar.com\\\/avatar\\\/ae2f4d718e6c49043e314ce431e7e645d646302a24a5ef5a8bc8e3f5a032e319?s=96&d=mm&r=g\",\"contentUrl\":\"https:\\\/\\\/secure.gravatar.com\\\/avatar\\\/ae2f4d718e6c49043e314ce431e7e645d646302a24a5ef5a8bc8e3f5a032e319?s=96&d=mm&r=g\",\"caption\":\"admin\"},\"sameAs\":[\"https:\\\/\\\/develop.organisator.galledia.ch\"],\"url\":\"https:\\\/\\\/news.save.ch\\\/en\\\/author\\\/admin\\\/\"}]}<\/script>\n<!-- \/ Yoast SEO plugin. -->","yoast_head_json":{"title":"More and more people are working flexibly - Save","description":"More and more people are working flexibly: Flexible working hours continue to increase in Switzerland.","robots":{"index":"index","follow":"follow","max-snippet":"max-snippet:-1","max-image-preview":"max-image-preview:large","max-video-preview":"max-video-preview:-1"},"canonical":"https:\/\/news.save.ch\/en\/immer-mehr-personen-arbeiten-flexibel\/","og_locale":"en_US","og_type":"article","og_title":"Immer mehr Personen arbeiten flexibel - Save","og_description":"Immer mehr Personen arbeiten flexibel: Die flexiblen Arbeitszeiten nehmen in der Schweiz weiter zu.","og_url":"https:\/\/news.save.ch\/en\/immer-mehr-personen-arbeiten-flexibel\/","og_site_name":"Save","article_published_time":"2015-04-17T09:03:50+00:00","og_image":[{"width":1200,"height":801,"url":"https:\/\/news.save.ch\/wp-content\/uploads\/2016\/12\/Immer-mehr-Personen-arbeiten-flexibel_safety-plus-scaled-1.jpg","type":"image\/jpeg"}],"author":"admin","twitter_card":"summary_large_image","twitter_misc":{"Written by":"admin","Est. reading time":"1 minute"},"schema":{"@context":"https:\/\/schema.org","@graph":[{"@type":"Article","@id":"https:\/\/news.save.ch\/immer-mehr-personen-arbeiten-flexibel\/#article","isPartOf":{"@id":"https:\/\/news.save.ch\/immer-mehr-personen-arbeiten-flexibel\/"},"author":{"name":"admin","@id":"https:\/\/news.save.ch\/de\/#\/schema\/person\/d49e199490bad7c70d64b9ab51142f2b"},"headline":"Immer mehr Personen arbeiten flexibel","datePublished":"2015-04-17T09:03:50+00:00","mainEntityOfPage":{"@id":"https:\/\/news.save.ch\/immer-mehr-personen-arbeiten-flexibel\/"},"wordCount":202,"commentCount":0,"publisher":{"@id":"https:\/\/news.save.ch\/de\/#organization"},"image":{"@id":"https:\/\/news.save.ch\/immer-mehr-personen-arbeiten-flexibel\/#primaryimage"},"thumbnailUrl":"https:\/\/news.save.ch\/wp-content\/uploads\/2016\/12\/Immer-mehr-Personen-arbeiten-flexibel_safety-plus-scaled-1.jpg","keywords":["Arbeitszeit"],"articleSection":["ALLGEMEIN"],"inLanguage":"en-US"},{"@type":"WebPage","@id":"https:\/\/news.save.ch\/immer-mehr-personen-arbeiten-flexibel\/","url":"https:\/\/news.save.ch\/immer-mehr-personen-arbeiten-flexibel\/","name":"More and more people are working flexibly - Save","isPartOf":{"@id":"https:\/\/news.save.ch\/de\/#website"},"primaryImageOfPage":{"@id":"https:\/\/news.save.ch\/immer-mehr-personen-arbeiten-flexibel\/#primaryimage"},"image":{"@id":"https:\/\/news.save.ch\/immer-mehr-personen-arbeiten-flexibel\/#primaryimage"},"thumbnailUrl":"https:\/\/news.save.ch\/wp-content\/uploads\/2016\/12\/Immer-mehr-Personen-arbeiten-flexibel_safety-plus-scaled-1.jpg","datePublished":"2015-04-17T09:03:50+00:00","description":"More and more people are working flexibly: Flexible working hours continue to increase in Switzerland.","breadcrumb":{"@id":"https:\/\/news.save.ch\/immer-mehr-personen-arbeiten-flexibel\/#breadcrumb"},"inLanguage":"en-US","potentialAction":[{"@type":"ReadAction","target":["https:\/\/news.save.ch\/immer-mehr-personen-arbeiten-flexibel\/"]}]},{"@type":"ImageObject","inLanguage":"en-US","@id":"https:\/\/news.save.ch\/immer-mehr-personen-arbeiten-flexibel\/#primaryimage","url":"https:\/\/news.save.ch\/wp-content\/uploads\/2016\/12\/Immer-mehr-Personen-arbeiten-flexibel_safety-plus-scaled-1.jpg","contentUrl":"https:\/\/news.save.ch\/wp-content\/uploads\/2016\/12\/Immer-mehr-Personen-arbeiten-flexibel_safety-plus-scaled-1.jpg","width":1200,"height":801,"caption":"Flexibilit\u00e4t bei der Arbeit wird in der Schweiz immer wichtiger."},{"@type":"BreadcrumbList","@id":"https:\/\/news.save.ch\/immer-mehr-personen-arbeiten-flexibel\/#breadcrumb","itemListElement":[{"@type":"ListItem","position":1,"name":"Home","item":"https:\/\/news.save.ch\/de\/"},{"@type":"ListItem","position":2,"name":"Immer mehr Personen arbeiten flexibel"}]},{"@type":"WebSite","@id":"https:\/\/news.save.ch\/de\/#website","url":"https:\/\/news.save.ch\/de\/","name":"Save","description":"Swiss trade journal for safety","publisher":{"@id":"https:\/\/news.save.ch\/de\/#organization"},"potentialAction":[{"@type":"SearchAction","target":{"@type":"EntryPoint","urlTemplate":"https:\/\/news.save.ch\/de\/?s={search_term_string}"},"query-input":{"@type":"PropertyValueSpecification","valueRequired":true,"valueName":"search_term_string"}}],"inLanguage":"en-US"},{"@type":"Organization","@id":"https:\/\/news.save.ch\/de\/#organization","name":"Security Forum","url":"https:\/\/news.save.ch\/de\/","logo":{"@type":"ImageObject","inLanguage":"en-US","@id":"https:\/\/news.save.ch\/de\/#\/schema\/logo\/image\/","url":"https:\/\/news.save.ch\/wp-content\/uploads\/2022\/06\/Logo_SF_2012.png","contentUrl":"https:\/\/news.save.ch\/wp-content\/uploads\/2022\/06\/Logo_SF_2012.png","width":1100,"height":91,"caption":"Sicherheitsforum"},"image":{"@id":"https:\/\/news.save.ch\/de\/#\/schema\/logo\/image\/"}},{"@type":"Person","@id":"https:\/\/news.save.ch\/de\/#\/schema\/person\/d49e199490bad7c70d64b9ab51142f2b","name":"admin","image":{"@type":"ImageObject","inLanguage":"en-US","@id":"https:\/\/secure.gravatar.com\/avatar\/ae2f4d718e6c49043e314ce431e7e645d646302a24a5ef5a8bc8e3f5a032e319?s=96&d=mm&r=g","url":"https:\/\/secure.gravatar.com\/avatar\/ae2f4d718e6c49043e314ce431e7e645d646302a24a5ef5a8bc8e3f5a032e319?s=96&d=mm&r=g","contentUrl":"https:\/\/secure.gravatar.com\/avatar\/ae2f4d718e6c49043e314ce431e7e645d646302a24a5ef5a8bc8e3f5a032e319?s=96&d=mm&r=g","caption":"admin"},"sameAs":["https:\/\/develop.organisator.galledia.ch"],"url":"https:\/\/news.save.ch\/en\/author\/admin\/"}]}},"_links":{"self":[{"href":"https:\/\/news.save.ch\/en\/wp-json\/wp\/v2\/posts\/16642","targetHints":{"allow":["GET"]}}],"collection":[{"href":"https:\/\/news.save.ch\/en\/wp-json\/wp\/v2\/posts"}],"about":[{"href":"https:\/\/news.save.ch\/en\/wp-json\/wp\/v2\/types\/post"}],"author":[{"embeddable":true,"href":"https:\/\/news.save.ch\/en\/wp-json\/wp\/v2\/users\/1"}],"replies":[{"embeddable":true,"href":"https:\/\/news.save.ch\/en\/wp-json\/wp\/v2\/comments?post=16642"}],"version-history":[{"count":0,"href":"https:\/\/news.save.ch\/en\/wp-json\/wp\/v2\/posts\/16642\/revisions"}],"wp:featuredmedia":[{"embeddable":true,"href":"https:\/\/news.save.ch\/en\/wp-json\/wp\/v2\/media\/15994"}],"wp:attachment":[{"href":"https:\/\/news.save.ch\/en\/wp-json\/wp\/v2\/media?parent=16642"}],"wp:term":[{"taxonomy":"category","embeddable":true,"href":"https:\/\/news.save.ch\/en\/wp-json\/wp\/v2\/categories?post=16642"},{"taxonomy":"post_tag","embeddable":true,"href":"https:\/\/news.save.ch\/en\/wp-json\/wp\/v2\/tags?post=16642"}],"curies":[{"name":"wp","href":"https:\/\/api.w.org\/{rel}","templated":true}]}}