{"id":16644,"date":"2015-04-21T11:11:49","date_gmt":"2015-04-21T09:11:49","guid":{"rendered":"http:\/\/dev.safety-plus.ch\/?p=329"},"modified":"2023-03-14T09:01:13","modified_gmt":"2023-03-14T08:01:13","slug":"fachtagung-arbeitssicherheit-bedeutet-mehr-als-nur-sorgfaltspflichten","status":null,"type":"post","link":"https:\/\/news.save.ch\/en\/fachtagung-arbeitssicherheit-bedeutet-mehr-als-nur-sorgfaltspflichten\/","title":{"rendered":"Symposium: Occupational safety means more than just duties of care"},"content":{"rendered":"<figure id=\"attachment_331\" aria-describedby=\"caption-attachment-331\" style=\"width: 680px\" class=\"wp-caption alignnone\"><img loading=\"lazy\" decoding=\"async\" class=\"wp-image-331 size-medium\" src=\"http:\/\/develop.safety-plus.ch\/wp-content\/uploads\/2016\/12\/Fachtagung-Arbeitssicherheit-bedeutet-mehr-als-nur-Sorgfaltspflichten_safety-plus.jpg\" alt=\"Occupational safety is not just a matter for the boss.\" width=\"680\" height=\"453\" \/><figcaption id=\"caption-attachment-331\" class=\"wp-caption-text\">Occupational safety is not just a matter for the boss.<\/figcaption><\/figure>\n<p><a href=\"http:\/\/www.save.ch\/events\/arbeitssicherharbeitssicherheit-mehr-als-nur-sorgfaltspflichten-der-arbeitgeber\/\" target=\"_blank\" data-cke-saved-href=\"http:\/\/www.save.ch\/events\/arbeitssicherharbeitssicherheit-mehr-als-nur-sorgfaltspflichten-der-arbeitgeber\/\" rel=\"noopener\">The \"Occupational Safety\" symposium\u00a0<\/a>\u00a0on May 4 in Zurich clearly shows that it is worthwhile for companies to address the issues of occupational safety and health protection even beyond the legal requirements. After all, absenteeism is not only a burden on the company economically, but also in terms of personnel - supervisors and colleagues are under greater strain during this phase.<\/p>\n<p>Most occupational and leisure accidents are caused by human error. Successful occupational safety management therefore requires that employees are actively involved and that they assume their own responsibility.<\/p>\n<p>This requires a holistic view of the issues: It is necessary to cover the legal framework, to recognize concrete hazards in one's own company, to communicate the right values and to provide safe work equipment and materials. The morning program of the conference revolves around these different perspectives.<\/p>\n<p>Increasingly, however, the focus is not only on physical but also on psychological hazards: stress, burnout, mobbing and flexible working hours are leading to increasingly higher costs, not only for the IV but also for companies. The participants of the conference will learn about the interrelationships and possible solutions in a presentation.<\/p>","protected":false},"excerpt":{"rendered":"<p>Die Fachtagung &#8222;Arbeitssicherheit&#8220;\u00a0\u00a0am 4. Mai in Z\u00fcrich zeigt deutlich: Es lohnt sich f\u00fcr Unternehmen, sich auch \u00fcber die gesetzlichen Vorgaben hinaus mit den Themen Arbeitssicherheit und Gesundheitsschutz zu besch\u00e4ftigen. Denn\u00a0Fehlzeiten belasten den Betrieb nicht nur wirtschaftlich sondern auch personell \u2013 Vorgesetzte und Kollegen werden in dieser Phase intensiver beansprucht. Die meisten Arbeits- und Freizeitunf\u00e4lle werden [&hellip;]<\/p>\n","protected":false},"author":1,"featured_media":331,"comment_status":"open","ping_status":"open","sticky":false,"template":"","format":"standard","meta":{"_acf_changed":false,"pgc_sgb_lightbox_settings":"","footnotes":""},"categories":[3314],"tags":[172,84],"class_list":["post-16644","post","type-post","status-publish","format-standard","has-post-thumbnail","hentry","category-health-safety","tag-arbeitssicherheit","tag-fachkongressfachmesse"],"acf":[],"hkrextid":null,"publication":null,"issue":null,"workflow":null,"startPage":null,"spitzmarke":null,"_posts_by_tag_page_fields":{"widget_title":"","widget_tags":""},"_at_widget":"1","_yoast_wpseo_primary_category":"5","_yoast_wpseo_focuskw_text_input":"Arbeitssicherheit","_yoast_wpseo_opengraph-image":null,"_yoast_wpseo_opengraph-description":null,"_yoast_wpseo_opengraph-title":null,"enclosure":null,"_yoast_wpseo_twitter-title":null,"_yoast_wpseo_twitter-description":null,"_yoast_wpseo_twitter-image":null,"_wp_old_slug":null,"_yoast_wpseo_title":null,"_yoast_wpseo_canonical":null,"yoast_head":"<!-- This site is optimized with the Yoast SEO plugin v27.4 - https:\/\/yoast.com\/product\/yoast-seo-wordpress\/ -->\n<title>Fachtagung: Arbeitssicherheit bedeutet mehr als nur Sorgfaltspflichten - Save<\/title>\n<meta name=\"description\" content=\"Ein hoher Stellenwert der Themen Arbeitssicherheit und Gesundheitsschutz geh\u00f6ren zu den Erfolgsfaktoren eines Unternehmens.\" \/>\n<meta name=\"robots\" content=\"index, follow, max-snippet:-1, max-image-preview:large, max-video-preview:-1\" \/>\n<link rel=\"canonical\" href=\"https:\/\/news.save.ch\/en\/fachtagung-arbeitssicherheit-bedeutet-mehr-als-nur-sorgfaltspflichten\/\" \/>\n<meta property=\"og:locale\" content=\"en_US\" \/>\n<meta property=\"og:type\" content=\"article\" \/>\n<meta property=\"og:title\" content=\"Fachtagung: Arbeitssicherheit bedeutet mehr als nur Sorgfaltspflichten - Save\" \/>\n<meta property=\"og:description\" content=\"Ein hoher Stellenwert der Themen Arbeitssicherheit und Gesundheitsschutz geh\u00f6ren zu den Erfolgsfaktoren eines Unternehmens.\" \/>\n<meta property=\"og:url\" content=\"https:\/\/news.save.ch\/en\/fachtagung-arbeitssicherheit-bedeutet-mehr-als-nur-sorgfaltspflichten\/\" \/>\n<meta property=\"og:site_name\" content=\"Save\" \/>\n<meta property=\"article:published_time\" content=\"2015-04-21T09:11:49+00:00\" \/>\n<meta property=\"article:modified_time\" content=\"2023-03-14T08:01:13+00:00\" \/>\n<meta property=\"og:image\" content=\"https:\/\/news.save.ch\/wp-content\/uploads\/2016\/12\/Fachtagung-Arbeitssicherheit-bedeutet-mehr-als-nur-Sorgfaltspflichten_safety-plus-scaled-1.jpg\" \/>\n\t<meta property=\"og:image:width\" content=\"1200\" \/>\n\t<meta property=\"og:image:height\" content=\"801\" \/>\n\t<meta property=\"og:image:type\" content=\"image\/jpeg\" \/>\n<meta name=\"author\" content=\"admin\" \/>\n<meta name=\"twitter:card\" content=\"summary_large_image\" \/>\n<meta name=\"twitter:label1\" content=\"Written by\" \/>\n\t<meta name=\"twitter:data1\" content=\"admin\" \/>\n\t<meta name=\"twitter:label2\" content=\"Est. reading time\" \/>\n\t<meta name=\"twitter:data2\" content=\"1 minute\" \/>\n<script type=\"application\/ld+json\" class=\"yoast-schema-graph\">{\"@context\":\"https:\\\/\\\/schema.org\",\"@graph\":[{\"@type\":\"Article\",\"@id\":\"https:\\\/\\\/news.save.ch\\\/fachtagung-arbeitssicherheit-bedeutet-mehr-als-nur-sorgfaltspflichten\\\/#article\",\"isPartOf\":{\"@id\":\"https:\\\/\\\/news.save.ch\\\/fachtagung-arbeitssicherheit-bedeutet-mehr-als-nur-sorgfaltspflichten\\\/\"},\"author\":{\"name\":\"admin\",\"@id\":\"https:\\\/\\\/news.save.ch\\\/de\\\/#\\\/schema\\\/person\\\/d49e199490bad7c70d64b9ab51142f2b\"},\"headline\":\"Fachtagung: Arbeitssicherheit bedeutet mehr als nur Sorgfaltspflichten\",\"datePublished\":\"2015-04-21T09:11:49+00:00\",\"dateModified\":\"2023-03-14T08:01:13+00:00\",\"mainEntityOfPage\":{\"@id\":\"https:\\\/\\\/news.save.ch\\\/fachtagung-arbeitssicherheit-bedeutet-mehr-als-nur-sorgfaltspflichten\\\/\"},\"wordCount\":200,\"commentCount\":0,\"publisher\":{\"@id\":\"https:\\\/\\\/news.save.ch\\\/de\\\/#organization\"},\"image\":{\"@id\":\"https:\\\/\\\/news.save.ch\\\/fachtagung-arbeitssicherheit-bedeutet-mehr-als-nur-sorgfaltspflichten\\\/#primaryimage\"},\"thumbnailUrl\":\"https:\\\/\\\/news.save.ch\\\/wp-content\\\/uploads\\\/2016\\\/12\\\/Fachtagung-Arbeitssicherheit-bedeutet-mehr-als-nur-Sorgfaltspflichten_safety-plus-scaled-1.jpg\",\"keywords\":[\"Arbeitssicherheit\",\"Fachkongress\\\/Fachmesse\"],\"articleSection\":[\"HEALTH &amp; SAFETY\"],\"inLanguage\":\"en-US\"},{\"@type\":\"WebPage\",\"@id\":\"https:\\\/\\\/news.save.ch\\\/fachtagung-arbeitssicherheit-bedeutet-mehr-als-nur-sorgfaltspflichten\\\/\",\"url\":\"https:\\\/\\\/news.save.ch\\\/fachtagung-arbeitssicherheit-bedeutet-mehr-als-nur-sorgfaltspflichten\\\/\",\"name\":\"Fachtagung: Arbeitssicherheit bedeutet mehr als nur Sorgfaltspflichten - Save\",\"isPartOf\":{\"@id\":\"https:\\\/\\\/news.save.ch\\\/de\\\/#website\"},\"primaryImageOfPage\":{\"@id\":\"https:\\\/\\\/news.save.ch\\\/fachtagung-arbeitssicherheit-bedeutet-mehr-als-nur-sorgfaltspflichten\\\/#primaryimage\"},\"image\":{\"@id\":\"https:\\\/\\\/news.save.ch\\\/fachtagung-arbeitssicherheit-bedeutet-mehr-als-nur-sorgfaltspflichten\\\/#primaryimage\"},\"thumbnailUrl\":\"https:\\\/\\\/news.save.ch\\\/wp-content\\\/uploads\\\/2016\\\/12\\\/Fachtagung-Arbeitssicherheit-bedeutet-mehr-als-nur-Sorgfaltspflichten_safety-plus-scaled-1.jpg\",\"datePublished\":\"2015-04-21T09:11:49+00:00\",\"dateModified\":\"2023-03-14T08:01:13+00:00\",\"description\":\"Ein hoher Stellenwert der Themen Arbeitssicherheit und Gesundheitsschutz geh\u00f6ren zu den Erfolgsfaktoren eines Unternehmens.\",\"breadcrumb\":{\"@id\":\"https:\\\/\\\/news.save.ch\\\/fachtagung-arbeitssicherheit-bedeutet-mehr-als-nur-sorgfaltspflichten\\\/#breadcrumb\"},\"inLanguage\":\"en-US\",\"potentialAction\":[{\"@type\":\"ReadAction\",\"target\":[\"https:\\\/\\\/news.save.ch\\\/fachtagung-arbeitssicherheit-bedeutet-mehr-als-nur-sorgfaltspflichten\\\/\"]}]},{\"@type\":\"ImageObject\",\"inLanguage\":\"en-US\",\"@id\":\"https:\\\/\\\/news.save.ch\\\/fachtagung-arbeitssicherheit-bedeutet-mehr-als-nur-sorgfaltspflichten\\\/#primaryimage\",\"url\":\"https:\\\/\\\/news.save.ch\\\/wp-content\\\/uploads\\\/2016\\\/12\\\/Fachtagung-Arbeitssicherheit-bedeutet-mehr-als-nur-Sorgfaltspflichten_safety-plus-scaled-1.jpg\",\"contentUrl\":\"https:\\\/\\\/news.save.ch\\\/wp-content\\\/uploads\\\/2016\\\/12\\\/Fachtagung-Arbeitssicherheit-bedeutet-mehr-als-nur-Sorgfaltspflichten_safety-plus-scaled-1.jpg\",\"width\":1200,\"height\":801,\"caption\":\"Arbeitssicherheit ist nicht nur Chefsache.\"},{\"@type\":\"BreadcrumbList\",\"@id\":\"https:\\\/\\\/news.save.ch\\\/fachtagung-arbeitssicherheit-bedeutet-mehr-als-nur-sorgfaltspflichten\\\/#breadcrumb\",\"itemListElement\":[{\"@type\":\"ListItem\",\"position\":1,\"name\":\"Home\",\"item\":\"https:\\\/\\\/news.save.ch\\\/de\\\/\"},{\"@type\":\"ListItem\",\"position\":2,\"name\":\"Fachtagung: Arbeitssicherheit bedeutet mehr als nur Sorgfaltspflichten\"}]},{\"@type\":\"WebSite\",\"@id\":\"https:\\\/\\\/news.save.ch\\\/de\\\/#website\",\"url\":\"https:\\\/\\\/news.save.ch\\\/de\\\/\",\"name\":\"Save\",\"description\":\"Schweizer Fachzeitschrift f\u00fcr Sicherheit\",\"publisher\":{\"@id\":\"https:\\\/\\\/news.save.ch\\\/de\\\/#organization\"},\"potentialAction\":[{\"@type\":\"SearchAction\",\"target\":{\"@type\":\"EntryPoint\",\"urlTemplate\":\"https:\\\/\\\/news.save.ch\\\/de\\\/?s={search_term_string}\"},\"query-input\":{\"@type\":\"PropertyValueSpecification\",\"valueRequired\":true,\"valueName\":\"search_term_string\"}}],\"inLanguage\":\"en-US\"},{\"@type\":\"Organization\",\"@id\":\"https:\\\/\\\/news.save.ch\\\/de\\\/#organization\",\"name\":\"Sicherheitsforum\",\"url\":\"https:\\\/\\\/news.save.ch\\\/de\\\/\",\"logo\":{\"@type\":\"ImageObject\",\"inLanguage\":\"en-US\",\"@id\":\"https:\\\/\\\/news.save.ch\\\/de\\\/#\\\/schema\\\/logo\\\/image\\\/\",\"url\":\"https:\\\/\\\/news.save.ch\\\/wp-content\\\/uploads\\\/2022\\\/06\\\/Logo_SF_2012.png\",\"contentUrl\":\"https:\\\/\\\/news.save.ch\\\/wp-content\\\/uploads\\\/2022\\\/06\\\/Logo_SF_2012.png\",\"width\":1100,\"height\":91,\"caption\":\"Sicherheitsforum\"},\"image\":{\"@id\":\"https:\\\/\\\/news.save.ch\\\/de\\\/#\\\/schema\\\/logo\\\/image\\\/\"}},{\"@type\":\"Person\",\"@id\":\"https:\\\/\\\/news.save.ch\\\/de\\\/#\\\/schema\\\/person\\\/d49e199490bad7c70d64b9ab51142f2b\",\"name\":\"admin\",\"image\":{\"@type\":\"ImageObject\",\"inLanguage\":\"en-US\",\"@id\":\"https:\\\/\\\/secure.gravatar.com\\\/avatar\\\/ae2f4d718e6c49043e314ce431e7e645d646302a24a5ef5a8bc8e3f5a032e319?s=96&d=mm&r=g\",\"url\":\"https:\\\/\\\/secure.gravatar.com\\\/avatar\\\/ae2f4d718e6c49043e314ce431e7e645d646302a24a5ef5a8bc8e3f5a032e319?s=96&d=mm&r=g\",\"contentUrl\":\"https:\\\/\\\/secure.gravatar.com\\\/avatar\\\/ae2f4d718e6c49043e314ce431e7e645d646302a24a5ef5a8bc8e3f5a032e319?s=96&d=mm&r=g\",\"caption\":\"admin\"},\"sameAs\":[\"https:\\\/\\\/develop.organisator.galledia.ch\"],\"url\":\"https:\\\/\\\/news.save.ch\\\/en\\\/author\\\/admin\\\/\"}]}<\/script>\n<!-- \/ Yoast SEO plugin. -->","yoast_head_json":{"title":"Symposium: Occupational safety means more than just due diligence - Save","description":"A high priority on the topics of occupational safety and health protection are among the success factors of a company.","robots":{"index":"index","follow":"follow","max-snippet":"max-snippet:-1","max-image-preview":"max-image-preview:large","max-video-preview":"max-video-preview:-1"},"canonical":"https:\/\/news.save.ch\/en\/fachtagung-arbeitssicherheit-bedeutet-mehr-als-nur-sorgfaltspflichten\/","og_locale":"en_US","og_type":"article","og_title":"Fachtagung: Arbeitssicherheit bedeutet mehr als nur Sorgfaltspflichten - Save","og_description":"Ein hoher Stellenwert der Themen Arbeitssicherheit und Gesundheitsschutz geh\u00f6ren zu den Erfolgsfaktoren eines Unternehmens.","og_url":"https:\/\/news.save.ch\/en\/fachtagung-arbeitssicherheit-bedeutet-mehr-als-nur-sorgfaltspflichten\/","og_site_name":"Save","article_published_time":"2015-04-21T09:11:49+00:00","article_modified_time":"2023-03-14T08:01:13+00:00","og_image":[{"width":1200,"height":801,"url":"https:\/\/news.save.ch\/wp-content\/uploads\/2016\/12\/Fachtagung-Arbeitssicherheit-bedeutet-mehr-als-nur-Sorgfaltspflichten_safety-plus-scaled-1.jpg","type":"image\/jpeg"}],"author":"admin","twitter_card":"summary_large_image","twitter_misc":{"Written by":"admin","Est. reading time":"1 minute"},"schema":{"@context":"https:\/\/schema.org","@graph":[{"@type":"Article","@id":"https:\/\/news.save.ch\/fachtagung-arbeitssicherheit-bedeutet-mehr-als-nur-sorgfaltspflichten\/#article","isPartOf":{"@id":"https:\/\/news.save.ch\/fachtagung-arbeitssicherheit-bedeutet-mehr-als-nur-sorgfaltspflichten\/"},"author":{"name":"admin","@id":"https:\/\/news.save.ch\/de\/#\/schema\/person\/d49e199490bad7c70d64b9ab51142f2b"},"headline":"Fachtagung: Arbeitssicherheit bedeutet mehr als nur Sorgfaltspflichten","datePublished":"2015-04-21T09:11:49+00:00","dateModified":"2023-03-14T08:01:13+00:00","mainEntityOfPage":{"@id":"https:\/\/news.save.ch\/fachtagung-arbeitssicherheit-bedeutet-mehr-als-nur-sorgfaltspflichten\/"},"wordCount":200,"commentCount":0,"publisher":{"@id":"https:\/\/news.save.ch\/de\/#organization"},"image":{"@id":"https:\/\/news.save.ch\/fachtagung-arbeitssicherheit-bedeutet-mehr-als-nur-sorgfaltspflichten\/#primaryimage"},"thumbnailUrl":"https:\/\/news.save.ch\/wp-content\/uploads\/2016\/12\/Fachtagung-Arbeitssicherheit-bedeutet-mehr-als-nur-Sorgfaltspflichten_safety-plus-scaled-1.jpg","keywords":["Arbeitssicherheit","Fachkongress\/Fachmesse"],"articleSection":["HEALTH &amp; SAFETY"],"inLanguage":"en-US"},{"@type":"WebPage","@id":"https:\/\/news.save.ch\/fachtagung-arbeitssicherheit-bedeutet-mehr-als-nur-sorgfaltspflichten\/","url":"https:\/\/news.save.ch\/fachtagung-arbeitssicherheit-bedeutet-mehr-als-nur-sorgfaltspflichten\/","name":"Symposium: Occupational safety means more than just due diligence - Save","isPartOf":{"@id":"https:\/\/news.save.ch\/de\/#website"},"primaryImageOfPage":{"@id":"https:\/\/news.save.ch\/fachtagung-arbeitssicherheit-bedeutet-mehr-als-nur-sorgfaltspflichten\/#primaryimage"},"image":{"@id":"https:\/\/news.save.ch\/fachtagung-arbeitssicherheit-bedeutet-mehr-als-nur-sorgfaltspflichten\/#primaryimage"},"thumbnailUrl":"https:\/\/news.save.ch\/wp-content\/uploads\/2016\/12\/Fachtagung-Arbeitssicherheit-bedeutet-mehr-als-nur-Sorgfaltspflichten_safety-plus-scaled-1.jpg","datePublished":"2015-04-21T09:11:49+00:00","dateModified":"2023-03-14T08:01:13+00:00","description":"A high priority on the topics of occupational safety and health protection are among the success factors of a company.","breadcrumb":{"@id":"https:\/\/news.save.ch\/fachtagung-arbeitssicherheit-bedeutet-mehr-als-nur-sorgfaltspflichten\/#breadcrumb"},"inLanguage":"en-US","potentialAction":[{"@type":"ReadAction","target":["https:\/\/news.save.ch\/fachtagung-arbeitssicherheit-bedeutet-mehr-als-nur-sorgfaltspflichten\/"]}]},{"@type":"ImageObject","inLanguage":"en-US","@id":"https:\/\/news.save.ch\/fachtagung-arbeitssicherheit-bedeutet-mehr-als-nur-sorgfaltspflichten\/#primaryimage","url":"https:\/\/news.save.ch\/wp-content\/uploads\/2016\/12\/Fachtagung-Arbeitssicherheit-bedeutet-mehr-als-nur-Sorgfaltspflichten_safety-plus-scaled-1.jpg","contentUrl":"https:\/\/news.save.ch\/wp-content\/uploads\/2016\/12\/Fachtagung-Arbeitssicherheit-bedeutet-mehr-als-nur-Sorgfaltspflichten_safety-plus-scaled-1.jpg","width":1200,"height":801,"caption":"Arbeitssicherheit ist nicht nur Chefsache."},{"@type":"BreadcrumbList","@id":"https:\/\/news.save.ch\/fachtagung-arbeitssicherheit-bedeutet-mehr-als-nur-sorgfaltspflichten\/#breadcrumb","itemListElement":[{"@type":"ListItem","position":1,"name":"Home","item":"https:\/\/news.save.ch\/de\/"},{"@type":"ListItem","position":2,"name":"Fachtagung: Arbeitssicherheit bedeutet mehr als nur Sorgfaltspflichten"}]},{"@type":"WebSite","@id":"https:\/\/news.save.ch\/de\/#website","url":"https:\/\/news.save.ch\/de\/","name":"Save","description":"Swiss trade journal for safety","publisher":{"@id":"https:\/\/news.save.ch\/de\/#organization"},"potentialAction":[{"@type":"SearchAction","target":{"@type":"EntryPoint","urlTemplate":"https:\/\/news.save.ch\/de\/?s={search_term_string}"},"query-input":{"@type":"PropertyValueSpecification","valueRequired":true,"valueName":"search_term_string"}}],"inLanguage":"en-US"},{"@type":"Organization","@id":"https:\/\/news.save.ch\/de\/#organization","name":"Security Forum","url":"https:\/\/news.save.ch\/de\/","logo":{"@type":"ImageObject","inLanguage":"en-US","@id":"https:\/\/news.save.ch\/de\/#\/schema\/logo\/image\/","url":"https:\/\/news.save.ch\/wp-content\/uploads\/2022\/06\/Logo_SF_2012.png","contentUrl":"https:\/\/news.save.ch\/wp-content\/uploads\/2022\/06\/Logo_SF_2012.png","width":1100,"height":91,"caption":"Sicherheitsforum"},"image":{"@id":"https:\/\/news.save.ch\/de\/#\/schema\/logo\/image\/"}},{"@type":"Person","@id":"https:\/\/news.save.ch\/de\/#\/schema\/person\/d49e199490bad7c70d64b9ab51142f2b","name":"admin","image":{"@type":"ImageObject","inLanguage":"en-US","@id":"https:\/\/secure.gravatar.com\/avatar\/ae2f4d718e6c49043e314ce431e7e645d646302a24a5ef5a8bc8e3f5a032e319?s=96&d=mm&r=g","url":"https:\/\/secure.gravatar.com\/avatar\/ae2f4d718e6c49043e314ce431e7e645d646302a24a5ef5a8bc8e3f5a032e319?s=96&d=mm&r=g","contentUrl":"https:\/\/secure.gravatar.com\/avatar\/ae2f4d718e6c49043e314ce431e7e645d646302a24a5ef5a8bc8e3f5a032e319?s=96&d=mm&r=g","caption":"admin"},"sameAs":["https:\/\/develop.organisator.galledia.ch"],"url":"https:\/\/news.save.ch\/en\/author\/admin\/"}]}},"_links":{"self":[{"href":"https:\/\/news.save.ch\/en\/wp-json\/wp\/v2\/posts\/16644","targetHints":{"allow":["GET"]}}],"collection":[{"href":"https:\/\/news.save.ch\/en\/wp-json\/wp\/v2\/posts"}],"about":[{"href":"https:\/\/news.save.ch\/en\/wp-json\/wp\/v2\/types\/post"}],"author":[{"embeddable":true,"href":"https:\/\/news.save.ch\/en\/wp-json\/wp\/v2\/users\/1"}],"replies":[{"embeddable":true,"href":"https:\/\/news.save.ch\/en\/wp-json\/wp\/v2\/comments?post=16644"}],"version-history":[{"count":1,"href":"https:\/\/news.save.ch\/en\/wp-json\/wp\/v2\/posts\/16644\/revisions"}],"predecessor-version":[{"id":18409,"href":"https:\/\/news.save.ch\/en\/wp-json\/wp\/v2\/posts\/16644\/revisions\/18409"}],"wp:featuredmedia":[{"embeddable":true,"href":"https:\/\/news.save.ch\/en\/wp-json\/wp\/v2\/media\/331"}],"wp:attachment":[{"href":"https:\/\/news.save.ch\/en\/wp-json\/wp\/v2\/media?parent=16644"}],"wp:term":[{"taxonomy":"category","embeddable":true,"href":"https:\/\/news.save.ch\/en\/wp-json\/wp\/v2\/categories?post=16644"},{"taxonomy":"post_tag","embeddable":true,"href":"https:\/\/news.save.ch\/en\/wp-json\/wp\/v2\/tags?post=16644"}],"curies":[{"name":"wp","href":"https:\/\/api.w.org\/{rel}","templated":true}]}}