{"id":16656,"date":"2015-06-09T11:34:10","date_gmt":"2015-06-09T09:34:10","guid":{"rendered":"http:\/\/dev.safety-plus.ch\/?p=388"},"modified":"2015-06-09T11:34:10","modified_gmt":"2015-06-09T09:34:10","slug":"zeiterfassung-bei-banken-wird-gelockert","status":null,"type":"post","link":"https:\/\/news.save.ch\/en\/zeiterfassung-bei-banken-wird-gelockert\/","title":{"rendered":"Time recording at banks to be relaxed"},"content":{"rendered":"<figure id=\"attachment_391\" aria-describedby=\"caption-attachment-391\" style=\"width: 680px\" class=\"wp-caption alignnone\"><img loading=\"lazy\" decoding=\"async\" class=\"wp-image-391 size-medium\" src=\"http:\/\/develop.safety-plus.ch\/wp-content\/uploads\/2016\/12\/Zeiterfassung-bei-Banken-wird-gelockert_safety-plus.jpeg\" alt=\"The classic nine-to-five jobs are also becoming increasingly rare in the banking sector.\" width=\"680\" height=\"453\" \/><figcaption id=\"caption-attachment-391\" class=\"wp-caption-text\">The classic nine-to-five jobs are also becoming increasingly rare in the banking sector.<\/figcaption><\/figure>\n<p>Bank employees with a fixed annual income of CHF 120,000 or more and a high degree of time autonomy are to be allowed to waive the recording of working hours in future. This was announced by the social partners in the banking sector - the Swiss Bank Employees Association (SBPV), the Swiss Commercial Employees Association (Kaufm\u00e4nnischer Verband) and the Swiss Employers' Association (Schweizerischer Arbeitgeberverband).<\/p>\n<p>Employees below the salary threshold, who are largely allowed to set their own working hours, will also be able to record their working hours more easily in future: they will only have to state the hours worked, but not the exact times and breaks.<\/p>\n<p>This agreement is a response to the <a href=\"https:\/\/www.news.admin.ch\/message\/index.html?lang=de&amp;msg-id=56305\" target=\"_blank\" data-cke-saved-href=\"https:\/\/www.news.admin.ch\/message\/index.html?lang=de&amp;msg-id=56305\" rel=\"noopener\">Compromise proposal in working time recording<\/a>which the Federal Council announced in mid-February of this year.<\/p>\n<p>However, this should not jeopardize the health of employees: The agreement contains various information and prevention measures for health protection<\/p>","protected":false},"excerpt":{"rendered":"<p>Bankangestellt mit einem fixen Jahreseinkommen ab 120&#8217;000 Franken und mit grosser Zeitautonomie sollen k\u00fcnftig auf die Arbeitszeiterfassung verzichten d\u00fcrfen. Dies haben die Sozialpartner der Bankenbranche &#8211; dem Schweizerischen Bankpersonalverband SBPV, dem\u00a0Kaufm\u00e4nnischen Verband und dem\u00a0Schweizerischen Arbeitgeberverband &#8211; bekannt gegeben. Auch Angestellte unter der Lohngrenze, die ihre Arbeitszeit gr\u00f6sstenteils\u00a0selber festsetzen\u00a0d\u00fcrfen, k\u00f6nnen k\u00fcnftig die Arbeitszeit erleichtert erfassen: Sie [&hellip;]<\/p>\n","protected":false},"author":1,"featured_media":391,"comment_status":"open","ping_status":"open","sticky":false,"template":"","format":"standard","meta":{"_acf_changed":false,"pgc_sgb_lightbox_settings":"","footnotes":""},"categories":[1],"tags":[1678],"class_list":["post-16656","post","type-post","status-publish","format-standard","has-post-thumbnail","hentry","category-allgemein","tag-arbeitszeit"],"acf":[],"hkrextid":null,"publication":null,"issue":null,"workflow":null,"startPage":null,"spitzmarke":null,"_posts_by_tag_page_fields":{"widget_title":"","widget_tags":""},"_at_widget":"1","_yoast_wpseo_primary_category":"1","_yoast_wpseo_focuskw_text_input":"Zeiterfassung","_yoast_wpseo_opengraph-image":null,"_yoast_wpseo_opengraph-description":null,"_yoast_wpseo_opengraph-title":null,"enclosure":null,"_yoast_wpseo_twitter-title":null,"_yoast_wpseo_twitter-description":null,"_yoast_wpseo_twitter-image":null,"_wp_old_slug":null,"_yoast_wpseo_title":null,"_yoast_wpseo_canonical":null,"yoast_head":"<!-- This site is optimized with the Yoast SEO plugin v27.5 - https:\/\/yoast.com\/product\/yoast-seo-wordpress\/ -->\n<title>Zeiterfassung bei Banken wird gelockert - Save<\/title>\n<meta name=\"description\" content=\"Zeiterfassung: Die Arbeitszeiterfassung in der Bankbranche wird gelockert. Darauf haben sich die Sozialpartner diese Woche geeinigt.\" \/>\n<meta name=\"robots\" content=\"index, follow, max-snippet:-1, max-image-preview:large, max-video-preview:-1\" \/>\n<link rel=\"canonical\" href=\"https:\/\/news.save.ch\/en\/zeiterfassung-bei-banken-wird-gelockert\/\" \/>\n<meta property=\"og:locale\" content=\"en_US\" \/>\n<meta property=\"og:type\" content=\"article\" \/>\n<meta property=\"og:title\" content=\"Zeiterfassung bei Banken wird gelockert - Save\" \/>\n<meta property=\"og:description\" content=\"Zeiterfassung: Die Arbeitszeiterfassung in der Bankbranche wird gelockert. Darauf haben sich die Sozialpartner diese Woche geeinigt.\" \/>\n<meta property=\"og:url\" content=\"https:\/\/news.save.ch\/en\/zeiterfassung-bei-banken-wird-gelockert\/\" \/>\n<meta property=\"og:site_name\" content=\"Save\" \/>\n<meta property=\"article:published_time\" content=\"2015-06-09T09:34:10+00:00\" \/>\n<meta property=\"og:image\" content=\"https:\/\/news.save.ch\/wp-content\/uploads\/2016\/12\/Zeiterfassung-bei-Banken-wird-gelockert_safety-plus-scaled-1.jpeg\" \/>\n\t<meta property=\"og:image:width\" content=\"1200\" \/>\n\t<meta property=\"og:image:height\" content=\"801\" \/>\n\t<meta property=\"og:image:type\" content=\"image\/jpeg\" \/>\n<meta name=\"author\" content=\"admin\" \/>\n<meta name=\"twitter:card\" content=\"summary_large_image\" \/>\n<meta name=\"twitter:label1\" content=\"Written by\" \/>\n\t<meta name=\"twitter:data1\" content=\"admin\" \/>\n\t<meta name=\"twitter:label2\" content=\"Est. reading time\" \/>\n\t<meta name=\"twitter:data2\" content=\"1 minute\" \/>\n<script type=\"application\/ld+json\" class=\"yoast-schema-graph\">{\"@context\":\"https:\\\/\\\/schema.org\",\"@graph\":[{\"@type\":\"Article\",\"@id\":\"https:\\\/\\\/news.save.ch\\\/zeiterfassung-bei-banken-wird-gelockert\\\/#article\",\"isPartOf\":{\"@id\":\"https:\\\/\\\/news.save.ch\\\/zeiterfassung-bei-banken-wird-gelockert\\\/\"},\"author\":{\"name\":\"admin\",\"@id\":\"https:\\\/\\\/news.save.ch\\\/de\\\/#\\\/schema\\\/person\\\/d49e199490bad7c70d64b9ab51142f2b\"},\"headline\":\"Zeiterfassung bei Banken wird gelockert\",\"datePublished\":\"2015-06-09T09:34:10+00:00\",\"mainEntityOfPage\":{\"@id\":\"https:\\\/\\\/news.save.ch\\\/zeiterfassung-bei-banken-wird-gelockert\\\/\"},\"wordCount\":144,\"commentCount\":0,\"publisher\":{\"@id\":\"https:\\\/\\\/news.save.ch\\\/de\\\/#organization\"},\"image\":{\"@id\":\"https:\\\/\\\/news.save.ch\\\/zeiterfassung-bei-banken-wird-gelockert\\\/#primaryimage\"},\"thumbnailUrl\":\"https:\\\/\\\/news.save.ch\\\/wp-content\\\/uploads\\\/2016\\\/12\\\/Zeiterfassung-bei-Banken-wird-gelockert_safety-plus-scaled-1.jpeg\",\"keywords\":[\"Arbeitszeit\"],\"articleSection\":[\"ALLGEMEIN\"],\"inLanguage\":\"en-US\"},{\"@type\":\"WebPage\",\"@id\":\"https:\\\/\\\/news.save.ch\\\/zeiterfassung-bei-banken-wird-gelockert\\\/\",\"url\":\"https:\\\/\\\/news.save.ch\\\/zeiterfassung-bei-banken-wird-gelockert\\\/\",\"name\":\"Zeiterfassung bei Banken wird gelockert - Save\",\"isPartOf\":{\"@id\":\"https:\\\/\\\/news.save.ch\\\/de\\\/#website\"},\"primaryImageOfPage\":{\"@id\":\"https:\\\/\\\/news.save.ch\\\/zeiterfassung-bei-banken-wird-gelockert\\\/#primaryimage\"},\"image\":{\"@id\":\"https:\\\/\\\/news.save.ch\\\/zeiterfassung-bei-banken-wird-gelockert\\\/#primaryimage\"},\"thumbnailUrl\":\"https:\\\/\\\/news.save.ch\\\/wp-content\\\/uploads\\\/2016\\\/12\\\/Zeiterfassung-bei-Banken-wird-gelockert_safety-plus-scaled-1.jpeg\",\"datePublished\":\"2015-06-09T09:34:10+00:00\",\"description\":\"Zeiterfassung: Die Arbeitszeiterfassung in der Bankbranche wird gelockert. Darauf haben sich die Sozialpartner diese Woche geeinigt.\",\"breadcrumb\":{\"@id\":\"https:\\\/\\\/news.save.ch\\\/zeiterfassung-bei-banken-wird-gelockert\\\/#breadcrumb\"},\"inLanguage\":\"en-US\",\"potentialAction\":[{\"@type\":\"ReadAction\",\"target\":[\"https:\\\/\\\/news.save.ch\\\/zeiterfassung-bei-banken-wird-gelockert\\\/\"]}]},{\"@type\":\"ImageObject\",\"inLanguage\":\"en-US\",\"@id\":\"https:\\\/\\\/news.save.ch\\\/zeiterfassung-bei-banken-wird-gelockert\\\/#primaryimage\",\"url\":\"https:\\\/\\\/news.save.ch\\\/wp-content\\\/uploads\\\/2016\\\/12\\\/Zeiterfassung-bei-Banken-wird-gelockert_safety-plus-scaled-1.jpeg\",\"contentUrl\":\"https:\\\/\\\/news.save.ch\\\/wp-content\\\/uploads\\\/2016\\\/12\\\/Zeiterfassung-bei-Banken-wird-gelockert_safety-plus-scaled-1.jpeg\",\"width\":1200,\"height\":801,\"caption\":\"Die klassischen nine-to-five-Jobs gibt es auch im Bankenwesen immer seltener.\"},{\"@type\":\"BreadcrumbList\",\"@id\":\"https:\\\/\\\/news.save.ch\\\/zeiterfassung-bei-banken-wird-gelockert\\\/#breadcrumb\",\"itemListElement\":[{\"@type\":\"ListItem\",\"position\":1,\"name\":\"Home\",\"item\":\"https:\\\/\\\/news.save.ch\\\/de\\\/\"},{\"@type\":\"ListItem\",\"position\":2,\"name\":\"Zeiterfassung bei Banken wird gelockert\"}]},{\"@type\":\"WebSite\",\"@id\":\"https:\\\/\\\/news.save.ch\\\/de\\\/#website\",\"url\":\"https:\\\/\\\/news.save.ch\\\/de\\\/\",\"name\":\"Save\",\"description\":\"Schweizer Fachzeitschrift f\u00fcr Sicherheit\",\"publisher\":{\"@id\":\"https:\\\/\\\/news.save.ch\\\/de\\\/#organization\"},\"potentialAction\":[{\"@type\":\"SearchAction\",\"target\":{\"@type\":\"EntryPoint\",\"urlTemplate\":\"https:\\\/\\\/news.save.ch\\\/de\\\/?s={search_term_string}\"},\"query-input\":{\"@type\":\"PropertyValueSpecification\",\"valueRequired\":true,\"valueName\":\"search_term_string\"}}],\"inLanguage\":\"en-US\"},{\"@type\":\"Organization\",\"@id\":\"https:\\\/\\\/news.save.ch\\\/de\\\/#organization\",\"name\":\"Sicherheitsforum\",\"url\":\"https:\\\/\\\/news.save.ch\\\/de\\\/\",\"logo\":{\"@type\":\"ImageObject\",\"inLanguage\":\"en-US\",\"@id\":\"https:\\\/\\\/news.save.ch\\\/de\\\/#\\\/schema\\\/logo\\\/image\\\/\",\"url\":\"https:\\\/\\\/news.save.ch\\\/wp-content\\\/uploads\\\/2022\\\/06\\\/Logo_SF_2012.png\",\"contentUrl\":\"https:\\\/\\\/news.save.ch\\\/wp-content\\\/uploads\\\/2022\\\/06\\\/Logo_SF_2012.png\",\"width\":1100,\"height\":91,\"caption\":\"Sicherheitsforum\"},\"image\":{\"@id\":\"https:\\\/\\\/news.save.ch\\\/de\\\/#\\\/schema\\\/logo\\\/image\\\/\"}},{\"@type\":\"Person\",\"@id\":\"https:\\\/\\\/news.save.ch\\\/de\\\/#\\\/schema\\\/person\\\/d49e199490bad7c70d64b9ab51142f2b\",\"name\":\"admin\",\"image\":{\"@type\":\"ImageObject\",\"inLanguage\":\"en-US\",\"@id\":\"https:\\\/\\\/secure.gravatar.com\\\/avatar\\\/ae2f4d718e6c49043e314ce431e7e645d646302a24a5ef5a8bc8e3f5a032e319?s=96&d=mm&r=g\",\"url\":\"https:\\\/\\\/secure.gravatar.com\\\/avatar\\\/ae2f4d718e6c49043e314ce431e7e645d646302a24a5ef5a8bc8e3f5a032e319?s=96&d=mm&r=g\",\"contentUrl\":\"https:\\\/\\\/secure.gravatar.com\\\/avatar\\\/ae2f4d718e6c49043e314ce431e7e645d646302a24a5ef5a8bc8e3f5a032e319?s=96&d=mm&r=g\",\"caption\":\"admin\"},\"sameAs\":[\"https:\\\/\\\/develop.organisator.galledia.ch\"],\"url\":\"https:\\\/\\\/news.save.ch\\\/en\\\/author\\\/admin\\\/\"}]}<\/script>\n<!-- \/ Yoast SEO plugin. -->","yoast_head_json":{"title":"Time recording at banks is being relaxed - Save","description":"Time recording: The recording of working hours in the banking sector will be relaxed. This was agreed by the social partners this week.","robots":{"index":"index","follow":"follow","max-snippet":"max-snippet:-1","max-image-preview":"max-image-preview:large","max-video-preview":"max-video-preview:-1"},"canonical":"https:\/\/news.save.ch\/en\/zeiterfassung-bei-banken-wird-gelockert\/","og_locale":"en_US","og_type":"article","og_title":"Zeiterfassung bei Banken wird gelockert - Save","og_description":"Zeiterfassung: Die Arbeitszeiterfassung in der Bankbranche wird gelockert. Darauf haben sich die Sozialpartner diese Woche geeinigt.","og_url":"https:\/\/news.save.ch\/en\/zeiterfassung-bei-banken-wird-gelockert\/","og_site_name":"Save","article_published_time":"2015-06-09T09:34:10+00:00","og_image":[{"width":1200,"height":801,"url":"https:\/\/news.save.ch\/wp-content\/uploads\/2016\/12\/Zeiterfassung-bei-Banken-wird-gelockert_safety-plus-scaled-1.jpeg","type":"image\/jpeg"}],"author":"admin","twitter_card":"summary_large_image","twitter_misc":{"Written by":"admin","Est. reading time":"1 minute"},"schema":{"@context":"https:\/\/schema.org","@graph":[{"@type":"Article","@id":"https:\/\/news.save.ch\/zeiterfassung-bei-banken-wird-gelockert\/#article","isPartOf":{"@id":"https:\/\/news.save.ch\/zeiterfassung-bei-banken-wird-gelockert\/"},"author":{"name":"admin","@id":"https:\/\/news.save.ch\/de\/#\/schema\/person\/d49e199490bad7c70d64b9ab51142f2b"},"headline":"Zeiterfassung bei Banken wird gelockert","datePublished":"2015-06-09T09:34:10+00:00","mainEntityOfPage":{"@id":"https:\/\/news.save.ch\/zeiterfassung-bei-banken-wird-gelockert\/"},"wordCount":144,"commentCount":0,"publisher":{"@id":"https:\/\/news.save.ch\/de\/#organization"},"image":{"@id":"https:\/\/news.save.ch\/zeiterfassung-bei-banken-wird-gelockert\/#primaryimage"},"thumbnailUrl":"https:\/\/news.save.ch\/wp-content\/uploads\/2016\/12\/Zeiterfassung-bei-Banken-wird-gelockert_safety-plus-scaled-1.jpeg","keywords":["Arbeitszeit"],"articleSection":["ALLGEMEIN"],"inLanguage":"en-US"},{"@type":"WebPage","@id":"https:\/\/news.save.ch\/zeiterfassung-bei-banken-wird-gelockert\/","url":"https:\/\/news.save.ch\/zeiterfassung-bei-banken-wird-gelockert\/","name":"Time recording at banks is being relaxed - Save","isPartOf":{"@id":"https:\/\/news.save.ch\/de\/#website"},"primaryImageOfPage":{"@id":"https:\/\/news.save.ch\/zeiterfassung-bei-banken-wird-gelockert\/#primaryimage"},"image":{"@id":"https:\/\/news.save.ch\/zeiterfassung-bei-banken-wird-gelockert\/#primaryimage"},"thumbnailUrl":"https:\/\/news.save.ch\/wp-content\/uploads\/2016\/12\/Zeiterfassung-bei-Banken-wird-gelockert_safety-plus-scaled-1.jpeg","datePublished":"2015-06-09T09:34:10+00:00","description":"Time recording: The recording of working hours in the banking sector will be relaxed. This was agreed by the social partners this week.","breadcrumb":{"@id":"https:\/\/news.save.ch\/zeiterfassung-bei-banken-wird-gelockert\/#breadcrumb"},"inLanguage":"en-US","potentialAction":[{"@type":"ReadAction","target":["https:\/\/news.save.ch\/zeiterfassung-bei-banken-wird-gelockert\/"]}]},{"@type":"ImageObject","inLanguage":"en-US","@id":"https:\/\/news.save.ch\/zeiterfassung-bei-banken-wird-gelockert\/#primaryimage","url":"https:\/\/news.save.ch\/wp-content\/uploads\/2016\/12\/Zeiterfassung-bei-Banken-wird-gelockert_safety-plus-scaled-1.jpeg","contentUrl":"https:\/\/news.save.ch\/wp-content\/uploads\/2016\/12\/Zeiterfassung-bei-Banken-wird-gelockert_safety-plus-scaled-1.jpeg","width":1200,"height":801,"caption":"Die klassischen nine-to-five-Jobs gibt es auch im Bankenwesen immer seltener."},{"@type":"BreadcrumbList","@id":"https:\/\/news.save.ch\/zeiterfassung-bei-banken-wird-gelockert\/#breadcrumb","itemListElement":[{"@type":"ListItem","position":1,"name":"Home","item":"https:\/\/news.save.ch\/de\/"},{"@type":"ListItem","position":2,"name":"Zeiterfassung bei Banken wird gelockert"}]},{"@type":"WebSite","@id":"https:\/\/news.save.ch\/de\/#website","url":"https:\/\/news.save.ch\/de\/","name":"Save","description":"Swiss trade journal for safety","publisher":{"@id":"https:\/\/news.save.ch\/de\/#organization"},"potentialAction":[{"@type":"SearchAction","target":{"@type":"EntryPoint","urlTemplate":"https:\/\/news.save.ch\/de\/?s={search_term_string}"},"query-input":{"@type":"PropertyValueSpecification","valueRequired":true,"valueName":"search_term_string"}}],"inLanguage":"en-US"},{"@type":"Organization","@id":"https:\/\/news.save.ch\/de\/#organization","name":"Security Forum","url":"https:\/\/news.save.ch\/de\/","logo":{"@type":"ImageObject","inLanguage":"en-US","@id":"https:\/\/news.save.ch\/de\/#\/schema\/logo\/image\/","url":"https:\/\/news.save.ch\/wp-content\/uploads\/2022\/06\/Logo_SF_2012.png","contentUrl":"https:\/\/news.save.ch\/wp-content\/uploads\/2022\/06\/Logo_SF_2012.png","width":1100,"height":91,"caption":"Sicherheitsforum"},"image":{"@id":"https:\/\/news.save.ch\/de\/#\/schema\/logo\/image\/"}},{"@type":"Person","@id":"https:\/\/news.save.ch\/de\/#\/schema\/person\/d49e199490bad7c70d64b9ab51142f2b","name":"admin","image":{"@type":"ImageObject","inLanguage":"en-US","@id":"https:\/\/secure.gravatar.com\/avatar\/ae2f4d718e6c49043e314ce431e7e645d646302a24a5ef5a8bc8e3f5a032e319?s=96&d=mm&r=g","url":"https:\/\/secure.gravatar.com\/avatar\/ae2f4d718e6c49043e314ce431e7e645d646302a24a5ef5a8bc8e3f5a032e319?s=96&d=mm&r=g","contentUrl":"https:\/\/secure.gravatar.com\/avatar\/ae2f4d718e6c49043e314ce431e7e645d646302a24a5ef5a8bc8e3f5a032e319?s=96&d=mm&r=g","caption":"admin"},"sameAs":["https:\/\/develop.organisator.galledia.ch"],"url":"https:\/\/news.save.ch\/en\/author\/admin\/"}]}},"_links":{"self":[{"href":"https:\/\/news.save.ch\/en\/wp-json\/wp\/v2\/posts\/16656","targetHints":{"allow":["GET"]}}],"collection":[{"href":"https:\/\/news.save.ch\/en\/wp-json\/wp\/v2\/posts"}],"about":[{"href":"https:\/\/news.save.ch\/en\/wp-json\/wp\/v2\/types\/post"}],"author":[{"embeddable":true,"href":"https:\/\/news.save.ch\/en\/wp-json\/wp\/v2\/users\/1"}],"replies":[{"embeddable":true,"href":"https:\/\/news.save.ch\/en\/wp-json\/wp\/v2\/comments?post=16656"}],"version-history":[{"count":0,"href":"https:\/\/news.save.ch\/en\/wp-json\/wp\/v2\/posts\/16656\/revisions"}],"wp:featuredmedia":[{"embeddable":true,"href":"https:\/\/news.save.ch\/en\/wp-json\/wp\/v2\/media\/391"}],"wp:attachment":[{"href":"https:\/\/news.save.ch\/en\/wp-json\/wp\/v2\/media?parent=16656"}],"wp:term":[{"taxonomy":"category","embeddable":true,"href":"https:\/\/news.save.ch\/en\/wp-json\/wp\/v2\/categories?post=16656"},{"taxonomy":"post_tag","embeddable":true,"href":"https:\/\/news.save.ch\/en\/wp-json\/wp\/v2\/tags?post=16656"}],"curies":[{"name":"wp","href":"https:\/\/api.w.org\/{rel}","templated":true}]}}