{"id":16666,"date":"2015-08-13T13:07:20","date_gmt":"2015-08-13T11:07:20","guid":{"rendered":"http:\/\/dev.safety-plus.ch\/?p=462"},"modified":"2015-08-13T13:07:20","modified_gmt":"2015-08-13T11:07:20","slug":"arbeit-nach-feierabend-schweizer-besonders-fleissig","status":null,"type":"post","link":"https:\/\/news.save.ch\/en\/arbeit-nach-feierabend-schweizer-besonders-fleissig\/","title":{"rendered":"Working after hours: Swiss particularly hard-working"},"content":{"rendered":"<figure id=\"attachment_463\" aria-describedby=\"caption-attachment-463\" style=\"width: 680px\" class=\"wp-caption alignnone\"><img loading=\"lazy\" decoding=\"async\" class=\"wp-image-463 size-medium\" src=\"http:\/\/develop.safety-plus.ch\/wp-content\/uploads\/2016\/12\/Arbeit-nach-Feierabend-Schweizer-besonders-fleissig_safety-plus.jpeg\" alt=\"Continuing to work after work is widespread in Switzerland.\" width=\"680\" height=\"454\" srcset=\"https:\/\/news.save.ch\/wp-content\/uploads\/2016\/12\/Arbeit-nach-Feierabend-Schweizer-besonders-fleissig_safety-plus.jpeg 1000w, https:\/\/news.save.ch\/wp-content\/uploads\/2016\/12\/Arbeit-nach-Feierabend-Schweizer-besonders-fleissig_safety-plus-680x454.jpeg 680w, https:\/\/news.save.ch\/wp-content\/uploads\/2016\/12\/Arbeit-nach-Feierabend-Schweizer-besonders-fleissig_safety-plus-768x512.jpeg 768w, https:\/\/news.save.ch\/wp-content\/uploads\/2016\/12\/Arbeit-nach-Feierabend-Schweizer-besonders-fleissig_safety-plus-18x12.jpeg 18w, https:\/\/news.save.ch\/wp-content\/uploads\/2016\/12\/Arbeit-nach-Feierabend-Schweizer-besonders-fleissig_safety-plus-375x250.jpeg 375w, https:\/\/news.save.ch\/wp-content\/uploads\/2016\/12\/Arbeit-nach-Feierabend-Schweizer-besonders-fleissig_safety-plus-525x350.jpeg 525w\" sizes=\"auto, (max-width: 680px) 100vw, 680px\" \/><figcaption id=\"caption-attachment-463\" class=\"wp-caption-text\">Continuing to work after work is widespread in Switzerland.<\/figcaption><\/figure>\n<p>58% of the Swiss also answer work emails and messages in their free time. This puts them in the lead in a European comparison. In comparison, only 42% of Germans read business emails after work or at the weekend, and in France the figure is only 36%.<\/p>\n<p>This is the result of a study by the German Association for Consumer and Communication Electronics (Gesellschaft f\u00fcr Unterhaltungs- und Kommunikationselektronik <a href=\"http:\/\/www.gfu.de\/home\/about.xhtml\" target=\"_blank\" data-cke-saved-href=\"http:\/\/www.gfu.de\/home\/about.xhtml\" rel=\"noopener\">GFU <\/a>which surveyed 6000 households in Germany, Spain, France, Great Britain, Italy, Austria, Spain and Switzerland about their usage behavior in connection with electrical and electronic devices.<\/p>\n<p>However, this constant connection to the job has clear disadvantages: 49% of the Swiss stated that networking and the associated round-the-clock availability make it almost impossible to switch off and relax.<\/p>\n<p>On the other hand, more and more people are doing private things during working hours, such as answering private emails or checking Facebook. Austrians are in the lead here: 52% of them use the internet privately during working hours. In Switzerland, on the other hand, the figure is only 42%.<\/p>","protected":false},"excerpt":{"rendered":"<p>58% der Schweizer beantworten auch in ihrer Freizeit berufliche Mails und Nachrichten. Damit sind sie im Europ\u00e4ischen Vergleich Spitzenreiter. Im Vergleicht dazu lesen nur 42% der Deutschen nach Feierabend oder am Wochenende Gesch\u00e4ftsmails, in Frankreich sind es gar nur 36%. Dies geht aus einer Studie der Gesellschaft f\u00fcr Unterhaltungs- und Kommunikationselektronik GFU hervor, die 6000 [&hellip;]<\/p>\n","protected":false},"author":1,"featured_media":463,"comment_status":"open","ping_status":"open","sticky":false,"template":"","format":"standard","meta":{"_acf_changed":false,"pgc_sgb_lightbox_settings":"","footnotes":""},"categories":[1],"tags":[1678],"class_list":["post-16666","post","type-post","status-publish","format-standard","has-post-thumbnail","hentry","category-allgemein","tag-arbeitszeit"],"acf":[],"hkrextid":null,"publication":null,"issue":null,"workflow":null,"startPage":null,"spitzmarke":null,"_posts_by_tag_page_fields":{"widget_title":"","widget_tags":""},"_at_widget":"1","_yoast_wpseo_primary_category":"1","_yoast_wpseo_focuskw_text_input":"Arbeit nach Feierabend","_yoast_wpseo_opengraph-image":null,"_yoast_wpseo_opengraph-description":null,"_yoast_wpseo_opengraph-title":null,"enclosure":null,"_yoast_wpseo_twitter-title":null,"_yoast_wpseo_twitter-description":null,"_yoast_wpseo_twitter-image":null,"_wp_old_slug":null,"_yoast_wpseo_title":null,"_yoast_wpseo_canonical":null,"yoast_head":"<!-- This site is optimized with the Yoast SEO plugin v27.5 - https:\/\/yoast.com\/product\/yoast-seo-wordpress\/ -->\n<title>Arbeit nach Feierabend: Schweizer besonders fleissig - Save<\/title>\n<meta name=\"description\" content=\"Arbeit nach Feierabend: Schweizer beantworten im europ\u00e4ischen Vergleich besonders h\u00e4ufig Mails auch nach Feierabend.\" \/>\n<meta name=\"robots\" content=\"index, follow, max-snippet:-1, max-image-preview:large, max-video-preview:-1\" \/>\n<link rel=\"canonical\" href=\"https:\/\/news.save.ch\/en\/arbeit-nach-feierabend-schweizer-besonders-fleissig\/\" \/>\n<meta property=\"og:locale\" content=\"en_US\" \/>\n<meta property=\"og:type\" content=\"article\" \/>\n<meta property=\"og:title\" content=\"Arbeit nach Feierabend: Schweizer besonders fleissig - Save\" \/>\n<meta property=\"og:description\" content=\"Arbeit nach Feierabend: Schweizer beantworten im europ\u00e4ischen Vergleich besonders h\u00e4ufig Mails auch nach Feierabend.\" \/>\n<meta property=\"og:url\" content=\"https:\/\/news.save.ch\/en\/arbeit-nach-feierabend-schweizer-besonders-fleissig\/\" \/>\n<meta property=\"og:site_name\" content=\"Save\" \/>\n<meta property=\"article:published_time\" content=\"2015-08-13T11:07:20+00:00\" \/>\n<meta property=\"og:image\" content=\"https:\/\/news.save.ch\/wp-content\/uploads\/2016\/12\/Arbeit-nach-Feierabend-Schweizer-besonders-fleissig_safety-plus.jpeg\" \/>\n\t<meta property=\"og:image:width\" content=\"1000\" \/>\n\t<meta property=\"og:image:height\" content=\"667\" \/>\n\t<meta property=\"og:image:type\" content=\"image\/jpeg\" \/>\n<meta name=\"author\" content=\"admin\" \/>\n<meta name=\"twitter:card\" content=\"summary_large_image\" \/>\n<meta name=\"twitter:label1\" content=\"Written by\" \/>\n\t<meta name=\"twitter:data1\" content=\"admin\" \/>\n\t<meta name=\"twitter:label2\" content=\"Est. reading time\" \/>\n\t<meta name=\"twitter:data2\" content=\"1 minute\" \/>\n<script type=\"application\/ld+json\" class=\"yoast-schema-graph\">{\"@context\":\"https:\\\/\\\/schema.org\",\"@graph\":[{\"@type\":\"Article\",\"@id\":\"https:\\\/\\\/news.save.ch\\\/arbeit-nach-feierabend-schweizer-besonders-fleissig\\\/#article\",\"isPartOf\":{\"@id\":\"https:\\\/\\\/news.save.ch\\\/arbeit-nach-feierabend-schweizer-besonders-fleissig\\\/\"},\"author\":{\"name\":\"admin\",\"@id\":\"https:\\\/\\\/news.save.ch\\\/de\\\/#\\\/schema\\\/person\\\/d49e199490bad7c70d64b9ab51142f2b\"},\"headline\":\"Arbeit nach Feierabend: Schweizer besonders fleissig\",\"datePublished\":\"2015-08-13T11:07:20+00:00\",\"mainEntityOfPage\":{\"@id\":\"https:\\\/\\\/news.save.ch\\\/arbeit-nach-feierabend-schweizer-besonders-fleissig\\\/\"},\"wordCount\":185,\"commentCount\":0,\"publisher\":{\"@id\":\"https:\\\/\\\/news.save.ch\\\/de\\\/#organization\"},\"image\":{\"@id\":\"https:\\\/\\\/news.save.ch\\\/arbeit-nach-feierabend-schweizer-besonders-fleissig\\\/#primaryimage\"},\"thumbnailUrl\":\"https:\\\/\\\/news.save.ch\\\/wp-content\\\/uploads\\\/2016\\\/12\\\/Arbeit-nach-Feierabend-Schweizer-besonders-fleissig_safety-plus.jpeg\",\"keywords\":[\"Arbeitszeit\"],\"articleSection\":[\"ALLGEMEIN\"],\"inLanguage\":\"en-US\"},{\"@type\":\"WebPage\",\"@id\":\"https:\\\/\\\/news.save.ch\\\/arbeit-nach-feierabend-schweizer-besonders-fleissig\\\/\",\"url\":\"https:\\\/\\\/news.save.ch\\\/arbeit-nach-feierabend-schweizer-besonders-fleissig\\\/\",\"name\":\"Arbeit nach Feierabend: Schweizer besonders fleissig - Save\",\"isPartOf\":{\"@id\":\"https:\\\/\\\/news.save.ch\\\/de\\\/#website\"},\"primaryImageOfPage\":{\"@id\":\"https:\\\/\\\/news.save.ch\\\/arbeit-nach-feierabend-schweizer-besonders-fleissig\\\/#primaryimage\"},\"image\":{\"@id\":\"https:\\\/\\\/news.save.ch\\\/arbeit-nach-feierabend-schweizer-besonders-fleissig\\\/#primaryimage\"},\"thumbnailUrl\":\"https:\\\/\\\/news.save.ch\\\/wp-content\\\/uploads\\\/2016\\\/12\\\/Arbeit-nach-Feierabend-Schweizer-besonders-fleissig_safety-plus.jpeg\",\"datePublished\":\"2015-08-13T11:07:20+00:00\",\"description\":\"Arbeit nach Feierabend: Schweizer beantworten im europ\u00e4ischen Vergleich besonders h\u00e4ufig Mails auch nach Feierabend.\",\"breadcrumb\":{\"@id\":\"https:\\\/\\\/news.save.ch\\\/arbeit-nach-feierabend-schweizer-besonders-fleissig\\\/#breadcrumb\"},\"inLanguage\":\"en-US\",\"potentialAction\":[{\"@type\":\"ReadAction\",\"target\":[\"https:\\\/\\\/news.save.ch\\\/arbeit-nach-feierabend-schweizer-besonders-fleissig\\\/\"]}]},{\"@type\":\"ImageObject\",\"inLanguage\":\"en-US\",\"@id\":\"https:\\\/\\\/news.save.ch\\\/arbeit-nach-feierabend-schweizer-besonders-fleissig\\\/#primaryimage\",\"url\":\"https:\\\/\\\/news.save.ch\\\/wp-content\\\/uploads\\\/2016\\\/12\\\/Arbeit-nach-Feierabend-Schweizer-besonders-fleissig_safety-plus.jpeg\",\"contentUrl\":\"https:\\\/\\\/news.save.ch\\\/wp-content\\\/uploads\\\/2016\\\/12\\\/Arbeit-nach-Feierabend-Schweizer-besonders-fleissig_safety-plus.jpeg\",\"width\":1000,\"height\":667,\"caption\":\"Weiterarbeiten auch nach dem Feierabend ist in der Schweiz weit verbreitet.\"},{\"@type\":\"BreadcrumbList\",\"@id\":\"https:\\\/\\\/news.save.ch\\\/arbeit-nach-feierabend-schweizer-besonders-fleissig\\\/#breadcrumb\",\"itemListElement\":[{\"@type\":\"ListItem\",\"position\":1,\"name\":\"Home\",\"item\":\"https:\\\/\\\/news.save.ch\\\/de\\\/\"},{\"@type\":\"ListItem\",\"position\":2,\"name\":\"Arbeit nach Feierabend: Schweizer besonders fleissig\"}]},{\"@type\":\"WebSite\",\"@id\":\"https:\\\/\\\/news.save.ch\\\/de\\\/#website\",\"url\":\"https:\\\/\\\/news.save.ch\\\/de\\\/\",\"name\":\"Save\",\"description\":\"Schweizer Fachzeitschrift f\u00fcr Sicherheit\",\"publisher\":{\"@id\":\"https:\\\/\\\/news.save.ch\\\/de\\\/#organization\"},\"potentialAction\":[{\"@type\":\"SearchAction\",\"target\":{\"@type\":\"EntryPoint\",\"urlTemplate\":\"https:\\\/\\\/news.save.ch\\\/de\\\/?s={search_term_string}\"},\"query-input\":{\"@type\":\"PropertyValueSpecification\",\"valueRequired\":true,\"valueName\":\"search_term_string\"}}],\"inLanguage\":\"en-US\"},{\"@type\":\"Organization\",\"@id\":\"https:\\\/\\\/news.save.ch\\\/de\\\/#organization\",\"name\":\"Sicherheitsforum\",\"url\":\"https:\\\/\\\/news.save.ch\\\/de\\\/\",\"logo\":{\"@type\":\"ImageObject\",\"inLanguage\":\"en-US\",\"@id\":\"https:\\\/\\\/news.save.ch\\\/de\\\/#\\\/schema\\\/logo\\\/image\\\/\",\"url\":\"https:\\\/\\\/news.save.ch\\\/wp-content\\\/uploads\\\/2022\\\/06\\\/Logo_SF_2012.png\",\"contentUrl\":\"https:\\\/\\\/news.save.ch\\\/wp-content\\\/uploads\\\/2022\\\/06\\\/Logo_SF_2012.png\",\"width\":1100,\"height\":91,\"caption\":\"Sicherheitsforum\"},\"image\":{\"@id\":\"https:\\\/\\\/news.save.ch\\\/de\\\/#\\\/schema\\\/logo\\\/image\\\/\"}},{\"@type\":\"Person\",\"@id\":\"https:\\\/\\\/news.save.ch\\\/de\\\/#\\\/schema\\\/person\\\/d49e199490bad7c70d64b9ab51142f2b\",\"name\":\"admin\",\"image\":{\"@type\":\"ImageObject\",\"inLanguage\":\"en-US\",\"@id\":\"https:\\\/\\\/secure.gravatar.com\\\/avatar\\\/ae2f4d718e6c49043e314ce431e7e645d646302a24a5ef5a8bc8e3f5a032e319?s=96&d=mm&r=g\",\"url\":\"https:\\\/\\\/secure.gravatar.com\\\/avatar\\\/ae2f4d718e6c49043e314ce431e7e645d646302a24a5ef5a8bc8e3f5a032e319?s=96&d=mm&r=g\",\"contentUrl\":\"https:\\\/\\\/secure.gravatar.com\\\/avatar\\\/ae2f4d718e6c49043e314ce431e7e645d646302a24a5ef5a8bc8e3f5a032e319?s=96&d=mm&r=g\",\"caption\":\"admin\"},\"sameAs\":[\"https:\\\/\\\/develop.organisator.galledia.ch\"],\"url\":\"https:\\\/\\\/news.save.ch\\\/en\\\/author\\\/admin\\\/\"}]}<\/script>\n<!-- \/ Yoast SEO plugin. -->","yoast_head_json":{"title":"Working after hours: Swiss particularly hard-working - Save","description":"Work after work: Compared to other European countries, the Swiss are particularly likely to answer emails after work.","robots":{"index":"index","follow":"follow","max-snippet":"max-snippet:-1","max-image-preview":"max-image-preview:large","max-video-preview":"max-video-preview:-1"},"canonical":"https:\/\/news.save.ch\/en\/arbeit-nach-feierabend-schweizer-besonders-fleissig\/","og_locale":"en_US","og_type":"article","og_title":"Arbeit nach Feierabend: Schweizer besonders fleissig - Save","og_description":"Arbeit nach Feierabend: Schweizer beantworten im europ\u00e4ischen Vergleich besonders h\u00e4ufig Mails auch nach Feierabend.","og_url":"https:\/\/news.save.ch\/en\/arbeit-nach-feierabend-schweizer-besonders-fleissig\/","og_site_name":"Save","article_published_time":"2015-08-13T11:07:20+00:00","og_image":[{"width":1000,"height":667,"url":"https:\/\/news.save.ch\/wp-content\/uploads\/2016\/12\/Arbeit-nach-Feierabend-Schweizer-besonders-fleissig_safety-plus.jpeg","type":"image\/jpeg"}],"author":"admin","twitter_card":"summary_large_image","twitter_misc":{"Written by":"admin","Est. reading time":"1 minute"},"schema":{"@context":"https:\/\/schema.org","@graph":[{"@type":"Article","@id":"https:\/\/news.save.ch\/arbeit-nach-feierabend-schweizer-besonders-fleissig\/#article","isPartOf":{"@id":"https:\/\/news.save.ch\/arbeit-nach-feierabend-schweizer-besonders-fleissig\/"},"author":{"name":"admin","@id":"https:\/\/news.save.ch\/de\/#\/schema\/person\/d49e199490bad7c70d64b9ab51142f2b"},"headline":"Arbeit nach Feierabend: Schweizer besonders fleissig","datePublished":"2015-08-13T11:07:20+00:00","mainEntityOfPage":{"@id":"https:\/\/news.save.ch\/arbeit-nach-feierabend-schweizer-besonders-fleissig\/"},"wordCount":185,"commentCount":0,"publisher":{"@id":"https:\/\/news.save.ch\/de\/#organization"},"image":{"@id":"https:\/\/news.save.ch\/arbeit-nach-feierabend-schweizer-besonders-fleissig\/#primaryimage"},"thumbnailUrl":"https:\/\/news.save.ch\/wp-content\/uploads\/2016\/12\/Arbeit-nach-Feierabend-Schweizer-besonders-fleissig_safety-plus.jpeg","keywords":["Arbeitszeit"],"articleSection":["ALLGEMEIN"],"inLanguage":"en-US"},{"@type":"WebPage","@id":"https:\/\/news.save.ch\/arbeit-nach-feierabend-schweizer-besonders-fleissig\/","url":"https:\/\/news.save.ch\/arbeit-nach-feierabend-schweizer-besonders-fleissig\/","name":"Working after hours: Swiss particularly hard-working - Save","isPartOf":{"@id":"https:\/\/news.save.ch\/de\/#website"},"primaryImageOfPage":{"@id":"https:\/\/news.save.ch\/arbeit-nach-feierabend-schweizer-besonders-fleissig\/#primaryimage"},"image":{"@id":"https:\/\/news.save.ch\/arbeit-nach-feierabend-schweizer-besonders-fleissig\/#primaryimage"},"thumbnailUrl":"https:\/\/news.save.ch\/wp-content\/uploads\/2016\/12\/Arbeit-nach-Feierabend-Schweizer-besonders-fleissig_safety-plus.jpeg","datePublished":"2015-08-13T11:07:20+00:00","description":"Work after work: Compared to other European countries, the Swiss are particularly likely to answer emails after work.","breadcrumb":{"@id":"https:\/\/news.save.ch\/arbeit-nach-feierabend-schweizer-besonders-fleissig\/#breadcrumb"},"inLanguage":"en-US","potentialAction":[{"@type":"ReadAction","target":["https:\/\/news.save.ch\/arbeit-nach-feierabend-schweizer-besonders-fleissig\/"]}]},{"@type":"ImageObject","inLanguage":"en-US","@id":"https:\/\/news.save.ch\/arbeit-nach-feierabend-schweizer-besonders-fleissig\/#primaryimage","url":"https:\/\/news.save.ch\/wp-content\/uploads\/2016\/12\/Arbeit-nach-Feierabend-Schweizer-besonders-fleissig_safety-plus.jpeg","contentUrl":"https:\/\/news.save.ch\/wp-content\/uploads\/2016\/12\/Arbeit-nach-Feierabend-Schweizer-besonders-fleissig_safety-plus.jpeg","width":1000,"height":667,"caption":"Weiterarbeiten auch nach dem Feierabend ist in der Schweiz weit verbreitet."},{"@type":"BreadcrumbList","@id":"https:\/\/news.save.ch\/arbeit-nach-feierabend-schweizer-besonders-fleissig\/#breadcrumb","itemListElement":[{"@type":"ListItem","position":1,"name":"Home","item":"https:\/\/news.save.ch\/de\/"},{"@type":"ListItem","position":2,"name":"Arbeit nach Feierabend: Schweizer besonders fleissig"}]},{"@type":"WebSite","@id":"https:\/\/news.save.ch\/de\/#website","url":"https:\/\/news.save.ch\/de\/","name":"Save","description":"Swiss trade journal for safety","publisher":{"@id":"https:\/\/news.save.ch\/de\/#organization"},"potentialAction":[{"@type":"SearchAction","target":{"@type":"EntryPoint","urlTemplate":"https:\/\/news.save.ch\/de\/?s={search_term_string}"},"query-input":{"@type":"PropertyValueSpecification","valueRequired":true,"valueName":"search_term_string"}}],"inLanguage":"en-US"},{"@type":"Organization","@id":"https:\/\/news.save.ch\/de\/#organization","name":"Security Forum","url":"https:\/\/news.save.ch\/de\/","logo":{"@type":"ImageObject","inLanguage":"en-US","@id":"https:\/\/news.save.ch\/de\/#\/schema\/logo\/image\/","url":"https:\/\/news.save.ch\/wp-content\/uploads\/2022\/06\/Logo_SF_2012.png","contentUrl":"https:\/\/news.save.ch\/wp-content\/uploads\/2022\/06\/Logo_SF_2012.png","width":1100,"height":91,"caption":"Sicherheitsforum"},"image":{"@id":"https:\/\/news.save.ch\/de\/#\/schema\/logo\/image\/"}},{"@type":"Person","@id":"https:\/\/news.save.ch\/de\/#\/schema\/person\/d49e199490bad7c70d64b9ab51142f2b","name":"admin","image":{"@type":"ImageObject","inLanguage":"en-US","@id":"https:\/\/secure.gravatar.com\/avatar\/ae2f4d718e6c49043e314ce431e7e645d646302a24a5ef5a8bc8e3f5a032e319?s=96&d=mm&r=g","url":"https:\/\/secure.gravatar.com\/avatar\/ae2f4d718e6c49043e314ce431e7e645d646302a24a5ef5a8bc8e3f5a032e319?s=96&d=mm&r=g","contentUrl":"https:\/\/secure.gravatar.com\/avatar\/ae2f4d718e6c49043e314ce431e7e645d646302a24a5ef5a8bc8e3f5a032e319?s=96&d=mm&r=g","caption":"admin"},"sameAs":["https:\/\/develop.organisator.galledia.ch"],"url":"https:\/\/news.save.ch\/en\/author\/admin\/"}]}},"_links":{"self":[{"href":"https:\/\/news.save.ch\/en\/wp-json\/wp\/v2\/posts\/16666","targetHints":{"allow":["GET"]}}],"collection":[{"href":"https:\/\/news.save.ch\/en\/wp-json\/wp\/v2\/posts"}],"about":[{"href":"https:\/\/news.save.ch\/en\/wp-json\/wp\/v2\/types\/post"}],"author":[{"embeddable":true,"href":"https:\/\/news.save.ch\/en\/wp-json\/wp\/v2\/users\/1"}],"replies":[{"embeddable":true,"href":"https:\/\/news.save.ch\/en\/wp-json\/wp\/v2\/comments?post=16666"}],"version-history":[{"count":0,"href":"https:\/\/news.save.ch\/en\/wp-json\/wp\/v2\/posts\/16666\/revisions"}],"wp:featuredmedia":[{"embeddable":true,"href":"https:\/\/news.save.ch\/en\/wp-json\/wp\/v2\/media\/463"}],"wp:attachment":[{"href":"https:\/\/news.save.ch\/en\/wp-json\/wp\/v2\/media?parent=16666"}],"wp:term":[{"taxonomy":"category","embeddable":true,"href":"https:\/\/news.save.ch\/en\/wp-json\/wp\/v2\/categories?post=16666"},{"taxonomy":"post_tag","embeddable":true,"href":"https:\/\/news.save.ch\/en\/wp-json\/wp\/v2\/tags?post=16666"}],"curies":[{"name":"wp","href":"https:\/\/api.w.org\/{rel}","templated":true}]}}